{"id":9181,"date":"2023-03-08T12:55:19","date_gmt":"2023-03-08T11:55:19","guid":{"rendered":"https:\/\/www.dmociociariavalledicomino.it\/?p=9181"},"modified":"2023-10-04T12:41:29","modified_gmt":"2023-10-04T10:41:29","slug":"i-luoghi-del-cuore-fai-e-i-musei-in-valle-di-comino-dmo-ciociaria-valle-di-comino","status":"publish","type":"post","link":"https:\/\/www.dmociociariavalledicomino.it\/en\/i-luoghi-del-cuore-fai-e-i-musei-in-valle-di-comino-dmo-ciociaria-valle-di-comino\/","title":{"rendered":"I Luoghi del Cuore FAI e i musei in Valle di Comino | DMO Ciociaria-VALLE DI COMINO"},"content":{"rendered":"<div data-elementor-type=\"wp-post\" data-elementor-id=\"9181\" class=\"elementor elementor-9181\" data-elementor-post-type=\"post\">\n\t\t\t\t\t\t<section class=\"elementor-section elementor-top-section elementor-element elementor-element-6197ef4 elementor-section-stretched elementor-section-boxed elementor-section-height-default elementor-section-height-default\" data-id=\"6197ef4\" data-element_type=\"section\" data-settings=\"{&quot;stretch_section&quot;:&quot;section-stretched&quot;}\">\n\t\t\t\t\t\t<div class=\"elementor-container elementor-column-gap-extended\">\n\t\t\t\t\t<div class=\"elementor-column elementor-col-100 elementor-top-column elementor-element elementor-element-ec9577d sc_layouts_column_icons_position_left\" data-id=\"ec9577d\" data-element_type=\"column\">\n\t\t\t<div class=\"elementor-widget-wrap elementor-element-populated\">\n\t\t\t\t\t\t<div class=\"elementor-element elementor-element-0511354 elementor-widget elementor-widget-spacer\" data-id=\"0511354\" data-element_type=\"widget\" data-widget_type=\"spacer.default\">\n\t\t\t\t<div class=\"elementor-widget-container\">\n\t\t\t\t\t\t\t<div class=\"elementor-spacer\">\n\t\t\t<div class=\"elementor-spacer-inner\"><\/div>\n\t\t<\/div>\n\t\t\t\t\t\t<\/div>\n\t\t\t\t<\/div>\n\t\t\t\t<div class=\"elementor-element elementor-element-437b099 elementor-hidden-tablet elementor-widget elementor-widget-heading\" data-id=\"437b099\" data-element_type=\"widget\" data-widget_type=\"heading.default\">\n\t\t\t\t<div class=\"elementor-widget-container\">\n\t\t\t\t\t<h1 class=\"elementor-heading-title elementor-size-default\">Musei e percorsi culturali della Valle\/FAI\n<\/h1>\t\t\t\t<\/div>\n\t\t\t\t<\/div>\n\t\t\t\t<div class=\"elementor-element elementor-element-13d02ec elementor-hidden-desktop elementor-hidden-mobile elementor-widget elementor-widget-heading\" data-id=\"13d02ec\" data-element_type=\"widget\" data-widget_type=\"heading.default\">\n\t\t\t\t<div class=\"elementor-widget-container\">\n\t\t\t\t\t<h1 class=\"elementor-heading-title elementor-size-default\">Musei e percorsi culturali della Valle\/FAI\n<\/h1>\t\t\t\t<\/div>\n\t\t\t\t<\/div>\n\t\t\t\t<div class=\"elementor-element elementor-element-ab6ddfa elementor-hidden-tablet elementor-widget elementor-widget-heading\" data-id=\"ab6ddfa\" data-element_type=\"widget\" data-widget_type=\"heading.default\">\n\t\t\t\t<div class=\"elementor-widget-container\">\n\t\t\t\t\t<h2 class=\"elementor-heading-title elementor-size-default\">Il patrimonio artistico-culturale della Valle di Comino: un percorso alla scoperta dei luoghi del cuore FAI e dei musei in Valle<\/h2>\t\t\t\t<\/div>\n\t\t\t\t<\/div>\n\t\t\t\t<div class=\"elementor-element elementor-element-f20ab34 elementor-hidden-desktop elementor-hidden-mobile elementor-widget elementor-widget-heading\" data-id=\"f20ab34\" data-element_type=\"widget\" data-widget_type=\"heading.default\">\n\t\t\t\t<div class=\"elementor-widget-container\">\n\t\t\t\t\t<h2 class=\"elementor-heading-title elementor-size-default\">Il patrimonio artistico-culturale della Valle di Comino: un percorso alla scoperta dei luoghi del cuore FAI e dei musei in Valle<\/h2>\t\t\t\t<\/div>\n\t\t\t\t<\/div>\n\t\t\t\t<div class=\"elementor-element elementor-element-14dc43d elementor-widget-divider--view-line elementor-widget elementor-widget-divider\" data-id=\"14dc43d\" data-element_type=\"widget\" data-widget_type=\"divider.default\">\n\t\t\t\t<div class=\"elementor-widget-container\">\n\t\t\t\t\t\t\t<div class=\"elementor-divider\">\n\t\t\t<span class=\"elementor-divider-separator\">\n\t\t\t\t\t\t<\/span>\n\t\t<\/div>\n\t\t\t\t\t\t<\/div>\n\t\t\t\t<\/div>\n\t\t\t\t<section class=\"elementor-section elementor-inner-section elementor-element elementor-element-6a045a5 elementor-section-boxed elementor-section-height-default elementor-section-height-default\" data-id=\"6a045a5\" data-element_type=\"section\">\n\t\t\t\t\t\t<div class=\"elementor-container elementor-column-gap-extended\">\n\t\t\t\t\t<div class=\"elementor-column elementor-col-100 elementor-inner-column elementor-element elementor-element-b8a45c1 sc_layouts_column_icons_position_left\" data-id=\"b8a45c1\" data-element_type=\"column\">\n\t\t\t<div class=\"elementor-widget-wrap elementor-element-populated\">\n\t\t\t\t\t\t<div class=\"elementor-element elementor-element-8f0b411 elementor-widget elementor-widget-text-editor\" data-id=\"8f0b411\" data-element_type=\"widget\" data-widget_type=\"text-editor.default\">\n\t\t\t\t<div class=\"elementor-widget-container\">\n\t\t\t\t\t\t\t\t\t<p><span style=\"font-weight: 400;\">La <\/span><b>primavera in Valle di Comino<\/b><span style=\"font-weight: 400;\"> \u00e8 uno sprigionarsi di odori, colori e sensazioni, che fanno da cornice alle sue meraviglie, tra cui si annoverano <\/span><b>alcuni dei Luoghi del Cuore del FAI e musei <\/b><span style=\"font-weight: 400;\">che raccontano le tante storie di questa piccola Valle incastonata nel cuore verde d\u2019Italia.\u00a0<\/span><\/p><p><span style=\"font-weight: 400;\">La bella stagione \u00e8 quindi l\u2019occasione perfetta per una gita fuoriporta o un weekend, anche in vista delle <\/span><b><a href=\"https:\/\/fondoambiente.it\/il-fai\/grandi-campagne\/giornate-fai-di-primavera\/\">Giornate FAI di Primavera il prossimo 25 e 26 marzo<\/a><\/b><span style=\"font-weight: 400;\">, dedicate alla riscoperta del patrimonio culturale e paesaggistico del nostro Paese, alla scoperta di castelli, torri medioevali, chiese, palazzi antichi, resti archeologici e musei che creano <\/span><b>un vero e proprio percorso culturale tutto da gustare insieme alle eccellenze enogastronomiche del territorio<\/b><span style=\"font-weight: 400;\">.\u00a0<\/span><\/p><p><span style=\"font-weight: 400;\">Per quest\u2019anno inoltre on il contest lanciato <\/span><strong><a href=\"https:\/\/fondoambiente.it\/il-fai\/grandi-campagne\/i-luoghi-del-cuore\/narrate-gente-la-vostra-terra\/\"><i>Narrate, gente, la vostra terra<\/i><\/a><\/strong> <span style=\"font-weight: 400;\">il FAI invita tutti gli italiani a <\/span><b>narrare il proprio luogo del cuore con un racconto vocale<\/b><span style=\"font-weight: 400;\">, per far riscoprire storie ed emozioni di luoghi famosi o segreti e celebrare la meraviglia per la propria amata terra.<\/span><\/p>\t\t\t\t\t\t\t\t<\/div>\n\t\t\t\t<\/div>\n\t\t\t\t\t<\/div>\n\t\t<\/div>\n\t\t\t\t\t<\/div>\n\t\t<\/section>\n\t\t\t\t\t<\/div>\n\t\t<\/div>\n\t\t\t\t\t<\/div>\n\t\t<\/section>\n\t\t\t\t<section class=\"elementor-section elementor-top-section elementor-element elementor-element-6c7897f elementor-section-stretched elementor-section-boxed elementor-section-height-default elementor-section-height-default\" data-id=\"6c7897f\" data-element_type=\"section\" data-settings=\"{&quot;stretch_section&quot;:&quot;section-stretched&quot;}\">\n\t\t\t\t\t\t<div class=\"elementor-container elementor-column-gap-extended\">\n\t\t\t\t\t<div class=\"elementor-column elementor-col-100 elementor-top-column elementor-element elementor-element-f1b2156 sc_layouts_column_icons_position_left\" data-id=\"f1b2156\" data-element_type=\"column\">\n\t\t\t<div class=\"elementor-widget-wrap elementor-element-populated\">\n\t\t\t\t\t\t<div class=\"elementor-element elementor-element-b20a045 elementor-widget-divider--view-line_icon elementor-view-stacked elementor-widget-divider--element-align-center elementor-widget elementor-widget-divider\" data-id=\"b20a045\" data-element_type=\"widget\" data-widget_type=\"divider.default\">\n\t\t\t\t<div class=\"elementor-widget-container\">\n\t\t\t\t\t\t\t<div class=\"elementor-divider\">\n\t\t\t<span class=\"elementor-divider-separator\">\n\t\t\t\t\t\t\t<div class=\"elementor-icon elementor-divider__element\">\n\t\t\t\t\t<i aria-hidden=\"true\" class=\"fas fa-map-marked-alt\"><\/i><\/div>\n\t\t\t\t\t\t<\/span>\n\t\t<\/div>\n\t\t\t\t\t\t<\/div>\n\t\t\t\t<\/div>\n\t\t\t\t<div class=\"elementor-element elementor-element-1ca386b elementor-hidden-mobile elementor-widget elementor-widget-spacer\" data-id=\"1ca386b\" data-element_type=\"widget\" data-widget_type=\"spacer.default\">\n\t\t\t\t<div class=\"elementor-widget-container\">\n\t\t\t\t\t\t\t<div class=\"elementor-spacer\">\n\t\t\t<div class=\"elementor-spacer-inner\"><\/div>\n\t\t<\/div>\n\t\t\t\t\t\t<\/div>\n\t\t\t\t<\/div>\n\t\t\t\t<div class=\"elementor-element elementor-element-1c7e173 elementor-hidden-mobile elementor-widget elementor-widget-heading\" data-id=\"1c7e173\" data-element_type=\"widget\" data-widget_type=\"heading.default\">\n\t\t\t\t<div class=\"elementor-widget-container\">\n\t\t\t\t\t<h4 class=\"elementor-heading-title elementor-size-default\">Alcuni Luoghi del Cuore FAI e musei da visitare in Valle di Comino<\/h4>\t\t\t\t<\/div>\n\t\t\t\t<\/div>\n\t\t\t\t<div class=\"elementor-element elementor-element-839a978 elementor-hidden-desktop elementor-hidden-tablet elementor-widget elementor-widget-heading\" data-id=\"839a978\" data-element_type=\"widget\" data-widget_type=\"heading.default\">\n\t\t\t\t<div class=\"elementor-widget-container\">\n\t\t\t\t\t<h4 class=\"elementor-heading-title elementor-size-default\">Alcuni Luoghi del Cuore FAI e musei da visitare in Valle di Comino<\/h4>\t\t\t\t<\/div>\n\t\t\t\t<\/div>\n\t\t\t\t\t<\/div>\n\t\t<\/div>\n\t\t\t\t\t<\/div>\n\t\t<\/section>\n\t\t\t\t<section class=\"elementor-section elementor-top-section elementor-element elementor-element-2758b07 elementor-section-stretched elementor-section-boxed elementor-section-height-default elementor-section-height-default\" data-id=\"2758b07\" data-element_type=\"section\" data-settings=\"{&quot;stretch_section&quot;:&quot;section-stretched&quot;}\">\n\t\t\t\t\t\t<div class=\"elementor-container elementor-column-gap-extended\">\n\t\t\t\t\t<div class=\"elementor-column elementor-col-100 elementor-top-column elementor-element elementor-element-5d71d96 sc_layouts_column_icons_position_left\" data-id=\"5d71d96\" data-element_type=\"column\">\n\t\t\t<div class=\"elementor-widget-wrap elementor-element-populated\">\n\t\t\t\t\t\t<div class=\"elementor-element elementor-element-e70045d elementor-widget elementor-widget-spacer\" data-id=\"e70045d\" data-element_type=\"widget\" data-widget_type=\"spacer.default\">\n\t\t\t\t<div class=\"elementor-widget-container\">\n\t\t\t\t\t\t\t<div class=\"elementor-spacer\">\n\t\t\t<div class=\"elementor-spacer-inner\"><\/div>\n\t\t<\/div>\n\t\t\t\t\t\t<\/div>\n\t\t\t\t<\/div>\n\t\t\t\t<div class=\"elementor-element elementor-element-3c3db19 elementor-hidden-mobile elementor-widget elementor-widget-heading\" data-id=\"3c3db19\" data-element_type=\"widget\" data-widget_type=\"heading.default\">\n\t\t\t\t<div class=\"elementor-widget-container\">\n\t\t\t\t\t<h3 class=\"elementor-heading-title elementor-size-default\">Sora<\/h3>\t\t\t\t<\/div>\n\t\t\t\t<\/div>\n\t\t\t\t<div class=\"elementor-element elementor-element-3a95f9d elementor-hidden-desktop elementor-hidden-tablet elementor-widget elementor-widget-heading\" data-id=\"3a95f9d\" data-element_type=\"widget\" data-widget_type=\"heading.default\">\n\t\t\t\t<div class=\"elementor-widget-container\">\n\t\t\t\t\t<h3 class=\"elementor-heading-title elementor-size-default\">Sora<\/h3>\t\t\t\t<\/div>\n\t\t\t\t<\/div>\n\t\t\t\t<div class=\"elementor-element elementor-element-11a545d elementor-widget elementor-widget-spacer\" data-id=\"11a545d\" data-element_type=\"widget\" data-widget_type=\"spacer.default\">\n\t\t\t\t<div class=\"elementor-widget-container\">\n\t\t\t\t\t\t\t<div class=\"elementor-spacer\">\n\t\t\t<div class=\"elementor-spacer-inner\"><\/div>\n\t\t<\/div>\n\t\t\t\t\t\t<\/div>\n\t\t\t\t<\/div>\n\t\t\t\t<div class=\"elementor-element elementor-element-bd54350 elementor-widget elementor-widget-text-editor\" data-id=\"bd54350\" data-element_type=\"widget\" data-widget_type=\"text-editor.default\">\n\t\t\t\t<div class=\"elementor-widget-container\">\n\t\t\t\t\t\t\t\t\t<p><span style=\"font-weight: 400;\">Snodo al confine tra il Lazio e l\u2019Abruzzo e citt\u00e0 natale di personaggi illustri tra cui il grande regista e attore Vittorio De Sica, <\/span><b>Sora <\/b><span style=\"font-weight: 400;\">custodisce la <\/span><strong><a href=\"https:\/\/fondoambiente.it\/luoghi\/chiesa-di-santa-restituta-sora?ldc\">Chiesa di Santa Restituta<\/a><\/strong><span style=\"font-weight: 400;\">, dedicata alla Santa Patrona le cui spoglie sono conservate al suo interno, e l<\/span><b>&#8216;<\/b><strong><a href=\"https:\/\/fondoambiente.it\/luoghi\/abbazia-e-basilica-di-san-domenico-abate\">abbazia in stile gotico-cistercense di San Domenico Abate<\/a><\/strong><span style=\"font-weight: 400;\">, fondata nel 1011 da San Domenico abate su commissione del Governatore di Sora e di Arpino. <\/span><\/p><p><span style=\"font-weight: 400;\">A guardia della citt\u00e0 e raggiungibile da un sentiero panoramico ecco invece\u00a0 la <\/span><strong><a href=\"https:\/\/fondoambiente.it\/luoghi\/castello-di-san-casto?\">massiccia fortezza di San Casto e Cassio<\/a><\/strong><span style=\"font-weight: 400;\">\u00a0costruita nel 1520 sul Monte San Casto a quota 500 mt d\u2019altitudine, a pianta rettangolare costituita da sei torrioni cilindrici, poligonali e quadrati, in posizione strategica fra l\u2019Abruzzo e la Valle del Liri.<\/span><\/p><p><span style=\"font-weight: 400;\">Per scoprire di pi\u00f9 sulla citt\u00e0 e sul territorio \u00e8 possibile fare visita al<\/span> <strong><a href=\"https:\/\/www.beniculturali.it\/luogo\/museo-della-media-valle-del-liri\">Museo della media Valle del Liri<\/a><\/strong><span style=\"font-weight: 400;\">\u00a0inaugurato nel 2005 per raccogliere i reperti archeologici raccolti negli scavi di Sora e di altre localit\u00e0 circostanti e inoltrarsi tra i vicoli del centro storico in quello che \u00e8 il <\/span><strong><a href=\"https:\/\/www.facebook.com\/chiavonebrigantesorano\">Museo a cielo aperto \u201cI vicoli di Chiavone\u201d<\/a><\/strong> <span style=\"font-weight: 400;\">che narra le vicende del Brigante Chiavone. <\/span><\/p>\t\t\t\t\t\t\t\t<\/div>\n\t\t\t\t<\/div>\n\t\t\t\t<div class=\"elementor-element elementor-element-78677d7 elementor-widget-divider--view-line_icon elementor-view-stacked elementor-widget-divider--element-align-center elementor-widget elementor-widget-divider\" data-id=\"78677d7\" data-element_type=\"widget\" data-widget_type=\"divider.default\">\n\t\t\t\t<div class=\"elementor-widget-container\">\n\t\t\t\t\t\t\t<div class=\"elementor-divider\">\n\t\t\t<span class=\"elementor-divider-separator\">\n\t\t\t\t\t\t\t<div class=\"elementor-icon elementor-divider__element\">\n\t\t\t\t\t<i aria-hidden=\"true\" class=\"fas fa-map-marked-alt\"><\/i><\/div>\n\t\t\t\t\t\t<\/span>\n\t\t<\/div>\n\t\t\t\t\t\t<\/div>\n\t\t\t\t<\/div>\n\t\t\t\t\t<\/div>\n\t\t<\/div>\n\t\t\t\t\t<\/div>\n\t\t<\/section>\n\t\t\t\t<section class=\"elementor-section elementor-top-section elementor-element elementor-element-7d6d319 elementor-section-stretched elementor-section-boxed elementor-section-height-default elementor-section-height-default\" data-id=\"7d6d319\" data-element_type=\"section\" data-settings=\"{&quot;stretch_section&quot;:&quot;section-stretched&quot;}\">\n\t\t\t\t\t\t<div class=\"elementor-container elementor-column-gap-extended\">\n\t\t\t\t\t<div class=\"elementor-column elementor-col-100 elementor-top-column elementor-element elementor-element-26789ac sc_layouts_column_icons_position_left\" data-id=\"26789ac\" data-element_type=\"column\">\n\t\t\t<div class=\"elementor-widget-wrap elementor-element-populated\">\n\t\t\t\t\t\t<div class=\"elementor-element elementor-element-24e7a4f elementor-widget elementor-widget-spacer\" data-id=\"24e7a4f\" data-element_type=\"widget\" data-widget_type=\"spacer.default\">\n\t\t\t\t<div class=\"elementor-widget-container\">\n\t\t\t\t\t\t\t<div class=\"elementor-spacer\">\n\t\t\t<div class=\"elementor-spacer-inner\"><\/div>\n\t\t<\/div>\n\t\t\t\t\t\t<\/div>\n\t\t\t\t<\/div>\n\t\t\t\t<div class=\"elementor-element elementor-element-4a48969 elementor-hidden-mobile elementor-widget elementor-widget-heading\" data-id=\"4a48969\" data-element_type=\"widget\" data-widget_type=\"heading.default\">\n\t\t\t\t<div class=\"elementor-widget-container\">\n\t\t\t\t\t<h3 class=\"elementor-heading-title elementor-size-default\">Pescosolido<\/h3>\t\t\t\t<\/div>\n\t\t\t\t<\/div>\n\t\t\t\t<div class=\"elementor-element elementor-element-28069a6 elementor-hidden-desktop elementor-hidden-tablet elementor-widget elementor-widget-heading\" data-id=\"28069a6\" data-element_type=\"widget\" data-widget_type=\"heading.default\">\n\t\t\t\t<div class=\"elementor-widget-container\">\n\t\t\t\t\t<h3 class=\"elementor-heading-title elementor-size-default\">Pescosolido<\/h3>\t\t\t\t<\/div>\n\t\t\t\t<\/div>\n\t\t\t\t<div class=\"elementor-element elementor-element-1bdc16e elementor-widget elementor-widget-spacer\" data-id=\"1bdc16e\" data-element_type=\"widget\" data-widget_type=\"spacer.default\">\n\t\t\t\t<div class=\"elementor-widget-container\">\n\t\t\t\t\t\t\t<div class=\"elementor-spacer\">\n\t\t\t<div class=\"elementor-spacer-inner\"><\/div>\n\t\t<\/div>\n\t\t\t\t\t\t<\/div>\n\t\t\t\t<\/div>\n\t\t\t\t<div class=\"elementor-element elementor-element-8eda7db elementor-widget elementor-widget-text-editor\" data-id=\"8eda7db\" data-element_type=\"widget\" data-widget_type=\"text-editor.default\">\n\t\t\t\t<div class=\"elementor-widget-container\">\n\t\t\t\t\t\t\t\t\t<p><span style=\"font-weight: 400;\">Salendo su verso monte, il <\/span><strong><a href=\"https:\/\/fondoambiente.it\/luoghi\/paese-di-pescosolido?ldc\">piccolo borgo di Pescosolido<\/a><\/strong> <span style=\"font-weight: 400;\">vi accoglie immerso nel verde, custode\u00a0 altrettanto di piccoli tesori tra cui la <\/span><strong><a href=\"https:\/\/fondoambiente.it\/luoghi\/chiesa-la-ciociaria?ldc\">Chiesa \u201cLa Ciociaria\u201d o Chiesa di San Rocco<\/a><\/strong><span style=\"font-weight: 400;\">\u00a0e <\/span><b>le numerose \u201c<\/b><b><i>Cone<\/i><\/b><b>\u201d<\/b><span style=\"font-weight: 400;\">, cio\u00e8 piccole cappelle agli incroci delle vie che costellano la sua campagna.<\/span><\/p><p><span style=\"font-weight: 400;\"> Tra le ricchezze paesaggistiche non pu\u00f2 mancare una visita al <\/span><strong><a href=\"https:\/\/fondoambiente.it\/luoghi\/vallone-del-lacerno?ldc\">Vallone Lacerno<\/a><\/strong><span style=\"font-weight: 400;\">, un canyon all\u2019interno del quale scendendo si giunge ad una cascata nel profondo della <\/span><b>gola detta \u201cCuccetto dell\u2019Inferno\u201d<\/b><span style=\"font-weight: 400;\">, che rientra nella fascia di protezione esterna del Parco Nazionale d\u2019Abruzzo, Lazio e Molise.<\/span><\/p><p><span style=\"font-weight: 400;\">All\u2019interno del vallone sono presenti diversi reperti archeologici di epoca romana databili al I e II secolo a.C., oltre ad alcuni resti di ponti e di un imponente acquedotto che i locali usano chiamare \u201ccondotto di Nerone\u201d.<\/span><\/p>\t\t\t\t\t\t\t\t<\/div>\n\t\t\t\t<\/div>\n\t\t\t\t\t<\/div>\n\t\t<\/div>\n\t\t\t\t\t<\/div>\n\t\t<\/section>\n\t\t\t\t<section class=\"elementor-section elementor-top-section elementor-element elementor-element-cedfa21 elementor-section-stretched elementor-section-boxed elementor-section-height-default elementor-section-height-default\" data-id=\"cedfa21\" data-element_type=\"section\" data-settings=\"{&quot;stretch_section&quot;:&quot;section-stretched&quot;}\">\n\t\t\t\t\t\t<div class=\"elementor-container elementor-column-gap-extended\">\n\t\t\t\t\t<div class=\"elementor-column elementor-col-100 elementor-top-column elementor-element elementor-element-778be0e sc_layouts_column_icons_position_left\" data-id=\"778be0e\" data-element_type=\"column\">\n\t\t\t<div class=\"elementor-widget-wrap elementor-element-populated\">\n\t\t\t\t\t\t<div class=\"elementor-element elementor-element-fbfe808 elementor-widget elementor-widget-spacer\" data-id=\"fbfe808\" data-element_type=\"widget\" data-widget_type=\"spacer.default\">\n\t\t\t\t<div class=\"elementor-widget-container\">\n\t\t\t\t\t\t\t<div class=\"elementor-spacer\">\n\t\t\t<div class=\"elementor-spacer-inner\"><\/div>\n\t\t<\/div>\n\t\t\t\t\t\t<\/div>\n\t\t\t\t<\/div>\n\t\t\t\t<div class=\"elementor-element elementor-element-a654ea5 elementor-widget-divider--view-line_icon elementor-view-stacked elementor-widget-divider--element-align-center elementor-widget elementor-widget-divider\" data-id=\"a654ea5\" data-element_type=\"widget\" data-widget_type=\"divider.default\">\n\t\t\t\t<div class=\"elementor-widget-container\">\n\t\t\t\t\t\t\t<div class=\"elementor-divider\">\n\t\t\t<span class=\"elementor-divider-separator\">\n\t\t\t\t\t\t\t<div class=\"elementor-icon elementor-divider__element\">\n\t\t\t\t\t<i aria-hidden=\"true\" class=\"fas fa-map-marked-alt\"><\/i><\/div>\n\t\t\t\t\t\t<\/span>\n\t\t<\/div>\n\t\t\t\t\t\t<\/div>\n\t\t\t\t<\/div>\n\t\t\t\t<div class=\"elementor-element elementor-element-26cb00f elementor-widget elementor-widget-spacer\" data-id=\"26cb00f\" data-element_type=\"widget\" data-widget_type=\"spacer.default\">\n\t\t\t\t<div class=\"elementor-widget-container\">\n\t\t\t\t\t\t\t<div class=\"elementor-spacer\">\n\t\t\t<div class=\"elementor-spacer-inner\"><\/div>\n\t\t<\/div>\n\t\t\t\t\t\t<\/div>\n\t\t\t\t<\/div>\n\t\t\t\t\t<\/div>\n\t\t<\/div>\n\t\t\t\t\t<\/div>\n\t\t<\/section>\n\t\t\t\t<section class=\"elementor-section elementor-top-section elementor-element elementor-element-ed1e4f8 elementor-section-stretched elementor-section-boxed elementor-section-height-default elementor-section-height-default\" data-id=\"ed1e4f8\" data-element_type=\"section\" data-settings=\"{&quot;stretch_section&quot;:&quot;section-stretched&quot;}\">\n\t\t\t\t\t\t<div class=\"elementor-container elementor-column-gap-extended\">\n\t\t\t\t\t<div class=\"elementor-column elementor-col-100 elementor-top-column elementor-element elementor-element-135fc58 sc_layouts_column_icons_position_left\" data-id=\"135fc58\" data-element_type=\"column\">\n\t\t\t<div class=\"elementor-widget-wrap elementor-element-populated\">\n\t\t\t\t\t\t<div class=\"elementor-element elementor-element-1a3841c elementor-widget elementor-widget-spacer\" data-id=\"1a3841c\" data-element_type=\"widget\" data-widget_type=\"spacer.default\">\n\t\t\t\t<div class=\"elementor-widget-container\">\n\t\t\t\t\t\t\t<div class=\"elementor-spacer\">\n\t\t\t<div class=\"elementor-spacer-inner\"><\/div>\n\t\t<\/div>\n\t\t\t\t\t\t<\/div>\n\t\t\t\t<\/div>\n\t\t\t\t<div class=\"elementor-element elementor-element-9e6ddf2 elementor-hidden-mobile elementor-widget elementor-widget-heading\" data-id=\"9e6ddf2\" data-element_type=\"widget\" data-widget_type=\"heading.default\">\n\t\t\t\t<div class=\"elementor-widget-container\">\n\t\t\t\t\t<h3 class=\"elementor-heading-title elementor-size-default\">Campoli Appennino<\/h3>\t\t\t\t<\/div>\n\t\t\t\t<\/div>\n\t\t\t\t<div class=\"elementor-element elementor-element-8d6fa76 elementor-hidden-desktop elementor-hidden-tablet elementor-widget elementor-widget-heading\" data-id=\"8d6fa76\" data-element_type=\"widget\" data-widget_type=\"heading.default\">\n\t\t\t\t<div class=\"elementor-widget-container\">\n\t\t\t\t\t<h3 class=\"elementor-heading-title elementor-size-default\">Campoli Appennino<\/h3>\t\t\t\t<\/div>\n\t\t\t\t<\/div>\n\t\t\t\t<div class=\"elementor-element elementor-element-ee0bf6d elementor-widget elementor-widget-spacer\" data-id=\"ee0bf6d\" data-element_type=\"widget\" data-widget_type=\"spacer.default\">\n\t\t\t\t<div class=\"elementor-widget-container\">\n\t\t\t\t\t\t\t<div class=\"elementor-spacer\">\n\t\t\t<div class=\"elementor-spacer-inner\"><\/div>\n\t\t<\/div>\n\t\t\t\t\t\t<\/div>\n\t\t\t\t<\/div>\n\t\t\t\t<div class=\"elementor-element elementor-element-54cae64 elementor-widget elementor-widget-text-editor\" data-id=\"54cae64\" data-element_type=\"widget\" data-widget_type=\"text-editor.default\">\n\t\t\t\t<div class=\"elementor-widget-container\">\n\t\t\t\t\t\t\t\t\t<p><span style=\"font-weight: 400;\">Proseguendo lungo le sinuose strade incastonate tra le piccole vallate, arrivati al borgo di Campoli Appennino,\u00a0 situato\u00a0 lungo i bordi di una dolina carsica a 650 mt di altitudine, ecco un altro Luogo del Cuore, la <\/span><strong><a href=\"https:\/\/fondoambiente.it\/luoghi\/chiesetta-di-san-pancrazio?ldc\">Chiesetta di San Pancrazio<\/a><\/strong><b>, santuario dalle origini benedettine, <\/b><span style=\"font-weight: 400;\">dedicato al Santo Patrono, la cui effige viene portata in solenne processione ogni anno il 12 maggio per le vie del paese. <\/span><\/p>\t\t\t\t\t\t\t\t<\/div>\n\t\t\t\t<\/div>\n\t\t\t\t\t<\/div>\n\t\t<\/div>\n\t\t\t\t\t<\/div>\n\t\t<\/section>\n\t\t\t\t<section class=\"elementor-section elementor-top-section elementor-element elementor-element-f50286f elementor-section-stretched elementor-section-boxed elementor-section-height-default elementor-section-height-default\" data-id=\"f50286f\" data-element_type=\"section\" data-settings=\"{&quot;stretch_section&quot;:&quot;section-stretched&quot;}\">\n\t\t\t\t\t\t<div class=\"elementor-container elementor-column-gap-extended\">\n\t\t\t\t\t<div class=\"elementor-column elementor-col-100 elementor-top-column elementor-element elementor-element-8ed5d19 sc_layouts_column_icons_position_left\" data-id=\"8ed5d19\" data-element_type=\"column\">\n\t\t\t<div class=\"elementor-widget-wrap elementor-element-populated\">\n\t\t\t\t\t\t<div class=\"elementor-element elementor-element-aed591a elementor-widget elementor-widget-spacer\" data-id=\"aed591a\" data-element_type=\"widget\" data-widget_type=\"spacer.default\">\n\t\t\t\t<div class=\"elementor-widget-container\">\n\t\t\t\t\t\t\t<div class=\"elementor-spacer\">\n\t\t\t<div class=\"elementor-spacer-inner\"><\/div>\n\t\t<\/div>\n\t\t\t\t\t\t<\/div>\n\t\t\t\t<\/div>\n\t\t\t\t<div class=\"elementor-element elementor-element-12df226 elementor-widget-divider--view-line_icon elementor-view-stacked elementor-widget-divider--element-align-center elementor-widget elementor-widget-divider\" data-id=\"12df226\" data-element_type=\"widget\" data-widget_type=\"divider.default\">\n\t\t\t\t<div class=\"elementor-widget-container\">\n\t\t\t\t\t\t\t<div class=\"elementor-divider\">\n\t\t\t<span class=\"elementor-divider-separator\">\n\t\t\t\t\t\t\t<div class=\"elementor-icon elementor-divider__element\">\n\t\t\t\t\t<i aria-hidden=\"true\" class=\"fas fa-map-marked-alt\"><\/i><\/div>\n\t\t\t\t\t\t<\/span>\n\t\t<\/div>\n\t\t\t\t\t\t<\/div>\n\t\t\t\t<\/div>\n\t\t\t\t<div class=\"elementor-element elementor-element-0c29b36 elementor-widget elementor-widget-spacer\" data-id=\"0c29b36\" data-element_type=\"widget\" data-widget_type=\"spacer.default\">\n\t\t\t\t<div class=\"elementor-widget-container\">\n\t\t\t\t\t\t\t<div class=\"elementor-spacer\">\n\t\t\t<div class=\"elementor-spacer-inner\"><\/div>\n\t\t<\/div>\n\t\t\t\t\t\t<\/div>\n\t\t\t\t<\/div>\n\t\t\t\t\t<\/div>\n\t\t<\/div>\n\t\t\t\t\t<\/div>\n\t\t<\/section>\n\t\t\t\t<section class=\"elementor-section elementor-top-section elementor-element elementor-element-2f91b28 elementor-section-stretched elementor-section-boxed elementor-section-height-default elementor-section-height-default\" data-id=\"2f91b28\" data-element_type=\"section\" data-settings=\"{&quot;stretch_section&quot;:&quot;section-stretched&quot;}\">\n\t\t\t\t\t\t<div class=\"elementor-container elementor-column-gap-extended\">\n\t\t\t\t\t<div class=\"elementor-column elementor-col-100 elementor-top-column elementor-element elementor-element-69d4390 sc_layouts_column_icons_position_left\" data-id=\"69d4390\" data-element_type=\"column\">\n\t\t\t<div class=\"elementor-widget-wrap elementor-element-populated\">\n\t\t\t\t\t\t<div class=\"elementor-element elementor-element-bbc14ff elementor-widget elementor-widget-spacer\" data-id=\"bbc14ff\" data-element_type=\"widget\" data-widget_type=\"spacer.default\">\n\t\t\t\t<div class=\"elementor-widget-container\">\n\t\t\t\t\t\t\t<div class=\"elementor-spacer\">\n\t\t\t<div class=\"elementor-spacer-inner\"><\/div>\n\t\t<\/div>\n\t\t\t\t\t\t<\/div>\n\t\t\t\t<\/div>\n\t\t\t\t<div class=\"elementor-element elementor-element-331c3dc elementor-hidden-mobile elementor-widget elementor-widget-heading\" data-id=\"331c3dc\" data-element_type=\"widget\" data-widget_type=\"heading.default\">\n\t\t\t\t<div class=\"elementor-widget-container\">\n\t\t\t\t\t<h3 class=\"elementor-heading-title elementor-size-default\">Posta Fibreno<\/h3>\t\t\t\t<\/div>\n\t\t\t\t<\/div>\n\t\t\t\t<div class=\"elementor-element elementor-element-2e1f4fc elementor-hidden-desktop elementor-hidden-tablet elementor-widget elementor-widget-heading\" data-id=\"2e1f4fc\" data-element_type=\"widget\" data-widget_type=\"heading.default\">\n\t\t\t\t<div class=\"elementor-widget-container\">\n\t\t\t\t\t<h3 class=\"elementor-heading-title elementor-size-default\">Posta Fibreno<\/h3>\t\t\t\t<\/div>\n\t\t\t\t<\/div>\n\t\t\t\t<div class=\"elementor-element elementor-element-bd67626 elementor-widget elementor-widget-spacer\" data-id=\"bd67626\" data-element_type=\"widget\" data-widget_type=\"spacer.default\">\n\t\t\t\t<div class=\"elementor-widget-container\">\n\t\t\t\t\t\t\t<div class=\"elementor-spacer\">\n\t\t\t<div class=\"elementor-spacer-inner\"><\/div>\n\t\t<\/div>\n\t\t\t\t\t\t<\/div>\n\t\t\t\t<\/div>\n\t\t\t\t<div class=\"elementor-element elementor-element-9092ac3 elementor-widget elementor-widget-text-editor\" data-id=\"9092ac3\" data-element_type=\"widget\" data-widget_type=\"text-editor.default\">\n\t\t\t\t<div class=\"elementor-widget-container\">\n\t\t\t\t\t\t\t\t\t<p><span style=\"font-weight: 400;\">Tappa obbligata in Valle di Comino \u00e8 la splendida <\/span><strong><a href=\"https:\/\/fondoambiente.it\/luoghi\/riserva-naturale-del-lago-di-posta-fibreno?ldc\">Riserva Naturale del Lago di Posta Fibreno<\/a><\/strong><b>, <\/b><span style=\"font-weight: 400;\">che fa parte del Sistema dei Parchi e della Riserve Naturali della Regione Lazio. La riserva sorge lungo il versante sud occidentale dei Monti della Marsica ed \u00e8 <\/span><b>una delle oasi naturalistiche pi\u00f9 suggestive e incontaminate dell\u2019Italia centrale<\/b><span style=\"font-weight: 400;\">.\u00a0<\/span><\/p><p><span style=\"font-weight: 400;\">Se guardate bene il lago vedrete al suo interno quella che i locali chiamano <\/span><strong><a href=\"https:\/\/fondoambiente.it\/luoghi\/la-rota?ldc\">\u201cLa Rota\u201d<\/a><\/strong><span style=\"font-weight: 400;\">\u00a0ovvero \u201cla ruota\u201d, un\u2019isola galleggiante di circa 30 metri di diametro di forma conica con la punta rivolta verso il basso, che ha la curiosa \u201cabitudine\u201d di spostarsi a seconda della direzione del vento o delle correnti risorgive e che Plinio il Vecchio gi\u00e0 citava quasi 2000 anni fa nella sua <\/span><i><span style=\"font-weight: 400;\">Naturalis Historia<\/span><\/i><span style=\"font-weight: 400;\">.\u00a0<\/span><\/p><p><span style=\"font-weight: 400;\">Altro piccolo gioiello sulle rive del Fiume Fibreno \u00e8 <\/span><strong><a href=\"https:\/\/fondoambiente.it\/luoghi\/casino-di-pesca-del-duca-di-alvito?ldc\">Villa Gallio &#8211; Casino Di Pesca Del Duca Di Alvito<\/a><\/strong><span style=\"font-weight: 400;\">, oggi purtroppo ancora nascosta a molti e che meriterebbe un importante lavoro di restauro.\u00a0<\/span><\/p><p><span style=\"font-weight: 400;\">Per gli amanti della natura e curiosi che vogliano conoscere meglio l\u2019ecosistema del lago e il suo stretto legame con il territorio, \u00e8 possibile prenotare una visita al <\/span><strong><a href=\"https:\/\/www.beniculturali.it\/luogo\/museo-naturalistico-etnografico-della-riserva-naturale-lago-di-posta-fibreno\">Museo naturalistico etnografico della riserva naturale Lago di Posta Fibreno.<\/a><\/strong><\/p>\t\t\t\t\t\t\t\t<\/div>\n\t\t\t\t<\/div>\n\t\t\t\t\t<\/div>\n\t\t<\/div>\n\t\t\t\t\t<\/div>\n\t\t<\/section>\n\t\t\t\t<section class=\"elementor-section elementor-top-section elementor-element elementor-element-1f8509d elementor-section-stretched elementor-section-boxed elementor-section-height-default elementor-section-height-default\" data-id=\"1f8509d\" data-element_type=\"section\" data-settings=\"{&quot;stretch_section&quot;:&quot;section-stretched&quot;}\">\n\t\t\t\t\t\t<div class=\"elementor-container elementor-column-gap-extended\">\n\t\t\t\t\t<div class=\"elementor-column elementor-col-100 elementor-top-column elementor-element elementor-element-79041a9 sc_layouts_column_icons_position_left\" data-id=\"79041a9\" data-element_type=\"column\">\n\t\t\t<div class=\"elementor-widget-wrap elementor-element-populated\">\n\t\t\t\t\t\t<div class=\"elementor-element elementor-element-92bb01e elementor-widget elementor-widget-spacer\" data-id=\"92bb01e\" data-element_type=\"widget\" data-widget_type=\"spacer.default\">\n\t\t\t\t<div class=\"elementor-widget-container\">\n\t\t\t\t\t\t\t<div class=\"elementor-spacer\">\n\t\t\t<div class=\"elementor-spacer-inner\"><\/div>\n\t\t<\/div>\n\t\t\t\t\t\t<\/div>\n\t\t\t\t<\/div>\n\t\t\t\t<div class=\"elementor-element elementor-element-003435d elementor-widget-divider--view-line_icon elementor-view-stacked elementor-widget-divider--element-align-center elementor-widget elementor-widget-divider\" data-id=\"003435d\" data-element_type=\"widget\" data-widget_type=\"divider.default\">\n\t\t\t\t<div class=\"elementor-widget-container\">\n\t\t\t\t\t\t\t<div class=\"elementor-divider\">\n\t\t\t<span class=\"elementor-divider-separator\">\n\t\t\t\t\t\t\t<div class=\"elementor-icon elementor-divider__element\">\n\t\t\t\t\t<i aria-hidden=\"true\" class=\"fas fa-map-marked-alt\"><\/i><\/div>\n\t\t\t\t\t\t<\/span>\n\t\t<\/div>\n\t\t\t\t\t\t<\/div>\n\t\t\t\t<\/div>\n\t\t\t\t<div class=\"elementor-element elementor-element-3a959f5 elementor-widget elementor-widget-spacer\" data-id=\"3a959f5\" data-element_type=\"widget\" data-widget_type=\"spacer.default\">\n\t\t\t\t<div class=\"elementor-widget-container\">\n\t\t\t\t\t\t\t<div class=\"elementor-spacer\">\n\t\t\t<div class=\"elementor-spacer-inner\"><\/div>\n\t\t<\/div>\n\t\t\t\t\t\t<\/div>\n\t\t\t\t<\/div>\n\t\t\t\t\t<\/div>\n\t\t<\/div>\n\t\t\t\t\t<\/div>\n\t\t<\/section>\n\t\t\t\t<section class=\"elementor-section elementor-top-section elementor-element elementor-element-eb7d3e8 elementor-section-stretched elementor-hidden-tablet elementor-section-boxed elementor-section-height-default elementor-section-height-default\" data-id=\"eb7d3e8\" data-element_type=\"section\" data-settings=\"{&quot;stretch_section&quot;:&quot;section-stretched&quot;}\">\n\t\t\t\t\t\t<div class=\"elementor-container elementor-column-gap-extended\">\n\t\t\t\t\t<div class=\"elementor-column elementor-col-50 elementor-top-column elementor-element elementor-element-0f02e5f sc_layouts_column_icons_position_left\" data-id=\"0f02e5f\" data-element_type=\"column\">\n\t\t\t<div class=\"elementor-widget-wrap elementor-element-populated\">\n\t\t\t\t\t\t<div class=\"elementor-element elementor-element-530a167 elementor-widget elementor-widget-spacer\" data-id=\"530a167\" data-element_type=\"widget\" data-widget_type=\"spacer.default\">\n\t\t\t\t<div class=\"elementor-widget-container\">\n\t\t\t\t\t\t\t<div class=\"elementor-spacer\">\n\t\t\t<div class=\"elementor-spacer-inner\"><\/div>\n\t\t<\/div>\n\t\t\t\t\t\t<\/div>\n\t\t\t\t<\/div>\n\t\t\t\t<div class=\"elementor-element elementor-element-fb49c02 elementor-hidden-mobile elementor-widget elementor-widget-heading\" data-id=\"fb49c02\" data-element_type=\"widget\" data-widget_type=\"heading.default\">\n\t\t\t\t<div class=\"elementor-widget-container\">\n\t\t\t\t\t<h3 class=\"elementor-heading-title elementor-size-default\">Vicalvi<\/h3>\t\t\t\t<\/div>\n\t\t\t\t<\/div>\n\t\t\t\t<div class=\"elementor-element elementor-element-9800cb9 elementor-hidden-desktop elementor-hidden-tablet elementor-widget elementor-widget-heading\" data-id=\"9800cb9\" data-element_type=\"widget\" data-widget_type=\"heading.default\">\n\t\t\t\t<div class=\"elementor-widget-container\">\n\t\t\t\t\t<h3 class=\"elementor-heading-title elementor-size-default\">Vicalvi<\/h3>\t\t\t\t<\/div>\n\t\t\t\t<\/div>\n\t\t\t\t<div class=\"elementor-element elementor-element-e7e5cd2 elementor-widget elementor-widget-spacer\" data-id=\"e7e5cd2\" data-element_type=\"widget\" data-widget_type=\"spacer.default\">\n\t\t\t\t<div class=\"elementor-widget-container\">\n\t\t\t\t\t\t\t<div class=\"elementor-spacer\">\n\t\t\t<div class=\"elementor-spacer-inner\"><\/div>\n\t\t<\/div>\n\t\t\t\t\t\t<\/div>\n\t\t\t\t<\/div>\n\t\t\t\t<div class=\"elementor-element elementor-element-753ed99 elementor-widget elementor-widget-spacer\" data-id=\"753ed99\" data-element_type=\"widget\" data-widget_type=\"spacer.default\">\n\t\t\t\t<div class=\"elementor-widget-container\">\n\t\t\t\t\t\t\t<div class=\"elementor-spacer\">\n\t\t\t<div class=\"elementor-spacer-inner\"><\/div>\n\t\t<\/div>\n\t\t\t\t\t\t<\/div>\n\t\t\t\t<\/div>\n\t\t\t\t<div class=\"elementor-element elementor-element-0ae261a elementor-widget elementor-widget-text-editor\" data-id=\"0ae261a\" data-element_type=\"widget\" data-widget_type=\"text-editor.default\">\n\t\t\t\t<div class=\"elementor-widget-container\">\n\t\t\t\t\t\t\t\t\t<p><span style=\"font-weight: 400;\">A far da guarda a quello che \u00e8 l\u2019ingresso \u201cnaturale\u201d della Valle di Comino ecco il <\/span><strong><a href=\"https:\/\/fondoambiente.it\/luoghi\/castello-medioevale-vicalvi?ldc\">Castello Medioevale di Vicalvi<\/a><\/strong><span style=\"font-weight: 400;\">, castello longobardo situato nell\u2019omonimo piccolo borgo, su una collina sormontata dal monte Morrone e visitabile su richiesta.\u00a0<\/span><\/p><p><span style=\"font-weight: 400;\">Avvolto da leggende di fantasmi e dal vecchio centro storico ormai abbandonato, si erge visibile in lontananza, nella sua posizione strategica chiaramente a difesa della Val di Comino: la grande croce rossa sulle sue mura racconta solo l\u2019ultima delle tante battaglie di cui \u00e8 stato testimone, scelto come campo ospedaliero dalle truppe tedesche che per mesi assediarono il territorio.<\/span><\/p><p><span style=\"font-weight: 400;\"> Visitabile su richiesta. <\/span><\/p>\t\t\t\t\t\t\t\t<\/div>\n\t\t\t\t<\/div>\n\t\t\t\t\t<\/div>\n\t\t<\/div>\n\t\t\t\t<div class=\"elementor-column elementor-col-50 elementor-top-column elementor-element elementor-element-b9cd7fb sc_layouts_column_icons_position_left\" data-id=\"b9cd7fb\" data-element_type=\"column\" data-settings=\"{&quot;background_background&quot;:&quot;classic&quot;}\">\n\t\t\t<div class=\"elementor-widget-wrap elementor-element-populated\">\n\t\t\t\t\t\t<div class=\"elementor-element elementor-element-f18ef48 elementor-hidden-mobile elementor-widget elementor-widget-spacer\" data-id=\"f18ef48\" data-element_type=\"widget\" data-widget_type=\"spacer.default\">\n\t\t\t\t<div class=\"elementor-widget-container\">\n\t\t\t\t\t\t\t<div class=\"elementor-spacer\">\n\t\t\t<div class=\"elementor-spacer-inner\"><\/div>\n\t\t<\/div>\n\t\t\t\t\t\t<\/div>\n\t\t\t\t<\/div>\n\t\t\t\t<div class=\"elementor-element elementor-element-99553ce elementor-arrows-position-outside elementor-pagination-position-outside elementor-widget elementor-widget-image-carousel\" data-id=\"99553ce\" data-element_type=\"widget\" data-settings=\"{&quot;slides_to_show&quot;:&quot;1&quot;,&quot;navigation&quot;:&quot;both&quot;,&quot;autoplay&quot;:&quot;yes&quot;,&quot;pause_on_hover&quot;:&quot;yes&quot;,&quot;pause_on_interaction&quot;:&quot;yes&quot;,&quot;autoplay_speed&quot;:5000,&quot;infinite&quot;:&quot;yes&quot;,&quot;effect&quot;:&quot;slide&quot;,&quot;speed&quot;:500}\" data-widget_type=\"image-carousel.default\">\n\t\t\t\t<div class=\"elementor-widget-container\">\n\t\t\t\t\t\t\t<div class=\"elementor-image-carousel-wrapper swiper\" role=\"region\" aria-roledescription=\"carousel\" aria-label=\"Image Carousel\" dir=\"ltr\">\n\t\t\t<div class=\"elementor-image-carousel swiper-wrapper\" aria-live=\"off\">\n\t\t\t\t\t\t\t\t<div class=\"swiper-slide\" role=\"group\" aria-roledescription=\"slide\" aria-label=\"1 of 5\"><figure class=\"swiper-slide-inner\"><img decoding=\"async\" class=\"swiper-slide-image\" src=\"https:\/\/www.dmociociariavalledicomino.it\/wp-content\/uploads\/2023\/03\/Vicalvi_1.jpg\" alt=\"Vicalvi_1\" \/><\/figure><\/div><div class=\"swiper-slide\" role=\"group\" aria-roledescription=\"slide\" aria-label=\"2 of 5\"><figure class=\"swiper-slide-inner\"><img decoding=\"async\" class=\"swiper-slide-image\" src=\"https:\/\/www.dmociociariavalledicomino.it\/wp-content\/uploads\/2023\/03\/Vicalvi_2.jpg\" alt=\"Vicalvi_2\" \/><\/figure><\/div><div class=\"swiper-slide\" role=\"group\" aria-roledescription=\"slide\" aria-label=\"3 of 5\"><figure class=\"swiper-slide-inner\"><img decoding=\"async\" class=\"swiper-slide-image\" src=\"https:\/\/www.dmociociariavalledicomino.it\/wp-content\/uploads\/2023\/03\/Vicalvi_3.jpg\" alt=\"Vicalvi_3\" \/><\/figure><\/div><div class=\"swiper-slide\" role=\"group\" aria-roledescription=\"slide\" aria-label=\"4 of 5\"><figure class=\"swiper-slide-inner\"><img decoding=\"async\" class=\"swiper-slide-image\" src=\"https:\/\/www.dmociociariavalledicomino.it\/wp-content\/uploads\/2023\/03\/Vicalvi_4.jpg\" alt=\"Vicalvi_4\" \/><\/figure><\/div><div class=\"swiper-slide\" role=\"group\" aria-roledescription=\"slide\" aria-label=\"5 of 5\"><figure class=\"swiper-slide-inner\"><img decoding=\"async\" class=\"swiper-slide-image\" src=\"https:\/\/www.dmociociariavalledicomino.it\/wp-content\/uploads\/2023\/03\/Vicalvi_5.jpg\" alt=\"Vicalvi_5\" \/><\/figure><\/div>\t\t\t<\/div>\n\t\t\t\t\t\t\t\t\t\t\t\t<div class=\"elementor-swiper-button elementor-swiper-button-prev\" role=\"button\" tabindex=\"0\">\n\t\t\t\t\t\t<i aria-hidden=\"true\" class=\"eicon-chevron-left\"><\/i>\t\t\t\t\t<\/div>\n\t\t\t\t\t<div class=\"elementor-swiper-button elementor-swiper-button-next\" role=\"button\" tabindex=\"0\">\n\t\t\t\t\t\t<i aria-hidden=\"true\" class=\"eicon-chevron-right\"><\/i>\t\t\t\t\t<\/div>\n\t\t\t\t\n\t\t\t\t\t\t\t\t\t<div class=\"swiper-pagination\"><\/div>\n\t\t\t\t\t\t\t\t\t<\/div>\n\t\t\t\t\t\t<\/div>\n\t\t\t\t<\/div>\n\t\t\t\t<div class=\"elementor-element elementor-element-d6e01f4 elementor-align-center elementor-widget elementor-widget-button\" data-id=\"d6e01f4\" data-element_type=\"widget\" data-widget_type=\"button.default\">\n\t\t\t\t<div class=\"elementor-widget-container\">\n\t\t\t\t\t\t\t\t\t<div class=\"elementor-button-wrapper\">\n\t\t\t\t\t<a class=\"elementor-button elementor-size-md\" role=\"button\">\n\t\t\t\t\t\t<span class=\"elementor-button-content-wrapper\">\n\t\t\t\t\t\t\t\t\t<span class=\"elementor-button-text\">\u00a9 credit Alessandro Savone<\/span>\n\t\t\t\t\t<\/span>\n\t\t\t\t\t<\/a>\n\t\t\t\t<\/div>\n\t\t\t\t\t\t\t\t<\/div>\n\t\t\t\t<\/div>\n\t\t\t\t\t<\/div>\n\t\t<\/div>\n\t\t\t\t\t<\/div>\n\t\t<\/section>\n\t\t\t\t<section class=\"elementor-section elementor-top-section elementor-element elementor-element-167101d elementor-section-stretched elementor-hidden-desktop elementor-hidden-mobile elementor-section-boxed elementor-section-height-default elementor-section-height-default\" data-id=\"167101d\" data-element_type=\"section\" data-settings=\"{&quot;stretch_section&quot;:&quot;section-stretched&quot;}\">\n\t\t\t\t\t\t<div class=\"elementor-container elementor-column-gap-extended\">\n\t\t\t\t\t<div class=\"elementor-column elementor-col-100 elementor-top-column elementor-element elementor-element-3efd171 sc_layouts_column_icons_position_left\" data-id=\"3efd171\" data-element_type=\"column\">\n\t\t\t<div class=\"elementor-widget-wrap elementor-element-populated\">\n\t\t\t\t\t\t<div class=\"elementor-element elementor-element-39f88c2 elementor-widget elementor-widget-spacer\" data-id=\"39f88c2\" data-element_type=\"widget\" data-widget_type=\"spacer.default\">\n\t\t\t\t<div class=\"elementor-widget-container\">\n\t\t\t\t\t\t\t<div class=\"elementor-spacer\">\n\t\t\t<div class=\"elementor-spacer-inner\"><\/div>\n\t\t<\/div>\n\t\t\t\t\t\t<\/div>\n\t\t\t\t<\/div>\n\t\t\t\t<div class=\"elementor-element elementor-element-9df6d53 elementor-hidden-mobile elementor-widget elementor-widget-heading\" data-id=\"9df6d53\" data-element_type=\"widget\" data-widget_type=\"heading.default\">\n\t\t\t\t<div class=\"elementor-widget-container\">\n\t\t\t\t\t<h3 class=\"elementor-heading-title elementor-size-default\">Vicalvi<\/h3>\t\t\t\t<\/div>\n\t\t\t\t<\/div>\n\t\t\t\t<div class=\"elementor-element elementor-element-12399f6 elementor-hidden-desktop elementor-hidden-tablet elementor-widget elementor-widget-heading\" data-id=\"12399f6\" data-element_type=\"widget\" data-widget_type=\"heading.default\">\n\t\t\t\t<div class=\"elementor-widget-container\">\n\t\t\t\t\t<h3 class=\"elementor-heading-title elementor-size-default\">Vicalvi<\/h3>\t\t\t\t<\/div>\n\t\t\t\t<\/div>\n\t\t\t\t<div class=\"elementor-element elementor-element-1ae7492 elementor-widget elementor-widget-spacer\" data-id=\"1ae7492\" data-element_type=\"widget\" data-widget_type=\"spacer.default\">\n\t\t\t\t<div class=\"elementor-widget-container\">\n\t\t\t\t\t\t\t<div class=\"elementor-spacer\">\n\t\t\t<div class=\"elementor-spacer-inner\"><\/div>\n\t\t<\/div>\n\t\t\t\t\t\t<\/div>\n\t\t\t\t<\/div>\n\t\t\t\t<div class=\"elementor-element elementor-element-1584603 elementor-widget elementor-widget-spacer\" data-id=\"1584603\" data-element_type=\"widget\" data-widget_type=\"spacer.default\">\n\t\t\t\t<div class=\"elementor-widget-container\">\n\t\t\t\t\t\t\t<div class=\"elementor-spacer\">\n\t\t\t<div class=\"elementor-spacer-inner\"><\/div>\n\t\t<\/div>\n\t\t\t\t\t\t<\/div>\n\t\t\t\t<\/div>\n\t\t\t\t<div class=\"elementor-element elementor-element-9e70bd2 elementor-widget elementor-widget-text-editor\" data-id=\"9e70bd2\" data-element_type=\"widget\" data-widget_type=\"text-editor.default\">\n\t\t\t\t<div class=\"elementor-widget-container\">\n\t\t\t\t\t\t\t\t\t<p><span style=\"font-weight: 400;\">A far da guarda a quello che \u00e8 l\u2019ingresso \u201cnaturale\u201d della Valle di Comino ecco il <\/span><strong><a href=\"https:\/\/fondoambiente.it\/luoghi\/castello-medioevale-vicalvi?ldc\">Castello Medioevale di Vicalvi<\/a><\/strong><span style=\"font-weight: 400;\">, castello longobardo situato nell\u2019omonimo piccolo borgo, su una collina sormontata dal monte Morrone e visitabile su richiesta.\u00a0<\/span><\/p><p><span style=\"font-weight: 400;\">Avvolto da leggende di fantasmi e dal vecchio centro storico ormai abbandonato, si erge visibile in lontananza, nella sua posizione strategica chiaramente a difesa della Val di Comino: la grande croce rossa sulle sue mura racconta solo l\u2019ultima delle tante battaglie di cui \u00e8 stato testimone, scelto come campo ospedaliero dalle truppe tedesche che per mesi assediarono il territorio.<\/span><\/p><p><span style=\"font-weight: 400;\"> Visitabile su richiesta. <\/span><\/p>\t\t\t\t\t\t\t\t<\/div>\n\t\t\t\t<\/div>\n\t\t\t\t<div class=\"elementor-element elementor-element-ecd6c45 elementor-hidden-mobile elementor-widget elementor-widget-spacer\" data-id=\"ecd6c45\" data-element_type=\"widget\" data-widget_type=\"spacer.default\">\n\t\t\t\t<div class=\"elementor-widget-container\">\n\t\t\t\t\t\t\t<div class=\"elementor-spacer\">\n\t\t\t<div class=\"elementor-spacer-inner\"><\/div>\n\t\t<\/div>\n\t\t\t\t\t\t<\/div>\n\t\t\t\t<\/div>\n\t\t\t\t<div class=\"elementor-element elementor-element-20d6632 elementor-arrows-position-outside elementor-pagination-position-outside elementor-widget elementor-widget-image-carousel\" data-id=\"20d6632\" data-element_type=\"widget\" data-settings=\"{&quot;slides_to_show&quot;:&quot;1&quot;,&quot;navigation&quot;:&quot;both&quot;,&quot;autoplay&quot;:&quot;yes&quot;,&quot;pause_on_hover&quot;:&quot;yes&quot;,&quot;pause_on_interaction&quot;:&quot;yes&quot;,&quot;autoplay_speed&quot;:5000,&quot;infinite&quot;:&quot;yes&quot;,&quot;effect&quot;:&quot;slide&quot;,&quot;speed&quot;:500}\" data-widget_type=\"image-carousel.default\">\n\t\t\t\t<div class=\"elementor-widget-container\">\n\t\t\t\t\t\t\t<div class=\"elementor-image-carousel-wrapper swiper\" role=\"region\" aria-roledescription=\"carousel\" aria-label=\"Image Carousel\" dir=\"ltr\">\n\t\t\t<div class=\"elementor-image-carousel swiper-wrapper\" aria-live=\"off\">\n\t\t\t\t\t\t\t\t<div class=\"swiper-slide\" role=\"group\" aria-roledescription=\"slide\" aria-label=\"1 of 5\"><figure class=\"swiper-slide-inner\"><img decoding=\"async\" class=\"swiper-slide-image\" src=\"https:\/\/www.dmociociariavalledicomino.it\/wp-content\/uploads\/2023\/03\/Vicalvi_1.jpg\" alt=\"Vicalvi_1\" \/><\/figure><\/div><div class=\"swiper-slide\" role=\"group\" aria-roledescription=\"slide\" aria-label=\"2 of 5\"><figure class=\"swiper-slide-inner\"><img decoding=\"async\" class=\"swiper-slide-image\" src=\"https:\/\/www.dmociociariavalledicomino.it\/wp-content\/uploads\/2023\/03\/Vicalvi_2.jpg\" alt=\"Vicalvi_2\" \/><\/figure><\/div><div class=\"swiper-slide\" role=\"group\" aria-roledescription=\"slide\" aria-label=\"3 of 5\"><figure class=\"swiper-slide-inner\"><img decoding=\"async\" class=\"swiper-slide-image\" src=\"https:\/\/www.dmociociariavalledicomino.it\/wp-content\/uploads\/2023\/03\/Vicalvi_3.jpg\" alt=\"Vicalvi_3\" \/><\/figure><\/div><div class=\"swiper-slide\" role=\"group\" aria-roledescription=\"slide\" aria-label=\"4 of 5\"><figure class=\"swiper-slide-inner\"><img decoding=\"async\" class=\"swiper-slide-image\" src=\"https:\/\/www.dmociociariavalledicomino.it\/wp-content\/uploads\/2023\/03\/Vicalvi_4.jpg\" alt=\"Vicalvi_4\" \/><\/figure><\/div><div class=\"swiper-slide\" role=\"group\" aria-roledescription=\"slide\" aria-label=\"5 of 5\"><figure class=\"swiper-slide-inner\"><img decoding=\"async\" class=\"swiper-slide-image\" src=\"https:\/\/www.dmociociariavalledicomino.it\/wp-content\/uploads\/2023\/03\/Vicalvi_5.jpg\" alt=\"Vicalvi_5\" \/><\/figure><\/div>\t\t\t<\/div>\n\t\t\t\t\t\t\t\t\t\t\t\t<div class=\"elementor-swiper-button elementor-swiper-button-prev\" role=\"button\" tabindex=\"0\">\n\t\t\t\t\t\t<i aria-hidden=\"true\" class=\"eicon-chevron-left\"><\/i>\t\t\t\t\t<\/div>\n\t\t\t\t\t<div class=\"elementor-swiper-button elementor-swiper-button-next\" role=\"button\" tabindex=\"0\">\n\t\t\t\t\t\t<i aria-hidden=\"true\" class=\"eicon-chevron-right\"><\/i>\t\t\t\t\t<\/div>\n\t\t\t\t\n\t\t\t\t\t\t\t\t\t<div class=\"swiper-pagination\"><\/div>\n\t\t\t\t\t\t\t\t\t<\/div>\n\t\t\t\t\t\t<\/div>\n\t\t\t\t<\/div>\n\t\t\t\t<div class=\"elementor-element elementor-element-dad0064 elementor-align-center elementor-widget elementor-widget-button\" data-id=\"dad0064\" data-element_type=\"widget\" data-widget_type=\"button.default\">\n\t\t\t\t<div class=\"elementor-widget-container\">\n\t\t\t\t\t\t\t\t\t<div class=\"elementor-button-wrapper\">\n\t\t\t\t\t<a class=\"elementor-button elementor-size-md\" role=\"button\">\n\t\t\t\t\t\t<span class=\"elementor-button-content-wrapper\">\n\t\t\t\t\t\t\t\t\t<span class=\"elementor-button-text\">\u00a9 credit Alessandro Savone<\/span>\n\t\t\t\t\t<\/span>\n\t\t\t\t\t<\/a>\n\t\t\t\t<\/div>\n\t\t\t\t\t\t\t\t<\/div>\n\t\t\t\t<\/div>\n\t\t\t\t\t<\/div>\n\t\t<\/div>\n\t\t\t\t\t<\/div>\n\t\t<\/section>\n\t\t\t\t<section class=\"elementor-section elementor-top-section elementor-element elementor-element-c301dfb elementor-section-stretched elementor-section-boxed elementor-section-height-default elementor-section-height-default\" data-id=\"c301dfb\" data-element_type=\"section\" data-settings=\"{&quot;stretch_section&quot;:&quot;section-stretched&quot;}\">\n\t\t\t\t\t\t<div class=\"elementor-container elementor-column-gap-extended\">\n\t\t\t\t\t<div class=\"elementor-column elementor-col-100 elementor-top-column elementor-element elementor-element-89cd4f6 sc_layouts_column_icons_position_left\" data-id=\"89cd4f6\" data-element_type=\"column\">\n\t\t\t<div class=\"elementor-widget-wrap elementor-element-populated\">\n\t\t\t\t\t\t<div class=\"elementor-element elementor-element-8a74018 elementor-widget elementor-widget-spacer\" data-id=\"8a74018\" data-element_type=\"widget\" data-widget_type=\"spacer.default\">\n\t\t\t\t<div class=\"elementor-widget-container\">\n\t\t\t\t\t\t\t<div class=\"elementor-spacer\">\n\t\t\t<div class=\"elementor-spacer-inner\"><\/div>\n\t\t<\/div>\n\t\t\t\t\t\t<\/div>\n\t\t\t\t<\/div>\n\t\t\t\t<div class=\"elementor-element elementor-element-311f646 elementor-widget-divider--view-line_icon elementor-view-stacked elementor-widget-divider--element-align-center elementor-widget elementor-widget-divider\" data-id=\"311f646\" data-element_type=\"widget\" data-widget_type=\"divider.default\">\n\t\t\t\t<div class=\"elementor-widget-container\">\n\t\t\t\t\t\t\t<div class=\"elementor-divider\">\n\t\t\t<span class=\"elementor-divider-separator\">\n\t\t\t\t\t\t\t<div class=\"elementor-icon elementor-divider__element\">\n\t\t\t\t\t<i aria-hidden=\"true\" class=\"fas fa-map-marked-alt\"><\/i><\/div>\n\t\t\t\t\t\t<\/span>\n\t\t<\/div>\n\t\t\t\t\t\t<\/div>\n\t\t\t\t<\/div>\n\t\t\t\t<div class=\"elementor-element elementor-element-df389cc elementor-widget elementor-widget-spacer\" data-id=\"df389cc\" data-element_type=\"widget\" data-widget_type=\"spacer.default\">\n\t\t\t\t<div class=\"elementor-widget-container\">\n\t\t\t\t\t\t\t<div class=\"elementor-spacer\">\n\t\t\t<div class=\"elementor-spacer-inner\"><\/div>\n\t\t<\/div>\n\t\t\t\t\t\t<\/div>\n\t\t\t\t<\/div>\n\t\t\t\t\t<\/div>\n\t\t<\/div>\n\t\t\t\t\t<\/div>\n\t\t<\/section>\n\t\t\t\t<section class=\"elementor-section elementor-top-section elementor-element elementor-element-030f2aa elementor-section-stretched elementor-hidden-tablet elementor-section-boxed elementor-section-height-default elementor-section-height-default\" data-id=\"030f2aa\" data-element_type=\"section\" data-settings=\"{&quot;stretch_section&quot;:&quot;section-stretched&quot;}\">\n\t\t\t\t\t\t<div class=\"elementor-container elementor-column-gap-extended\">\n\t\t\t\t\t<div class=\"elementor-column elementor-col-50 elementor-top-column elementor-element elementor-element-5a816a8 sc_layouts_column_icons_position_left\" data-id=\"5a816a8\" data-element_type=\"column\">\n\t\t\t<div class=\"elementor-widget-wrap elementor-element-populated\">\n\t\t\t\t\t\t<div class=\"elementor-element elementor-element-6ad03c6 elementor-widget elementor-widget-spacer\" data-id=\"6ad03c6\" data-element_type=\"widget\" data-widget_type=\"spacer.default\">\n\t\t\t\t<div class=\"elementor-widget-container\">\n\t\t\t\t\t\t\t<div class=\"elementor-spacer\">\n\t\t\t<div class=\"elementor-spacer-inner\"><\/div>\n\t\t<\/div>\n\t\t\t\t\t\t<\/div>\n\t\t\t\t<\/div>\n\t\t\t\t<div class=\"elementor-element elementor-element-c9bf2ff elementor-hidden-mobile elementor-widget elementor-widget-heading\" data-id=\"c9bf2ff\" data-element_type=\"widget\" data-widget_type=\"heading.default\">\n\t\t\t\t<div class=\"elementor-widget-container\">\n\t\t\t\t\t<h3 class=\"elementor-heading-title elementor-size-default\">Alvito<\/h3>\t\t\t\t<\/div>\n\t\t\t\t<\/div>\n\t\t\t\t<div class=\"elementor-element elementor-element-4a8b25a elementor-hidden-desktop elementor-hidden-tablet elementor-widget elementor-widget-heading\" data-id=\"4a8b25a\" data-element_type=\"widget\" data-widget_type=\"heading.default\">\n\t\t\t\t<div class=\"elementor-widget-container\">\n\t\t\t\t\t<h3 class=\"elementor-heading-title elementor-size-default\">Alvito<\/h3>\t\t\t\t<\/div>\n\t\t\t\t<\/div>\n\t\t\t\t<div class=\"elementor-element elementor-element-fd29615 elementor-widget elementor-widget-spacer\" data-id=\"fd29615\" data-element_type=\"widget\" data-widget_type=\"spacer.default\">\n\t\t\t\t<div class=\"elementor-widget-container\">\n\t\t\t\t\t\t\t<div class=\"elementor-spacer\">\n\t\t\t<div class=\"elementor-spacer-inner\"><\/div>\n\t\t<\/div>\n\t\t\t\t\t\t<\/div>\n\t\t\t\t<\/div>\n\t\t\t\t<div class=\"elementor-element elementor-element-085dc0d elementor-widget elementor-widget-text-editor\" data-id=\"085dc0d\" data-element_type=\"widget\" data-widget_type=\"text-editor.default\">\n\t\t\t\t<div class=\"elementor-widget-container\">\n\t\t\t\t\t\t\t\t\t<p><span style=\"font-weight: 400;\">Il giro alla scoperta dei Luoghi del Cuore del FAI continua nel <\/span><b>piccolo borgo di Alvito<\/b><span style=\"font-weight: 400;\">, gi\u00e0 visibile da Vicalvi e abbarbicato sulla costa del monte.\u00a0<\/span><\/p><p><span style=\"font-weight: 400;\">Come per Vicalvi, sulla cima ecco la suggestiva fortezza medievale, il <\/span><strong><a href=\"https:\/\/fondoambiente.it\/luoghi\/castello-di-alvito?ldc\">Castello Cantelmo<\/a><\/strong><b>, <\/b><span style=\"font-weight: 400;\">che domina la vista sulla Valle circondato dall\u2019ameno piccolo borgo originario, nascondendo tra le sue mura storie di duchi e contenziosi. Scendendo e arrivando verso il nuovo centro storico pi\u00f9 a valle, si scorgono gli eleganti palazzi come <\/span><strong><a href=\"https:\/\/fondoambiente.it\/luoghi\/palazzo-monaco-alvito?ldc\">Palazzo Monaco<\/a><\/strong><b>, <\/b><span style=\"font-weight: 400;\">inserito nell&#8217;Albo dell&#8217;Associazione Dimore Storiche della Regione Lazio, e<\/span> <strong><a href=\"https:\/\/fondoambiente.it\/luoghi\/palazzo-mazzenga?ldc\">Palazzo Mazzenga<\/a><\/strong><span style=\"font-weight: 400;\">, le chiese e le antiche porte d\u2019accesso.\u00a0<\/span><\/p><p><span style=\"font-weight: 400;\">Di particolare pregio <\/span><strong><a href=\"https:\/\/www.palazzogallio.it\/index.php\">Palazzo Gallio<\/a><\/strong><span style=\"font-weight: 400;\">, sede del Comune di Alvito e custode di numerosi tesori: il <\/span><b>Teatro Comunale<\/b><span style=\"font-weight: 400;\">, l\u2019<\/span><b>Archivio Storico<\/b><span style=\"font-weight: 400;\">, memoria del borgo, la <\/span><b>Biblioteca <\/b><span style=\"font-weight: 400;\">e il <\/span><strong><a href=\"https:\/\/sifcultura.it\/museo-degli-strumenti-musicali-popolari-dal-mondo-di-alvito\/#:~:text=Allestito%20al%20piano%20primo%20di,e%20le%20usanze%20dei%20popoli\">Museo degli Strumenti Musicali Popolari dal Mondo.<\/a><\/strong><b>\u00a0<\/b><\/p><p><span style=\"font-weight: 400;\">Fuori le mura, al di sotto della vecchia piazza del mercato, ecco <\/span>l\u2019<strong><a href=\"https:\/\/fondoambiente.it\/luoghi\/ex-convento-di-s-nicola?ldc\">ex Convento di S. Nicola,<\/a><\/strong><b>\u00a0<\/b><span style=\"font-weight: 400;\">risalente al 1516 e oggi sede dell\u2019istituto tecnico statale per l&#8217;agraria, e <\/span><strong><a href=\"https:\/\/fondoambiente.it\/luoghi\/fontana-dei-monaci-alvito?ldc\">la Fontana dei Monaci<\/a><\/strong><b>,<\/b><span style=\"font-weight: 400;\"> l\u2019antica fontana<\/span> <span style=\"font-weight: 400;\">a cui generazioni di alvitani hanno attinto acqua: ancora sembra di vedere le lavandaie indaffarate, i bambini che corrono giocando tra gli schizzi e il vocio delle chiacchiere del tempo passato. <\/span><\/p>\t\t\t\t\t\t\t\t<\/div>\n\t\t\t\t<\/div>\n\t\t\t\t\t<\/div>\n\t\t<\/div>\n\t\t\t\t<div class=\"elementor-column elementor-col-50 elementor-top-column elementor-element elementor-element-ac0e58b sc_layouts_column_icons_position_left\" data-id=\"ac0e58b\" data-element_type=\"column\" data-settings=\"{&quot;background_background&quot;:&quot;classic&quot;}\">\n\t\t\t<div class=\"elementor-widget-wrap elementor-element-populated\">\n\t\t\t\t\t\t<div class=\"elementor-element elementor-element-2e88991 elementor-hidden-mobile elementor-widget elementor-widget-spacer\" data-id=\"2e88991\" data-element_type=\"widget\" data-widget_type=\"spacer.default\">\n\t\t\t\t<div class=\"elementor-widget-container\">\n\t\t\t\t\t\t\t<div class=\"elementor-spacer\">\n\t\t\t<div class=\"elementor-spacer-inner\"><\/div>\n\t\t<\/div>\n\t\t\t\t\t\t<\/div>\n\t\t\t\t<\/div>\n\t\t\t\t<div class=\"elementor-element elementor-element-75aa7f6 elementor-widget elementor-widget-image\" data-id=\"75aa7f6\" data-element_type=\"widget\" data-widget_type=\"image.default\">\n\t\t\t\t<div class=\"elementor-widget-container\">\n\t\t\t\t\t\t\t\t\t\t\t\t\t\t\t<img fetchpriority=\"high\" decoding=\"async\" width=\"800\" height=\"600\" src=\"https:\/\/www.dmociociariavalledicomino.it\/wp-content\/uploads\/2023\/03\/Vista-da-Alvito-@Alessandro-Savone.jpg\" class=\"attachment-large size-large wp-image-9231\" alt=\"\" srcset=\"https:\/\/www.dmociociariavalledicomino.it\/wp-content\/uploads\/2023\/03\/Vista-da-Alvito-@Alessandro-Savone.jpg 800w, https:\/\/www.dmociociariavalledicomino.it\/wp-content\/uploads\/2023\/03\/Vista-da-Alvito-@Alessandro-Savone-300x225.jpg 300w, https:\/\/www.dmociociariavalledicomino.it\/wp-content\/uploads\/2023\/03\/Vista-da-Alvito-@Alessandro-Savone-768x576.jpg 768w, https:\/\/www.dmociociariavalledicomino.it\/wp-content\/uploads\/2023\/03\/Vista-da-Alvito-@Alessandro-Savone-16x12.jpg 16w, https:\/\/www.dmociociariavalledicomino.it\/wp-content\/uploads\/2023\/03\/Vista-da-Alvito-@Alessandro-Savone-370x278.jpg 370w, https:\/\/www.dmociociariavalledicomino.it\/wp-content\/uploads\/2023\/03\/Vista-da-Alvito-@Alessandro-Savone-390x293.jpg 390w, https:\/\/www.dmociociariavalledicomino.it\/wp-content\/uploads\/2023\/03\/Vista-da-Alvito-@Alessandro-Savone-780x585.jpg 780w, https:\/\/www.dmociociariavalledicomino.it\/wp-content\/uploads\/2023\/03\/Vista-da-Alvito-@Alessandro-Savone-600x450.jpg 600w\" sizes=\"(max-width: 800px) 100vw, 800px\" \/>\t\t\t\t\t\t\t\t\t\t\t\t\t\t\t<\/div>\n\t\t\t\t<\/div>\n\t\t\t\t<div class=\"elementor-element elementor-element-b9b6af5 elementor-widget elementor-widget-spacer\" data-id=\"b9b6af5\" data-element_type=\"widget\" data-widget_type=\"spacer.default\">\n\t\t\t\t<div class=\"elementor-widget-container\">\n\t\t\t\t\t\t\t<div class=\"elementor-spacer\">\n\t\t\t<div class=\"elementor-spacer-inner\"><\/div>\n\t\t<\/div>\n\t\t\t\t\t\t<\/div>\n\t\t\t\t<\/div>\n\t\t\t\t<div class=\"elementor-element elementor-element-5e753fc elementor-align-center elementor-widget elementor-widget-button\" data-id=\"5e753fc\" data-element_type=\"widget\" data-widget_type=\"button.default\">\n\t\t\t\t<div class=\"elementor-widget-container\">\n\t\t\t\t\t\t\t\t\t<div class=\"elementor-button-wrapper\">\n\t\t\t\t\t<a class=\"elementor-button elementor-size-md\" role=\"button\">\n\t\t\t\t\t\t<span class=\"elementor-button-content-wrapper\">\n\t\t\t\t\t\t\t\t\t<span class=\"elementor-button-text\">\u00a9 credit Alessandro Savone<\/span>\n\t\t\t\t\t<\/span>\n\t\t\t\t\t<\/a>\n\t\t\t\t<\/div>\n\t\t\t\t\t\t\t\t<\/div>\n\t\t\t\t<\/div>\n\t\t\t\t\t<\/div>\n\t\t<\/div>\n\t\t\t\t\t<\/div>\n\t\t<\/section>\n\t\t\t\t<section class=\"elementor-section elementor-top-section elementor-element elementor-element-b1a436e elementor-section-stretched elementor-hidden-desktop elementor-hidden-mobile elementor-section-boxed elementor-section-height-default elementor-section-height-default\" data-id=\"b1a436e\" data-element_type=\"section\" data-settings=\"{&quot;stretch_section&quot;:&quot;section-stretched&quot;}\">\n\t\t\t\t\t\t<div class=\"elementor-container elementor-column-gap-extended\">\n\t\t\t\t\t<div class=\"elementor-column elementor-col-100 elementor-top-column elementor-element elementor-element-bbdd197 sc_layouts_column_icons_position_left\" data-id=\"bbdd197\" data-element_type=\"column\">\n\t\t\t<div class=\"elementor-widget-wrap elementor-element-populated\">\n\t\t\t\t\t\t<div class=\"elementor-element elementor-element-937c113 elementor-widget elementor-widget-spacer\" data-id=\"937c113\" data-element_type=\"widget\" data-widget_type=\"spacer.default\">\n\t\t\t\t<div class=\"elementor-widget-container\">\n\t\t\t\t\t\t\t<div class=\"elementor-spacer\">\n\t\t\t<div class=\"elementor-spacer-inner\"><\/div>\n\t\t<\/div>\n\t\t\t\t\t\t<\/div>\n\t\t\t\t<\/div>\n\t\t\t\t<div class=\"elementor-element elementor-element-a0f8651 elementor-hidden-mobile elementor-widget elementor-widget-heading\" data-id=\"a0f8651\" data-element_type=\"widget\" data-widget_type=\"heading.default\">\n\t\t\t\t<div class=\"elementor-widget-container\">\n\t\t\t\t\t<h3 class=\"elementor-heading-title elementor-size-default\">Alvito<\/h3>\t\t\t\t<\/div>\n\t\t\t\t<\/div>\n\t\t\t\t<div class=\"elementor-element elementor-element-5af8534 elementor-hidden-desktop elementor-hidden-tablet elementor-widget elementor-widget-heading\" data-id=\"5af8534\" data-element_type=\"widget\" data-widget_type=\"heading.default\">\n\t\t\t\t<div class=\"elementor-widget-container\">\n\t\t\t\t\t<h3 class=\"elementor-heading-title elementor-size-default\">Alvito<\/h3>\t\t\t\t<\/div>\n\t\t\t\t<\/div>\n\t\t\t\t<div class=\"elementor-element elementor-element-d524908 elementor-widget elementor-widget-spacer\" data-id=\"d524908\" data-element_type=\"widget\" data-widget_type=\"spacer.default\">\n\t\t\t\t<div class=\"elementor-widget-container\">\n\t\t\t\t\t\t\t<div class=\"elementor-spacer\">\n\t\t\t<div class=\"elementor-spacer-inner\"><\/div>\n\t\t<\/div>\n\t\t\t\t\t\t<\/div>\n\t\t\t\t<\/div>\n\t\t\t\t<div class=\"elementor-element elementor-element-4ff5c98 elementor-widget elementor-widget-text-editor\" data-id=\"4ff5c98\" data-element_type=\"widget\" data-widget_type=\"text-editor.default\">\n\t\t\t\t<div class=\"elementor-widget-container\">\n\t\t\t\t\t\t\t\t\t<p><span style=\"font-weight: 400;\">Il giro alla scoperta dei Luoghi del Cuore del FAI continua nel <\/span><b>piccolo borgo di Alvito<\/b><span style=\"font-weight: 400;\">, gi\u00e0 visibile da Vicalvi e abbarbicato sulla costa del monte.\u00a0<\/span><\/p><p><span style=\"font-weight: 400;\">Come per Vicalvi, sulla cima ecco la suggestiva fortezza medievale, il <\/span><strong><a href=\"https:\/\/fondoambiente.it\/luoghi\/castello-di-alvito?ldc\">Castello Cantelmo<\/a><\/strong><b>, <\/b><span style=\"font-weight: 400;\">che domina la vista sulla Valle circondato dall\u2019ameno piccolo borgo originario, nascondendo tra le sue mura storie di duchi e contenziosi. Scendendo e arrivando verso il nuovo centro storico pi\u00f9 a valle, si scorgono gli eleganti palazzi come <\/span><strong><a href=\"https:\/\/fondoambiente.it\/luoghi\/palazzo-monaco-alvito?ldc\">Palazzo Monaco<\/a><\/strong><b>, <\/b><span style=\"font-weight: 400;\">inserito nell&#8217;Albo dell&#8217;Associazione Dimore Storiche della Regione Lazio, e<\/span> <strong><a href=\"https:\/\/fondoambiente.it\/luoghi\/palazzo-mazzenga?ldc\">Palazzo Mazzenga<\/a><\/strong><span style=\"font-weight: 400;\">, le chiese e le antiche porte d\u2019accesso.\u00a0<\/span><\/p><p><span style=\"font-weight: 400;\">Di particolare pregio <\/span><strong><a href=\"https:\/\/www.palazzogallio.it\/index.php\">Palazzo Gallio<\/a><\/strong><span style=\"font-weight: 400;\">, sede del Comune di Alvito e custode di numerosi tesori: il <\/span><b>Teatro Comunale<\/b><span style=\"font-weight: 400;\">, l\u2019<\/span><b>Archivio Storico<\/b><span style=\"font-weight: 400;\">, memoria del borgo, la <\/span><b>Biblioteca <\/b><span style=\"font-weight: 400;\">e il <\/span><strong><a href=\"https:\/\/sifcultura.it\/museo-degli-strumenti-musicali-popolari-dal-mondo-di-alvito\/#:~:text=Allestito%20al%20piano%20primo%20di,e%20le%20usanze%20dei%20popoli\">Museo degli Strumenti Musicali Popolari dal Mondo.<\/a><\/strong><b>\u00a0<\/b><\/p><p><span style=\"font-weight: 400;\">Fuori le mura, al di sotto della vecchia piazza del mercato, ecco <\/span>l\u2019<strong><a href=\"https:\/\/fondoambiente.it\/luoghi\/ex-convento-di-s-nicola?ldc\">ex Convento di S. Nicola,<\/a><\/strong><b>\u00a0<\/b><span style=\"font-weight: 400;\">risalente al 1516 e oggi sede dell\u2019istituto tecnico statale per l&#8217;agraria, e <\/span><strong><a href=\"https:\/\/fondoambiente.it\/luoghi\/fontana-dei-monaci-alvito?ldc\">la Fontana dei Monaci<\/a><\/strong><b>,<\/b><span style=\"font-weight: 400;\"> l\u2019antica fontana<\/span> <span style=\"font-weight: 400;\">a cui generazioni di alvitani hanno attinto acqua: ancora sembra di vedere le lavandaie indaffarate, i bambini che corrono giocando tra gli schizzi e il vocio delle chiacchiere del tempo passato. <\/span><\/p>\t\t\t\t\t\t\t\t<\/div>\n\t\t\t\t<\/div>\n\t\t\t\t<div class=\"elementor-element elementor-element-52aa906 elementor-hidden-mobile elementor-widget elementor-widget-spacer\" data-id=\"52aa906\" data-element_type=\"widget\" data-widget_type=\"spacer.default\">\n\t\t\t\t<div class=\"elementor-widget-container\">\n\t\t\t\t\t\t\t<div class=\"elementor-spacer\">\n\t\t\t<div class=\"elementor-spacer-inner\"><\/div>\n\t\t<\/div>\n\t\t\t\t\t\t<\/div>\n\t\t\t\t<\/div>\n\t\t\t\t<div class=\"elementor-element elementor-element-cbc4616 elementor-widget elementor-widget-image\" data-id=\"cbc4616\" data-element_type=\"widget\" data-widget_type=\"image.default\">\n\t\t\t\t<div class=\"elementor-widget-container\">\n\t\t\t\t\t\t\t\t\t\t\t\t\t\t\t<img fetchpriority=\"high\" decoding=\"async\" width=\"800\" height=\"600\" src=\"https:\/\/www.dmociociariavalledicomino.it\/wp-content\/uploads\/2023\/03\/Vista-da-Alvito-@Alessandro-Savone.jpg\" class=\"attachment-large size-large wp-image-9231\" alt=\"\" srcset=\"https:\/\/www.dmociociariavalledicomino.it\/wp-content\/uploads\/2023\/03\/Vista-da-Alvito-@Alessandro-Savone.jpg 800w, https:\/\/www.dmociociariavalledicomino.it\/wp-content\/uploads\/2023\/03\/Vista-da-Alvito-@Alessandro-Savone-300x225.jpg 300w, https:\/\/www.dmociociariavalledicomino.it\/wp-content\/uploads\/2023\/03\/Vista-da-Alvito-@Alessandro-Savone-768x576.jpg 768w, https:\/\/www.dmociociariavalledicomino.it\/wp-content\/uploads\/2023\/03\/Vista-da-Alvito-@Alessandro-Savone-16x12.jpg 16w, https:\/\/www.dmociociariavalledicomino.it\/wp-content\/uploads\/2023\/03\/Vista-da-Alvito-@Alessandro-Savone-370x278.jpg 370w, https:\/\/www.dmociociariavalledicomino.it\/wp-content\/uploads\/2023\/03\/Vista-da-Alvito-@Alessandro-Savone-390x293.jpg 390w, https:\/\/www.dmociociariavalledicomino.it\/wp-content\/uploads\/2023\/03\/Vista-da-Alvito-@Alessandro-Savone-780x585.jpg 780w, https:\/\/www.dmociociariavalledicomino.it\/wp-content\/uploads\/2023\/03\/Vista-da-Alvito-@Alessandro-Savone-600x450.jpg 600w\" sizes=\"(max-width: 800px) 100vw, 800px\" \/>\t\t\t\t\t\t\t\t\t\t\t\t\t\t\t<\/div>\n\t\t\t\t<\/div>\n\t\t\t\t<div class=\"elementor-element elementor-element-2ecefe6 elementor-widget elementor-widget-spacer\" data-id=\"2ecefe6\" data-element_type=\"widget\" data-widget_type=\"spacer.default\">\n\t\t\t\t<div class=\"elementor-widget-container\">\n\t\t\t\t\t\t\t<div class=\"elementor-spacer\">\n\t\t\t<div class=\"elementor-spacer-inner\"><\/div>\n\t\t<\/div>\n\t\t\t\t\t\t<\/div>\n\t\t\t\t<\/div>\n\t\t\t\t<div class=\"elementor-element elementor-element-66120c9 elementor-align-center elementor-widget elementor-widget-button\" data-id=\"66120c9\" data-element_type=\"widget\" data-widget_type=\"button.default\">\n\t\t\t\t<div class=\"elementor-widget-container\">\n\t\t\t\t\t\t\t\t\t<div class=\"elementor-button-wrapper\">\n\t\t\t\t\t<a class=\"elementor-button elementor-size-md\" role=\"button\">\n\t\t\t\t\t\t<span class=\"elementor-button-content-wrapper\">\n\t\t\t\t\t\t\t\t\t<span class=\"elementor-button-text\">\u00a9 credit Alessandro Savone<\/span>\n\t\t\t\t\t<\/span>\n\t\t\t\t\t<\/a>\n\t\t\t\t<\/div>\n\t\t\t\t\t\t\t\t<\/div>\n\t\t\t\t<\/div>\n\t\t\t\t\t<\/div>\n\t\t<\/div>\n\t\t\t\t\t<\/div>\n\t\t<\/section>\n\t\t\t\t<section class=\"elementor-section elementor-top-section elementor-element elementor-element-96f6111 elementor-section-stretched elementor-section-boxed elementor-section-height-default elementor-section-height-default\" data-id=\"96f6111\" data-element_type=\"section\" data-settings=\"{&quot;stretch_section&quot;:&quot;section-stretched&quot;}\">\n\t\t\t\t\t\t<div class=\"elementor-container elementor-column-gap-extended\">\n\t\t\t\t\t<div class=\"elementor-column elementor-col-100 elementor-top-column elementor-element elementor-element-8215b45 sc_layouts_column_icons_position_left\" data-id=\"8215b45\" data-element_type=\"column\">\n\t\t\t<div class=\"elementor-widget-wrap elementor-element-populated\">\n\t\t\t\t\t\t<div class=\"elementor-element elementor-element-5e2d3e9 elementor-widget elementor-widget-spacer\" data-id=\"5e2d3e9\" data-element_type=\"widget\" data-widget_type=\"spacer.default\">\n\t\t\t\t<div class=\"elementor-widget-container\">\n\t\t\t\t\t\t\t<div class=\"elementor-spacer\">\n\t\t\t<div class=\"elementor-spacer-inner\"><\/div>\n\t\t<\/div>\n\t\t\t\t\t\t<\/div>\n\t\t\t\t<\/div>\n\t\t\t\t<div class=\"elementor-element elementor-element-a652c76 elementor-widget-divider--view-line_icon elementor-view-stacked elementor-widget-divider--element-align-center elementor-widget elementor-widget-divider\" data-id=\"a652c76\" data-element_type=\"widget\" data-widget_type=\"divider.default\">\n\t\t\t\t<div class=\"elementor-widget-container\">\n\t\t\t\t\t\t\t<div class=\"elementor-divider\">\n\t\t\t<span class=\"elementor-divider-separator\">\n\t\t\t\t\t\t\t<div class=\"elementor-icon elementor-divider__element\">\n\t\t\t\t\t<i aria-hidden=\"true\" class=\"fas fa-map-marked-alt\"><\/i><\/div>\n\t\t\t\t\t\t<\/span>\n\t\t<\/div>\n\t\t\t\t\t\t<\/div>\n\t\t\t\t<\/div>\n\t\t\t\t<div class=\"elementor-element elementor-element-d7acd7b elementor-widget elementor-widget-spacer\" data-id=\"d7acd7b\" data-element_type=\"widget\" data-widget_type=\"spacer.default\">\n\t\t\t\t<div class=\"elementor-widget-container\">\n\t\t\t\t\t\t\t<div class=\"elementor-spacer\">\n\t\t\t<div class=\"elementor-spacer-inner\"><\/div>\n\t\t<\/div>\n\t\t\t\t\t\t<\/div>\n\t\t\t\t<\/div>\n\t\t\t\t\t<\/div>\n\t\t<\/div>\n\t\t\t\t\t<\/div>\n\t\t<\/section>\n\t\t\t\t<section class=\"elementor-section elementor-top-section elementor-element elementor-element-f817684 elementor-section-stretched elementor-section-boxed elementor-section-height-default elementor-section-height-default\" data-id=\"f817684\" data-element_type=\"section\" data-settings=\"{&quot;stretch_section&quot;:&quot;section-stretched&quot;}\">\n\t\t\t\t\t\t<div class=\"elementor-container elementor-column-gap-extended\">\n\t\t\t\t\t<div class=\"elementor-column elementor-col-100 elementor-top-column elementor-element elementor-element-36269d6 sc_layouts_column_icons_position_left\" data-id=\"36269d6\" data-element_type=\"column\">\n\t\t\t<div class=\"elementor-widget-wrap elementor-element-populated\">\n\t\t\t\t\t\t<div class=\"elementor-element elementor-element-320439f elementor-widget elementor-widget-spacer\" data-id=\"320439f\" data-element_type=\"widget\" data-widget_type=\"spacer.default\">\n\t\t\t\t<div class=\"elementor-widget-container\">\n\t\t\t\t\t\t\t<div class=\"elementor-spacer\">\n\t\t\t<div class=\"elementor-spacer-inner\"><\/div>\n\t\t<\/div>\n\t\t\t\t\t\t<\/div>\n\t\t\t\t<\/div>\n\t\t\t\t<div class=\"elementor-element elementor-element-d41d8da elementor-hidden-mobile elementor-widget elementor-widget-heading\" data-id=\"d41d8da\" data-element_type=\"widget\" data-widget_type=\"heading.default\">\n\t\t\t\t<div class=\"elementor-widget-container\">\n\t\t\t\t\t<h3 class=\"elementor-heading-title elementor-size-default\">San Donato Val Di Comino<\/h3>\t\t\t\t<\/div>\n\t\t\t\t<\/div>\n\t\t\t\t<div class=\"elementor-element elementor-element-d944d1d elementor-hidden-desktop elementor-hidden-tablet elementor-widget elementor-widget-heading\" data-id=\"d944d1d\" data-element_type=\"widget\" data-widget_type=\"heading.default\">\n\t\t\t\t<div class=\"elementor-widget-container\">\n\t\t\t\t\t<h3 class=\"elementor-heading-title elementor-size-default\">San Donato Val Di Comino<\/h3>\t\t\t\t<\/div>\n\t\t\t\t<\/div>\n\t\t\t\t<div class=\"elementor-element elementor-element-c0206e4 elementor-widget elementor-widget-spacer\" data-id=\"c0206e4\" data-element_type=\"widget\" data-widget_type=\"spacer.default\">\n\t\t\t\t<div class=\"elementor-widget-container\">\n\t\t\t\t\t\t\t<div class=\"elementor-spacer\">\n\t\t\t<div class=\"elementor-spacer-inner\"><\/div>\n\t\t<\/div>\n\t\t\t\t\t\t<\/div>\n\t\t\t\t<\/div>\n\t\t\t\t<div class=\"elementor-element elementor-element-4d61d6b elementor-widget elementor-widget-text-editor\" data-id=\"4d61d6b\" data-element_type=\"widget\" data-widget_type=\"text-editor.default\">\n\t\t\t\t<div class=\"elementor-widget-container\">\n\t\t\t\t\t\t\t\t\t<p><span style=\"font-weight: 400;\">Seguendo il sinuoso profilo dei monti dell\u2019Appennino si pu\u00f2 scorgere uno dei borghi pi\u00f9 suggestivi della Valle di Comino, insignito della <\/span><strong><a href=\"https:\/\/www.bandierearancioni.it\/borgo\/san-donato-val-di-comino\">Bandiera Arancione del Touring Club Italiano<\/a><\/strong> <span style=\"font-weight: 400;\">e inserito nella <\/span><b>rete dei Borghi pi\u00f9 belli d\u2019Italia:<\/b><span style=\"font-weight: 400;\"> San Donato Valcomino, vicoli stretti e ripidi, circondato dalla bellezza naturale del Parco Nazionale d&#8217;Abruzzo, Lazio e Molise.\u00a0<\/span><\/p><p><span style=\"font-weight: 400;\">Nel punto pi\u00f9 alto del borgo si erge un altro dei Luoghi del cuore FAI, la <\/span><strong><a href=\"https:\/\/fondoambiente.it\/luoghi\/borgo-e-torre?ldc\">Torre Medievale<\/a><\/strong> <span style=\"font-weight: 400;\">alta 12 metri, situata su uno sperone roccioso con vista su buona parte della Valle di Comino e del territorio circostante. Da l\u00ec, scendendo nel dedalo di vicoli stretti e ripidi si arriva al centro storico, affascinante e ancora viva, dove visitare il <\/span><strong><a href=\"https:\/\/cultura.gov.it\/luogo\/museo-della-civilta-contadina-di-san-donato-val-di-comino\">Museo della civilt\u00e0 contadina<\/a><\/strong> <span style=\"font-weight: 400;\">per scoprire le antiche tradizioni di questo territorio a vocazione agricola e pastorizia e il <\/span><strong><a href=\"https:\/\/www.museo900shoah.it\/\">Museo del Novecento e della Shoah<\/a><\/strong><b>, <\/b><span style=\"font-weight: 400;\">che\u00a0 consente di conoscere meglio non solo i drammi della Seconda guerra mondiale culminati con le persecuzioni razziali, ma anche la crisi post bellica che vide centinaia di cittadini di nuovo in viaggio verso mondi lontani in cerca di fortuna.<\/span><\/p><p><span style=\"font-weight: 400;\">Uscendo dal borgo per immergersi nella natura del Parco, si pu\u00f2 raggiungere a poca distanza\u00a0 Forca d&#8217;Acero, porta d&#8217;accesso verso l\u2019Abruzzo e \u201czona di confine\u201d custode di grandi bellezze naturali e storiche. Il <\/span><strong><a href=\"https:\/\/fondoambiente.it\/luoghi\/vallone-di-forca-d-acero?ldc\">Vallone di Forca d\u2019Acero<\/a><\/strong> <span style=\"font-weight: 400;\">nasconde infatti, tra muri a secco, uliveti, boschi aie e nascondigli, leggende e tradizioni e, a circa 1000 mt di quota, le <\/span><strong><a href=\"https:\/\/www.bandierearancioni.it\/approfondimento\/le-reali-miniere-di-san-donato-val-di-comino\">reali miniere di San Donato Val di Comino<\/a><\/strong><span style=\"font-weight: 400;\">, testimonianza storica, industriale e geologica del periodo borbonico ancora oggi visitabili. <\/span><\/p>\t\t\t\t\t\t\t\t<\/div>\n\t\t\t\t<\/div>\n\t\t\t\t\t<\/div>\n\t\t<\/div>\n\t\t\t\t\t<\/div>\n\t\t<\/section>\n\t\t\t\t<section class=\"elementor-section elementor-top-section elementor-element elementor-element-3996f03 elementor-section-stretched elementor-section-boxed elementor-section-height-default elementor-section-height-default\" data-id=\"3996f03\" data-element_type=\"section\" data-settings=\"{&quot;stretch_section&quot;:&quot;section-stretched&quot;}\">\n\t\t\t\t\t\t<div class=\"elementor-container elementor-column-gap-extended\">\n\t\t\t\t\t<div class=\"elementor-column elementor-col-100 elementor-top-column elementor-element elementor-element-4a24872 sc_layouts_column_icons_position_left\" data-id=\"4a24872\" data-element_type=\"column\">\n\t\t\t<div class=\"elementor-widget-wrap elementor-element-populated\">\n\t\t\t\t\t\t<div class=\"elementor-element elementor-element-e3400f2 elementor-widget elementor-widget-spacer\" data-id=\"e3400f2\" data-element_type=\"widget\" data-widget_type=\"spacer.default\">\n\t\t\t\t<div class=\"elementor-widget-container\">\n\t\t\t\t\t\t\t<div class=\"elementor-spacer\">\n\t\t\t<div class=\"elementor-spacer-inner\"><\/div>\n\t\t<\/div>\n\t\t\t\t\t\t<\/div>\n\t\t\t\t<\/div>\n\t\t\t\t<div class=\"elementor-element elementor-element-f03ebab elementor-widget-divider--view-line_icon elementor-view-stacked elementor-widget-divider--element-align-center elementor-widget elementor-widget-divider\" data-id=\"f03ebab\" data-element_type=\"widget\" data-widget_type=\"divider.default\">\n\t\t\t\t<div class=\"elementor-widget-container\">\n\t\t\t\t\t\t\t<div class=\"elementor-divider\">\n\t\t\t<span class=\"elementor-divider-separator\">\n\t\t\t\t\t\t\t<div class=\"elementor-icon elementor-divider__element\">\n\t\t\t\t\t<i aria-hidden=\"true\" class=\"fas fa-map-marked-alt\"><\/i><\/div>\n\t\t\t\t\t\t<\/span>\n\t\t<\/div>\n\t\t\t\t\t\t<\/div>\n\t\t\t\t<\/div>\n\t\t\t\t<div class=\"elementor-element elementor-element-51ca488 elementor-hidden-tablet elementor-widget elementor-widget-spacer\" data-id=\"51ca488\" data-element_type=\"widget\" data-widget_type=\"spacer.default\">\n\t\t\t\t<div class=\"elementor-widget-container\">\n\t\t\t\t\t\t\t<div class=\"elementor-spacer\">\n\t\t\t<div class=\"elementor-spacer-inner\"><\/div>\n\t\t<\/div>\n\t\t\t\t\t\t<\/div>\n\t\t\t\t<\/div>\n\t\t\t\t\t<\/div>\n\t\t<\/div>\n\t\t\t\t\t<\/div>\n\t\t<\/section>\n\t\t\t\t<section class=\"elementor-section elementor-top-section elementor-element elementor-element-bcb0638 elementor-section-stretched elementor-section-boxed elementor-section-height-default elementor-section-height-default\" data-id=\"bcb0638\" data-element_type=\"section\" data-settings=\"{&quot;stretch_section&quot;:&quot;section-stretched&quot;}\">\n\t\t\t\t\t\t<div class=\"elementor-container elementor-column-gap-extended\">\n\t\t\t\t\t<div class=\"elementor-column elementor-col-100 elementor-top-column elementor-element elementor-element-bfc8825 sc_layouts_column_icons_position_left\" data-id=\"bfc8825\" data-element_type=\"column\">\n\t\t\t<div class=\"elementor-widget-wrap elementor-element-populated\">\n\t\t\t\t\t\t<div class=\"elementor-element elementor-element-d1c55fa elementor-widget elementor-widget-spacer\" data-id=\"d1c55fa\" data-element_type=\"widget\" data-widget_type=\"spacer.default\">\n\t\t\t\t<div class=\"elementor-widget-container\">\n\t\t\t\t\t\t\t<div class=\"elementor-spacer\">\n\t\t\t<div class=\"elementor-spacer-inner\"><\/div>\n\t\t<\/div>\n\t\t\t\t\t\t<\/div>\n\t\t\t\t<\/div>\n\t\t\t\t<div class=\"elementor-element elementor-element-7c0a6a2 elementor-hidden-mobile elementor-widget elementor-widget-heading\" data-id=\"7c0a6a2\" data-element_type=\"widget\" data-widget_type=\"heading.default\">\n\t\t\t\t<div class=\"elementor-widget-container\">\n\t\t\t\t\t<h3 class=\"elementor-heading-title elementor-size-default\">Settefrati<\/h3>\t\t\t\t<\/div>\n\t\t\t\t<\/div>\n\t\t\t\t<div class=\"elementor-element elementor-element-59b4525 elementor-hidden-desktop elementor-hidden-tablet elementor-widget elementor-widget-heading\" data-id=\"59b4525\" data-element_type=\"widget\" data-widget_type=\"heading.default\">\n\t\t\t\t<div class=\"elementor-widget-container\">\n\t\t\t\t\t<h3 class=\"elementor-heading-title elementor-size-default\">Settefrati<\/h3>\t\t\t\t<\/div>\n\t\t\t\t<\/div>\n\t\t\t\t<div class=\"elementor-element elementor-element-094a4f4 elementor-widget elementor-widget-spacer\" data-id=\"094a4f4\" data-element_type=\"widget\" data-widget_type=\"spacer.default\">\n\t\t\t\t<div class=\"elementor-widget-container\">\n\t\t\t\t\t\t\t<div class=\"elementor-spacer\">\n\t\t\t<div class=\"elementor-spacer-inner\"><\/div>\n\t\t<\/div>\n\t\t\t\t\t\t<\/div>\n\t\t\t\t<\/div>\n\t\t\t\t<div class=\"elementor-element elementor-element-e2acc92 elementor-widget elementor-widget-text-editor\" data-id=\"e2acc92\" data-element_type=\"widget\" data-widget_type=\"text-editor.default\">\n\t\t\t\t<div class=\"elementor-widget-container\">\n\t\t\t\t\t\t\t\t\t<p><span style=\"font-weight: 400;\">Nel territorio di Settefrati, altro piccola gemma della Valle di Comino, nascosta tra le montagne c\u2019\u00e8 la splendida <\/span><strong><a href=\"https:\/\/fondoambiente.it\/luoghi\/valle-di-canneto?ldc\">Valle di Canneto<\/a><\/strong><span style=\"font-weight: 400;\">, luogo di interesse naturale, storico e religioso,\u00a0 presso le sorgenti del Melfa. <\/span><\/p><p><span style=\"font-weight: 400;\">Nella Valle infatti, in<\/span> <strong><a href=\"https:\/\/fondoambiente.it\/luoghi\/capodacqua-in-val-canneto?ldc\">localit\u00e0 Capodacqua<\/a><\/strong><span style=\"font-weight: 400;\">\u00a0una leggenda narra che apparve la <\/span><b>Madonna di Canneto<\/b><span style=\"font-weight: 400;\"> a una pastorella di nome Silvana, chiedendo di far costruire in quel luogo una chiesa da dedicare alla Madonna, quello che oggi \u00e8 conosciuto come il <\/span><strong><a href=\"https:\/\/www.madonnadicanneto.it\/sito\/\">Santuario di Maria Santissima di Canneto<\/a><\/strong><span style=\"font-weight: 400;\">, elevato a Basilica pontificia minore <\/span><span style=\"font-weight: 400;\">e meta di pellegrinaggi da tutto il mondo.\u00a0\u00a0<\/span><\/p><p><span style=\"font-weight: 400;\">altra perla del turismo religioso della Valle di comino \u00e8 la <\/span><strong><a href=\"https:\/\/fondoambiente.it\/luoghi\/chiesa-madonna-delle-grazie-settefrati?ldc\">Chiesa della Madonna delle Grazie<\/a><\/strong><span style=\"font-weight: 400;\">, un vero e proprio monumento d\u2019arte e un esempio di bellezza architettonica, scandita in 3 navate, unica in tutta la Valle di Comino, famosa per la raffigurazione nell&#8217;atrio della Visione di Frate Alberico, che avrebbe dato a Dante l&#8217;ispirazione per la &#8220;Divina Commedia&#8221;.<\/span><\/p>\t\t\t\t\t\t\t\t<\/div>\n\t\t\t\t<\/div>\n\t\t\t\t\t<\/div>\n\t\t<\/div>\n\t\t\t\t\t<\/div>\n\t\t<\/section>\n\t\t\t\t<section class=\"elementor-section elementor-top-section elementor-element elementor-element-4daa714 elementor-section-stretched elementor-section-boxed elementor-section-height-default elementor-section-height-default\" data-id=\"4daa714\" data-element_type=\"section\" data-settings=\"{&quot;stretch_section&quot;:&quot;section-stretched&quot;}\">\n\t\t\t\t\t\t<div class=\"elementor-container elementor-column-gap-extended\">\n\t\t\t\t\t<div class=\"elementor-column elementor-col-100 elementor-top-column elementor-element elementor-element-a3d7d86 sc_layouts_column_icons_position_left\" data-id=\"a3d7d86\" data-element_type=\"column\">\n\t\t\t<div class=\"elementor-widget-wrap elementor-element-populated\">\n\t\t\t\t\t\t<div class=\"elementor-element elementor-element-7fd8072 elementor-widget elementor-widget-spacer\" data-id=\"7fd8072\" data-element_type=\"widget\" data-widget_type=\"spacer.default\">\n\t\t\t\t<div class=\"elementor-widget-container\">\n\t\t\t\t\t\t\t<div class=\"elementor-spacer\">\n\t\t\t<div class=\"elementor-spacer-inner\"><\/div>\n\t\t<\/div>\n\t\t\t\t\t\t<\/div>\n\t\t\t\t<\/div>\n\t\t\t\t<div class=\"elementor-element elementor-element-95c3e89 elementor-widget-divider--view-line_icon elementor-view-stacked elementor-widget-divider--element-align-center elementor-widget elementor-widget-divider\" data-id=\"95c3e89\" data-element_type=\"widget\" data-widget_type=\"divider.default\">\n\t\t\t\t<div class=\"elementor-widget-container\">\n\t\t\t\t\t\t\t<div class=\"elementor-divider\">\n\t\t\t<span class=\"elementor-divider-separator\">\n\t\t\t\t\t\t\t<div class=\"elementor-icon elementor-divider__element\">\n\t\t\t\t\t<i aria-hidden=\"true\" class=\"fas fa-map-marked-alt\"><\/i><\/div>\n\t\t\t\t\t\t<\/span>\n\t\t<\/div>\n\t\t\t\t\t\t<\/div>\n\t\t\t\t<\/div>\n\t\t\t\t<div class=\"elementor-element elementor-element-49e8814 elementor-widget elementor-widget-spacer\" data-id=\"49e8814\" data-element_type=\"widget\" data-widget_type=\"spacer.default\">\n\t\t\t\t<div class=\"elementor-widget-container\">\n\t\t\t\t\t\t\t<div class=\"elementor-spacer\">\n\t\t\t<div class=\"elementor-spacer-inner\"><\/div>\n\t\t<\/div>\n\t\t\t\t\t\t<\/div>\n\t\t\t\t<\/div>\n\t\t\t\t\t<\/div>\n\t\t<\/div>\n\t\t\t\t\t<\/div>\n\t\t<\/section>\n\t\t\t\t<section class=\"elementor-section elementor-top-section elementor-element elementor-element-7a36f6d elementor-section-stretched elementor-hidden-tablet elementor-section-boxed elementor-section-height-default elementor-section-height-default\" data-id=\"7a36f6d\" data-element_type=\"section\" data-settings=\"{&quot;stretch_section&quot;:&quot;section-stretched&quot;}\">\n\t\t\t\t\t\t<div class=\"elementor-container elementor-column-gap-extended\">\n\t\t\t\t\t<div class=\"elementor-column elementor-col-50 elementor-top-column elementor-element elementor-element-163e126 sc_layouts_column_icons_position_left\" data-id=\"163e126\" data-element_type=\"column\">\n\t\t\t<div class=\"elementor-widget-wrap elementor-element-populated\">\n\t\t\t\t\t\t<div class=\"elementor-element elementor-element-596983e elementor-hidden-mobile elementor-widget elementor-widget-heading\" data-id=\"596983e\" data-element_type=\"widget\" data-widget_type=\"heading.default\">\n\t\t\t\t<div class=\"elementor-widget-container\">\n\t\t\t\t\t<h3 class=\"elementor-heading-title elementor-size-default\">Atina<\/h3>\t\t\t\t<\/div>\n\t\t\t\t<\/div>\n\t\t\t\t<div class=\"elementor-element elementor-element-f811f5b elementor-hidden-desktop elementor-hidden-tablet elementor-widget elementor-widget-heading\" data-id=\"f811f5b\" data-element_type=\"widget\" data-widget_type=\"heading.default\">\n\t\t\t\t<div class=\"elementor-widget-container\">\n\t\t\t\t\t<h3 class=\"elementor-heading-title elementor-size-default\">Atina<\/h3>\t\t\t\t<\/div>\n\t\t\t\t<\/div>\n\t\t\t\t<div class=\"elementor-element elementor-element-92e62de elementor-widget elementor-widget-spacer\" data-id=\"92e62de\" data-element_type=\"widget\" data-widget_type=\"spacer.default\">\n\t\t\t\t<div class=\"elementor-widget-container\">\n\t\t\t\t\t\t\t<div class=\"elementor-spacer\">\n\t\t\t<div class=\"elementor-spacer-inner\"><\/div>\n\t\t<\/div>\n\t\t\t\t\t\t<\/div>\n\t\t\t\t<\/div>\n\t\t\t\t<div class=\"elementor-element elementor-element-c70fd6d elementor-widget elementor-widget-text-editor\" data-id=\"c70fd6d\" data-element_type=\"widget\" data-widget_type=\"text-editor.default\">\n\t\t\t\t<div class=\"elementor-widget-container\">\n\t\t\t\t\t\t\t\t\t<p><span style=\"font-weight: 400;\">Citt\u00e0 di Saturno, riconosciuto come uno dei <strong><a href=\"https:\/\/borghipiubelliditalia.it\/borgo\/atina\/\">Borghi pi\u00f9 belli d\u2019Italia<\/a><\/strong><\/span><span style=\"font-weight: 400;\">, Atina \u00e8 una delle porte di accesso alla Valle di Comino e scrigno di bellezze storiche, artistiche e paesaggistiche.\u00a0<\/span><\/p><p><span style=\"font-weight: 400;\">Tra i Luoghi del Cuore del FAI troviamo la meravigliosa <\/span><strong><a href=\"https:\/\/fondoambiente.it\/luoghi\/cattedrale-di-atina?ldc\">Cattedrale dedicata a S. Maria Assunta<\/a><\/strong><span style=\"font-weight: 400;\">, la cui cupola domina il centro storico: risalente al 1208 ma rimaneggiata in diversi stili, vanta al suo interno un organo Catarinozzi e un coro in legno intagliato risalente all&#8217;Ottocento<\/span><b>.\u00a0<\/b><\/p><p><span style=\"font-weight: 400;\">Nel centro storico si trova anche il <\/span><strong><a href=\"https:\/\/www.retedimorestorichelazio.it\/dimora\/fr\/atina\/palazzo-ducale-cantelmo\/\">Palazzo Ducale Cantelmo<\/a><\/strong><span style=\"font-weight: 400;\">, altro edificio storico inserito nella Rete di Dimore Storiche del Lazio e costruito dove sorgeva la rocca dei Conti d\u2019Aquino.\u00a0<\/span><\/p><p><span style=\"font-weight: 400;\">Sede oggi del Comune di Atina e usato per mostre, conferenze e manifestazioni, custodisce al suo interno un imponente mosaico romano a tessere bianche e nere, rappresentante un guerriero in quattro posizioni di assalto.\u00a0<\/span><\/p><p><span style=\"font-weight: 400;\">Il <\/span><strong><a href=\"https:\/\/museoatina.com\/museo\/\">Museo Archeologico di Atina<\/a><\/strong><span style=\"font-weight: 400;\">\u00a0raccoglie invece reperti\u00a0 riferibili ad un arco cronologico compreso fra l\u2019VIII sec. a.C. e il tardo medioevo, provenienti dal territorio atinate e da altri comuni della valle, in particolare dalle necropoli di Ominimorti a San Biagio Saracinisco e dal santuario italico di Casale Pescarolo a Casalvieri.<\/span><\/p><p><span style=\"font-weight: 400;\">Fuori dal borgo, un altro museo merita una visita, testimonianza del genio e della creativit\u00e0 dei cominensi all\u2019estero: il <\/span><strong><a href=\"https:\/\/www.museoacademievitti.it\/\">Museo Acad\u00e9mie Vitti<\/a><\/strong> <span style=\"font-weight: 400;\">che conserva e tramanda l\u2019eredit\u00e0 storico-culturale e i materiali dell\u2019omonimo atelier d\u2019arte tra i pi\u00f9 vivaci di Parigi e la storia vera e dimenticata di una donna italiana che dalla Ciociaria emigra a Parigi alla fine dell\u2019Ottocento, tentando l\u2019impresa di fondare un\u2019accademia di pittura per sole donne.<\/span><\/p>\t\t\t\t\t\t\t\t<\/div>\n\t\t\t\t<\/div>\n\t\t\t\t\t<\/div>\n\t\t<\/div>\n\t\t\t\t<div class=\"elementor-column elementor-col-50 elementor-top-column elementor-element elementor-element-951e258 sc_layouts_column_icons_position_left\" data-id=\"951e258\" data-element_type=\"column\" data-settings=\"{&quot;background_background&quot;:&quot;classic&quot;}\">\n\t\t\t<div class=\"elementor-widget-wrap elementor-element-populated\">\n\t\t\t\t\t\t<div class=\"elementor-element elementor-element-49263fc elementor-widget elementor-widget-image\" data-id=\"49263fc\" data-element_type=\"widget\" data-widget_type=\"image.default\">\n\t\t\t\t<div class=\"elementor-widget-container\">\n\t\t\t\t\t\t\t\t\t\t\t\t\t\t\t<img decoding=\"async\" width=\"600\" height=\"900\" src=\"https:\/\/www.dmociociariavalledicomino.it\/wp-content\/uploads\/2023\/03\/76-arco-acuto-del-palazzo-Ducale-Atina-Alessandro-Savone_c.jpg\" class=\"attachment-large size-large wp-image-9227\" alt=\"Arco acuto del palazzo Ducale-Atina - Alessandro Savone_c\" srcset=\"https:\/\/www.dmociociariavalledicomino.it\/wp-content\/uploads\/2023\/03\/76-arco-acuto-del-palazzo-Ducale-Atina-Alessandro-Savone_c.jpg 600w, https:\/\/www.dmociociariavalledicomino.it\/wp-content\/uploads\/2023\/03\/76-arco-acuto-del-palazzo-Ducale-Atina-Alessandro-Savone_c-200x300.jpg 200w, https:\/\/www.dmociociariavalledicomino.it\/wp-content\/uploads\/2023\/03\/76-arco-acuto-del-palazzo-Ducale-Atina-Alessandro-Savone_c-8x12.jpg 8w, https:\/\/www.dmociociariavalledicomino.it\/wp-content\/uploads\/2023\/03\/76-arco-acuto-del-palazzo-Ducale-Atina-Alessandro-Savone_c-370x555.jpg 370w, https:\/\/www.dmociociariavalledicomino.it\/wp-content\/uploads\/2023\/03\/76-arco-acuto-del-palazzo-Ducale-Atina-Alessandro-Savone_c-390x585.jpg 390w\" sizes=\"(max-width: 600px) 100vw, 600px\" \/>\t\t\t\t\t\t\t\t\t\t\t\t\t\t\t<\/div>\n\t\t\t\t<\/div>\n\t\t\t\t<div class=\"elementor-element elementor-element-bce2d34 elementor-widget elementor-widget-spacer\" data-id=\"bce2d34\" data-element_type=\"widget\" data-widget_type=\"spacer.default\">\n\t\t\t\t<div class=\"elementor-widget-container\">\n\t\t\t\t\t\t\t<div class=\"elementor-spacer\">\n\t\t\t<div class=\"elementor-spacer-inner\"><\/div>\n\t\t<\/div>\n\t\t\t\t\t\t<\/div>\n\t\t\t\t<\/div>\n\t\t\t\t<div class=\"elementor-element elementor-element-5da40bb elementor-align-center elementor-widget elementor-widget-button\" data-id=\"5da40bb\" data-element_type=\"widget\" data-widget_type=\"button.default\">\n\t\t\t\t<div class=\"elementor-widget-container\">\n\t\t\t\t\t\t\t\t\t<div class=\"elementor-button-wrapper\">\n\t\t\t\t\t<a class=\"elementor-button elementor-size-md\" role=\"button\">\n\t\t\t\t\t\t<span class=\"elementor-button-content-wrapper\">\n\t\t\t\t\t\t\t\t\t<span class=\"elementor-button-text\">\u00a9 credit Alessandro Savone<\/span>\n\t\t\t\t\t<\/span>\n\t\t\t\t\t<\/a>\n\t\t\t\t<\/div>\n\t\t\t\t\t\t\t\t<\/div>\n\t\t\t\t<\/div>\n\t\t\t\t\t<\/div>\n\t\t<\/div>\n\t\t\t\t\t<\/div>\n\t\t<\/section>\n\t\t\t\t<section class=\"elementor-section elementor-top-section elementor-element elementor-element-d61999c elementor-section-stretched elementor-hidden-desktop elementor-hidden-mobile elementor-section-boxed elementor-section-height-default elementor-section-height-default\" data-id=\"d61999c\" data-element_type=\"section\" data-settings=\"{&quot;stretch_section&quot;:&quot;section-stretched&quot;}\">\n\t\t\t\t\t\t<div class=\"elementor-container elementor-column-gap-extended\">\n\t\t\t\t\t<div class=\"elementor-column elementor-col-100 elementor-top-column elementor-element elementor-element-65eec7f sc_layouts_column_icons_position_left\" data-id=\"65eec7f\" data-element_type=\"column\">\n\t\t\t<div class=\"elementor-widget-wrap elementor-element-populated\">\n\t\t\t\t\t\t<div class=\"elementor-element elementor-element-7a5eb19 elementor-hidden-mobile elementor-widget elementor-widget-heading\" data-id=\"7a5eb19\" data-element_type=\"widget\" data-widget_type=\"heading.default\">\n\t\t\t\t<div class=\"elementor-widget-container\">\n\t\t\t\t\t<h3 class=\"elementor-heading-title elementor-size-default\">Atina<\/h3>\t\t\t\t<\/div>\n\t\t\t\t<\/div>\n\t\t\t\t<div class=\"elementor-element elementor-element-b637eb5 elementor-hidden-desktop elementor-hidden-tablet elementor-widget elementor-widget-heading\" data-id=\"b637eb5\" data-element_type=\"widget\" data-widget_type=\"heading.default\">\n\t\t\t\t<div class=\"elementor-widget-container\">\n\t\t\t\t\t<h3 class=\"elementor-heading-title elementor-size-default\">Atina<\/h3>\t\t\t\t<\/div>\n\t\t\t\t<\/div>\n\t\t\t\t<div class=\"elementor-element elementor-element-65f4535 elementor-widget elementor-widget-spacer\" data-id=\"65f4535\" data-element_type=\"widget\" data-widget_type=\"spacer.default\">\n\t\t\t\t<div class=\"elementor-widget-container\">\n\t\t\t\t\t\t\t<div class=\"elementor-spacer\">\n\t\t\t<div class=\"elementor-spacer-inner\"><\/div>\n\t\t<\/div>\n\t\t\t\t\t\t<\/div>\n\t\t\t\t<\/div>\n\t\t\t\t<div class=\"elementor-element elementor-element-b5a358c elementor-widget elementor-widget-text-editor\" data-id=\"b5a358c\" data-element_type=\"widget\" data-widget_type=\"text-editor.default\">\n\t\t\t\t<div class=\"elementor-widget-container\">\n\t\t\t\t\t\t\t\t\t<p><span style=\"font-weight: 400;\">Citt\u00e0 di Saturno, riconosciuto come uno dei <strong><a href=\"https:\/\/borghipiubelliditalia.it\/borgo\/atina\/\">Borghi pi\u00f9 belli d\u2019Italia<\/a><\/strong><\/span><span style=\"font-weight: 400;\">, Atina \u00e8 una delle porte di accesso alla Valle di Comino e scrigno di bellezze storiche, artistiche e paesaggistiche.\u00a0<\/span><\/p><p><span style=\"font-weight: 400;\">Tra i Luoghi del Cuore del FAI troviamo la meravigliosa <\/span><strong><a href=\"https:\/\/fondoambiente.it\/luoghi\/cattedrale-di-atina?ldc\">Cattedrale dedicata a S. Maria Assunta<\/a><\/strong><span style=\"font-weight: 400;\">, la cui cupola domina il centro storico: risalente al 1208 ma rimaneggiata in diversi stili, vanta al suo interno un organo Catarinozzi e un coro in legno intagliato risalente all&#8217;Ottocento<\/span><b>.\u00a0<\/b><\/p><p><span style=\"font-weight: 400;\">Nel centro storico si trova anche il <\/span><strong><a href=\"https:\/\/www.retedimorestorichelazio.it\/dimora\/fr\/atina\/palazzo-ducale-cantelmo\/\">Palazzo Ducale Cantelmo<\/a><\/strong><span style=\"font-weight: 400;\">, altro edificio storico inserito nella Rete di Dimore Storiche del Lazio e costruito dove sorgeva la rocca dei Conti d\u2019Aquino.\u00a0<\/span><\/p><p><span style=\"font-weight: 400;\">Sede oggi del Comune di Atina e usato per mostre, conferenze e manifestazioni, custodisce al suo interno un imponente mosaico romano a tessere bianche e nere, rappresentante un guerriero in quattro posizioni di assalto.\u00a0<\/span><\/p><p><span style=\"font-weight: 400;\">Il <\/span><strong><a href=\"https:\/\/museoatina.com\/museo\/\">Museo Archeologico di Atina<\/a><\/strong><span style=\"font-weight: 400;\">\u00a0raccoglie invece reperti\u00a0 riferibili ad un arco cronologico compreso fra l\u2019VIII sec. a.C. e il tardo medioevo, provenienti dal territorio atinate e da altri comuni della valle, in particolare dalle necropoli di Ominimorti a San Biagio Saracinisco e dal santuario italico di Casale Pescarolo a Casalvieri.<\/span><\/p><p><span style=\"font-weight: 400;\">Fuori dal borgo, un altro museo merita una visita, testimonianza del genio e della creativit\u00e0 dei cominensi all\u2019estero: il <\/span><strong><a href=\"https:\/\/www.museoacademievitti.it\/\">Museo Acad\u00e9mie Vitti<\/a><\/strong> <span style=\"font-weight: 400;\">che conserva e tramanda l\u2019eredit\u00e0 storico-culturale e i materiali dell\u2019omonimo atelier d\u2019arte tra i pi\u00f9 vivaci di Parigi e la storia vera e dimenticata di una donna italiana che dalla Ciociaria emigra a Parigi alla fine dell\u2019Ottocento, tentando l\u2019impresa di fondare un\u2019accademia di pittura per sole donne.<\/span><\/p>\t\t\t\t\t\t\t\t<\/div>\n\t\t\t\t<\/div>\n\t\t\t\t<div class=\"elementor-element elementor-element-819da17 elementor-widget elementor-widget-spacer\" data-id=\"819da17\" data-element_type=\"widget\" data-widget_type=\"spacer.default\">\n\t\t\t\t<div class=\"elementor-widget-container\">\n\t\t\t\t\t\t\t<div class=\"elementor-spacer\">\n\t\t\t<div class=\"elementor-spacer-inner\"><\/div>\n\t\t<\/div>\n\t\t\t\t\t\t<\/div>\n\t\t\t\t<\/div>\n\t\t\t\t<div class=\"elementor-element elementor-element-d03cfb1 elementor-widget elementor-widget-image\" data-id=\"d03cfb1\" data-element_type=\"widget\" data-widget_type=\"image.default\">\n\t\t\t\t<div class=\"elementor-widget-container\">\n\t\t\t\t\t\t\t\t\t\t\t\t\t\t\t<img decoding=\"async\" width=\"600\" height=\"900\" src=\"https:\/\/www.dmociociariavalledicomino.it\/wp-content\/uploads\/2023\/03\/76-arco-acuto-del-palazzo-Ducale-Atina-Alessandro-Savone_c.jpg\" class=\"attachment-large size-large wp-image-9227\" alt=\"Arco acuto del palazzo Ducale-Atina - Alessandro Savone_c\" srcset=\"https:\/\/www.dmociociariavalledicomino.it\/wp-content\/uploads\/2023\/03\/76-arco-acuto-del-palazzo-Ducale-Atina-Alessandro-Savone_c.jpg 600w, https:\/\/www.dmociociariavalledicomino.it\/wp-content\/uploads\/2023\/03\/76-arco-acuto-del-palazzo-Ducale-Atina-Alessandro-Savone_c-200x300.jpg 200w, https:\/\/www.dmociociariavalledicomino.it\/wp-content\/uploads\/2023\/03\/76-arco-acuto-del-palazzo-Ducale-Atina-Alessandro-Savone_c-8x12.jpg 8w, https:\/\/www.dmociociariavalledicomino.it\/wp-content\/uploads\/2023\/03\/76-arco-acuto-del-palazzo-Ducale-Atina-Alessandro-Savone_c-370x555.jpg 370w, https:\/\/www.dmociociariavalledicomino.it\/wp-content\/uploads\/2023\/03\/76-arco-acuto-del-palazzo-Ducale-Atina-Alessandro-Savone_c-390x585.jpg 390w\" sizes=\"(max-width: 600px) 100vw, 600px\" \/>\t\t\t\t\t\t\t\t\t\t\t\t\t\t\t<\/div>\n\t\t\t\t<\/div>\n\t\t\t\t<div class=\"elementor-element elementor-element-d1f0cd3 elementor-widget elementor-widget-spacer\" data-id=\"d1f0cd3\" data-element_type=\"widget\" data-widget_type=\"spacer.default\">\n\t\t\t\t<div class=\"elementor-widget-container\">\n\t\t\t\t\t\t\t<div class=\"elementor-spacer\">\n\t\t\t<div class=\"elementor-spacer-inner\"><\/div>\n\t\t<\/div>\n\t\t\t\t\t\t<\/div>\n\t\t\t\t<\/div>\n\t\t\t\t<div class=\"elementor-element elementor-element-8f8a0ee elementor-align-center elementor-widget elementor-widget-button\" data-id=\"8f8a0ee\" data-element_type=\"widget\" data-widget_type=\"button.default\">\n\t\t\t\t<div class=\"elementor-widget-container\">\n\t\t\t\t\t\t\t\t\t<div class=\"elementor-button-wrapper\">\n\t\t\t\t\t<a class=\"elementor-button elementor-size-md\" role=\"button\">\n\t\t\t\t\t\t<span class=\"elementor-button-content-wrapper\">\n\t\t\t\t\t\t\t\t\t<span class=\"elementor-button-text\">\u00a9 credit Alessandro Savone<\/span>\n\t\t\t\t\t<\/span>\n\t\t\t\t\t<\/a>\n\t\t\t\t<\/div>\n\t\t\t\t\t\t\t\t<\/div>\n\t\t\t\t<\/div>\n\t\t\t\t\t<\/div>\n\t\t<\/div>\n\t\t\t\t\t<\/div>\n\t\t<\/section>\n\t\t\t\t<section class=\"elementor-section elementor-top-section elementor-element elementor-element-e383327 elementor-section-stretched elementor-section-boxed elementor-section-height-default elementor-section-height-default\" data-id=\"e383327\" data-element_type=\"section\" data-settings=\"{&quot;stretch_section&quot;:&quot;section-stretched&quot;}\">\n\t\t\t\t\t\t<div class=\"elementor-container elementor-column-gap-extended\">\n\t\t\t\t\t<div class=\"elementor-column elementor-col-100 elementor-top-column elementor-element elementor-element-917fbf4 sc_layouts_column_icons_position_left\" data-id=\"917fbf4\" data-element_type=\"column\">\n\t\t\t<div class=\"elementor-widget-wrap elementor-element-populated\">\n\t\t\t\t\t\t<div class=\"elementor-element elementor-element-2c4ed7b elementor-widget elementor-widget-spacer\" data-id=\"2c4ed7b\" data-element_type=\"widget\" data-widget_type=\"spacer.default\">\n\t\t\t\t<div class=\"elementor-widget-container\">\n\t\t\t\t\t\t\t<div class=\"elementor-spacer\">\n\t\t\t<div class=\"elementor-spacer-inner\"><\/div>\n\t\t<\/div>\n\t\t\t\t\t\t<\/div>\n\t\t\t\t<\/div>\n\t\t\t\t\t<\/div>\n\t\t<\/div>\n\t\t\t\t\t<\/div>\n\t\t<\/section>\n\t\t\t\t<\/div>","protected":false},"excerpt":{"rendered":"<p>Musei e percorsi culturali della Valle\/FAI Musei e percorsi culturali della Valle\/FAI Il patrimonio artistico-culturale della Valle di Comino: un percorso alla scoperta dei luoghi del cuore FAI e dei musei in Valle Il patrimonio artistico-culturale della Valle di Comino: un percorso alla scoperta dei luoghi del cuore FAI e dei musei in Valle La primavera in Valle di Comino&hellip;<\/p>","protected":false},"author":1,"featured_media":9267,"comment_status":"closed","ping_status":"closed","sticky":false,"template":"","format":"standard","meta":{"footnotes":""},"categories":[75,89],"tags":[202,203,200,201,76],"class_list":["post-9181","post","type-post","status-publish","format-standard","has-post-thumbnail","hentry","category-blog","category-eventi","tag-fai","tag-luoghi-del-cuore","tag-musei","tag-percorsi-culturali","tag-valle-di-comino"],"acf":[],"yoast_head":"<!-- This site is optimized with the Yoast SEO plugin v24.6 - https:\/\/yoast.com\/wordpress\/plugins\/seo\/ -->\n<title>I Luoghi del Cuore FAI e i musei in Valle di Comino | DMO Ciociaria-VALLE DI COMINO<\/title>\n<meta name=\"description\" content=\"Un percorso alla scoperta dei Luoghi del Cuore FAI e dei musei in Valle di Comino: meraviglie tra arte, storie e natura.\" \/>\n<meta name=\"robots\" content=\"index, follow, max-snippet:-1, max-image-preview:large, max-video-preview:-1\" \/>\n<link rel=\"canonical\" href=\"https:\/\/www.dmociociariavalledicomino.it\/en\/i-luoghi-del-cuore-fai-e-i-musei-in-valle-di-comino-dmo-ciociaria-valle-di-comino\/\" \/>\n<meta property=\"og:locale\" content=\"en_GB\" \/>\n<meta property=\"og:type\" content=\"article\" \/>\n<meta property=\"og:title\" content=\"I Luoghi del Cuore FAI e i musei in Valle di Comino | DMO Ciociaria-VALLE DI COMINO\" \/>\n<meta property=\"og:description\" content=\"Un percorso alla scoperta dei Luoghi del Cuore FAI e dei musei in Valle di Comino: meraviglie tra arte, storie e natura.\" \/>\n<meta property=\"og:url\" content=\"https:\/\/www.dmociociariavalledicomino.it\/en\/i-luoghi-del-cuore-fai-e-i-musei-in-valle-di-comino-dmo-ciociaria-valle-di-comino\/\" \/>\n<meta property=\"og:site_name\" content=\"DMO Ciociaria Valle di Comino\" \/>\n<meta property=\"article:published_time\" content=\"2023-03-08T11:55:19+00:00\" \/>\n<meta property=\"article:modified_time\" content=\"2023-10-04T10:41:29+00:00\" \/>\n<meta property=\"og:image\" content=\"https:\/\/www.dmociociariavalledicomino.it\/wp-content\/uploads\/2023\/03\/copertina-blog-dmo.jpg\" \/>\n\t<meta property=\"og:image:width\" content=\"920\" \/>\n\t<meta property=\"og:image:height\" content=\"614\" \/>\n\t<meta property=\"og:image:type\" content=\"image\/jpeg\" \/>\n<meta name=\"author\" content=\"admin\" \/>\n<meta name=\"twitter:card\" content=\"summary_large_image\" \/>\n<meta name=\"twitter:label1\" content=\"Written by\" \/>\n\t<meta name=\"twitter:data1\" content=\"admin\" \/>\n\t<meta name=\"twitter:label2\" content=\"Estimated reading time\" \/>\n\t<meta name=\"twitter:data2\" content=\"17 minutes\" \/>\n<script type=\"application\/ld+json\" class=\"yoast-schema-graph\">{\"@context\":\"https:\/\/schema.org\",\"@graph\":[{\"@type\":\"Article\",\"@id\":\"https:\/\/www.dmociociariavalledicomino.it\/i-luoghi-del-cuore-fai-e-i-musei-in-valle-di-comino-dmo-ciociaria-valle-di-comino\/#article\",\"isPartOf\":{\"@id\":\"https:\/\/www.dmociociariavalledicomino.it\/i-luoghi-del-cuore-fai-e-i-musei-in-valle-di-comino-dmo-ciociaria-valle-di-comino\/\"},\"author\":{\"name\":\"admin\",\"@id\":\"https:\/\/www.dmociociariavalledicomino.it\/#\/schema\/person\/3bf46154fba3deea98d7bd5acb562c6e\"},\"headline\":\"I Luoghi del Cuore FAI e i musei in Valle di Comino | DMO Ciociaria-VALLE DI COMINO\",\"datePublished\":\"2023-03-08T11:55:19+00:00\",\"dateModified\":\"2023-10-04T10:41:29+00:00\",\"mainEntityOfPage\":{\"@id\":\"https:\/\/www.dmociociariavalledicomino.it\/i-luoghi-del-cuore-fai-e-i-musei-in-valle-di-comino-dmo-ciociaria-valle-di-comino\/\"},\"wordCount\":2460,\"publisher\":{\"@id\":\"https:\/\/www.dmociociariavalledicomino.it\/#organization\"},\"image\":{\"@id\":\"https:\/\/www.dmociociariavalledicomino.it\/i-luoghi-del-cuore-fai-e-i-musei-in-valle-di-comino-dmo-ciociaria-valle-di-comino\/#primaryimage\"},\"thumbnailUrl\":\"https:\/\/www.dmociociariavalledicomino.it\/wp-content\/uploads\/2023\/03\/copertina-blog-dmo.jpg\",\"keywords\":[\"FAI\",\"luoghi del cuore\",\"Musei\",\"percorsi culturali\",\"valle di comino\"],\"articleSection\":[\"Blog\",\"Eventi\"],\"inLanguage\":\"en-GB\"},{\"@type\":\"WebPage\",\"@id\":\"https:\/\/www.dmociociariavalledicomino.it\/i-luoghi-del-cuore-fai-e-i-musei-in-valle-di-comino-dmo-ciociaria-valle-di-comino\/\",\"url\":\"https:\/\/www.dmociociariavalledicomino.it\/i-luoghi-del-cuore-fai-e-i-musei-in-valle-di-comino-dmo-ciociaria-valle-di-comino\/\",\"name\":\"I Luoghi del Cuore FAI e i musei in Valle di Comino | DMO Ciociaria-VALLE DI COMINO\",\"isPartOf\":{\"@id\":\"https:\/\/www.dmociociariavalledicomino.it\/#website\"},\"primaryImageOfPage\":{\"@id\":\"https:\/\/www.dmociociariavalledicomino.it\/i-luoghi-del-cuore-fai-e-i-musei-in-valle-di-comino-dmo-ciociaria-valle-di-comino\/#primaryimage\"},\"image\":{\"@id\":\"https:\/\/www.dmociociariavalledicomino.it\/i-luoghi-del-cuore-fai-e-i-musei-in-valle-di-comino-dmo-ciociaria-valle-di-comino\/#primaryimage\"},\"thumbnailUrl\":\"https:\/\/www.dmociociariavalledicomino.it\/wp-content\/uploads\/2023\/03\/copertina-blog-dmo.jpg\",\"datePublished\":\"2023-03-08T11:55:19+00:00\",\"dateModified\":\"2023-10-04T10:41:29+00:00\",\"description\":\"Un percorso alla scoperta dei Luoghi del Cuore FAI e dei musei in Valle di Comino: meraviglie tra arte, storie e natura.\",\"breadcrumb\":{\"@id\":\"https:\/\/www.dmociociariavalledicomino.it\/i-luoghi-del-cuore-fai-e-i-musei-in-valle-di-comino-dmo-ciociaria-valle-di-comino\/#breadcrumb\"},\"inLanguage\":\"en-GB\",\"potentialAction\":[{\"@type\":\"ReadAction\",\"target\":[\"https:\/\/www.dmociociariavalledicomino.it\/i-luoghi-del-cuore-fai-e-i-musei-in-valle-di-comino-dmo-ciociaria-valle-di-comino\/\"]}]},{\"@type\":\"ImageObject\",\"inLanguage\":\"en-GB\",\"@id\":\"https:\/\/www.dmociociariavalledicomino.it\/i-luoghi-del-cuore-fai-e-i-musei-in-valle-di-comino-dmo-ciociaria-valle-di-comino\/#primaryimage\",\"url\":\"https:\/\/www.dmociociariavalledicomino.it\/wp-content\/uploads\/2023\/03\/copertina-blog-dmo.jpg\",\"contentUrl\":\"https:\/\/www.dmociociariavalledicomino.it\/wp-content\/uploads\/2023\/03\/copertina-blog-dmo.jpg\",\"width\":920,\"height\":614},{\"@type\":\"BreadcrumbList\",\"@id\":\"https:\/\/www.dmociociariavalledicomino.it\/i-luoghi-del-cuore-fai-e-i-musei-in-valle-di-comino-dmo-ciociaria-valle-di-comino\/#breadcrumb\",\"itemListElement\":[{\"@type\":\"ListItem\",\"position\":1,\"name\":\"Home\",\"item\":\"https:\/\/www.dmociociariavalledicomino.it\/\"},{\"@type\":\"ListItem\",\"position\":2,\"name\":\"I Luoghi del Cuore FAI e i musei in Valle di Comino | DMO Ciociaria-VALLE DI COMINO\"}]},{\"@type\":\"WebSite\",\"@id\":\"https:\/\/www.dmociociariavalledicomino.it\/#website\",\"url\":\"https:\/\/www.dmociociariavalledicomino.it\/\",\"name\":\"DMO Ciociaria Valle di Comino\",\"description\":\"La destinazione che non c'era\",\"publisher\":{\"@id\":\"https:\/\/www.dmociociariavalledicomino.it\/#organization\"},\"potentialAction\":[{\"@type\":\"SearchAction\",\"target\":{\"@type\":\"EntryPoint\",\"urlTemplate\":\"https:\/\/www.dmociociariavalledicomino.it\/?s={search_term_string}\"},\"query-input\":{\"@type\":\"PropertyValueSpecification\",\"valueRequired\":true,\"valueName\":\"search_term_string\"}}],\"inLanguage\":\"en-GB\"},{\"@type\":\"Organization\",\"@id\":\"https:\/\/www.dmociociariavalledicomino.it\/#organization\",\"name\":\"DMO Ciociaria Valle di Comino\",\"url\":\"https:\/\/www.dmociociariavalledicomino.it\/\",\"logo\":{\"@type\":\"ImageObject\",\"inLanguage\":\"en-GB\",\"@id\":\"https:\/\/www.dmociociariavalledicomino.it\/#\/schema\/logo\/image\/\",\"url\":\"https:\/\/www.dmociociariavalledicomino.it\/wp-content\/uploads\/2022\/03\/logo-1x-1.png\",\"contentUrl\":\"https:\/\/www.dmociociariavalledicomino.it\/wp-content\/uploads\/2022\/03\/logo-1x-1.png\",\"width\":435,\"height\":100,\"caption\":\"DMO Ciociaria Valle di Comino\"},\"image\":{\"@id\":\"https:\/\/www.dmociociariavalledicomino.it\/#\/schema\/logo\/image\/\"}},{\"@type\":\"Person\",\"@id\":\"https:\/\/www.dmociociariavalledicomino.it\/#\/schema\/person\/3bf46154fba3deea98d7bd5acb562c6e\",\"name\":\"admin\",\"image\":{\"@type\":\"ImageObject\",\"inLanguage\":\"en-GB\",\"@id\":\"https:\/\/www.dmociociariavalledicomino.it\/#\/schema\/person\/image\/\",\"url\":\"https:\/\/secure.gravatar.com\/avatar\/1fbb3f445cf77d4b14505985324155bdee1cc76aba31ffb5d872bb89773bcb48?s=96&d=mm&r=g\",\"contentUrl\":\"https:\/\/secure.gravatar.com\/avatar\/1fbb3f445cf77d4b14505985324155bdee1cc76aba31ffb5d872bb89773bcb48?s=96&d=mm&r=g\",\"caption\":\"admin\"},\"url\":\"https:\/\/www.dmociociariavalledicomino.it\/en\/author\/admin\/\"}]}<\/script>\n<!-- \/ Yoast SEO plugin. -->","yoast_head_json":{"title":"I Luoghi del Cuore FAI e i musei in Valle di Comino | DMO Ciociaria-VALLE DI COMINO","description":"Un percorso alla scoperta dei Luoghi del Cuore FAI e dei musei in Valle di Comino: meraviglie tra arte, storie e natura.","robots":{"index":"index","follow":"follow","max-snippet":"max-snippet:-1","max-image-preview":"max-image-preview:large","max-video-preview":"max-video-preview:-1"},"canonical":"https:\/\/www.dmociociariavalledicomino.it\/en\/i-luoghi-del-cuore-fai-e-i-musei-in-valle-di-comino-dmo-ciociaria-valle-di-comino\/","og_locale":"en_GB","og_type":"article","og_title":"I Luoghi del Cuore FAI e i musei in Valle di Comino | DMO Ciociaria-VALLE DI COMINO","og_description":"Un percorso alla scoperta dei Luoghi del Cuore FAI e dei musei in Valle di Comino: meraviglie tra arte, storie e natura.","og_url":"https:\/\/www.dmociociariavalledicomino.it\/en\/i-luoghi-del-cuore-fai-e-i-musei-in-valle-di-comino-dmo-ciociaria-valle-di-comino\/","og_site_name":"DMO Ciociaria Valle di Comino","article_published_time":"2023-03-08T11:55:19+00:00","article_modified_time":"2023-10-04T10:41:29+00:00","og_image":[{"width":920,"height":614,"url":"https:\/\/www.dmociociariavalledicomino.it\/wp-content\/uploads\/2023\/03\/copertina-blog-dmo.jpg","type":"image\/jpeg"}],"author":"admin","twitter_card":"summary_large_image","twitter_misc":{"Written by":"admin","Estimated reading time":"17 minutes"},"schema":{"@context":"https:\/\/schema.org","@graph":[{"@type":"Article","@id":"https:\/\/www.dmociociariavalledicomino.it\/i-luoghi-del-cuore-fai-e-i-musei-in-valle-di-comino-dmo-ciociaria-valle-di-comino\/#article","isPartOf":{"@id":"https:\/\/www.dmociociariavalledicomino.it\/i-luoghi-del-cuore-fai-e-i-musei-in-valle-di-comino-dmo-ciociaria-valle-di-comino\/"},"author":{"name":"admin","@id":"https:\/\/www.dmociociariavalledicomino.it\/#\/schema\/person\/3bf46154fba3deea98d7bd5acb562c6e"},"headline":"I Luoghi del Cuore FAI e i musei in Valle di Comino | DMO Ciociaria-VALLE DI COMINO","datePublished":"2023-03-08T11:55:19+00:00","dateModified":"2023-10-04T10:41:29+00:00","mainEntityOfPage":{"@id":"https:\/\/www.dmociociariavalledicomino.it\/i-luoghi-del-cuore-fai-e-i-musei-in-valle-di-comino-dmo-ciociaria-valle-di-comino\/"},"wordCount":2460,"publisher":{"@id":"https:\/\/www.dmociociariavalledicomino.it\/#organization"},"image":{"@id":"https:\/\/www.dmociociariavalledicomino.it\/i-luoghi-del-cuore-fai-e-i-musei-in-valle-di-comino-dmo-ciociaria-valle-di-comino\/#primaryimage"},"thumbnailUrl":"https:\/\/www.dmociociariavalledicomino.it\/wp-content\/uploads\/2023\/03\/copertina-blog-dmo.jpg","keywords":["FAI","luoghi del cuore","Musei","percorsi culturali","valle di comino"],"articleSection":["Blog","Eventi"],"inLanguage":"en-GB"},{"@type":"WebPage","@id":"https:\/\/www.dmociociariavalledicomino.it\/i-luoghi-del-cuore-fai-e-i-musei-in-valle-di-comino-dmo-ciociaria-valle-di-comino\/","url":"https:\/\/www.dmociociariavalledicomino.it\/i-luoghi-del-cuore-fai-e-i-musei-in-valle-di-comino-dmo-ciociaria-valle-di-comino\/","name":"I Luoghi del Cuore FAI e i musei in Valle di Comino | DMO Ciociaria-VALLE DI COMINO","isPartOf":{"@id":"https:\/\/www.dmociociariavalledicomino.it\/#website"},"primaryImageOfPage":{"@id":"https:\/\/www.dmociociariavalledicomino.it\/i-luoghi-del-cuore-fai-e-i-musei-in-valle-di-comino-dmo-ciociaria-valle-di-comino\/#primaryimage"},"image":{"@id":"https:\/\/www.dmociociariavalledicomino.it\/i-luoghi-del-cuore-fai-e-i-musei-in-valle-di-comino-dmo-ciociaria-valle-di-comino\/#primaryimage"},"thumbnailUrl":"https:\/\/www.dmociociariavalledicomino.it\/wp-content\/uploads\/2023\/03\/copertina-blog-dmo.jpg","datePublished":"2023-03-08T11:55:19+00:00","dateModified":"2023-10-04T10:41:29+00:00","description":"Un percorso alla scoperta dei Luoghi del Cuore FAI e dei musei in Valle di Comino: meraviglie tra arte, storie e natura.","breadcrumb":{"@id":"https:\/\/www.dmociociariavalledicomino.it\/i-luoghi-del-cuore-fai-e-i-musei-in-valle-di-comino-dmo-ciociaria-valle-di-comino\/#breadcrumb"},"inLanguage":"en-GB","potentialAction":[{"@type":"ReadAction","target":["https:\/\/www.dmociociariavalledicomino.it\/i-luoghi-del-cuore-fai-e-i-musei-in-valle-di-comino-dmo-ciociaria-valle-di-comino\/"]}]},{"@type":"ImageObject","inLanguage":"en-GB","@id":"https:\/\/www.dmociociariavalledicomino.it\/i-luoghi-del-cuore-fai-e-i-musei-in-valle-di-comino-dmo-ciociaria-valle-di-comino\/#primaryimage","url":"https:\/\/www.dmociociariavalledicomino.it\/wp-content\/uploads\/2023\/03\/copertina-blog-dmo.jpg","contentUrl":"https:\/\/www.dmociociariavalledicomino.it\/wp-content\/uploads\/2023\/03\/copertina-blog-dmo.jpg","width":920,"height":614},{"@type":"BreadcrumbList","@id":"https:\/\/www.dmociociariavalledicomino.it\/i-luoghi-del-cuore-fai-e-i-musei-in-valle-di-comino-dmo-ciociaria-valle-di-comino\/#breadcrumb","itemListElement":[{"@type":"ListItem","position":1,"name":"Home","item":"https:\/\/www.dmociociariavalledicomino.it\/"},{"@type":"ListItem","position":2,"name":"I Luoghi del Cuore FAI e i musei in Valle di Comino | DMO Ciociaria-VALLE DI COMINO"}]},{"@type":"WebSite","@id":"https:\/\/www.dmociociariavalledicomino.it\/#website","url":"https:\/\/www.dmociociariavalledicomino.it\/","name":"DMO Ciociaria Valle di Comino","description":"La destinazione che non c'era","publisher":{"@id":"https:\/\/www.dmociociariavalledicomino.it\/#organization"},"potentialAction":[{"@type":"SearchAction","target":{"@type":"EntryPoint","urlTemplate":"https:\/\/www.dmociociariavalledicomino.it\/?s={search_term_string}"},"query-input":{"@type":"PropertyValueSpecification","valueRequired":true,"valueName":"search_term_string"}}],"inLanguage":"en-GB"},{"@type":"Organization","@id":"https:\/\/www.dmociociariavalledicomino.it\/#organization","name":"DMO Ciociaria Valle di Comino","url":"https:\/\/www.dmociociariavalledicomino.it\/","logo":{"@type":"ImageObject","inLanguage":"en-GB","@id":"https:\/\/www.dmociociariavalledicomino.it\/#\/schema\/logo\/image\/","url":"https:\/\/www.dmociociariavalledicomino.it\/wp-content\/uploads\/2022\/03\/logo-1x-1.png","contentUrl":"https:\/\/www.dmociociariavalledicomino.it\/wp-content\/uploads\/2022\/03\/logo-1x-1.png","width":435,"height":100,"caption":"DMO Ciociaria Valle di Comino"},"image":{"@id":"https:\/\/www.dmociociariavalledicomino.it\/#\/schema\/logo\/image\/"}},{"@type":"Person","@id":"https:\/\/www.dmociociariavalledicomino.it\/#\/schema\/person\/3bf46154fba3deea98d7bd5acb562c6e","name":"admin","image":{"@type":"ImageObject","inLanguage":"en-GB","@id":"https:\/\/www.dmociociariavalledicomino.it\/#\/schema\/person\/image\/","url":"https:\/\/secure.gravatar.com\/avatar\/1fbb3f445cf77d4b14505985324155bdee1cc76aba31ffb5d872bb89773bcb48?s=96&d=mm&r=g","contentUrl":"https:\/\/secure.gravatar.com\/avatar\/1fbb3f445cf77d4b14505985324155bdee1cc76aba31ffb5d872bb89773bcb48?s=96&d=mm&r=g","caption":"admin"},"url":"https:\/\/www.dmociociariavalledicomino.it\/en\/author\/admin\/"}]}},"_links":{"self":[{"href":"https:\/\/www.dmociociariavalledicomino.it\/en\/wp-json\/wp\/v2\/posts\/9181","targetHints":{"allow":["GET"]}}],"collection":[{"href":"https:\/\/www.dmociociariavalledicomino.it\/en\/wp-json\/wp\/v2\/posts"}],"about":[{"href":"https:\/\/www.dmociociariavalledicomino.it\/en\/wp-json\/wp\/v2\/types\/post"}],"author":[{"embeddable":true,"href":"https:\/\/www.dmociociariavalledicomino.it\/en\/wp-json\/wp\/v2\/users\/1"}],"replies":[{"embeddable":true,"href":"https:\/\/www.dmociociariavalledicomino.it\/en\/wp-json\/wp\/v2\/comments?post=9181"}],"version-history":[{"count":103,"href":"https:\/\/www.dmociociariavalledicomino.it\/en\/wp-json\/wp\/v2\/posts\/9181\/revisions"}],"predecessor-version":[{"id":9330,"href":"https:\/\/www.dmociociariavalledicomino.it\/en\/wp-json\/wp\/v2\/posts\/9181\/revisions\/9330"}],"wp:featuredmedia":[{"embeddable":true,"href":"https:\/\/www.dmociociariavalledicomino.it\/en\/wp-json\/wp\/v2\/media\/9267"}],"wp:attachment":[{"href":"https:\/\/www.dmociociariavalledicomino.it\/en\/wp-json\/wp\/v2\/media?parent=9181"}],"wp:term":[{"taxonomy":"category","embeddable":true,"href":"https:\/\/www.dmociociariavalledicomino.it\/en\/wp-json\/wp\/v2\/categories?post=9181"},{"taxonomy":"post_tag","embeddable":true,"href":"https:\/\/www.dmociociariavalledicomino.it\/en\/wp-json\/wp\/v2\/tags?post=9181"}],"curies":[{"name":"wp","href":"https:\/\/api.w.org\/{rel}","templated":true}]}}