{"id":7461,"date":"2022-10-25T14:13:06","date_gmt":"2022-10-25T12:13:06","guid":{"rendered":"https:\/\/www.dmociociariavalledicomino.it\/?p=7461"},"modified":"2023-10-04T12:33:28","modified_gmt":"2023-10-04T10:33:28","slug":"il-tartufo-di-campoli-appennino-l-oro-della-ciociaria","status":"publish","type":"post","link":"https:\/\/www.dmociociariavalledicomino.it\/en\/il-tartufo-di-campoli-appennino-l-oro-della-ciociaria\/","title":{"rendered":"Il Tartufo di Campoli Appennino: l\u2019oro della Ciociaria da gustare alla Festa del Tartufo Bianco e Nero pregiato"},"content":{"rendered":"<div data-elementor-type=\"wp-post\" data-elementor-id=\"7461\" class=\"elementor elementor-7461\" data-elementor-post-type=\"post\">\n\t\t\t\t\t\t<section class=\"elementor-section elementor-top-section elementor-element elementor-element-6197ef4 elementor-section-stretched elementor-section-boxed elementor-section-height-default elementor-section-height-default\" data-id=\"6197ef4\" data-element_type=\"section\" data-settings=\"{&quot;stretch_section&quot;:&quot;section-stretched&quot;}\">\n\t\t\t\t\t\t<div class=\"elementor-container elementor-column-gap-extended\">\n\t\t\t\t\t<div class=\"elementor-column elementor-col-100 elementor-top-column elementor-element elementor-element-ec9577d sc_layouts_column_icons_position_left\" data-id=\"ec9577d\" data-element_type=\"column\">\n\t\t\t<div class=\"elementor-widget-wrap elementor-element-populated\">\n\t\t\t\t\t\t<div class=\"elementor-element elementor-element-0511354 elementor-widget elementor-widget-spacer\" data-id=\"0511354\" data-element_type=\"widget\" data-widget_type=\"spacer.default\">\n\t\t\t\t<div class=\"elementor-widget-container\">\n\t\t\t\t\t\t\t<div class=\"elementor-spacer\">\n\t\t\t<div class=\"elementor-spacer-inner\"><\/div>\n\t\t<\/div>\n\t\t\t\t\t\t<\/div>\n\t\t\t\t<\/div>\n\t\t\t\t<div class=\"elementor-element elementor-element-437b099 elementor-widget elementor-widget-heading\" data-id=\"437b099\" data-element_type=\"widget\" data-widget_type=\"heading.default\">\n\t\t\t\t<div class=\"elementor-widget-container\">\n\t\t\t\t\t<h1 class=\"elementor-heading-title elementor-size-default\">Il Tartufo di Campoli Appennino<\/h1>\t\t\t\t<\/div>\n\t\t\t\t<\/div>\n\t\t\t\t<div class=\"elementor-element elementor-element-b688e63 elementor-hidden-mobile elementor-widget elementor-widget-heading\" data-id=\"b688e63\" data-element_type=\"widget\" data-widget_type=\"heading.default\">\n\t\t\t\t<div class=\"elementor-widget-container\">\n\t\t\t\t\t<h2 class=\"elementor-heading-title elementor-size-default\"> L\u2019ORO DELLA CIOCIARIA DA GUSTARE ALLA FESTA DEL TARTUFO BIANCO E NERO PREGIATO<\/h2>\t\t\t\t<\/div>\n\t\t\t\t<\/div>\n\t\t\t\t<div class=\"elementor-element elementor-element-e58b2da elementor-hidden-desktop elementor-hidden-tablet elementor-widget elementor-widget-heading\" data-id=\"e58b2da\" data-element_type=\"widget\" data-widget_type=\"heading.default\">\n\t\t\t\t<div class=\"elementor-widget-container\">\n\t\t\t\t\t<h2 class=\"elementor-heading-title elementor-size-default\"> L\u2019ORO DELLA CIOCIARIA DA GUSTARE ALLA FESTA DEL TARTUFO BIANCO E NERO PREGIATO<\/h2>\t\t\t\t<\/div>\n\t\t\t\t<\/div>\n\t\t\t\t<div class=\"elementor-element elementor-element-14dc43d elementor-widget-divider--view-line elementor-widget elementor-widget-divider\" data-id=\"14dc43d\" data-element_type=\"widget\" data-widget_type=\"divider.default\">\n\t\t\t\t<div class=\"elementor-widget-container\">\n\t\t\t\t\t\t\t<div class=\"elementor-divider\">\n\t\t\t<span class=\"elementor-divider-separator\">\n\t\t\t\t\t\t<\/span>\n\t\t<\/div>\n\t\t\t\t\t\t<\/div>\n\t\t\t\t<\/div>\n\t\t\t\t<div class=\"elementor-element elementor-element-4b69a85 elementor-widget elementor-widget-spacer\" data-id=\"4b69a85\" data-element_type=\"widget\" data-widget_type=\"spacer.default\">\n\t\t\t\t<div class=\"elementor-widget-container\">\n\t\t\t\t\t\t\t<div class=\"elementor-spacer\">\n\t\t\t<div class=\"elementor-spacer-inner\"><\/div>\n\t\t<\/div>\n\t\t\t\t\t\t<\/div>\n\t\t\t\t<\/div>\n\t\t\t\t\t<\/div>\n\t\t<\/div>\n\t\t\t\t\t<\/div>\n\t\t<\/section>\n\t\t\t\t<section class=\"elementor-section elementor-top-section elementor-element elementor-element-f1ad111 elementor-section-stretched elementor-hidden-tablet elementor-section-boxed elementor-section-height-default elementor-section-height-default\" data-id=\"f1ad111\" data-element_type=\"section\" data-settings=\"{&quot;stretch_section&quot;:&quot;section-stretched&quot;}\">\n\t\t\t\t\t\t<div class=\"elementor-container elementor-column-gap-extended\">\n\t\t\t\t\t<div class=\"elementor-column elementor-col-50 elementor-top-column elementor-element elementor-element-ce6e959 sc_layouts_column_icons_position_left\" data-id=\"ce6e959\" data-element_type=\"column\">\n\t\t\t<div class=\"elementor-widget-wrap elementor-element-populated\">\n\t\t\t\t\t\t<div class=\"elementor-element elementor-element-98fdd2c elementor-widget elementor-widget-text-editor\" data-id=\"98fdd2c\" data-element_type=\"widget\" data-widget_type=\"text-editor.default\">\n\t\t\t\t<div class=\"elementor-widget-container\">\n\t\t\t\t\t\t\t\t\t<p>Vanto di tutto il territorio, il <a href=\"https:\/\/www.dmociociariavalledicomino.it\/en\/il-gusto\/\">The Truffle of Campoli Appennino<\/a>\u00a0\u00e8 l\u2019\u201coro\u201d della Ciociaria e della Valle di Comino, uno dei prodotti di eccellenza celebrato fin dall\u2019antichit\u00e0 e protagonista di una delle fiere gastronomiche pi\u00f9 rinomate in Italia, la\u00a0<a href=\"https:\/\/www.facebook.com\/FieraDelTartufoDiCampoliAppennino\" target=\"_blank\" rel=\"noopener\">Festa del Tartufo Bianco e Nero pregiato di Campoli Appennino<\/a>, che si tiene ogni anno durante il mese di novembre e che \u00e8 giunta oramai alla sua 35a edizione, la 12a come Fiera Nazionale.<\/p>\t\t\t\t\t\t\t\t<\/div>\n\t\t\t\t<\/div>\n\t\t\t\t<div class=\"elementor-element elementor-element-58daa48 elementor-widget elementor-widget-text-editor\" data-id=\"58daa48\" data-element_type=\"widget\" data-widget_type=\"text-editor.default\">\n\t\t\t\t<div class=\"elementor-widget-container\">\n\t\t\t\t\t\t\t\t\t<p>Durante la manifestazione, passeggiando tra gli antichi vicoli del grazioso <a href=\"https:\/\/www.dmociociariavalledicomino.it\/en\/campoli-appennino-il-turismo-lento-della-valle-di-comino\/\">borgo medievale<\/a> annoverato nell\u2019<a href=\"http:\/\/www.cittadeltartufo.com\/\">Associazione Nazionale Citt\u00e0 del Tartufo<\/a> , si \u00e8 subito rapiti dal profumo inconfondibile del prezioso tubero, protagonista di tanti piatti gustosi e ingrediente dosato con cura dai pi\u00f9 grandi chef stellati, proprio come fosse oro: un prodotto che cresce nella natura incontaminata di questo angolo della Valle di Comino, rendendolo famoso in Italia e all\u2019estero in quanto simbolo della cultura e della tradizione locali.<\/p>\t\t\t\t\t\t\t\t<\/div>\n\t\t\t\t<\/div>\n\t\t\t\t<div class=\"elementor-element elementor-element-f491cf0 elementor-widget elementor-widget-text-editor\" data-id=\"f491cf0\" data-element_type=\"widget\" data-widget_type=\"text-editor.default\">\n\t\t\t\t<div class=\"elementor-widget-container\">\n\t\t\t\t\t\t\t\t\t<p>Il Tartufo Nero Pregiato e il Tartufo Bianco di Campoli Appennino sono conosciuti fin dall\u2019antichit\u00e0, con numerose fonti storiche a testimonianza che raccontano come fossero oggetto di valore offerto in dono a principi e regnanti al pari dei metalli preziosi: si dice che Nerone lo definisse \u201cil cibo degli dei\u201d e che abbia persino poteri afrodisiaci, mentre i registri storici riportano che la Casa Reale di Napoli elesse i \u201ctartufai\u201d di Campoli Appennino a fornitore ufficiale, cos\u00ec come pure lo Stato della Chiesa.<\/p><p>Dal gusto fragrante e intenso, rari e profumatissimi, il tartufo bianco e nero sono il prezioso \u201coro\u201d della Ciociaria e della Valle di Comino proprio per il grande valore, in termini non solo economici, ma anche gastronomici e turistici: chiunque visiti il territorio pu\u00f2 gustare i tanti piatti preparati dalle sapienti mani degli chef locali, ma anche provare la magnifica esperienza di \u201candare per tartufi\u201d, proprio come fanno gli esperti \u201ctartufai\u201d campolesi, che tuttavia custodiscono gelosamente i segreti di una raccolta che affonda le sue radici in millenni di storia.<\/p>\t\t\t\t\t\t\t\t<\/div>\n\t\t\t\t<\/div>\n\t\t\t\t\t<\/div>\n\t\t<\/div>\n\t\t\t\t<div class=\"elementor-column elementor-col-50 elementor-top-column elementor-element elementor-element-1cfd5a7 sc_layouts_column_icons_position_left\" data-id=\"1cfd5a7\" data-element_type=\"column\" data-settings=\"{&quot;background_background&quot;:&quot;classic&quot;}\">\n\t\t\t<div class=\"elementor-widget-wrap elementor-element-populated\">\n\t\t\t\t\t\t<div class=\"elementor-element elementor-element-7bc12da elementor-widget elementor-widget-image\" data-id=\"7bc12da\" data-element_type=\"widget\" data-widget_type=\"image.default\">\n\t\t\t\t<div class=\"elementor-widget-container\">\n\t\t\t\t\t\t\t\t\t\t\t\t\t\t\t<img fetchpriority=\"high\" decoding=\"async\" width=\"569\" height=\"800\" src=\"https:\/\/www.dmociociariavalledicomino.it\/wp-content\/uploads\/2022\/10\/FIERA_TARTUFO-CAMPOLI.jpeg\" class=\"attachment-full size-full wp-image-7471\" alt=\"FIERA_TARTUFO CAMPOLI\" srcset=\"https:\/\/www.dmociociariavalledicomino.it\/wp-content\/uploads\/2022\/10\/FIERA_TARTUFO-CAMPOLI.jpeg 569w, https:\/\/www.dmociociariavalledicomino.it\/wp-content\/uploads\/2022\/10\/FIERA_TARTUFO-CAMPOLI-213x300.jpeg 213w, https:\/\/www.dmociociariavalledicomino.it\/wp-content\/uploads\/2022\/10\/FIERA_TARTUFO-CAMPOLI-9x12.jpeg 9w, https:\/\/www.dmociociariavalledicomino.it\/wp-content\/uploads\/2022\/10\/FIERA_TARTUFO-CAMPOLI-370x520.jpeg 370w, https:\/\/www.dmociociariavalledicomino.it\/wp-content\/uploads\/2022\/10\/FIERA_TARTUFO-CAMPOLI-390x548.jpeg 390w\" sizes=\"(max-width: 569px) 100vw, 569px\" \/>\t\t\t\t\t\t\t\t\t\t\t\t\t\t\t<\/div>\n\t\t\t\t<\/div>\n\t\t\t\t<div class=\"elementor-element elementor-element-dae7142 elementor-widget elementor-widget-spacer\" data-id=\"dae7142\" data-element_type=\"widget\" data-widget_type=\"spacer.default\">\n\t\t\t\t<div class=\"elementor-widget-container\">\n\t\t\t\t\t\t\t<div class=\"elementor-spacer\">\n\t\t\t<div class=\"elementor-spacer-inner\"><\/div>\n\t\t<\/div>\n\t\t\t\t\t\t<\/div>\n\t\t\t\t<\/div>\n\t\t\t\t\t<\/div>\n\t\t<\/div>\n\t\t\t\t\t<\/div>\n\t\t<\/section>\n\t\t\t\t<section class=\"elementor-section elementor-top-section elementor-element elementor-element-524b817 elementor-section-stretched elementor-hidden-desktop elementor-hidden-mobile elementor-section-boxed elementor-section-height-default elementor-section-height-default\" data-id=\"524b817\" data-element_type=\"section\" data-settings=\"{&quot;stretch_section&quot;:&quot;section-stretched&quot;}\">\n\t\t\t\t\t\t<div class=\"elementor-container elementor-column-gap-extended\">\n\t\t\t\t\t<div class=\"elementor-column elementor-col-100 elementor-top-column elementor-element elementor-element-1076daa sc_layouts_column_icons_position_left\" data-id=\"1076daa\" data-element_type=\"column\">\n\t\t\t<div class=\"elementor-widget-wrap elementor-element-populated\">\n\t\t\t\t\t\t<div class=\"elementor-element elementor-element-bfd3b50 elementor-widget elementor-widget-image\" data-id=\"bfd3b50\" data-element_type=\"widget\" data-widget_type=\"image.default\">\n\t\t\t\t<div class=\"elementor-widget-container\">\n\t\t\t\t\t\t\t\t\t\t\t\t\t\t\t<img fetchpriority=\"high\" decoding=\"async\" width=\"569\" height=\"800\" src=\"https:\/\/www.dmociociariavalledicomino.it\/wp-content\/uploads\/2022\/10\/FIERA_TARTUFO-CAMPOLI.jpeg\" class=\"attachment-full size-full wp-image-7471\" alt=\"FIERA_TARTUFO CAMPOLI\" srcset=\"https:\/\/www.dmociociariavalledicomino.it\/wp-content\/uploads\/2022\/10\/FIERA_TARTUFO-CAMPOLI.jpeg 569w, https:\/\/www.dmociociariavalledicomino.it\/wp-content\/uploads\/2022\/10\/FIERA_TARTUFO-CAMPOLI-213x300.jpeg 213w, https:\/\/www.dmociociariavalledicomino.it\/wp-content\/uploads\/2022\/10\/FIERA_TARTUFO-CAMPOLI-9x12.jpeg 9w, https:\/\/www.dmociociariavalledicomino.it\/wp-content\/uploads\/2022\/10\/FIERA_TARTUFO-CAMPOLI-370x520.jpeg 370w, https:\/\/www.dmociociariavalledicomino.it\/wp-content\/uploads\/2022\/10\/FIERA_TARTUFO-CAMPOLI-390x548.jpeg 390w\" sizes=\"(max-width: 569px) 100vw, 569px\" \/>\t\t\t\t\t\t\t\t\t\t\t\t\t\t\t<\/div>\n\t\t\t\t<\/div>\n\t\t\t\t<div class=\"elementor-element elementor-element-15dcc08 elementor-widget elementor-widget-spacer\" data-id=\"15dcc08\" data-element_type=\"widget\" data-widget_type=\"spacer.default\">\n\t\t\t\t<div class=\"elementor-widget-container\">\n\t\t\t\t\t\t\t<div class=\"elementor-spacer\">\n\t\t\t<div class=\"elementor-spacer-inner\"><\/div>\n\t\t<\/div>\n\t\t\t\t\t\t<\/div>\n\t\t\t\t<\/div>\n\t\t\t\t<div class=\"elementor-element elementor-element-cdbd491 elementor-widget elementor-widget-text-editor\" data-id=\"cdbd491\" data-element_type=\"widget\" data-widget_type=\"text-editor.default\">\n\t\t\t\t<div class=\"elementor-widget-container\">\n\t\t\t\t\t\t\t\t\t<p>Vanto di tutto il territorio, il <a href=\"https:\/\/www.dmociociariavalledicomino.it\/en\/il-gusto\/\"><strong>The Truffle of Campoli Appennino<\/strong><\/a>\u00a0\u00e8 l\u2019\u201coro\u201d della Ciociaria e della Valle di Comino, uno dei prodotti di eccellenza celebrato fin dall\u2019antichit\u00e0 e protagonista di una delle fiere gastronomiche pi\u00f9 rinomate in Italia, la\u00a0<a href=\"https:\/\/www.facebook.com\/FieraDelTartufoDiCampoliAppennino\" target=\"_blank\" rel=\"noopener\">Festa del Tartufo Bianco e Nero pregiato di Campoli Appennino<\/a>, che si tiene ogni anno durante il mese di novembre e che \u00e8 giunta oramai alla sua 35a edizione, la 12a come Fiera Nazionale.<\/p>\t\t\t\t\t\t\t\t<\/div>\n\t\t\t\t<\/div>\n\t\t\t\t<div class=\"elementor-element elementor-element-4ca3532 elementor-widget elementor-widget-text-editor\" data-id=\"4ca3532\" data-element_type=\"widget\" data-widget_type=\"text-editor.default\">\n\t\t\t\t<div class=\"elementor-widget-container\">\n\t\t\t\t\t\t\t\t\t<p>Durante la manifestazione, passeggiando tra gli antichi vicoli del grazioso <a href=\"https:\/\/www.dmociociariavalledicomino.it\/en\/campoli-appennino-il-turismo-lento-della-valle-di-comino\/\"><strong>borgo medievale<\/strong><\/a> annoverato nell\u2019<a href=\"http:\/\/www.cittadeltartufo.com\/\"><strong>Associazione Nazionale Citt\u00e0 del Tartufo<\/strong><\/a> , si \u00e8 subito rapiti dal profumo inconfondibile del prezioso tubero, protagonista di tanti piatti gustosi e ingrediente dosato con cura dai pi\u00f9 grandi chef stellati, proprio come fosse oro: un prodotto che cresce nella natura incontaminata di questo angolo della Valle di Comino, rendendolo famoso in Italia e all\u2019estero in quanto simbolo della cultura e della tradizione locali.<\/p>\t\t\t\t\t\t\t\t<\/div>\n\t\t\t\t<\/div>\n\t\t\t\t<div class=\"elementor-element elementor-element-1166c52 elementor-widget elementor-widget-text-editor\" data-id=\"1166c52\" data-element_type=\"widget\" data-widget_type=\"text-editor.default\">\n\t\t\t\t<div class=\"elementor-widget-container\">\n\t\t\t\t\t\t\t\t\t<p>Il Tartufo Nero Pregiato e il Tartufo Bianco di Campoli Appennino sono conosciuti fin dall\u2019antichit\u00e0, con numerose fonti storiche a testimonianza che raccontano come fossero oggetto di valore offerto in dono a principi e regnanti al pari dei metalli preziosi: si dice che Nerone lo definisse \u201cil cibo degli dei\u201d e che abbia persino poteri afrodisiaci, mentre i registri storici riportano che la Casa Reale di Napoli elesse i \u201ctartufai\u201d di Campoli Appennino a fornitore ufficiale, cos\u00ec come pure lo Stato della Chiesa.<\/p><p>Dal gusto fragrante e intenso, rari e profumatissimi, il tartufo bianco e nero sono il prezioso \u201coro\u201d della Ciociaria e della Valle di Comino proprio per il grande valore, in termini non solo economici, ma anche gastronomici e turistici: chiunque visiti il territorio pu\u00f2 gustare i tanti piatti preparati dalle sapienti mani degli chef locali, ma anche provare la magnifica esperienza di \u201candare per tartufi\u201d, proprio come fanno gli esperti \u201ctartufai\u201d campolesi, che tuttavia custodiscono gelosamente i segreti di una raccolta che affonda le sue radici in millenni di storia.<\/p>\t\t\t\t\t\t\t\t<\/div>\n\t\t\t\t<\/div>\n\t\t\t\t\t<\/div>\n\t\t<\/div>\n\t\t\t\t\t<\/div>\n\t\t<\/section>\n\t\t\t\t<section class=\"elementor-section elementor-top-section elementor-element elementor-element-816f9c5 elementor-section-stretched elementor-section-boxed elementor-section-height-default elementor-section-height-default\" data-id=\"816f9c5\" data-element_type=\"section\" data-settings=\"{&quot;stretch_section&quot;:&quot;section-stretched&quot;}\">\n\t\t\t\t\t\t<div class=\"elementor-container elementor-column-gap-extended\">\n\t\t\t\t\t<div class=\"elementor-column elementor-col-100 elementor-top-column elementor-element elementor-element-ba93abf sc_layouts_column_icons_position_left\" data-id=\"ba93abf\" data-element_type=\"column\">\n\t\t\t<div class=\"elementor-widget-wrap elementor-element-populated\">\n\t\t\t\t\t\t<div class=\"elementor-element elementor-element-c9cc01e elementor-widget elementor-widget-text-editor\" data-id=\"c9cc01e\" data-element_type=\"widget\" data-widget_type=\"text-editor.default\">\n\t\t\t\t<div class=\"elementor-widget-container\">\n\t\t\t\t\t\t\t\t\t<p style=\"font-family: Abel, sans-serif; font-size: 20px; line-height: inherit; font-weight: 400; font-style: normal; background-color: #ffffff;\">Questo particolarissimo \u201cfungo\u201d cresce infatti solo in determinate condizioni climatiche e naturali, in simbiosi con le radici di alcuni alberi, soprattutto querce, e richiede specifiche conoscenze sia del territorio in cui si trova sia delle sue caratteristiche, rappresentando in maniera eccezionale la biodiversit\u00e0 della Valle di Comino e dei suoi prodotti.<\/p><p style=\"font-family: Abel, sans-serif; font-size: 20px; line-height: inherit; font-weight: 400; font-style: normal; background-color: #ffffff;\">Oltre al Tartufo Bianco e Nero pregiato protagonisti della Fiera di Campoli Appennino nel mese di novembre, grazie al particolare terreno incontaminato del comune di Campoli Appennino possiamo degustare diverse variet\u00e0 che si trovano tutto l\u2019anno, ognuna con i propri tratti distintivi che le rendono una delizia per tanti piatti diversi. Conoscerle significa entrare in un mondo fatto di sapori, di persone che nei secoli hanno imparato l\u2019arte di raccogliere e coltivare i frutti preziosi della natura e che oggi la condividono con il mondo intero.<\/p>\t\t\t\t\t\t\t\t<\/div>\n\t\t\t\t<\/div>\n\t\t\t\t\t<\/div>\n\t\t<\/div>\n\t\t\t\t\t<\/div>\n\t\t<\/section>\n\t\t\t\t<section class=\"elementor-section elementor-top-section elementor-element elementor-element-634d080 elementor-section-stretched elementor-section-boxed elementor-section-height-default elementor-section-height-default\" data-id=\"634d080\" data-element_type=\"section\" data-settings=\"{&quot;stretch_section&quot;:&quot;section-stretched&quot;}\">\n\t\t\t\t\t\t<div class=\"elementor-container elementor-column-gap-extended\">\n\t\t\t\t\t<div class=\"elementor-column elementor-col-100 elementor-top-column elementor-element elementor-element-9d77f77 sc_layouts_column_icons_position_left\" data-id=\"9d77f77\" data-element_type=\"column\">\n\t\t\t<div class=\"elementor-widget-wrap elementor-element-populated\">\n\t\t\t\t\t\t<div class=\"elementor-element elementor-element-5c1d9b8 elementor-widget elementor-widget-spacer\" data-id=\"5c1d9b8\" data-element_type=\"widget\" data-widget_type=\"spacer.default\">\n\t\t\t\t<div class=\"elementor-widget-container\">\n\t\t\t\t\t\t\t<div class=\"elementor-spacer\">\n\t\t\t<div class=\"elementor-spacer-inner\"><\/div>\n\t\t<\/div>\n\t\t\t\t\t\t<\/div>\n\t\t\t\t<\/div>\n\t\t\t\t\t<\/div>\n\t\t<\/div>\n\t\t\t\t\t<\/div>\n\t\t<\/section>\n\t\t\t\t<section class=\"elementor-section elementor-top-section elementor-element elementor-element-ee09ba9 elementor-section-stretched elementor-section-boxed elementor-section-height-default elementor-section-height-default\" data-id=\"ee09ba9\" data-element_type=\"section\" data-settings=\"{&quot;stretch_section&quot;:&quot;section-stretched&quot;}\">\n\t\t\t\t\t\t<div class=\"elementor-container elementor-column-gap-extended\">\n\t\t\t\t\t<div class=\"elementor-column elementor-col-50 elementor-top-column elementor-element elementor-element-3ee2735 sc_layouts_column_icons_position_left\" data-id=\"3ee2735\" data-element_type=\"column\" data-settings=\"{&quot;background_background&quot;:&quot;classic&quot;}\">\n\t\t\t<div class=\"elementor-widget-wrap elementor-element-populated\">\n\t\t\t\t\t\t<div class=\"elementor-element elementor-element-c9ebcc3 elementor-widget elementor-widget-heading\" data-id=\"c9ebcc3\" data-element_type=\"widget\" data-widget_type=\"heading.default\">\n\t\t\t\t<div class=\"elementor-widget-container\">\n\t\t\t\t\t<h3 class=\"elementor-heading-title elementor-size-default\">Tartufo Bianco Pregiato <br>(tuber magnatum Pico)<\/h3>\t\t\t\t<\/div>\n\t\t\t\t<\/div>\n\t\t\t\t\t<\/div>\n\t\t<\/div>\n\t\t\t\t<div class=\"elementor-column elementor-col-50 elementor-top-column elementor-element elementor-element-8d8d6c2 sc_layouts_column_icons_position_left\" data-id=\"8d8d6c2\" data-element_type=\"column\" data-settings=\"{&quot;background_background&quot;:&quot;classic&quot;}\">\n\t\t\t<div class=\"elementor-widget-wrap elementor-element-populated\">\n\t\t\t\t\t\t<div class=\"elementor-element elementor-element-c83a368 elementor-widget elementor-widget-text-editor\" data-id=\"c83a368\" data-element_type=\"widget\" data-widget_type=\"text-editor.default\">\n\t\t\t\t<div class=\"elementor-widget-container\">\n\t\t\t\t\t\t\t\t\t<p>Il pi\u00f9 pregiato e costoso anche perch\u00e9 molto difficile da raccogliere, si presenta con una scorza liscia, di colore giallo chiaro, dal profumo intenso e gradevole e matura nei mesi da ottobre a dicembre.<\/p>\t\t\t\t\t\t\t\t<\/div>\n\t\t\t\t<\/div>\n\t\t\t\t\t<\/div>\n\t\t<\/div>\n\t\t\t\t\t<\/div>\n\t\t<\/section>\n\t\t\t\t<section class=\"elementor-section elementor-top-section elementor-element elementor-element-8c8baf1 elementor-section-stretched elementor-section-boxed elementor-section-height-default elementor-section-height-default\" data-id=\"8c8baf1\" data-element_type=\"section\" data-settings=\"{&quot;stretch_section&quot;:&quot;section-stretched&quot;}\">\n\t\t\t\t\t\t<div class=\"elementor-container elementor-column-gap-extended\">\n\t\t\t\t\t<div class=\"elementor-column elementor-col-100 elementor-top-column elementor-element elementor-element-7e54d6d sc_layouts_column_icons_position_left\" data-id=\"7e54d6d\" data-element_type=\"column\">\n\t\t\t<div class=\"elementor-widget-wrap elementor-element-populated\">\n\t\t\t\t\t\t<div class=\"elementor-element elementor-element-895180f elementor-widget elementor-widget-spacer\" data-id=\"895180f\" data-element_type=\"widget\" data-widget_type=\"spacer.default\">\n\t\t\t\t<div class=\"elementor-widget-container\">\n\t\t\t\t\t\t\t<div class=\"elementor-spacer\">\n\t\t\t<div class=\"elementor-spacer-inner\"><\/div>\n\t\t<\/div>\n\t\t\t\t\t\t<\/div>\n\t\t\t\t<\/div>\n\t\t\t\t\t<\/div>\n\t\t<\/div>\n\t\t\t\t\t<\/div>\n\t\t<\/section>\n\t\t\t\t<section class=\"elementor-section elementor-top-section elementor-element elementor-element-921f912 elementor-section-stretched elementor-section-boxed elementor-section-height-default elementor-section-height-default\" data-id=\"921f912\" data-element_type=\"section\" data-settings=\"{&quot;stretch_section&quot;:&quot;section-stretched&quot;}\">\n\t\t\t\t\t\t<div class=\"elementor-container elementor-column-gap-extended\">\n\t\t\t\t\t<div class=\"elementor-column elementor-col-50 elementor-top-column elementor-element elementor-element-6608d0d sc_layouts_column_icons_position_left\" data-id=\"6608d0d\" data-element_type=\"column\">\n\t\t\t<div class=\"elementor-widget-wrap elementor-element-populated\">\n\t\t\t\t\t\t<div class=\"elementor-element elementor-element-4034431 elementor-widget elementor-widget-heading\" data-id=\"4034431\" data-element_type=\"widget\" data-widget_type=\"heading.default\">\n\t\t\t\t<div class=\"elementor-widget-container\">\n\t\t\t\t\t<h3 class=\"elementor-heading-title elementor-size-default\">TARTUFO NERO PREGIATO<br> (TUBER MELANOSPORUM VITT.)\u200b<\/h3>\t\t\t\t<\/div>\n\t\t\t\t<\/div>\n\t\t\t\t\t<\/div>\n\t\t<\/div>\n\t\t\t\t<div class=\"elementor-column elementor-col-50 elementor-top-column elementor-element elementor-element-58ebcb6 sc_layouts_column_icons_position_left\" data-id=\"58ebcb6\" data-element_type=\"column\" data-settings=\"{&quot;background_background&quot;:&quot;classic&quot;}\">\n\t\t\t<div class=\"elementor-widget-wrap elementor-element-populated\">\n\t\t\t\t\t\t<div class=\"elementor-element elementor-element-9b2fe92 elementor-widget elementor-widget-text-editor\" data-id=\"9b2fe92\" data-element_type=\"widget\" data-widget_type=\"text-editor.default\">\n\t\t\t\t<div class=\"elementor-widget-container\">\n\t\t\t\t\t\t\t\t\t<p>Tra i tartufi neri \u00e8 senza dubbio il pi\u00f9 pregiato e costoso, con un peridio o scorza nera con verruche a forma piramidale e un profumo delicato e molto gradevole e viene raccolto dalla met\u00e0 di novembre alla met\u00e0 di marzo.<\/p>\t\t\t\t\t\t\t\t<\/div>\n\t\t\t\t<\/div>\n\t\t\t\t\t<\/div>\n\t\t<\/div>\n\t\t\t\t\t<\/div>\n\t\t<\/section>\n\t\t\t\t<section class=\"elementor-section elementor-top-section elementor-element elementor-element-84898ff elementor-section-boxed elementor-section-height-default elementor-section-height-default\" data-id=\"84898ff\" data-element_type=\"section\">\n\t\t\t\t\t\t<div class=\"elementor-container elementor-column-gap-extended\">\n\t\t\t\t\t<div class=\"elementor-column elementor-col-100 elementor-top-column elementor-element elementor-element-8686013 sc_layouts_column_icons_position_left\" data-id=\"8686013\" data-element_type=\"column\">\n\t\t\t<div class=\"elementor-widget-wrap elementor-element-populated\">\n\t\t\t\t\t\t<div class=\"elementor-element elementor-element-cae19b1 elementor-widget elementor-widget-spacer\" data-id=\"cae19b1\" data-element_type=\"widget\" data-widget_type=\"spacer.default\">\n\t\t\t\t<div class=\"elementor-widget-container\">\n\t\t\t\t\t\t\t<div class=\"elementor-spacer\">\n\t\t\t<div class=\"elementor-spacer-inner\"><\/div>\n\t\t<\/div>\n\t\t\t\t\t\t<\/div>\n\t\t\t\t<\/div>\n\t\t\t\t\t<\/div>\n\t\t<\/div>\n\t\t\t\t\t<\/div>\n\t\t<\/section>\n\t\t\t\t<section class=\"elementor-section elementor-top-section elementor-element elementor-element-7823dfc elementor-section-stretched elementor-section-boxed elementor-section-height-default elementor-section-height-default\" data-id=\"7823dfc\" data-element_type=\"section\" data-settings=\"{&quot;stretch_section&quot;:&quot;section-stretched&quot;}\">\n\t\t\t\t\t\t<div class=\"elementor-container elementor-column-gap-extended\">\n\t\t\t\t\t<div class=\"elementor-column elementor-col-50 elementor-top-column elementor-element elementor-element-a975255 sc_layouts_column_icons_position_left\" data-id=\"a975255\" data-element_type=\"column\">\n\t\t\t<div class=\"elementor-widget-wrap elementor-element-populated\">\n\t\t\t\t\t\t<div class=\"elementor-element elementor-element-8f9602a elementor-widget elementor-widget-heading\" data-id=\"8f9602a\" data-element_type=\"widget\" data-widget_type=\"heading.default\">\n\t\t\t\t<div class=\"elementor-widget-container\">\n\t\t\t\t\t<h3 class=\"elementor-heading-title elementor-size-default\">Tartufo nero Pregiato <br>(tuber melanosporum Vitt.)<\/h3>\t\t\t\t<\/div>\n\t\t\t\t<\/div>\n\t\t\t\t\t<\/div>\n\t\t<\/div>\n\t\t\t\t<div class=\"elementor-column elementor-col-50 elementor-top-column elementor-element elementor-element-1962b9c sc_layouts_column_icons_position_left\" data-id=\"1962b9c\" data-element_type=\"column\" data-settings=\"{&quot;background_background&quot;:&quot;classic&quot;}\">\n\t\t\t<div class=\"elementor-widget-wrap elementor-element-populated\">\n\t\t\t\t\t\t<div class=\"elementor-element elementor-element-6aaf6ff elementor-widget elementor-widget-text-editor\" data-id=\"6aaf6ff\" data-element_type=\"widget\" data-widget_type=\"text-editor.default\">\n\t\t\t\t<div class=\"elementor-widget-container\">\n\t\t\t\t\t\t\t\t\t<p>Tra i tartufi neri \u00e8 senza dubbio il pi\u00f9 pregiato e costoso, con un peridio o scorza nera con verruche a forma piramidale e un profumo delicato e molto gradevole e viene raccolto dalla met\u00e0 di novembre alla met\u00e0 di marzo.<\/p>\t\t\t\t\t\t\t\t<\/div>\n\t\t\t\t<\/div>\n\t\t\t\t\t<\/div>\n\t\t<\/div>\n\t\t\t\t\t<\/div>\n\t\t<\/section>\n\t\t\t\t<section class=\"elementor-section elementor-top-section elementor-element elementor-element-d17dc75 elementor-section-boxed elementor-section-height-default elementor-section-height-default\" data-id=\"d17dc75\" data-element_type=\"section\">\n\t\t\t\t\t\t<div class=\"elementor-container elementor-column-gap-extended\">\n\t\t\t\t\t<div class=\"elementor-column elementor-col-100 elementor-top-column elementor-element elementor-element-f3e61f2 sc_layouts_column_icons_position_left\" data-id=\"f3e61f2\" data-element_type=\"column\">\n\t\t\t<div class=\"elementor-widget-wrap elementor-element-populated\">\n\t\t\t\t\t\t<div class=\"elementor-element elementor-element-c38fc3c elementor-widget elementor-widget-spacer\" data-id=\"c38fc3c\" data-element_type=\"widget\" data-widget_type=\"spacer.default\">\n\t\t\t\t<div class=\"elementor-widget-container\">\n\t\t\t\t\t\t\t<div class=\"elementor-spacer\">\n\t\t\t<div class=\"elementor-spacer-inner\"><\/div>\n\t\t<\/div>\n\t\t\t\t\t\t<\/div>\n\t\t\t\t<\/div>\n\t\t\t\t\t<\/div>\n\t\t<\/div>\n\t\t\t\t\t<\/div>\n\t\t<\/section>\n\t\t\t\t<section class=\"elementor-section elementor-top-section elementor-element elementor-element-57baca2 elementor-section-stretched elementor-section-boxed elementor-section-height-default elementor-section-height-default\" data-id=\"57baca2\" data-element_type=\"section\" data-settings=\"{&quot;stretch_section&quot;:&quot;section-stretched&quot;}\">\n\t\t\t\t\t\t<div class=\"elementor-container elementor-column-gap-extended\">\n\t\t\t\t\t<div class=\"elementor-column elementor-col-50 elementor-top-column elementor-element elementor-element-6e0082e sc_layouts_column_icons_position_left\" data-id=\"6e0082e\" data-element_type=\"column\">\n\t\t\t<div class=\"elementor-widget-wrap elementor-element-populated\">\n\t\t\t\t\t\t<div class=\"elementor-element elementor-element-dc16515 elementor-widget elementor-widget-heading\" data-id=\"dc16515\" data-element_type=\"widget\" data-widget_type=\"heading.default\">\n\t\t\t\t<div class=\"elementor-widget-container\">\n\t\t\t\t\t<h3 class=\"elementor-heading-title elementor-size-default\">Tartufo d\u2019estate o scorzone <br>(tuber aestivum Vitt.)<\/h3>\t\t\t\t<\/div>\n\t\t\t\t<\/div>\n\t\t\t\t\t<\/div>\n\t\t<\/div>\n\t\t\t\t<div class=\"elementor-column elementor-col-50 elementor-top-column elementor-element elementor-element-6d2ced5 sc_layouts_column_icons_position_left\" data-id=\"6d2ced5\" data-element_type=\"column\" data-settings=\"{&quot;background_background&quot;:&quot;classic&quot;}\">\n\t\t\t<div class=\"elementor-widget-wrap elementor-element-populated\">\n\t\t\t\t\t\t<div class=\"elementor-element elementor-element-7519053 elementor-widget elementor-widget-text-editor\" data-id=\"7519053\" data-element_type=\"widget\" data-widget_type=\"text-editor.default\">\n\t\t\t\t<div class=\"elementor-widget-container\">\n\t\t\t\t\t\t\t\t\t<p><span style=\"font-family: Abel, sans-serif; font-size: 20px; font-style: normal; font-weight: 400;\">Presenta una scorza di colore grosse \u201cverruche\u201d sulla superficie, ma ha un profumo abbastanza debole. Viene raccolto dall&#8217;inizio di maggio fino alla met\u00e0 di novembre, anche se per la sua maturazione ottimale occorre attendere fino alla fine di giugno.<\/span><\/p>\t\t\t\t\t\t\t\t<\/div>\n\t\t\t\t<\/div>\n\t\t\t\t\t<\/div>\n\t\t<\/div>\n\t\t\t\t\t<\/div>\n\t\t<\/section>\n\t\t\t\t<section class=\"elementor-section elementor-top-section elementor-element elementor-element-918b619 elementor-section-boxed elementor-section-height-default elementor-section-height-default\" data-id=\"918b619\" data-element_type=\"section\">\n\t\t\t\t\t\t<div class=\"elementor-container elementor-column-gap-extended\">\n\t\t\t\t\t<div class=\"elementor-column elementor-col-100 elementor-top-column elementor-element elementor-element-dc634c9 sc_layouts_column_icons_position_left\" data-id=\"dc634c9\" data-element_type=\"column\">\n\t\t\t<div class=\"elementor-widget-wrap elementor-element-populated\">\n\t\t\t\t\t\t<div class=\"elementor-element elementor-element-df13432 elementor-widget elementor-widget-spacer\" data-id=\"df13432\" data-element_type=\"widget\" data-widget_type=\"spacer.default\">\n\t\t\t\t<div class=\"elementor-widget-container\">\n\t\t\t\t\t\t\t<div class=\"elementor-spacer\">\n\t\t\t<div class=\"elementor-spacer-inner\"><\/div>\n\t\t<\/div>\n\t\t\t\t\t\t<\/div>\n\t\t\t\t<\/div>\n\t\t\t\t\t<\/div>\n\t\t<\/div>\n\t\t\t\t\t<\/div>\n\t\t<\/section>\n\t\t\t\t<section class=\"elementor-section elementor-top-section elementor-element elementor-element-d066fb1 elementor-section-stretched elementor-section-boxed elementor-section-height-default elementor-section-height-default\" data-id=\"d066fb1\" data-element_type=\"section\" data-settings=\"{&quot;stretch_section&quot;:&quot;section-stretched&quot;}\">\n\t\t\t\t\t\t<div class=\"elementor-container elementor-column-gap-extended\">\n\t\t\t\t\t<div class=\"elementor-column elementor-col-50 elementor-top-column elementor-element elementor-element-13b8b1c sc_layouts_column_icons_position_left\" data-id=\"13b8b1c\" data-element_type=\"column\">\n\t\t\t<div class=\"elementor-widget-wrap elementor-element-populated\">\n\t\t\t\t\t\t<div class=\"elementor-element elementor-element-fbb0b55 elementor-widget elementor-widget-heading\" data-id=\"fbb0b55\" data-element_type=\"widget\" data-widget_type=\"heading.default\">\n\t\t\t\t<div class=\"elementor-widget-container\">\n\t\t\t\t\t<h3 class=\"elementor-heading-title elementor-size-default\">Tartufo moscato \n<br>(Tuber brumale Var. moschatum tum De Ferry)<\/h3>\t\t\t\t<\/div>\n\t\t\t\t<\/div>\n\t\t\t\t\t<\/div>\n\t\t<\/div>\n\t\t\t\t<div class=\"elementor-column elementor-col-50 elementor-top-column elementor-element elementor-element-c91156e sc_layouts_column_icons_position_left\" data-id=\"c91156e\" data-element_type=\"column\" data-settings=\"{&quot;background_background&quot;:&quot;classic&quot;}\">\n\t\t\t<div class=\"elementor-widget-wrap elementor-element-populated\">\n\t\t\t\t\t\t<div class=\"elementor-element elementor-element-490a36f elementor-widget elementor-widget-text-editor\" data-id=\"490a36f\" data-element_type=\"widget\" data-widget_type=\"text-editor.default\">\n\t\t\t\t<div class=\"elementor-widget-container\">\n\t\t\t\t\t\t\t\t\t<p><span style=\"font-family: Abel, sans-serif; font-size: 20px; font-style: normal; font-weight: 400;\">Una delle variet\u00e0 meno conosciute in Italia, \u00e8 simile al tartufo nero, per la sua superficie scura, ma meno pregiato e con un profumo pi\u00f9 persistente e un gusto pi\u00f9 accentuato dalle note muschiate e leggermente piccanti. Matura durante l\u2019inverno, in particolare da novembre e a marzo.<\/span><\/p>\t\t\t\t\t\t\t\t<\/div>\n\t\t\t\t<\/div>\n\t\t\t\t\t<\/div>\n\t\t<\/div>\n\t\t\t\t\t<\/div>\n\t\t<\/section>\n\t\t\t\t<section class=\"elementor-section elementor-top-section elementor-element elementor-element-4cf56f4 elementor-section-boxed elementor-section-height-default elementor-section-height-default\" data-id=\"4cf56f4\" data-element_type=\"section\">\n\t\t\t\t\t\t<div class=\"elementor-container elementor-column-gap-extended\">\n\t\t\t\t\t<div class=\"elementor-column elementor-col-100 elementor-top-column elementor-element elementor-element-84ff16c sc_layouts_column_icons_position_left\" data-id=\"84ff16c\" data-element_type=\"column\">\n\t\t\t<div class=\"elementor-widget-wrap elementor-element-populated\">\n\t\t\t\t\t\t<div class=\"elementor-element elementor-element-3bc11de elementor-widget elementor-widget-spacer\" data-id=\"3bc11de\" data-element_type=\"widget\" data-widget_type=\"spacer.default\">\n\t\t\t\t<div class=\"elementor-widget-container\">\n\t\t\t\t\t\t\t<div class=\"elementor-spacer\">\n\t\t\t<div class=\"elementor-spacer-inner\"><\/div>\n\t\t<\/div>\n\t\t\t\t\t\t<\/div>\n\t\t\t\t<\/div>\n\t\t\t\t\t<\/div>\n\t\t<\/div>\n\t\t\t\t\t<\/div>\n\t\t<\/section>\n\t\t\t\t<section class=\"elementor-section elementor-top-section elementor-element elementor-element-a3c9ef9 elementor-section-stretched elementor-section-boxed elementor-section-height-default elementor-section-height-default\" data-id=\"a3c9ef9\" data-element_type=\"section\" data-settings=\"{&quot;stretch_section&quot;:&quot;section-stretched&quot;}\">\n\t\t\t\t\t\t<div class=\"elementor-container elementor-column-gap-extended\">\n\t\t\t\t\t<div class=\"elementor-column elementor-col-50 elementor-top-column elementor-element elementor-element-c3a9199 sc_layouts_column_icons_position_left\" data-id=\"c3a9199\" data-element_type=\"column\">\n\t\t\t<div class=\"elementor-widget-wrap elementor-element-populated\">\n\t\t\t\t\t\t<div class=\"elementor-element elementor-element-0cb2c9c elementor-widget elementor-widget-heading\" data-id=\"0cb2c9c\" data-element_type=\"widget\" data-widget_type=\"heading.default\">\n\t\t\t\t<div class=\"elementor-widget-container\">\n\t\t\t\t\t<h3 class=\"elementor-heading-title elementor-size-default\">Tartufo uncinato<br> (Tuber aestivum Var. uncinatum Chatin)<\/h3>\t\t\t\t<\/div>\n\t\t\t\t<\/div>\n\t\t\t\t\t<\/div>\n\t\t<\/div>\n\t\t\t\t<div class=\"elementor-column elementor-col-50 elementor-top-column elementor-element elementor-element-a0825d0 sc_layouts_column_icons_position_left\" data-id=\"a0825d0\" data-element_type=\"column\" data-settings=\"{&quot;background_background&quot;:&quot;classic&quot;}\">\n\t\t\t<div class=\"elementor-widget-wrap elementor-element-populated\">\n\t\t\t\t\t\t<div class=\"elementor-element elementor-element-4fb697c elementor-widget elementor-widget-text-editor\" data-id=\"4fb697c\" data-element_type=\"widget\" data-widget_type=\"text-editor.default\">\n\t\t\t\t<div class=\"elementor-widget-container\">\n\t\t\t\t\t\t\t\t\t<p>Si tratta della variante invernale del tartufo estivo, a cui assomiglia nella sua parte esterna, con una scorza il cui colore varia dal bruno molto scuro al nero, ma con un aroma pi\u00f9 intenso e deciso, apprezzato da molti chef stellati. Il periodo di maturazione va da ottobre a dicembre, per cui viene raccolto tra ottobre e marzo.<\/p>\t\t\t\t\t\t\t\t<\/div>\n\t\t\t\t<\/div>\n\t\t\t\t\t<\/div>\n\t\t<\/div>\n\t\t\t\t\t<\/div>\n\t\t<\/section>\n\t\t\t\t<section class=\"elementor-section elementor-top-section elementor-element elementor-element-bd14dd0 elementor-section-boxed elementor-section-height-default elementor-section-height-default\" data-id=\"bd14dd0\" data-element_type=\"section\">\n\t\t\t\t\t\t<div class=\"elementor-container elementor-column-gap-extended\">\n\t\t\t\t\t<div class=\"elementor-column elementor-col-100 elementor-top-column elementor-element elementor-element-7bf2139 sc_layouts_column_icons_position_left\" data-id=\"7bf2139\" data-element_type=\"column\">\n\t\t\t<div class=\"elementor-widget-wrap elementor-element-populated\">\n\t\t\t\t\t\t<div class=\"elementor-element elementor-element-38ad2df elementor-widget elementor-widget-spacer\" data-id=\"38ad2df\" data-element_type=\"widget\" data-widget_type=\"spacer.default\">\n\t\t\t\t<div class=\"elementor-widget-container\">\n\t\t\t\t\t\t\t<div class=\"elementor-spacer\">\n\t\t\t<div class=\"elementor-spacer-inner\"><\/div>\n\t\t<\/div>\n\t\t\t\t\t\t<\/div>\n\t\t\t\t<\/div>\n\t\t\t\t\t<\/div>\n\t\t<\/div>\n\t\t\t\t\t<\/div>\n\t\t<\/section>\n\t\t\t\t<section class=\"elementor-section elementor-top-section elementor-element elementor-element-860846f elementor-section-stretched elementor-section-boxed elementor-section-height-default elementor-section-height-default\" data-id=\"860846f\" data-element_type=\"section\" data-settings=\"{&quot;stretch_section&quot;:&quot;section-stretched&quot;}\">\n\t\t\t\t\t\t<div class=\"elementor-container elementor-column-gap-extended\">\n\t\t\t\t\t<div class=\"elementor-column elementor-col-50 elementor-top-column elementor-element elementor-element-8b176f7 sc_layouts_column_icons_position_left\" data-id=\"8b176f7\" data-element_type=\"column\">\n\t\t\t<div class=\"elementor-widget-wrap elementor-element-populated\">\n\t\t\t\t\t\t<div class=\"elementor-element elementor-element-cfcd2b8 elementor-widget elementor-widget-heading\" data-id=\"cfcd2b8\" data-element_type=\"widget\" data-widget_type=\"heading.default\">\n\t\t\t\t<div class=\"elementor-widget-container\">\n\t\t\t\t\t<h3 class=\"elementor-heading-title elementor-size-default\">BIANCHETTO O MARZUOLO <br>(TUBER BORCHII VITTADINI O TUBER ALBIDUM PICO)\u200b<\/h3>\t\t\t\t<\/div>\n\t\t\t\t<\/div>\n\t\t\t\t\t<\/div>\n\t\t<\/div>\n\t\t\t\t<div class=\"elementor-column elementor-col-50 elementor-top-column elementor-element elementor-element-6ae4de5 sc_layouts_column_icons_position_left\" data-id=\"6ae4de5\" data-element_type=\"column\" data-settings=\"{&quot;background_background&quot;:&quot;classic&quot;}\">\n\t\t\t<div class=\"elementor-widget-wrap elementor-element-populated\">\n\t\t\t\t\t\t<div class=\"elementor-element elementor-element-3780d52 elementor-widget elementor-widget-text-editor\" data-id=\"3780d52\" data-element_type=\"widget\" data-widget_type=\"text-editor.default\">\n\t\t\t\t<div class=\"elementor-widget-container\">\n\t\t\t\t\t\t\t\t\t<p>Meno pregiato, ha una scorza rotondeggiante e liscia, con un colore che varia dal bianco ocra al rossastro negli esemplari pi\u00f9 maturi, alcune volte confuso con il tartufo bianco, rispetto al quale per\u00f2 \u00e8 pi\u00f9 piccolo e ha un profumo meno delicato.<\/p>\t\t\t\t\t\t\t\t<\/div>\n\t\t\t\t<\/div>\n\t\t\t\t\t<\/div>\n\t\t<\/div>\n\t\t\t\t\t<\/div>\n\t\t<\/section>\n\t\t\t\t<section class=\"elementor-section elementor-top-section elementor-element elementor-element-0705766 elementor-section-boxed elementor-section-height-default elementor-section-height-default\" data-id=\"0705766\" data-element_type=\"section\">\n\t\t\t\t\t\t<div class=\"elementor-container elementor-column-gap-extended\">\n\t\t\t\t\t<div class=\"elementor-column elementor-col-100 elementor-top-column elementor-element elementor-element-97127fc sc_layouts_column_icons_position_left\" data-id=\"97127fc\" data-element_type=\"column\">\n\t\t\t<div class=\"elementor-widget-wrap elementor-element-populated\">\n\t\t\t\t\t\t<div class=\"elementor-element elementor-element-e53da2e elementor-widget elementor-widget-spacer\" data-id=\"e53da2e\" data-element_type=\"widget\" data-widget_type=\"spacer.default\">\n\t\t\t\t<div class=\"elementor-widget-container\">\n\t\t\t\t\t\t\t<div class=\"elementor-spacer\">\n\t\t\t<div class=\"elementor-spacer-inner\"><\/div>\n\t\t<\/div>\n\t\t\t\t\t\t<\/div>\n\t\t\t\t<\/div>\n\t\t\t\t\t<\/div>\n\t\t<\/div>\n\t\t\t\t\t<\/div>\n\t\t<\/section>\n\t\t\t\t<section class=\"elementor-section elementor-top-section elementor-element elementor-element-1781dc1 elementor-section-stretched elementor-section-boxed elementor-section-height-default elementor-section-height-default\" data-id=\"1781dc1\" data-element_type=\"section\" data-settings=\"{&quot;stretch_section&quot;:&quot;section-stretched&quot;}\">\n\t\t\t\t\t\t<div class=\"elementor-container elementor-column-gap-extended\">\n\t\t\t\t\t<div class=\"elementor-column elementor-col-50 elementor-top-column elementor-element elementor-element-b591d8b sc_layouts_column_icons_position_left\" data-id=\"b591d8b\" data-element_type=\"column\">\n\t\t\t<div class=\"elementor-widget-wrap elementor-element-populated\">\n\t\t\t\t\t\t<div class=\"elementor-element elementor-element-f4214ca elementor-widget elementor-widget-heading\" data-id=\"f4214ca\" data-element_type=\"widget\" data-widget_type=\"heading.default\">\n\t\t\t\t<div class=\"elementor-widget-container\">\n\t\t\t\t\t<h3 class=\"elementor-heading-title elementor-size-default\">TARTUFO NERO D\u2019INVERNO O TRIFOLA NERA <br>(TUBER BRUMALE VITTADINI)\u200b<\/h3>\t\t\t\t<\/div>\n\t\t\t\t<\/div>\n\t\t\t\t\t<\/div>\n\t\t<\/div>\n\t\t\t\t<div class=\"elementor-column elementor-col-50 elementor-top-column elementor-element elementor-element-fbc2a97 sc_layouts_column_icons_position_left\" data-id=\"fbc2a97\" data-element_type=\"column\" data-settings=\"{&quot;background_background&quot;:&quot;classic&quot;}\">\n\t\t\t<div class=\"elementor-widget-wrap elementor-element-populated\">\n\t\t\t\t\t\t<div class=\"elementor-element elementor-element-333e367 elementor-widget elementor-widget-text-editor\" data-id=\"333e367\" data-element_type=\"widget\" data-widget_type=\"text-editor.default\">\n\t\t\t\t<div class=\"elementor-widget-container\">\n\t\t\t\t\t\t\t\t\t<p>Simile al tartufo nero pregiato, ma con un valore inferiore, ha un peridio di colore nerastro-ferruggineo ma un profumo deciso e persistente, con un periodo di raccolta che va da gennaio a marzo.<\/p>\t\t\t\t\t\t\t\t<\/div>\n\t\t\t\t<\/div>\n\t\t\t\t\t<\/div>\n\t\t<\/div>\n\t\t\t\t\t<\/div>\n\t\t<\/section>\n\t\t\t\t<section class=\"elementor-section elementor-top-section elementor-element elementor-element-105a512 elementor-section-boxed elementor-section-height-default elementor-section-height-default\" data-id=\"105a512\" data-element_type=\"section\">\n\t\t\t\t\t\t<div class=\"elementor-container elementor-column-gap-extended\">\n\t\t\t\t\t<div class=\"elementor-column elementor-col-100 elementor-top-column elementor-element elementor-element-4476f53 sc_layouts_column_icons_position_left\" data-id=\"4476f53\" data-element_type=\"column\">\n\t\t\t<div class=\"elementor-widget-wrap elementor-element-populated\">\n\t\t\t\t\t\t<div class=\"elementor-element elementor-element-392c36d elementor-widget elementor-widget-spacer\" data-id=\"392c36d\" data-element_type=\"widget\" data-widget_type=\"spacer.default\">\n\t\t\t\t<div class=\"elementor-widget-container\">\n\t\t\t\t\t\t\t<div class=\"elementor-spacer\">\n\t\t\t<div class=\"elementor-spacer-inner\"><\/div>\n\t\t<\/div>\n\t\t\t\t\t\t<\/div>\n\t\t\t\t<\/div>\n\t\t\t\t\t<\/div>\n\t\t<\/div>\n\t\t\t\t\t<\/div>\n\t\t<\/section>\n\t\t\t\t<section class=\"elementor-section elementor-top-section elementor-element elementor-element-3439023 elementor-section-stretched elementor-section-boxed elementor-section-height-default elementor-section-height-default\" data-id=\"3439023\" data-element_type=\"section\" data-settings=\"{&quot;stretch_section&quot;:&quot;section-stretched&quot;}\">\n\t\t\t\t\t\t<div class=\"elementor-container elementor-column-gap-extended\">\n\t\t\t\t\t<div class=\"elementor-column elementor-col-50 elementor-top-column elementor-element elementor-element-adde4f0 sc_layouts_column_icons_position_left\" data-id=\"adde4f0\" data-element_type=\"column\">\n\t\t\t<div class=\"elementor-widget-wrap elementor-element-populated\">\n\t\t\t\t\t\t<div class=\"elementor-element elementor-element-f7c802d elementor-widget elementor-widget-heading\" data-id=\"f7c802d\" data-element_type=\"widget\" data-widget_type=\"heading.default\">\n\t\t\t\t<div class=\"elementor-widget-container\">\n\t\t\t\t\t<h3 class=\"elementor-heading-title elementor-size-default\">TARTUFO NERO LISCIO<br> (TUBER MACROSPORUM VITT.)\u200b<\/h3>\t\t\t\t<\/div>\n\t\t\t\t<\/div>\n\t\t\t\t\t<\/div>\n\t\t<\/div>\n\t\t\t\t<div class=\"elementor-column elementor-col-50 elementor-top-column elementor-element elementor-element-4d11d02 sc_layouts_column_icons_position_left\" data-id=\"4d11d02\" data-element_type=\"column\" data-settings=\"{&quot;background_background&quot;:&quot;classic&quot;}\">\n\t\t\t<div class=\"elementor-widget-wrap elementor-element-populated\">\n\t\t\t\t\t\t<div class=\"elementor-element elementor-element-3f1de50 elementor-widget elementor-widget-text-editor\" data-id=\"3f1de50\" data-element_type=\"widget\" data-widget_type=\"text-editor.default\">\n\t\t\t\t<div class=\"elementor-widget-container\">\n\t\t\t\t\t\t\t\t\t<p><span style=\"font-family: Abel, sans-serif; font-size: 20px; font-style: normal; font-weight: 400;\">Variet\u00e0 meno conosciuta e meno commercializzata, con una scorza liscia e un profumo spiccato e gradevole, che ricorda quello del tartufo bianco ma pi\u00f9 persistente, viene raccolto nei mesi da ottobre a dicembre.<\/span><\/p>\t\t\t\t\t\t\t\t<\/div>\n\t\t\t\t<\/div>\n\t\t\t\t\t<\/div>\n\t\t<\/div>\n\t\t\t\t\t<\/div>\n\t\t<\/section>\n\t\t\t\t<section class=\"elementor-section elementor-top-section elementor-element elementor-element-4fee9b8 elementor-section-boxed elementor-section-height-default elementor-section-height-default\" data-id=\"4fee9b8\" data-element_type=\"section\">\n\t\t\t\t\t\t<div class=\"elementor-container elementor-column-gap-extended\">\n\t\t\t\t\t<div class=\"elementor-column elementor-col-100 elementor-top-column elementor-element elementor-element-b493051 sc_layouts_column_icons_position_left\" data-id=\"b493051\" data-element_type=\"column\">\n\t\t\t<div class=\"elementor-widget-wrap elementor-element-populated\">\n\t\t\t\t\t\t<div class=\"elementor-element elementor-element-081763e elementor-widget elementor-widget-spacer\" data-id=\"081763e\" data-element_type=\"widget\" data-widget_type=\"spacer.default\">\n\t\t\t\t<div class=\"elementor-widget-container\">\n\t\t\t\t\t\t\t<div class=\"elementor-spacer\">\n\t\t\t<div class=\"elementor-spacer-inner\"><\/div>\n\t\t<\/div>\n\t\t\t\t\t\t<\/div>\n\t\t\t\t<\/div>\n\t\t\t\t\t<\/div>\n\t\t<\/div>\n\t\t\t\t\t<\/div>\n\t\t<\/section>\n\t\t\t\t<section class=\"elementor-section elementor-top-section elementor-element elementor-element-492a667 elementor-section-stretched elementor-section-boxed elementor-section-height-default elementor-section-height-default\" data-id=\"492a667\" data-element_type=\"section\" data-settings=\"{&quot;stretch_section&quot;:&quot;section-stretched&quot;}\">\n\t\t\t\t\t\t<div class=\"elementor-container elementor-column-gap-extended\">\n\t\t\t\t\t<div class=\"elementor-column elementor-col-50 elementor-top-column elementor-element elementor-element-2e89752 sc_layouts_column_icons_position_left\" data-id=\"2e89752\" data-element_type=\"column\">\n\t\t\t<div class=\"elementor-widget-wrap elementor-element-populated\">\n\t\t\t\t\t\t<div class=\"elementor-element elementor-element-a3a0438 elementor-widget elementor-widget-heading\" data-id=\"a3a0438\" data-element_type=\"widget\" data-widget_type=\"heading.default\">\n\t\t\t\t<div class=\"elementor-widget-container\">\n\t\t\t\t\t<h3 class=\"elementor-heading-title elementor-size-default\">TARTUFO NERO DI BAGNOLI <br>(TUBER MESENTERICUM)\u200b<\/h3>\t\t\t\t<\/div>\n\t\t\t\t<\/div>\n\t\t\t\t\t<\/div>\n\t\t<\/div>\n\t\t\t\t<div class=\"elementor-column elementor-col-50 elementor-top-column elementor-element elementor-element-f2556ef sc_layouts_column_icons_position_left\" data-id=\"f2556ef\" data-element_type=\"column\" data-settings=\"{&quot;background_background&quot;:&quot;classic&quot;}\">\n\t\t\t<div class=\"elementor-widget-wrap elementor-element-populated\">\n\t\t\t\t\t\t<div class=\"elementor-element elementor-element-8c55f9b elementor-widget elementor-widget-text-editor\" data-id=\"8c55f9b\" data-element_type=\"widget\" data-widget_type=\"text-editor.default\">\n\t\t\t\t<div class=\"elementor-widget-container\">\n\t\t\t\t\t\t\t\t\t<p>Un aroma forte e pronunciato, scorza liscia e verrucosa di colore nero, sapore intenso e amarognolo: il tartufo nero di Bagnoli \u00e8 una delle variet\u00e0 pi\u00f9 conosciute e usate, anche se meno pregiata, e viene raccolto da settembre ad aprile.<\/p>\t\t\t\t\t\t\t\t<\/div>\n\t\t\t\t<\/div>\n\t\t\t\t\t<\/div>\n\t\t<\/div>\n\t\t\t\t\t<\/div>\n\t\t<\/section>\n\t\t\t\t<section class=\"elementor-section elementor-top-section elementor-element elementor-element-3ba9239 elementor-section-boxed elementor-section-height-default elementor-section-height-default\" data-id=\"3ba9239\" data-element_type=\"section\">\n\t\t\t\t\t\t<div class=\"elementor-container elementor-column-gap-extended\">\n\t\t\t\t\t<div class=\"elementor-column elementor-col-100 elementor-top-column elementor-element elementor-element-1993dce sc_layouts_column_icons_position_left\" data-id=\"1993dce\" data-element_type=\"column\">\n\t\t\t<div class=\"elementor-widget-wrap elementor-element-populated\">\n\t\t\t\t\t\t<div class=\"elementor-element elementor-element-b7f19f2 elementor-widget elementor-widget-spacer\" data-id=\"b7f19f2\" data-element_type=\"widget\" data-widget_type=\"spacer.default\">\n\t\t\t\t<div class=\"elementor-widget-container\">\n\t\t\t\t\t\t\t<div class=\"elementor-spacer\">\n\t\t\t<div class=\"elementor-spacer-inner\"><\/div>\n\t\t<\/div>\n\t\t\t\t\t\t<\/div>\n\t\t\t\t<\/div>\n\t\t\t\t\t<\/div>\n\t\t<\/div>\n\t\t\t\t\t<\/div>\n\t\t<\/section>\n\t\t\t\t<section class=\"elementor-section elementor-top-section elementor-element elementor-element-8c8735c elementor-section-stretched elementor-hidden-tablet elementor-section-boxed elementor-section-height-default elementor-section-height-default\" data-id=\"8c8735c\" data-element_type=\"section\" data-settings=\"{&quot;stretch_section&quot;:&quot;section-stretched&quot;}\">\n\t\t\t\t\t\t<div class=\"elementor-container elementor-column-gap-extended\">\n\t\t\t\t\t<div class=\"elementor-column elementor-col-100 elementor-top-column elementor-element elementor-element-6e4bc27 sc_layouts_column_icons_position_left\" data-id=\"6e4bc27\" data-element_type=\"column\">\n\t\t\t<div class=\"elementor-widget-wrap elementor-element-populated\">\n\t\t\t\t\t\t<div class=\"elementor-element elementor-element-0b490dd elementor-widget elementor-widget-heading\" data-id=\"0b490dd\" data-element_type=\"widget\" data-widget_type=\"heading.default\">\n\t\t\t\t<div class=\"elementor-widget-container\">\n\t\t\t\t\t<h3 class=\"elementor-heading-title elementor-size-default\">Dalla terra alla tavola<\/h3>\t\t\t\t<\/div>\n\t\t\t\t<\/div>\n\t\t\t\t\t<\/div>\n\t\t<\/div>\n\t\t\t\t\t<\/div>\n\t\t<\/section>\n\t\t\t\t<section class=\"elementor-section elementor-top-section elementor-element elementor-element-312e2dd elementor-section-stretched elementor-hidden-desktop elementor-hidden-mobile elementor-section-boxed elementor-section-height-default elementor-section-height-default\" data-id=\"312e2dd\" data-element_type=\"section\" data-settings=\"{&quot;stretch_section&quot;:&quot;section-stretched&quot;}\">\n\t\t\t\t\t\t<div class=\"elementor-container elementor-column-gap-extended\">\n\t\t\t\t\t<div class=\"elementor-column elementor-col-100 elementor-top-column elementor-element elementor-element-d4b24ee sc_layouts_column_icons_position_left\" data-id=\"d4b24ee\" data-element_type=\"column\">\n\t\t\t<div class=\"elementor-widget-wrap elementor-element-populated\">\n\t\t\t\t\t\t<div class=\"elementor-element elementor-element-834a18c elementor-widget elementor-widget-heading\" data-id=\"834a18c\" data-element_type=\"widget\" data-widget_type=\"heading.default\">\n\t\t\t\t<div class=\"elementor-widget-container\">\n\t\t\t\t\t<h3 class=\"elementor-heading-title elementor-size-default\">Dalla terra alla tavola<\/h3>\t\t\t\t<\/div>\n\t\t\t\t<\/div>\n\t\t\t\t\t<\/div>\n\t\t<\/div>\n\t\t\t\t\t<\/div>\n\t\t<\/section>\n\t\t\t\t<section class=\"elementor-section elementor-top-section elementor-element elementor-element-4d2f9fb elementor-section-stretched elementor-hidden-tablet elementor-section-boxed elementor-section-height-default elementor-section-height-default\" data-id=\"4d2f9fb\" data-element_type=\"section\" data-settings=\"{&quot;stretch_section&quot;:&quot;section-stretched&quot;}\">\n\t\t\t\t\t\t<div class=\"elementor-container elementor-column-gap-extended\">\n\t\t\t\t\t<div class=\"elementor-column elementor-col-50 elementor-top-column elementor-element elementor-element-c1fc162 sc_layouts_column_icons_position_left\" data-id=\"c1fc162\" data-element_type=\"column\" data-settings=\"{&quot;background_background&quot;:&quot;classic&quot;}\">\n\t\t\t<div class=\"elementor-widget-wrap elementor-element-populated\">\n\t\t\t\t\t\t<div class=\"elementor-element elementor-element-ec0746c elementor-widget elementor-widget-text-editor\" data-id=\"ec0746c\" data-element_type=\"widget\" data-widget_type=\"text-editor.default\">\n\t\t\t\t<div class=\"elementor-widget-container\">\n\t\t\t\t\t\t\t\t\t<p>La <strong>Festa del Tartufo Bianco e Nero pregiato di Campoli Appennino<\/strong> \u00e8 il momento dell\u2019anno in cui il tartufo viene celebrato: dalle gare con i cani da tartufo alle degustazioni dei tanti piatti tipici della cucina locale, come le fettuccine tirate rigorosamente a mano, chi visita il borgo medievale di Campoli Appenino nei giorni della fiera non pu\u00f2 che rimanere avvolto da profumi e una vitalit\u00e0 calda come i colori autunnali che colorano le montagne circostanti.<\/p><p>Campoli Appennino e i campolesi sono sempre pronti ad accogliere con entusiasmo chiunque arrivi a degustare il prezioso prodotto, caro all\u2019intera comunit\u00e0, che ha saputo valorizzarlo e farlo conoscere non solo in Italia, ma in tutto il mondo, grazie alle aziende che si sono dedicate alla sua lavorazione e commercializzazione, rispettando i ritmi lenti della natura per avere un prodotto di altissima qualit\u00e0, unico e inimitabile, che racconti la bellezza della <strong>Valle di Comino e della Ciociaria<\/strong>.<\/p>\t\t\t\t\t\t\t\t<\/div>\n\t\t\t\t<\/div>\n\t\t\t\t\t<\/div>\n\t\t<\/div>\n\t\t\t\t<div class=\"elementor-column elementor-col-50 elementor-top-column elementor-element elementor-element-4ea48ca sc_layouts_column_icons_position_left\" data-id=\"4ea48ca\" data-element_type=\"column\" data-settings=\"{&quot;background_background&quot;:&quot;classic&quot;}\">\n\t\t\t<div class=\"elementor-widget-wrap elementor-element-populated\">\n\t\t\t\t\t\t<div class=\"elementor-element elementor-element-7f558fd elementor-widget elementor-widget-image\" data-id=\"7f558fd\" data-element_type=\"widget\" data-widget_type=\"image.default\">\n\t\t\t\t<div class=\"elementor-widget-container\">\n\t\t\t\t\t\t\t\t\t\t\t\t\t\t\t<img decoding=\"async\" width=\"900\" height=\"601\" src=\"https:\/\/www.dmociociariavalledicomino.it\/wp-content\/uploads\/2022\/10\/Campoli-Appennino.jpg\" class=\"attachment-large size-large wp-image-7472\" alt=\"\" srcset=\"https:\/\/www.dmociociariavalledicomino.it\/wp-content\/uploads\/2022\/10\/Campoli-Appennino.jpg 900w, https:\/\/www.dmociociariavalledicomino.it\/wp-content\/uploads\/2022\/10\/Campoli-Appennino-300x200.jpg 300w, https:\/\/www.dmociociariavalledicomino.it\/wp-content\/uploads\/2022\/10\/Campoli-Appennino-768x513.jpg 768w, https:\/\/www.dmociociariavalledicomino.it\/wp-content\/uploads\/2022\/10\/Campoli-Appennino-18x12.jpg 18w, https:\/\/www.dmociociariavalledicomino.it\/wp-content\/uploads\/2022\/10\/Campoli-Appennino-370x247.jpg 370w, https:\/\/www.dmociociariavalledicomino.it\/wp-content\/uploads\/2022\/10\/Campoli-Appennino-850x568.jpg 850w, https:\/\/www.dmociociariavalledicomino.it\/wp-content\/uploads\/2022\/10\/Campoli-Appennino-390x260.jpg 390w, https:\/\/www.dmociociariavalledicomino.it\/wp-content\/uploads\/2022\/10\/Campoli-Appennino-780x521.jpg 780w, https:\/\/www.dmociociariavalledicomino.it\/wp-content\/uploads\/2022\/10\/Campoli-Appennino-600x401.jpg 600w\" sizes=\"(max-width: 900px) 100vw, 900px\" \/>\t\t\t\t\t\t\t\t\t\t\t\t\t\t\t<\/div>\n\t\t\t\t<\/div>\n\t\t\t\t<div class=\"elementor-element elementor-element-588e2ea elementor-widget elementor-widget-spacer\" data-id=\"588e2ea\" data-element_type=\"widget\" data-widget_type=\"spacer.default\">\n\t\t\t\t<div class=\"elementor-widget-container\">\n\t\t\t\t\t\t\t<div class=\"elementor-spacer\">\n\t\t\t<div class=\"elementor-spacer-inner\"><\/div>\n\t\t<\/div>\n\t\t\t\t\t\t<\/div>\n\t\t\t\t<\/div>\n\t\t\t\t<div class=\"elementor-element elementor-element-96aa109 elementor-align-center elementor-widget elementor-widget-button\" data-id=\"96aa109\" data-element_type=\"widget\" data-widget_type=\"button.default\">\n\t\t\t\t<div class=\"elementor-widget-container\">\n\t\t\t\t\t\t\t\t\t<div class=\"elementor-button-wrapper\">\n\t\t\t\t\t<a class=\"elementor-button elementor-button-link elementor-size-md\" href=\"#\">\n\t\t\t\t\t\t<span class=\"elementor-button-content-wrapper\">\n\t\t\t\t\t\t\t\t\t<span class=\"elementor-button-text\">\u00a9 CREDIT ALESSANDRO SAVONE<\/span>\n\t\t\t\t\t<\/span>\n\t\t\t\t\t<\/a>\n\t\t\t\t<\/div>\n\t\t\t\t\t\t\t\t<\/div>\n\t\t\t\t<\/div>\n\t\t\t\t\t<\/div>\n\t\t<\/div>\n\t\t\t\t\t<\/div>\n\t\t<\/section>\n\t\t\t\t<section class=\"elementor-section elementor-top-section elementor-element elementor-element-e7f639e elementor-section-stretched elementor-hidden-desktop elementor-hidden-mobile elementor-section-boxed elementor-section-height-default elementor-section-height-default\" data-id=\"e7f639e\" data-element_type=\"section\" data-settings=\"{&quot;stretch_section&quot;:&quot;section-stretched&quot;}\">\n\t\t\t\t\t\t<div class=\"elementor-container elementor-column-gap-extended\">\n\t\t\t\t\t<div class=\"elementor-column elementor-col-100 elementor-top-column elementor-element elementor-element-adf2409 sc_layouts_column_icons_position_left\" data-id=\"adf2409\" data-element_type=\"column\" data-settings=\"{&quot;background_background&quot;:&quot;classic&quot;}\">\n\t\t\t<div class=\"elementor-widget-wrap elementor-element-populated\">\n\t\t\t\t\t\t<div class=\"elementor-element elementor-element-d4e9bb3 elementor-widget elementor-widget-text-editor\" data-id=\"d4e9bb3\" data-element_type=\"widget\" data-widget_type=\"text-editor.default\">\n\t\t\t\t<div class=\"elementor-widget-container\">\n\t\t\t\t\t\t\t\t\t<p>La <strong>Festa del Tartufo Bianco e Nero pregiato di Campoli Appennino<\/strong> \u00e8 il momento dell\u2019anno in cui il tartufo viene celebrato: dalle gare con i cani da tartufo alle degustazioni dei tanti piatti tipici della cucina locale, come le fettuccine tirate rigorosamente a mano, chi visita il borgo medievale di Campoli Appenino nei giorni della fiera non pu\u00f2 che rimanere avvolto da profumi e una vitalit\u00e0 calda come i colori autunnali che colorano le montagne circostanti.<\/p><p>Campoli Appennino e i campolesi sono sempre pronti ad accogliere con entusiasmo chiunque arrivi a degustare il prezioso prodotto, caro all\u2019intera comunit\u00e0, che ha saputo valorizzarlo e farlo conoscere non solo in Italia, ma in tutto il mondo, grazie alle aziende che si sono dedicate alla sua lavorazione e commercializzazione, rispettando i ritmi lenti della natura per avere un prodotto di altissima qualit\u00e0, unico e inimitabile, che racconti la bellezza della <strong>Valle di Comino e della Ciociaria<\/strong>.<\/p>\t\t\t\t\t\t\t\t<\/div>\n\t\t\t\t<\/div>\n\t\t\t\t<div class=\"elementor-element elementor-element-735396f elementor-widget elementor-widget-spacer\" data-id=\"735396f\" data-element_type=\"widget\" data-widget_type=\"spacer.default\">\n\t\t\t\t<div class=\"elementor-widget-container\">\n\t\t\t\t\t\t\t<div class=\"elementor-spacer\">\n\t\t\t<div class=\"elementor-spacer-inner\"><\/div>\n\t\t<\/div>\n\t\t\t\t\t\t<\/div>\n\t\t\t\t<\/div>\n\t\t\t\t<div class=\"elementor-element elementor-element-add6e7b elementor-widget elementor-widget-image\" data-id=\"add6e7b\" data-element_type=\"widget\" data-widget_type=\"image.default\">\n\t\t\t\t<div class=\"elementor-widget-container\">\n\t\t\t\t\t\t\t\t\t\t\t\t\t\t\t<img decoding=\"async\" width=\"900\" height=\"601\" src=\"https:\/\/www.dmociociariavalledicomino.it\/wp-content\/uploads\/2022\/10\/Campoli-Appennino.jpg\" class=\"attachment-large size-large wp-image-7472\" alt=\"\" srcset=\"https:\/\/www.dmociociariavalledicomino.it\/wp-content\/uploads\/2022\/10\/Campoli-Appennino.jpg 900w, https:\/\/www.dmociociariavalledicomino.it\/wp-content\/uploads\/2022\/10\/Campoli-Appennino-300x200.jpg 300w, https:\/\/www.dmociociariavalledicomino.it\/wp-content\/uploads\/2022\/10\/Campoli-Appennino-768x513.jpg 768w, https:\/\/www.dmociociariavalledicomino.it\/wp-content\/uploads\/2022\/10\/Campoli-Appennino-18x12.jpg 18w, https:\/\/www.dmociociariavalledicomino.it\/wp-content\/uploads\/2022\/10\/Campoli-Appennino-370x247.jpg 370w, https:\/\/www.dmociociariavalledicomino.it\/wp-content\/uploads\/2022\/10\/Campoli-Appennino-850x568.jpg 850w, https:\/\/www.dmociociariavalledicomino.it\/wp-content\/uploads\/2022\/10\/Campoli-Appennino-390x260.jpg 390w, https:\/\/www.dmociociariavalledicomino.it\/wp-content\/uploads\/2022\/10\/Campoli-Appennino-780x521.jpg 780w, https:\/\/www.dmociociariavalledicomino.it\/wp-content\/uploads\/2022\/10\/Campoli-Appennino-600x401.jpg 600w\" sizes=\"(max-width: 900px) 100vw, 900px\" \/>\t\t\t\t\t\t\t\t\t\t\t\t\t\t\t<\/div>\n\t\t\t\t<\/div>\n\t\t\t\t<div class=\"elementor-element elementor-element-c5072d9 elementor-widget elementor-widget-spacer\" data-id=\"c5072d9\" data-element_type=\"widget\" data-widget_type=\"spacer.default\">\n\t\t\t\t<div class=\"elementor-widget-container\">\n\t\t\t\t\t\t\t<div class=\"elementor-spacer\">\n\t\t\t<div class=\"elementor-spacer-inner\"><\/div>\n\t\t<\/div>\n\t\t\t\t\t\t<\/div>\n\t\t\t\t<\/div>\n\t\t\t\t<div class=\"elementor-element elementor-element-dec32f6 elementor-align-center elementor-widget elementor-widget-button\" data-id=\"dec32f6\" data-element_type=\"widget\" data-widget_type=\"button.default\">\n\t\t\t\t<div class=\"elementor-widget-container\">\n\t\t\t\t\t\t\t\t\t<div class=\"elementor-button-wrapper\">\n\t\t\t\t\t<a class=\"elementor-button elementor-button-link elementor-size-md\" href=\"#\">\n\t\t\t\t\t\t<span class=\"elementor-button-content-wrapper\">\n\t\t\t\t\t\t\t\t\t<span class=\"elementor-button-text\">\u00a9 CREDIT ALESSANDRO SAVONE<\/span>\n\t\t\t\t\t<\/span>\n\t\t\t\t\t<\/a>\n\t\t\t\t<\/div>\n\t\t\t\t\t\t\t\t<\/div>\n\t\t\t\t<\/div>\n\t\t\t\t\t<\/div>\n\t\t<\/div>\n\t\t\t\t\t<\/div>\n\t\t<\/section>\n\t\t\t\t<section class=\"elementor-section elementor-top-section elementor-element elementor-element-d41687c elementor-section-boxed elementor-section-height-default elementor-section-height-default\" data-id=\"d41687c\" data-element_type=\"section\">\n\t\t\t\t\t\t<div class=\"elementor-container elementor-column-gap-extended\">\n\t\t\t\t\t<div class=\"elementor-column elementor-col-100 elementor-top-column elementor-element elementor-element-003b787 sc_layouts_column_icons_position_left\" data-id=\"003b787\" data-element_type=\"column\">\n\t\t\t<div class=\"elementor-widget-wrap elementor-element-populated\">\n\t\t\t\t\t\t<div class=\"elementor-element elementor-element-aba2e4f elementor-widget elementor-widget-spacer\" data-id=\"aba2e4f\" data-element_type=\"widget\" data-widget_type=\"spacer.default\">\n\t\t\t\t<div class=\"elementor-widget-container\">\n\t\t\t\t\t\t\t<div class=\"elementor-spacer\">\n\t\t\t<div class=\"elementor-spacer-inner\"><\/div>\n\t\t<\/div>\n\t\t\t\t\t\t<\/div>\n\t\t\t\t<\/div>\n\t\t\t\t\t<\/div>\n\t\t<\/div>\n\t\t\t\t\t<\/div>\n\t\t<\/section>\n\t\t\t\t<\/div>","protected":false},"excerpt":{"rendered":"<p>Il Tartufo di Campoli Appennino L\u2019ORO DELLA CIOCIARIA DA GUSTARE ALLA FESTA DEL TARTUFO BIANCO E NERO PREGIATO L\u2019ORO DELLA CIOCIARIA DA GUSTARE ALLA FESTA DEL TARTUFO BIANCO E NERO PREGIATO Vanto di tutto il territorio, il Tartufo di Campoli Appennino\u00a0\u00e8 l\u2019\u201coro\u201d della Ciociaria e della Valle di Comino, uno dei prodotti di eccellenza celebrato fin dall\u2019antichit\u00e0 e protagonista di&hellip;<\/p>","protected":false},"author":1,"featured_media":7488,"comment_status":"closed","ping_status":"closed","sticky":false,"template":"","format":"standard","meta":{"footnotes":""},"categories":[75,17,89],"tags":[179,178,176,175,177],"class_list":["post-7461","post","type-post","status-publish","format-standard","has-post-thumbnail","hentry","category-blog","category-enogastronomia","category-eventi","tag-eccellenza","tag-oro-della-ciociaria","tag-tartufo-bianco","tag-tartufo-di-campoli-appennino","tag-tartufo-nero-pregiato"],"acf":[],"yoast_head":"<!-- This site is optimized with the Yoast SEO plugin v24.6 - https:\/\/yoast.com\/wordpress\/plugins\/seo\/ -->\n<title>Il Tartufo di Campoli Appennino: l\u2019oro della Ciociaria<\/title>\n<meta name=\"description\" content=\"Il prezioso \u201coro\u201d della Ciociaria da gustare alla Festa del Tartufo Bianco e Nero pregiato di Campoli Appennino: eccellenze nascoste tutte da scoprire.\" \/>\n<meta name=\"robots\" content=\"index, follow, max-snippet:-1, max-image-preview:large, max-video-preview:-1\" \/>\n<link rel=\"canonical\" href=\"https:\/\/www.dmociociariavalledicomino.it\/en\/il-tartufo-di-campoli-appennino-l-oro-della-ciociaria\/\" \/>\n<meta property=\"og:locale\" content=\"en_GB\" \/>\n<meta property=\"og:type\" content=\"article\" \/>\n<meta property=\"og:title\" content=\"Il Tartufo di Campoli Appennino: l\u2019oro della Ciociaria\" \/>\n<meta property=\"og:description\" content=\"Il prezioso \u201coro\u201d della Ciociaria da gustare alla Festa del Tartufo Bianco e Nero pregiato di Campoli Appennino: eccellenze nascoste tutte da scoprire.\" \/>\n<meta property=\"og:url\" content=\"https:\/\/www.dmociociariavalledicomino.it\/en\/il-tartufo-di-campoli-appennino-l-oro-della-ciociaria\/\" \/>\n<meta property=\"og:site_name\" content=\"DMO Ciociaria Valle di Comino\" \/>\n<meta property=\"article:published_time\" content=\"2022-10-25T12:13:06+00:00\" \/>\n<meta property=\"article:modified_time\" content=\"2023-10-04T10:33:28+00:00\" \/>\n<meta property=\"og:image\" content=\"https:\/\/www.dmociociariavalledicomino.it\/wp-content\/uploads\/2022\/10\/tartufo_fiera_campoli.jpg\" \/>\n\t<meta property=\"og:image:width\" content=\"920\" \/>\n\t<meta property=\"og:image:height\" content=\"614\" \/>\n\t<meta property=\"og:image:type\" content=\"image\/jpeg\" \/>\n<meta name=\"author\" content=\"admin\" \/>\n<meta name=\"twitter:card\" content=\"summary_large_image\" \/>\n<meta name=\"twitter:label1\" content=\"Written by\" \/>\n\t<meta name=\"twitter:data1\" content=\"admin\" \/>\n\t<meta name=\"twitter:label2\" content=\"Estimated reading time\" \/>\n\t<meta name=\"twitter:data2\" content=\"10 minutes\" \/>\n<script type=\"application\/ld+json\" class=\"yoast-schema-graph\">{\"@context\":\"https:\/\/schema.org\",\"@graph\":[{\"@type\":\"Article\",\"@id\":\"https:\/\/www.dmociociariavalledicomino.it\/il-tartufo-di-campoli-appennino-l-oro-della-ciociaria\/#article\",\"isPartOf\":{\"@id\":\"https:\/\/www.dmociociariavalledicomino.it\/il-tartufo-di-campoli-appennino-l-oro-della-ciociaria\/\"},\"author\":{\"name\":\"admin\",\"@id\":\"https:\/\/www.dmociociariavalledicomino.it\/#\/schema\/person\/3bf46154fba3deea98d7bd5acb562c6e\"},\"headline\":\"Il Tartufo di Campoli Appennino: l\u2019oro della Ciociaria da gustare alla Festa del Tartufo Bianco e Nero pregiato\",\"datePublished\":\"2022-10-25T12:13:06+00:00\",\"dateModified\":\"2023-10-04T10:33:28+00:00\",\"mainEntityOfPage\":{\"@id\":\"https:\/\/www.dmociociariavalledicomino.it\/il-tartufo-di-campoli-appennino-l-oro-della-ciociaria\/\"},\"wordCount\":1640,\"publisher\":{\"@id\":\"https:\/\/www.dmociociariavalledicomino.it\/#organization\"},\"image\":{\"@id\":\"https:\/\/www.dmociociariavalledicomino.it\/il-tartufo-di-campoli-appennino-l-oro-della-ciociaria\/#primaryimage\"},\"thumbnailUrl\":\"https:\/\/www.dmociociariavalledicomino.it\/wp-content\/uploads\/2022\/10\/tartufo_fiera_campoli.jpg\",\"keywords\":[\"eccellenza\",\"oro della Ciociaria\",\"tartufo bianco\",\"tartufo di Campoli Appennino\",\"tartufo nero pregiato\"],\"articleSection\":[\"Blog\",\"Enogastronomia\",\"Eventi\"],\"inLanguage\":\"en-GB\"},{\"@type\":\"WebPage\",\"@id\":\"https:\/\/www.dmociociariavalledicomino.it\/il-tartufo-di-campoli-appennino-l-oro-della-ciociaria\/\",\"url\":\"https:\/\/www.dmociociariavalledicomino.it\/il-tartufo-di-campoli-appennino-l-oro-della-ciociaria\/\",\"name\":\"Il Tartufo di Campoli Appennino: l\u2019oro della Ciociaria\",\"isPartOf\":{\"@id\":\"https:\/\/www.dmociociariavalledicomino.it\/#website\"},\"primaryImageOfPage\":{\"@id\":\"https:\/\/www.dmociociariavalledicomino.it\/il-tartufo-di-campoli-appennino-l-oro-della-ciociaria\/#primaryimage\"},\"image\":{\"@id\":\"https:\/\/www.dmociociariavalledicomino.it\/il-tartufo-di-campoli-appennino-l-oro-della-ciociaria\/#primaryimage\"},\"thumbnailUrl\":\"https:\/\/www.dmociociariavalledicomino.it\/wp-content\/uploads\/2022\/10\/tartufo_fiera_campoli.jpg\",\"datePublished\":\"2022-10-25T12:13:06+00:00\",\"dateModified\":\"2023-10-04T10:33:28+00:00\",\"description\":\"Il prezioso \u201coro\u201d della Ciociaria da gustare alla Festa del Tartufo Bianco e Nero pregiato di Campoli Appennino: eccellenze nascoste tutte da scoprire.\",\"breadcrumb\":{\"@id\":\"https:\/\/www.dmociociariavalledicomino.it\/il-tartufo-di-campoli-appennino-l-oro-della-ciociaria\/#breadcrumb\"},\"inLanguage\":\"en-GB\",\"potentialAction\":[{\"@type\":\"ReadAction\",\"target\":[\"https:\/\/www.dmociociariavalledicomino.it\/il-tartufo-di-campoli-appennino-l-oro-della-ciociaria\/\"]}]},{\"@type\":\"ImageObject\",\"inLanguage\":\"en-GB\",\"@id\":\"https:\/\/www.dmociociariavalledicomino.it\/il-tartufo-di-campoli-appennino-l-oro-della-ciociaria\/#primaryimage\",\"url\":\"https:\/\/www.dmociociariavalledicomino.it\/wp-content\/uploads\/2022\/10\/tartufo_fiera_campoli.jpg\",\"contentUrl\":\"https:\/\/www.dmociociariavalledicomino.it\/wp-content\/uploads\/2022\/10\/tartufo_fiera_campoli.jpg\",\"width\":920,\"height\":614},{\"@type\":\"BreadcrumbList\",\"@id\":\"https:\/\/www.dmociociariavalledicomino.it\/il-tartufo-di-campoli-appennino-l-oro-della-ciociaria\/#breadcrumb\",\"itemListElement\":[{\"@type\":\"ListItem\",\"position\":1,\"name\":\"Home\",\"item\":\"https:\/\/www.dmociociariavalledicomino.it\/\"},{\"@type\":\"ListItem\",\"position\":2,\"name\":\"Il Tartufo di Campoli Appennino: l\u2019oro della Ciociaria da gustare alla Festa del Tartufo Bianco e Nero pregiato\"}]},{\"@type\":\"WebSite\",\"@id\":\"https:\/\/www.dmociociariavalledicomino.it\/#website\",\"url\":\"https:\/\/www.dmociociariavalledicomino.it\/\",\"name\":\"DMO Ciociaria Valle di Comino\",\"description\":\"La destinazione che non c'era\",\"publisher\":{\"@id\":\"https:\/\/www.dmociociariavalledicomino.it\/#organization\"},\"potentialAction\":[{\"@type\":\"SearchAction\",\"target\":{\"@type\":\"EntryPoint\",\"urlTemplate\":\"https:\/\/www.dmociociariavalledicomino.it\/?s={search_term_string}\"},\"query-input\":{\"@type\":\"PropertyValueSpecification\",\"valueRequired\":true,\"valueName\":\"search_term_string\"}}],\"inLanguage\":\"en-GB\"},{\"@type\":\"Organization\",\"@id\":\"https:\/\/www.dmociociariavalledicomino.it\/#organization\",\"name\":\"DMO Ciociaria Valle di Comino\",\"url\":\"https:\/\/www.dmociociariavalledicomino.it\/\",\"logo\":{\"@type\":\"ImageObject\",\"inLanguage\":\"en-GB\",\"@id\":\"https:\/\/www.dmociociariavalledicomino.it\/#\/schema\/logo\/image\/\",\"url\":\"https:\/\/www.dmociociariavalledicomino.it\/wp-content\/uploads\/2022\/03\/logo-1x-1.png\",\"contentUrl\":\"https:\/\/www.dmociociariavalledicomino.it\/wp-content\/uploads\/2022\/03\/logo-1x-1.png\",\"width\":435,\"height\":100,\"caption\":\"DMO Ciociaria Valle di Comino\"},\"image\":{\"@id\":\"https:\/\/www.dmociociariavalledicomino.it\/#\/schema\/logo\/image\/\"}},{\"@type\":\"Person\",\"@id\":\"https:\/\/www.dmociociariavalledicomino.it\/#\/schema\/person\/3bf46154fba3deea98d7bd5acb562c6e\",\"name\":\"admin\",\"image\":{\"@type\":\"ImageObject\",\"inLanguage\":\"en-GB\",\"@id\":\"https:\/\/www.dmociociariavalledicomino.it\/#\/schema\/person\/image\/\",\"url\":\"https:\/\/secure.gravatar.com\/avatar\/1fbb3f445cf77d4b14505985324155bdee1cc76aba31ffb5d872bb89773bcb48?s=96&d=mm&r=g\",\"contentUrl\":\"https:\/\/secure.gravatar.com\/avatar\/1fbb3f445cf77d4b14505985324155bdee1cc76aba31ffb5d872bb89773bcb48?s=96&d=mm&r=g\",\"caption\":\"admin\"},\"url\":\"https:\/\/www.dmociociariavalledicomino.it\/en\/author\/admin\/\"}]}<\/script>\n<!-- \/ Yoast SEO plugin. -->","yoast_head_json":{"title":"Il Tartufo di Campoli Appennino: l\u2019oro della Ciociaria","description":"Il prezioso \u201coro\u201d della Ciociaria da gustare alla Festa del Tartufo Bianco e Nero pregiato di Campoli Appennino: eccellenze nascoste tutte da scoprire.","robots":{"index":"index","follow":"follow","max-snippet":"max-snippet:-1","max-image-preview":"max-image-preview:large","max-video-preview":"max-video-preview:-1"},"canonical":"https:\/\/www.dmociociariavalledicomino.it\/en\/il-tartufo-di-campoli-appennino-l-oro-della-ciociaria\/","og_locale":"en_GB","og_type":"article","og_title":"Il Tartufo di Campoli Appennino: l\u2019oro della Ciociaria","og_description":"Il prezioso \u201coro\u201d della Ciociaria da gustare alla Festa del Tartufo Bianco e Nero pregiato di Campoli Appennino: eccellenze nascoste tutte da scoprire.","og_url":"https:\/\/www.dmociociariavalledicomino.it\/en\/il-tartufo-di-campoli-appennino-l-oro-della-ciociaria\/","og_site_name":"DMO Ciociaria Valle di Comino","article_published_time":"2022-10-25T12:13:06+00:00","article_modified_time":"2023-10-04T10:33:28+00:00","og_image":[{"width":920,"height":614,"url":"https:\/\/www.dmociociariavalledicomino.it\/wp-content\/uploads\/2022\/10\/tartufo_fiera_campoli.jpg","type":"image\/jpeg"}],"author":"admin","twitter_card":"summary_large_image","twitter_misc":{"Written by":"admin","Estimated reading time":"10 minutes"},"schema":{"@context":"https:\/\/schema.org","@graph":[{"@type":"Article","@id":"https:\/\/www.dmociociariavalledicomino.it\/il-tartufo-di-campoli-appennino-l-oro-della-ciociaria\/#article","isPartOf":{"@id":"https:\/\/www.dmociociariavalledicomino.it\/il-tartufo-di-campoli-appennino-l-oro-della-ciociaria\/"},"author":{"name":"admin","@id":"https:\/\/www.dmociociariavalledicomino.it\/#\/schema\/person\/3bf46154fba3deea98d7bd5acb562c6e"},"headline":"Il Tartufo di Campoli Appennino: l\u2019oro della Ciociaria da gustare alla Festa del Tartufo Bianco e Nero pregiato","datePublished":"2022-10-25T12:13:06+00:00","dateModified":"2023-10-04T10:33:28+00:00","mainEntityOfPage":{"@id":"https:\/\/www.dmociociariavalledicomino.it\/il-tartufo-di-campoli-appennino-l-oro-della-ciociaria\/"},"wordCount":1640,"publisher":{"@id":"https:\/\/www.dmociociariavalledicomino.it\/#organization"},"image":{"@id":"https:\/\/www.dmociociariavalledicomino.it\/il-tartufo-di-campoli-appennino-l-oro-della-ciociaria\/#primaryimage"},"thumbnailUrl":"https:\/\/www.dmociociariavalledicomino.it\/wp-content\/uploads\/2022\/10\/tartufo_fiera_campoli.jpg","keywords":["eccellenza","oro della Ciociaria","tartufo bianco","tartufo di Campoli Appennino","tartufo nero pregiato"],"articleSection":["Blog","Enogastronomia","Eventi"],"inLanguage":"en-GB"},{"@type":"WebPage","@id":"https:\/\/www.dmociociariavalledicomino.it\/il-tartufo-di-campoli-appennino-l-oro-della-ciociaria\/","url":"https:\/\/www.dmociociariavalledicomino.it\/il-tartufo-di-campoli-appennino-l-oro-della-ciociaria\/","name":"Il Tartufo di Campoli Appennino: l\u2019oro della Ciociaria","isPartOf":{"@id":"https:\/\/www.dmociociariavalledicomino.it\/#website"},"primaryImageOfPage":{"@id":"https:\/\/www.dmociociariavalledicomino.it\/il-tartufo-di-campoli-appennino-l-oro-della-ciociaria\/#primaryimage"},"image":{"@id":"https:\/\/www.dmociociariavalledicomino.it\/il-tartufo-di-campoli-appennino-l-oro-della-ciociaria\/#primaryimage"},"thumbnailUrl":"https:\/\/www.dmociociariavalledicomino.it\/wp-content\/uploads\/2022\/10\/tartufo_fiera_campoli.jpg","datePublished":"2022-10-25T12:13:06+00:00","dateModified":"2023-10-04T10:33:28+00:00","description":"Il prezioso \u201coro\u201d della Ciociaria da gustare alla Festa del Tartufo Bianco e Nero pregiato di Campoli Appennino: eccellenze nascoste tutte da scoprire.","breadcrumb":{"@id":"https:\/\/www.dmociociariavalledicomino.it\/il-tartufo-di-campoli-appennino-l-oro-della-ciociaria\/#breadcrumb"},"inLanguage":"en-GB","potentialAction":[{"@type":"ReadAction","target":["https:\/\/www.dmociociariavalledicomino.it\/il-tartufo-di-campoli-appennino-l-oro-della-ciociaria\/"]}]},{"@type":"ImageObject","inLanguage":"en-GB","@id":"https:\/\/www.dmociociariavalledicomino.it\/il-tartufo-di-campoli-appennino-l-oro-della-ciociaria\/#primaryimage","url":"https:\/\/www.dmociociariavalledicomino.it\/wp-content\/uploads\/2022\/10\/tartufo_fiera_campoli.jpg","contentUrl":"https:\/\/www.dmociociariavalledicomino.it\/wp-content\/uploads\/2022\/10\/tartufo_fiera_campoli.jpg","width":920,"height":614},{"@type":"BreadcrumbList","@id":"https:\/\/www.dmociociariavalledicomino.it\/il-tartufo-di-campoli-appennino-l-oro-della-ciociaria\/#breadcrumb","itemListElement":[{"@type":"ListItem","position":1,"name":"Home","item":"https:\/\/www.dmociociariavalledicomino.it\/"},{"@type":"ListItem","position":2,"name":"Il Tartufo di Campoli Appennino: l\u2019oro della Ciociaria da gustare alla Festa del Tartufo Bianco e Nero pregiato"}]},{"@type":"WebSite","@id":"https:\/\/www.dmociociariavalledicomino.it\/#website","url":"https:\/\/www.dmociociariavalledicomino.it\/","name":"DMO Ciociaria Valle di Comino","description":"La destinazione che non c'era","publisher":{"@id":"https:\/\/www.dmociociariavalledicomino.it\/#organization"},"potentialAction":[{"@type":"SearchAction","target":{"@type":"EntryPoint","urlTemplate":"https:\/\/www.dmociociariavalledicomino.it\/?s={search_term_string}"},"query-input":{"@type":"PropertyValueSpecification","valueRequired":true,"valueName":"search_term_string"}}],"inLanguage":"en-GB"},{"@type":"Organization","@id":"https:\/\/www.dmociociariavalledicomino.it\/#organization","name":"DMO Ciociaria Valle di Comino","url":"https:\/\/www.dmociociariavalledicomino.it\/","logo":{"@type":"ImageObject","inLanguage":"en-GB","@id":"https:\/\/www.dmociociariavalledicomino.it\/#\/schema\/logo\/image\/","url":"https:\/\/www.dmociociariavalledicomino.it\/wp-content\/uploads\/2022\/03\/logo-1x-1.png","contentUrl":"https:\/\/www.dmociociariavalledicomino.it\/wp-content\/uploads\/2022\/03\/logo-1x-1.png","width":435,"height":100,"caption":"DMO Ciociaria Valle di Comino"},"image":{"@id":"https:\/\/www.dmociociariavalledicomino.it\/#\/schema\/logo\/image\/"}},{"@type":"Person","@id":"https:\/\/www.dmociociariavalledicomino.it\/#\/schema\/person\/3bf46154fba3deea98d7bd5acb562c6e","name":"admin","image":{"@type":"ImageObject","inLanguage":"en-GB","@id":"https:\/\/www.dmociociariavalledicomino.it\/#\/schema\/person\/image\/","url":"https:\/\/secure.gravatar.com\/avatar\/1fbb3f445cf77d4b14505985324155bdee1cc76aba31ffb5d872bb89773bcb48?s=96&d=mm&r=g","contentUrl":"https:\/\/secure.gravatar.com\/avatar\/1fbb3f445cf77d4b14505985324155bdee1cc76aba31ffb5d872bb89773bcb48?s=96&d=mm&r=g","caption":"admin"},"url":"https:\/\/www.dmociociariavalledicomino.it\/en\/author\/admin\/"}]}},"_links":{"self":[{"href":"https:\/\/www.dmociociariavalledicomino.it\/en\/wp-json\/wp\/v2\/posts\/7461","targetHints":{"allow":["GET"]}}],"collection":[{"href":"https:\/\/www.dmociociariavalledicomino.it\/en\/wp-json\/wp\/v2\/posts"}],"about":[{"href":"https:\/\/www.dmociociariavalledicomino.it\/en\/wp-json\/wp\/v2\/types\/post"}],"author":[{"embeddable":true,"href":"https:\/\/www.dmociociariavalledicomino.it\/en\/wp-json\/wp\/v2\/users\/1"}],"replies":[{"embeddable":true,"href":"https:\/\/www.dmociociariavalledicomino.it\/en\/wp-json\/wp\/v2\/comments?post=7461"}],"version-history":[{"count":45,"href":"https:\/\/www.dmociociariavalledicomino.it\/en\/wp-json\/wp\/v2\/posts\/7461\/revisions"}],"predecessor-version":[{"id":7534,"href":"https:\/\/www.dmociociariavalledicomino.it\/en\/wp-json\/wp\/v2\/posts\/7461\/revisions\/7534"}],"wp:featuredmedia":[{"embeddable":true,"href":"https:\/\/www.dmociociariavalledicomino.it\/en\/wp-json\/wp\/v2\/media\/7488"}],"wp:attachment":[{"href":"https:\/\/www.dmociociariavalledicomino.it\/en\/wp-json\/wp\/v2\/media?parent=7461"}],"wp:term":[{"taxonomy":"category","embeddable":true,"href":"https:\/\/www.dmociociariavalledicomino.it\/en\/wp-json\/wp\/v2\/categories?post=7461"},{"taxonomy":"post_tag","embeddable":true,"href":"https:\/\/www.dmociociariavalledicomino.it\/en\/wp-json\/wp\/v2\/tags?post=7461"}],"curies":[{"name":"wp","href":"https:\/\/api.w.org\/{rel}","templated":true}]}}