{"id":6895,"date":"2022-09-30T11:51:06","date_gmt":"2022-09-30T09:51:06","guid":{"rendered":"https:\/\/www.dmociociariavalledicomino.it\/?p=6895"},"modified":"2023-10-04T12:31:43","modified_gmt":"2023-10-04T10:31:43","slug":"la-dmo-ciociaria-valle-di-comino-al-ttg-di-rimini","status":"publish","type":"post","link":"https:\/\/www.dmociociariavalledicomino.it\/en\/la-dmo-ciociaria-valle-di-comino-al-ttg-di-rimini\/","title":{"rendered":"La DMO \u201cCiociaria-Valle di Comino\u201d al TTG di Rimini"},"content":{"rendered":"<div data-elementor-type=\"wp-post\" data-elementor-id=\"6895\" class=\"elementor elementor-6895\" data-elementor-post-type=\"post\">\n\t\t\t\t\t\t<section class=\"elementor-section elementor-top-section elementor-element elementor-element-6197ef4 elementor-section-stretched elementor-hidden-tablet elementor-hidden-mobile elementor-section-boxed elementor-section-height-default elementor-section-height-default\" data-id=\"6197ef4\" data-element_type=\"section\" data-settings=\"{&quot;stretch_section&quot;:&quot;section-stretched&quot;}\">\n\t\t\t\t\t\t<div class=\"elementor-container elementor-column-gap-extended\">\n\t\t\t\t\t<div class=\"elementor-column elementor-col-100 elementor-top-column elementor-element elementor-element-ec9577d sc_layouts_column_icons_position_left\" data-id=\"ec9577d\" data-element_type=\"column\">\n\t\t\t<div class=\"elementor-widget-wrap elementor-element-populated\">\n\t\t\t\t\t\t<div class=\"elementor-element elementor-element-437b099 elementor-widget elementor-widget-heading\" data-id=\"437b099\" data-element_type=\"widget\" data-widget_type=\"heading.default\">\n\t\t\t\t<div class=\"elementor-widget-container\">\n\t\t\t\t\t<h1 class=\"elementor-heading-title elementor-size-default\">DMO Ciociaria Valle di Comino al TTG di Rimini<\/h1>\t\t\t\t<\/div>\n\t\t\t\t<\/div>\n\t\t\t\t<div class=\"elementor-element elementor-element-b688e63 elementor-widget elementor-widget-heading\" data-id=\"b688e63\" data-element_type=\"widget\" data-widget_type=\"heading.default\">\n\t\t\t\t<div class=\"elementor-widget-container\">\n\t\t\t\t\t<h2 class=\"elementor-heading-title elementor-size-default\">La DMO Ciociaria Valle di Comino presente alla fiera internazionale del turismo TTG di Rimini per promuovere il territorio e illustrare tutte le novit\u00e0<\/h2>\t\t\t\t<\/div>\n\t\t\t\t<\/div>\n\t\t\t\t<div class=\"elementor-element elementor-element-5f2cc96 elementor-widget-divider--view-line elementor-widget elementor-widget-divider\" data-id=\"5f2cc96\" data-element_type=\"widget\" data-widget_type=\"divider.default\">\n\t\t\t\t<div class=\"elementor-widget-container\">\n\t\t\t\t\t\t\t<div class=\"elementor-divider\">\n\t\t\t<span class=\"elementor-divider-separator\">\n\t\t\t\t\t\t<\/span>\n\t\t<\/div>\n\t\t\t\t\t\t<\/div>\n\t\t\t\t<\/div>\n\t\t\t\t\t<\/div>\n\t\t<\/div>\n\t\t\t\t\t<\/div>\n\t\t<\/section>\n\t\t\t\t<section class=\"elementor-section elementor-top-section elementor-element elementor-element-255165f elementor-section-stretched elementor-hidden-desktop elementor-section-boxed elementor-section-height-default elementor-section-height-default\" data-id=\"255165f\" data-element_type=\"section\" data-settings=\"{&quot;stretch_section&quot;:&quot;section-stretched&quot;}\">\n\t\t\t\t\t\t<div class=\"elementor-container elementor-column-gap-extended\">\n\t\t\t\t\t<div class=\"elementor-column elementor-col-100 elementor-top-column elementor-element elementor-element-4d761e5 sc_layouts_column_icons_position_left\" data-id=\"4d761e5\" data-element_type=\"column\">\n\t\t\t<div class=\"elementor-widget-wrap elementor-element-populated\">\n\t\t\t\t\t\t<div class=\"elementor-element elementor-element-b4c71fb elementor-widget elementor-widget-heading\" data-id=\"b4c71fb\" data-element_type=\"widget\" data-widget_type=\"heading.default\">\n\t\t\t\t<div class=\"elementor-widget-container\">\n\t\t\t\t\t<h1 class=\"elementor-heading-title elementor-size-default\">DMO Ciociaria Valle di Comino al TTG di Rimini<\/h1>\t\t\t\t<\/div>\n\t\t\t\t<\/div>\n\t\t\t\t<div class=\"elementor-element elementor-element-9c961cc elementor-widget elementor-widget-heading\" data-id=\"9c961cc\" data-element_type=\"widget\" data-widget_type=\"heading.default\">\n\t\t\t\t<div class=\"elementor-widget-container\">\n\t\t\t\t\t<h2 class=\"elementor-heading-title elementor-size-default\">La DMO Ciociaria Valle di Comino presente alla fiera internazionale del turismo TTG di Rimini per promuovere il territorio e illustrare tutte le novit\u00e0<\/h2>\t\t\t\t<\/div>\n\t\t\t\t<\/div>\n\t\t\t\t<div class=\"elementor-element elementor-element-9757c0b elementor-widget-divider--view-line elementor-widget elementor-widget-divider\" data-id=\"9757c0b\" data-element_type=\"widget\" data-widget_type=\"divider.default\">\n\t\t\t\t<div class=\"elementor-widget-container\">\n\t\t\t\t\t\t\t<div class=\"elementor-divider\">\n\t\t\t<span class=\"elementor-divider-separator\">\n\t\t\t\t\t\t<\/span>\n\t\t<\/div>\n\t\t\t\t\t\t<\/div>\n\t\t\t\t<\/div>\n\t\t\t\t\t<\/div>\n\t\t<\/div>\n\t\t\t\t\t<\/div>\n\t\t<\/section>\n\t\t\t\t<section class=\"elementor-section elementor-top-section elementor-element elementor-element-92025be elementor-section-boxed elementor-section-height-default elementor-section-height-default\" data-id=\"92025be\" data-element_type=\"section\">\n\t\t\t\t\t\t<div class=\"elementor-container elementor-column-gap-extended\">\n\t\t\t\t\t<div class=\"elementor-column elementor-col-100 elementor-top-column elementor-element elementor-element-9656281 sc_layouts_column_icons_position_left\" data-id=\"9656281\" data-element_type=\"column\">\n\t\t\t<div class=\"elementor-widget-wrap elementor-element-populated\">\n\t\t\t\t\t\t<div class=\"elementor-element elementor-element-ff7ad5d elementor-widget elementor-widget-spacer\" data-id=\"ff7ad5d\" data-element_type=\"widget\" data-widget_type=\"spacer.default\">\n\t\t\t\t<div class=\"elementor-widget-container\">\n\t\t\t\t\t\t\t<div class=\"elementor-spacer\">\n\t\t\t<div class=\"elementor-spacer-inner\"><\/div>\n\t\t<\/div>\n\t\t\t\t\t\t<\/div>\n\t\t\t\t<\/div>\n\t\t\t\t\t<\/div>\n\t\t<\/div>\n\t\t\t\t\t<\/div>\n\t\t<\/section>\n\t\t\t\t<section class=\"elementor-section elementor-top-section elementor-element elementor-element-7980aea elementor-section-stretched elementor-reverse-mobile elementor-hidden-tablet elementor-section-boxed elementor-section-height-default elementor-section-height-default\" data-id=\"7980aea\" data-element_type=\"section\" data-settings=\"{&quot;stretch_section&quot;:&quot;section-stretched&quot;}\">\n\t\t\t\t\t\t<div class=\"elementor-container elementor-column-gap-extended\">\n\t\t\t\t\t<div class=\"elementor-column elementor-col-50 elementor-top-column elementor-element elementor-element-d50181e sc_layouts_column_icons_position_left\" data-id=\"d50181e\" data-element_type=\"column\">\n\t\t\t<div class=\"elementor-widget-wrap elementor-element-populated\">\n\t\t\t\t\t\t<div class=\"elementor-element elementor-element-149bcb4 elementor-widget elementor-widget-text-editor\" data-id=\"149bcb4\" data-element_type=\"widget\" data-widget_type=\"text-editor.default\">\n\t\t\t\t<div class=\"elementor-widget-container\">\n\t\t\t\t\t\t\t\t\t<p>La DMO \u201cCiociaria-Valle di Comino\u201d si prepara alla\u00a0<strong>59<sup>a<\/sup>\u00a0edizione del\u00a0<\/strong><a href=\"https:\/\/www.ttgexpo.it\/\" rel=\"noopener\">TTG Travel Experience<\/a>\u00a0di Rimini, un appuntamento importante a livello internazionale per la promozione del turismo e per la commercializzazione dell\u2019offerta turistica in Italia, dove ogni anno migliaia di operatori si incontrano per presentare le novit\u00e0 del mercato travel&amp;leisure e indicare la via per lo sviluppo futuro del settore.<\/p><p>Il tema portante dell\u2019edizione 2022 \u00e8\u00a0<a href=\"https:\/\/www.ttgexpo.it\/eventi\/programma\/think-future\/unbound\" rel=\"noopener\">\u201cUnbound &#8211; Senza vincoli\u201d<\/a>, il cui obiettivo \u00e8 innovare i concetti stessi di turismo e ospitalit\u00e0, attraverso nuovi schemi, oltre il convenzionale, puntando su sensibilit\u00e0 emergenti ed emozioni.<\/p><p>La DMO \u201cCiociaria-Valle di Comino\u201d, che comprende attualmente\u00a0<a href=\"https:\/\/www.dmociociariavalledicomino.it\/en\/borghi-vivi\/\" rel=\"noopener\">12 comuni<\/a>\u00a0del territorio, 3 partner istituzionali come\u00a0<a href=\"https:\/\/provincia.fr.it\/\" rel=\"noopener\">Provincia di Frosinone<\/a>,\u00a0<a href=\"http:\/\/www.parcoabruzzo.it\/\" rel=\"noopener\">Parco Nazionale d\u2019Abruzzo, Lazio e Molise<\/a>, la\u00a0<a href=\"http:\/\/halleyweb.com\/cmvallecomino\/hh\/index.php\" rel=\"noopener\">XV Comunit\u00e0 Montana \u201cValle di Comino\u201d<\/a>\u00a0e diversi soci privati, \u00e8 pronta a presentare al pubblico del TTG la\u00a0<strong>splendida destinazione della Valle di Comino<\/strong>, puntando alla promozione di alcuni degli\u00a0<strong>asset principali del territorio<\/strong>\u00a0per il suo sviluppo turistico:\u00a0<strong>natura, benessere, cultura, radici e gastronomia<\/strong>.<\/p>\t\t\t\t\t\t\t\t<\/div>\n\t\t\t\t<\/div>\n\t\t\t\t\t<\/div>\n\t\t<\/div>\n\t\t\t\t<div class=\"elementor-column elementor-col-50 elementor-top-column elementor-element elementor-element-bfcea23 sc_layouts_column_icons_position_left\" data-id=\"bfcea23\" data-element_type=\"column\" data-settings=\"{&quot;background_background&quot;:&quot;classic&quot;}\">\n\t\t\t<div class=\"elementor-widget-wrap elementor-element-populated\">\n\t\t\t\t\t\t<div class=\"elementor-element elementor-element-6458ce3 elementor-widget elementor-widget-spacer\" data-id=\"6458ce3\" data-element_type=\"widget\" data-widget_type=\"spacer.default\">\n\t\t\t\t<div class=\"elementor-widget-container\">\n\t\t\t\t\t\t\t<div class=\"elementor-spacer\">\n\t\t\t<div class=\"elementor-spacer-inner\"><\/div>\n\t\t<\/div>\n\t\t\t\t\t\t<\/div>\n\t\t\t\t<\/div>\n\t\t\t\t<div class=\"elementor-element elementor-element-7bc12da elementor-widget elementor-widget-image\" data-id=\"7bc12da\" data-element_type=\"widget\" data-widget_type=\"image.default\">\n\t\t\t\t<div class=\"elementor-widget-container\">\n\t\t\t\t\t\t\t\t\t\t\t\t\t\t\t<img fetchpriority=\"high\" decoding=\"async\" width=\"600\" height=\"400\" src=\"https:\/\/www.dmociociariavalledicomino.it\/wp-content\/uploads\/2022\/09\/ingresso15_TTGFOTO.jpeg\" class=\"attachment-full size-full wp-image-6924\" alt=\"\" srcset=\"https:\/\/www.dmociociariavalledicomino.it\/wp-content\/uploads\/2022\/09\/ingresso15_TTGFOTO.jpeg 600w, https:\/\/www.dmociociariavalledicomino.it\/wp-content\/uploads\/2022\/09\/ingresso15_TTGFOTO-300x200.jpeg 300w, https:\/\/www.dmociociariavalledicomino.it\/wp-content\/uploads\/2022\/09\/ingresso15_TTGFOTO-18x12.jpeg 18w, https:\/\/www.dmociociariavalledicomino.it\/wp-content\/uploads\/2022\/09\/ingresso15_TTGFOTO-370x247.jpeg 370w, https:\/\/www.dmociociariavalledicomino.it\/wp-content\/uploads\/2022\/09\/ingresso15_TTGFOTO-390x260.jpeg 390w\" sizes=\"(max-width: 600px) 100vw, 600px\" \/>\t\t\t\t\t\t\t\t\t\t\t\t\t\t\t<\/div>\n\t\t\t\t<\/div>\n\t\t\t\t\t<\/div>\n\t\t<\/div>\n\t\t\t\t\t<\/div>\n\t\t<\/section>\n\t\t\t\t<section class=\"elementor-section elementor-top-section elementor-element elementor-element-44a02a2 elementor-section-stretched elementor-reverse-mobile elementor-hidden-desktop elementor-hidden-mobile elementor-section-boxed elementor-section-height-default elementor-section-height-default\" data-id=\"44a02a2\" data-element_type=\"section\" data-settings=\"{&quot;stretch_section&quot;:&quot;section-stretched&quot;}\">\n\t\t\t\t\t\t<div class=\"elementor-container elementor-column-gap-extended\">\n\t\t\t\t\t<div class=\"elementor-column elementor-col-100 elementor-top-column elementor-element elementor-element-f76861e sc_layouts_column_icons_position_left\" data-id=\"f76861e\" data-element_type=\"column\">\n\t\t\t<div class=\"elementor-widget-wrap elementor-element-populated\">\n\t\t\t\t\t\t<div class=\"elementor-element elementor-element-dc66024 elementor-widget elementor-widget-image\" data-id=\"dc66024\" data-element_type=\"widget\" data-widget_type=\"image.default\">\n\t\t\t\t<div class=\"elementor-widget-container\">\n\t\t\t\t\t\t\t\t\t\t\t\t\t\t\t<img fetchpriority=\"high\" decoding=\"async\" width=\"600\" height=\"400\" src=\"https:\/\/www.dmociociariavalledicomino.it\/wp-content\/uploads\/2022\/09\/ingresso15_TTGFOTO.jpeg\" class=\"attachment-full size-full wp-image-6924\" alt=\"\" srcset=\"https:\/\/www.dmociociariavalledicomino.it\/wp-content\/uploads\/2022\/09\/ingresso15_TTGFOTO.jpeg 600w, https:\/\/www.dmociociariavalledicomino.it\/wp-content\/uploads\/2022\/09\/ingresso15_TTGFOTO-300x200.jpeg 300w, https:\/\/www.dmociociariavalledicomino.it\/wp-content\/uploads\/2022\/09\/ingresso15_TTGFOTO-18x12.jpeg 18w, https:\/\/www.dmociociariavalledicomino.it\/wp-content\/uploads\/2022\/09\/ingresso15_TTGFOTO-370x247.jpeg 370w, https:\/\/www.dmociociariavalledicomino.it\/wp-content\/uploads\/2022\/09\/ingresso15_TTGFOTO-390x260.jpeg 390w\" sizes=\"(max-width: 600px) 100vw, 600px\" \/>\t\t\t\t\t\t\t\t\t\t\t\t\t\t\t<\/div>\n\t\t\t\t<\/div>\n\t\t\t\t<div class=\"elementor-element elementor-element-7e0a637 elementor-widget elementor-widget-spacer\" data-id=\"7e0a637\" data-element_type=\"widget\" data-widget_type=\"spacer.default\">\n\t\t\t\t<div class=\"elementor-widget-container\">\n\t\t\t\t\t\t\t<div class=\"elementor-spacer\">\n\t\t\t<div class=\"elementor-spacer-inner\"><\/div>\n\t\t<\/div>\n\t\t\t\t\t\t<\/div>\n\t\t\t\t<\/div>\n\t\t\t\t<div class=\"elementor-element elementor-element-f3fede8 elementor-widget elementor-widget-text-editor\" data-id=\"f3fede8\" data-element_type=\"widget\" data-widget_type=\"text-editor.default\">\n\t\t\t\t<div class=\"elementor-widget-container\">\n\t\t\t\t\t\t\t\t\t<p>La DMO \u201cCiociaria-Valle di Comino\u201d si prepara alla\u00a0<strong>59<sup>a<\/sup>\u00a0edizione del\u00a0<\/strong><a href=\"https:\/\/www.ttgexpo.it\/\" rel=\"noopener\">TTG Travel Experience<\/a>\u00a0di Rimini, un appuntamento importante a livello internazionale per la promozione del turismo e per la commercializzazione dell\u2019offerta turistica in Italia, dove ogni anno migliaia di operatori si incontrano per presentare le novit\u00e0 del mercato travel&amp;leisure e indicare la via per lo sviluppo futuro del settore.<\/p><p>Il tema portante dell\u2019edizione 2022 \u00e8\u00a0<a href=\"https:\/\/www.ttgexpo.it\/eventi\/programma\/think-future\/unbound\" rel=\"noopener\">\u201cUnbound &#8211; Senza vincoli\u201d<\/a>, il cui obiettivo \u00e8 innovare i concetti stessi di turismo e ospitalit\u00e0, attraverso nuovi schemi, oltre il convenzionale, puntando su sensibilit\u00e0 emergenti ed emozioni.<\/p><p>La DMO \u201cCiociaria-Valle di Comino\u201d, che comprende attualmente\u00a0<a href=\"https:\/\/www.dmociociariavalledicomino.it\/en\/borghi-vivi\/\" rel=\"noopener\">12 comuni<\/a>\u00a0del territorio, 3 partner istituzionali come\u00a0<a href=\"https:\/\/provincia.fr.it\/\" rel=\"noopener\">Provincia di Frosinone<\/a>,\u00a0<a href=\"http:\/\/www.parcoabruzzo.it\/\" rel=\"noopener\">Parco Nazionale d\u2019Abruzzo, Lazio e Molise<\/a>, la\u00a0<a href=\"http:\/\/halleyweb.com\/cmvallecomino\/hh\/index.php\" rel=\"noopener\">XV Comunit\u00e0 Montana \u201cValle di Comino\u201d<\/a>\u00a0e diversi soci privati, \u00e8 pronta a presentare al pubblico del TTG la\u00a0<strong>splendida destinazione della Valle di Comino<\/strong>, puntando alla promozione di alcuni degli\u00a0<strong>asset principali del territorio<\/strong>\u00a0per il suo sviluppo turistico:\u00a0<strong>natura, benessere, cultura, radici e gastronomia<\/strong>.<\/p>\t\t\t\t\t\t\t\t<\/div>\n\t\t\t\t<\/div>\n\t\t\t\t\t<\/div>\n\t\t<\/div>\n\t\t\t\t\t<\/div>\n\t\t<\/section>\n\t\t\t\t<section class=\"elementor-section elementor-top-section elementor-element elementor-element-f1ad111 elementor-section-stretched elementor-section-boxed elementor-section-height-default elementor-section-height-default\" data-id=\"f1ad111\" data-element_type=\"section\" data-settings=\"{&quot;stretch_section&quot;:&quot;section-stretched&quot;}\">\n\t\t\t\t\t\t<div class=\"elementor-container elementor-column-gap-extended\">\n\t\t\t\t\t<div class=\"elementor-column elementor-col-100 elementor-top-column elementor-element elementor-element-ce6e959 sc_layouts_column_icons_position_left\" data-id=\"ce6e959\" data-element_type=\"column\">\n\t\t\t<div class=\"elementor-widget-wrap elementor-element-populated\">\n\t\t\t\t\t\t<div class=\"elementor-element elementor-element-98fdd2c elementor-widget elementor-widget-text-editor\" data-id=\"98fdd2c\" data-element_type=\"widget\" data-widget_type=\"text-editor.default\">\n\t\t\t\t<div class=\"elementor-widget-container\">\n\t\t\t\t\t\t\t\t\t<p><span style=\"font-size: 20px;\">Temi che dialogano tra di loro e che devono essere declinati in un\u2019ottica nuova di offerta turistica, pi\u00f9 rispondente alle esigenze di diverse tipologie di viaggiatori, sempre pi\u00f9 attenti al proprio benessere ma anche a quello dell\u2019ambiente.<\/span><\/p><p>Una grande sfida quella che si \u00e8 posta la DMO \u201cCiociaria-Valle di Comino\u201d che ha gi\u00e0 avviato la propria\u00a0<a href=\"https:\/\/www.dmociociariavalledicomino.it\/en\/\" rel=\"noopener\">campagna di comunicazione web\u00a0<\/a>e <strong>social <\/strong>su <b><a href=\"https:\/\/www.facebook.com\/dmociociariavalledicomino\" target=\"_blank\" rel=\"noopener\">Facebook <\/a><\/b>e <b><a href=\"https:\/\/www.instagram.com\/dmociociariavalledicomino\/\" target=\"_blank\" rel=\"noopener\">Instagram <\/a><\/b>e che allo stand della Regione Lazio \u00e8 pronta a presentare il brand e l\u2019offerta del territorio.<\/p><p>Al TTG di Rimini la DMO \u201cCiociaria-Valle di Comino\u201d far\u00e0 <strong>scoprire un angolo del Lazio tutto da esplorare<\/strong>: turismo outdoor, tra scorci panoramici e vedute uniche, un parco nazionale dove ammirare le specie protette, chilometri di percorsi ciclo-escursionistici ancora poco conosciuti, borghi in cui il tempo sembra essersi fermato. E ancora gli itinerari sulle orme di San Benedetto, il turismo religioso e le feste tradizionali ancora tanto sentite, a cui fa da cornice un patrimonio enogastronomico di eccellenze, come il Cabernet DOP di Atina, il Tartufo di Campoli Appennino e il Pecorino di Picinisco DOP, solo per citarne alcuni.<\/p><p>Luoghi per rigenerare corpo e mente, ma anche dove riscoprire il lento fluire del tempo e delle tradizioni ancora legate al ciclo delle stagioni, come la vendemmia e la raccolta delle olive fatte a mano nelle piccole aziende locali.<\/p><p><strong>Una concezione nuova di turismo dove l\u2019accoglienza calda e familiare del territorio vuole guidare il turista in un\u2019esperienza alla scoperta dell\u2019anima profonda delle comunit\u00e0 ospitanti, facendolo diventare parte delle stesse.<\/strong><\/p><p>\u00ab<em>La promozione turistica della Valle di Comino e il territorio circostante \u00e8 un grande impegno che svolgiamo con entusiasmo, in un\u2019ottica di dialogo e supporto alle Amministrazioni locali e ai soci che fanno parte della DMO, per costruire una rete che abbia ricadute positive per tutti. Il TTG sar\u00e0 un\u2019occasione importante per far conoscere il nostro territorio come destinazione nuova e innovativa, fuori dai normali circuiti del turismo di massa. Siamo pronti infatti ad intercettare una domanda che non sia quella classica, ma di turisti pi\u00f9 attenti alle tematiche legate alla sostenibilit\u00e0 e alla riscoperta dei piccoli borghi e del turismo di prossimit\u00e0. Stiamo gi\u00e0 lavorando con tutti i nostri partner per rendere operativi gli obiettivi che la DMO si \u00e8 posta e sono certo che i primi risultati si vedranno gi\u00e0 nel breve termine<\/em>\u00bb, ha affermato <strong>Federico Campoli, Destination Manager della DMO \u201cCiociaria-Valle di Comino\u201d<\/strong>.<\/p>\t\t\t\t\t\t\t\t<\/div>\n\t\t\t\t<\/div>\n\t\t\t\t\t<\/div>\n\t\t<\/div>\n\t\t\t\t\t<\/div>\n\t\t<\/section>\n\t\t\t\t<section class=\"elementor-section elementor-top-section elementor-element elementor-element-3e8f269 elementor-section-boxed elementor-section-height-default elementor-section-height-default\" data-id=\"3e8f269\" data-element_type=\"section\">\n\t\t\t\t\t\t<div class=\"elementor-container elementor-column-gap-extended\">\n\t\t\t\t\t<div class=\"elementor-column elementor-col-100 elementor-top-column elementor-element elementor-element-b9a45a6 sc_layouts_column_icons_position_left\" data-id=\"b9a45a6\" data-element_type=\"column\">\n\t\t\t<div class=\"elementor-widget-wrap elementor-element-populated\">\n\t\t\t\t\t\t<div class=\"elementor-element elementor-element-13abc32 elementor-widget elementor-widget-spacer\" data-id=\"13abc32\" data-element_type=\"widget\" data-widget_type=\"spacer.default\">\n\t\t\t\t<div class=\"elementor-widget-container\">\n\t\t\t\t\t\t\t<div class=\"elementor-spacer\">\n\t\t\t<div class=\"elementor-spacer-inner\"><\/div>\n\t\t<\/div>\n\t\t\t\t\t\t<\/div>\n\t\t\t\t<\/div>\n\t\t\t\t\t<\/div>\n\t\t<\/div>\n\t\t\t\t\t<\/div>\n\t\t<\/section>\n\t\t\t\t<section class=\"elementor-section elementor-top-section elementor-element elementor-element-83cb658 elementor-section-boxed elementor-section-height-default elementor-section-height-default\" data-id=\"83cb658\" data-element_type=\"section\" data-settings=\"{&quot;background_background&quot;:&quot;classic&quot;}\">\n\t\t\t\t\t\t<div class=\"elementor-container elementor-column-gap-extended\">\n\t\t\t\t\t<div class=\"elementor-column elementor-col-50 elementor-top-column elementor-element elementor-element-ed8e2a0 sc_layouts_column_icons_position_left\" data-id=\"ed8e2a0\" data-element_type=\"column\" data-settings=\"{&quot;background_background&quot;:&quot;classic&quot;}\">\n\t\t\t<div class=\"elementor-widget-wrap elementor-element-populated\">\n\t\t\t\t\t\t<div class=\"elementor-element elementor-element-ca1a6ca elementor-widget elementor-widget-spacer\" data-id=\"ca1a6ca\" data-element_type=\"widget\" data-widget_type=\"spacer.default\">\n\t\t\t\t<div class=\"elementor-widget-container\">\n\t\t\t\t\t\t\t<div class=\"elementor-spacer\">\n\t\t\t<div class=\"elementor-spacer-inner\"><\/div>\n\t\t<\/div>\n\t\t\t\t\t\t<\/div>\n\t\t\t\t<\/div>\n\t\t\t\t<div class=\"elementor-element elementor-element-b4551a9 elementor-align-center elementor-icon-list--layout-traditional elementor-list-item-link-full_width elementor-widget elementor-widget-icon-list\" data-id=\"b4551a9\" data-element_type=\"widget\" data-widget_type=\"icon-list.default\">\n\t\t\t\t<div class=\"elementor-widget-container\">\n\t\t\t\t\t\t\t<ul class=\"elementor-icon-list-items\">\n\t\t\t\t\t\t\t<li class=\"elementor-icon-list-item\">\n\t\t\t\t\t\t\t\t\t\t\t<span class=\"elementor-icon-list-icon\">\n\t\t\t\t\t\t\t<i aria-hidden=\"true\" class=\"far fa-calendar-alt\"><\/i>\t\t\t\t\t\t<\/span>\n\t\t\t\t\t\t\t\t\t\t<span class=\"elementor-icon-list-text\">L\u2019appuntamento \u00e8 quindi al quartiere fieristico di Rimini dal 12 al 14 ottobre <br>per lanciare un nuovo modo di fare turismo nella Valle di Comino.<\/span>\n\t\t\t\t\t\t\t\t\t<\/li>\n\t\t\t\t\t\t<\/ul>\n\t\t\t\t\t\t<\/div>\n\t\t\t\t<\/div>\n\t\t\t\t\t<\/div>\n\t\t<\/div>\n\t\t\t\t<div class=\"elementor-column elementor-col-50 elementor-top-column elementor-element elementor-element-143c10f sc_layouts_column_icons_position_left\" data-id=\"143c10f\" data-element_type=\"column\">\n\t\t\t<div class=\"elementor-widget-wrap elementor-element-populated\">\n\t\t\t\t\t\t<div class=\"elementor-element elementor-element-9fb62c6 elementor-widget elementor-widget-image\" data-id=\"9fb62c6\" data-element_type=\"widget\" data-widget_type=\"image.default\">\n\t\t\t\t<div class=\"elementor-widget-container\">\n\t\t\t\t\t\t\t\t\t\t\t\t\t\t\t<img decoding=\"async\" width=\"250\" height=\"146\" src=\"https:\/\/www.dmociociariavalledicomino.it\/wp-content\/uploads\/2022\/09\/ieg_providingfuture_TTGLOGO.jpeg\" class=\"attachment-large size-large wp-image-6934\" alt=\"\" srcset=\"https:\/\/www.dmociociariavalledicomino.it\/wp-content\/uploads\/2022\/09\/ieg_providingfuture_TTGLOGO.jpeg 250w, https:\/\/www.dmociociariavalledicomino.it\/wp-content\/uploads\/2022\/09\/ieg_providingfuture_TTGLOGO-18x12.jpeg 18w\" sizes=\"(max-width: 250px) 100vw, 250px\" \/>\t\t\t\t\t\t\t\t\t\t\t\t\t\t\t<\/div>\n\t\t\t\t<\/div>\n\t\t\t\t\t<\/div>\n\t\t<\/div>\n\t\t\t\t\t<\/div>\n\t\t<\/section>\n\t\t\t\t<section class=\"elementor-section elementor-top-section elementor-element elementor-element-62c04fe elementor-section-boxed elementor-section-height-default elementor-section-height-default\" data-id=\"62c04fe\" data-element_type=\"section\">\n\t\t\t\t\t\t<div class=\"elementor-container elementor-column-gap-extended\">\n\t\t\t\t\t<div class=\"elementor-column elementor-col-100 elementor-top-column elementor-element elementor-element-897b089 sc_layouts_column_icons_position_left\" data-id=\"897b089\" data-element_type=\"column\">\n\t\t\t<div class=\"elementor-widget-wrap elementor-element-populated\">\n\t\t\t\t\t\t<div class=\"elementor-element elementor-element-5658b40 elementor-widget elementor-widget-spacer\" data-id=\"5658b40\" data-element_type=\"widget\" data-widget_type=\"spacer.default\">\n\t\t\t\t<div class=\"elementor-widget-container\">\n\t\t\t\t\t\t\t<div class=\"elementor-spacer\">\n\t\t\t<div class=\"elementor-spacer-inner\"><\/div>\n\t\t<\/div>\n\t\t\t\t\t\t<\/div>\n\t\t\t\t<\/div>\n\t\t\t\t\t<\/div>\n\t\t<\/div>\n\t\t\t\t\t<\/div>\n\t\t<\/section>\n\t\t\t\t<section class=\"elementor-section elementor-top-section elementor-element elementor-element-4154fa6 elementor-section-boxed elementor-section-height-default elementor-section-height-default\" data-id=\"4154fa6\" data-element_type=\"section\">\n\t\t\t\t\t\t<div class=\"elementor-container elementor-column-gap-extended\">\n\t\t\t\t\t<div class=\"elementor-column elementor-col-100 elementor-top-column elementor-element elementor-element-2f22afa sc_layouts_column_icons_position_left\" data-id=\"2f22afa\" data-element_type=\"column\">\n\t\t\t<div class=\"elementor-widget-wrap elementor-element-populated\">\n\t\t\t\t\t\t<div class=\"elementor-element elementor-element-7fd1ba2 elementor-widget elementor-widget-spacer\" data-id=\"7fd1ba2\" data-element_type=\"widget\" data-widget_type=\"spacer.default\">\n\t\t\t\t<div class=\"elementor-widget-container\">\n\t\t\t\t\t\t\t<div class=\"elementor-spacer\">\n\t\t\t<div class=\"elementor-spacer-inner\"><\/div>\n\t\t<\/div>\n\t\t\t\t\t\t<\/div>\n\t\t\t\t<\/div>\n\t\t\t\t\t<\/div>\n\t\t<\/div>\n\t\t\t\t\t<\/div>\n\t\t<\/section>\n\t\t\t\t<\/div>","protected":false},"excerpt":{"rendered":"<p>DMO Ciociaria Valle di Comino al TTG di Rimini La DMO Ciociaria Valle di Comino presente alla fiera internazionale del turismo TTG di Rimini per promuovere il territorio e illustrare tutte le novit\u00e0 DMO Ciociaria Valle di Comino al TTG di Rimini La DMO Ciociaria Valle di Comino presente alla fiera internazionale del turismo TTG di Rimini per promuovere il&hellip;<\/p>","protected":false},"author":1,"featured_media":6924,"comment_status":"closed","ping_status":"closed","sticky":false,"template":"","format":"standard","meta":{"footnotes":""},"categories":[75,89],"tags":[171,76],"class_list":["post-6895","post","type-post","status-publish","format-standard","has-post-thumbnail","hentry","category-blog","category-eventi","tag-ttg-di-rimini","tag-valle-di-comino"],"acf":[],"yoast_head":"<!-- This site is optimized with the Yoast SEO plugin v24.6 - https:\/\/yoast.com\/wordpress\/plugins\/seo\/ -->\n<title>La DMO \u201cCiociaria-Valle di Comino\u201d al TTG di Rimini<\/title>\n<meta name=\"description\" content=\"La DMO \u201cCiociaria-Valle di Comino\u201d presente al TTG di Rimini nello stand della Regione Lazio per promuovere il territorio e illustrare tutte le novit\u00e0.\" \/>\n<meta name=\"robots\" content=\"index, follow, max-snippet:-1, max-image-preview:large, max-video-preview:-1\" \/>\n<link rel=\"canonical\" href=\"https:\/\/www.dmociociariavalledicomino.it\/en\/la-dmo-ciociaria-valle-di-comino-al-ttg-di-rimini\/\" \/>\n<meta property=\"og:locale\" content=\"en_GB\" \/>\n<meta property=\"og:type\" content=\"article\" \/>\n<meta property=\"og:title\" content=\"La DMO \u201cCiociaria-Valle di Comino\u201d al TTG di Rimini\" \/>\n<meta property=\"og:description\" content=\"La DMO \u201cCiociaria-Valle di Comino\u201d presente al TTG di Rimini nello stand della Regione Lazio per promuovere il territorio e illustrare tutte le novit\u00e0.\" \/>\n<meta property=\"og:url\" content=\"https:\/\/www.dmociociariavalledicomino.it\/en\/la-dmo-ciociaria-valle-di-comino-al-ttg-di-rimini\/\" \/>\n<meta property=\"og:site_name\" content=\"DMO Ciociaria Valle di Comino\" \/>\n<meta property=\"article:published_time\" content=\"2022-09-30T09:51:06+00:00\" \/>\n<meta property=\"article:modified_time\" content=\"2023-10-04T10:31:43+00:00\" \/>\n<meta property=\"og:image\" content=\"https:\/\/www.dmociociariavalledicomino.it\/wp-content\/uploads\/2022\/09\/ingresso15_TTGFOTO.jpeg\" \/>\n\t<meta property=\"og:image:width\" content=\"600\" \/>\n\t<meta property=\"og:image:height\" content=\"400\" \/>\n\t<meta property=\"og:image:type\" content=\"image\/jpeg\" \/>\n<meta name=\"author\" content=\"admin\" \/>\n<meta name=\"twitter:card\" content=\"summary_large_image\" \/>\n<meta name=\"twitter:label1\" content=\"Written by\" \/>\n\t<meta name=\"twitter:data1\" content=\"admin\" \/>\n\t<meta name=\"twitter:label2\" content=\"Estimated reading time\" \/>\n\t<meta name=\"twitter:data2\" content=\"5 minutes\" \/>\n<script type=\"application\/ld+json\" class=\"yoast-schema-graph\">{\"@context\":\"https:\/\/schema.org\",\"@graph\":[{\"@type\":\"Article\",\"@id\":\"https:\/\/www.dmociociariavalledicomino.it\/la-dmo-ciociaria-valle-di-comino-al-ttg-di-rimini\/#article\",\"isPartOf\":{\"@id\":\"https:\/\/www.dmociociariavalledicomino.it\/la-dmo-ciociaria-valle-di-comino-al-ttg-di-rimini\/\"},\"author\":{\"name\":\"admin\",\"@id\":\"https:\/\/www.dmociociariavalledicomino.it\/#\/schema\/person\/3bf46154fba3deea98d7bd5acb562c6e\"},\"headline\":\"La DMO \u201cCiociaria-Valle di Comino\u201d al TTG di Rimini\",\"datePublished\":\"2022-09-30T09:51:06+00:00\",\"dateModified\":\"2023-10-04T10:31:43+00:00\",\"mainEntityOfPage\":{\"@id\":\"https:\/\/www.dmociociariavalledicomino.it\/la-dmo-ciociaria-valle-di-comino-al-ttg-di-rimini\/\"},\"wordCount\":829,\"publisher\":{\"@id\":\"https:\/\/www.dmociociariavalledicomino.it\/#organization\"},\"image\":{\"@id\":\"https:\/\/www.dmociociariavalledicomino.it\/la-dmo-ciociaria-valle-di-comino-al-ttg-di-rimini\/#primaryimage\"},\"thumbnailUrl\":\"https:\/\/www.dmociociariavalledicomino.it\/wp-content\/uploads\/2022\/09\/ingresso15_TTGFOTO.jpeg\",\"keywords\":[\"ttg di rimini\",\"valle di comino\"],\"articleSection\":[\"Blog\",\"Eventi\"],\"inLanguage\":\"en-GB\"},{\"@type\":\"WebPage\",\"@id\":\"https:\/\/www.dmociociariavalledicomino.it\/la-dmo-ciociaria-valle-di-comino-al-ttg-di-rimini\/\",\"url\":\"https:\/\/www.dmociociariavalledicomino.it\/la-dmo-ciociaria-valle-di-comino-al-ttg-di-rimini\/\",\"name\":\"La DMO \u201cCiociaria-Valle di Comino\u201d al TTG di Rimini\",\"isPartOf\":{\"@id\":\"https:\/\/www.dmociociariavalledicomino.it\/#website\"},\"primaryImageOfPage\":{\"@id\":\"https:\/\/www.dmociociariavalledicomino.it\/la-dmo-ciociaria-valle-di-comino-al-ttg-di-rimini\/#primaryimage\"},\"image\":{\"@id\":\"https:\/\/www.dmociociariavalledicomino.it\/la-dmo-ciociaria-valle-di-comino-al-ttg-di-rimini\/#primaryimage\"},\"thumbnailUrl\":\"https:\/\/www.dmociociariavalledicomino.it\/wp-content\/uploads\/2022\/09\/ingresso15_TTGFOTO.jpeg\",\"datePublished\":\"2022-09-30T09:51:06+00:00\",\"dateModified\":\"2023-10-04T10:31:43+00:00\",\"description\":\"La DMO \u201cCiociaria-Valle di Comino\u201d presente al TTG di Rimini nello stand della Regione Lazio per promuovere il territorio e illustrare tutte le novit\u00e0.\",\"breadcrumb\":{\"@id\":\"https:\/\/www.dmociociariavalledicomino.it\/la-dmo-ciociaria-valle-di-comino-al-ttg-di-rimini\/#breadcrumb\"},\"inLanguage\":\"en-GB\",\"potentialAction\":[{\"@type\":\"ReadAction\",\"target\":[\"https:\/\/www.dmociociariavalledicomino.it\/la-dmo-ciociaria-valle-di-comino-al-ttg-di-rimini\/\"]}]},{\"@type\":\"ImageObject\",\"inLanguage\":\"en-GB\",\"@id\":\"https:\/\/www.dmociociariavalledicomino.it\/la-dmo-ciociaria-valle-di-comino-al-ttg-di-rimini\/#primaryimage\",\"url\":\"https:\/\/www.dmociociariavalledicomino.it\/wp-content\/uploads\/2022\/09\/ingresso15_TTGFOTO.jpeg\",\"contentUrl\":\"https:\/\/www.dmociociariavalledicomino.it\/wp-content\/uploads\/2022\/09\/ingresso15_TTGFOTO.jpeg\",\"width\":600,\"height\":400},{\"@type\":\"BreadcrumbList\",\"@id\":\"https:\/\/www.dmociociariavalledicomino.it\/la-dmo-ciociaria-valle-di-comino-al-ttg-di-rimini\/#breadcrumb\",\"itemListElement\":[{\"@type\":\"ListItem\",\"position\":1,\"name\":\"Home\",\"item\":\"https:\/\/www.dmociociariavalledicomino.it\/\"},{\"@type\":\"ListItem\",\"position\":2,\"name\":\"La DMO \u201cCiociaria-Valle di Comino\u201d al TTG di Rimini\"}]},{\"@type\":\"WebSite\",\"@id\":\"https:\/\/www.dmociociariavalledicomino.it\/#website\",\"url\":\"https:\/\/www.dmociociariavalledicomino.it\/\",\"name\":\"DMO Ciociaria Valle di Comino\",\"description\":\"La destinazione che non c'era\",\"publisher\":{\"@id\":\"https:\/\/www.dmociociariavalledicomino.it\/#organization\"},\"potentialAction\":[{\"@type\":\"SearchAction\",\"target\":{\"@type\":\"EntryPoint\",\"urlTemplate\":\"https:\/\/www.dmociociariavalledicomino.it\/?s={search_term_string}\"},\"query-input\":{\"@type\":\"PropertyValueSpecification\",\"valueRequired\":true,\"valueName\":\"search_term_string\"}}],\"inLanguage\":\"en-GB\"},{\"@type\":\"Organization\",\"@id\":\"https:\/\/www.dmociociariavalledicomino.it\/#organization\",\"name\":\"DMO Ciociaria Valle di Comino\",\"url\":\"https:\/\/www.dmociociariavalledicomino.it\/\",\"logo\":{\"@type\":\"ImageObject\",\"inLanguage\":\"en-GB\",\"@id\":\"https:\/\/www.dmociociariavalledicomino.it\/#\/schema\/logo\/image\/\",\"url\":\"https:\/\/www.dmociociariavalledicomino.it\/wp-content\/uploads\/2022\/03\/logo-1x-1.png\",\"contentUrl\":\"https:\/\/www.dmociociariavalledicomino.it\/wp-content\/uploads\/2022\/03\/logo-1x-1.png\",\"width\":435,\"height\":100,\"caption\":\"DMO Ciociaria Valle di Comino\"},\"image\":{\"@id\":\"https:\/\/www.dmociociariavalledicomino.it\/#\/schema\/logo\/image\/\"}},{\"@type\":\"Person\",\"@id\":\"https:\/\/www.dmociociariavalledicomino.it\/#\/schema\/person\/3bf46154fba3deea98d7bd5acb562c6e\",\"name\":\"admin\",\"image\":{\"@type\":\"ImageObject\",\"inLanguage\":\"en-GB\",\"@id\":\"https:\/\/www.dmociociariavalledicomino.it\/#\/schema\/person\/image\/\",\"url\":\"https:\/\/secure.gravatar.com\/avatar\/1fbb3f445cf77d4b14505985324155bdee1cc76aba31ffb5d872bb89773bcb48?s=96&d=mm&r=g\",\"contentUrl\":\"https:\/\/secure.gravatar.com\/avatar\/1fbb3f445cf77d4b14505985324155bdee1cc76aba31ffb5d872bb89773bcb48?s=96&d=mm&r=g\",\"caption\":\"admin\"},\"url\":\"https:\/\/www.dmociociariavalledicomino.it\/en\/author\/admin\/\"}]}<\/script>\n<!-- \/ Yoast SEO plugin. -->","yoast_head_json":{"title":"La DMO \u201cCiociaria-Valle di Comino\u201d al TTG di Rimini","description":"La DMO \u201cCiociaria-Valle di Comino\u201d presente al TTG di Rimini nello stand della Regione Lazio per promuovere il territorio e illustrare tutte le novit\u00e0.","robots":{"index":"index","follow":"follow","max-snippet":"max-snippet:-1","max-image-preview":"max-image-preview:large","max-video-preview":"max-video-preview:-1"},"canonical":"https:\/\/www.dmociociariavalledicomino.it\/en\/la-dmo-ciociaria-valle-di-comino-al-ttg-di-rimini\/","og_locale":"en_GB","og_type":"article","og_title":"La DMO \u201cCiociaria-Valle di Comino\u201d al TTG di Rimini","og_description":"La DMO \u201cCiociaria-Valle di Comino\u201d presente al TTG di Rimini nello stand della Regione Lazio per promuovere il territorio e illustrare tutte le novit\u00e0.","og_url":"https:\/\/www.dmociociariavalledicomino.it\/en\/la-dmo-ciociaria-valle-di-comino-al-ttg-di-rimini\/","og_site_name":"DMO Ciociaria Valle di Comino","article_published_time":"2022-09-30T09:51:06+00:00","article_modified_time":"2023-10-04T10:31:43+00:00","og_image":[{"width":600,"height":400,"url":"https:\/\/www.dmociociariavalledicomino.it\/wp-content\/uploads\/2022\/09\/ingresso15_TTGFOTO.jpeg","type":"image\/jpeg"}],"author":"admin","twitter_card":"summary_large_image","twitter_misc":{"Written by":"admin","Estimated reading time":"5 minutes"},"schema":{"@context":"https:\/\/schema.org","@graph":[{"@type":"Article","@id":"https:\/\/www.dmociociariavalledicomino.it\/la-dmo-ciociaria-valle-di-comino-al-ttg-di-rimini\/#article","isPartOf":{"@id":"https:\/\/www.dmociociariavalledicomino.it\/la-dmo-ciociaria-valle-di-comino-al-ttg-di-rimini\/"},"author":{"name":"admin","@id":"https:\/\/www.dmociociariavalledicomino.it\/#\/schema\/person\/3bf46154fba3deea98d7bd5acb562c6e"},"headline":"La DMO \u201cCiociaria-Valle di Comino\u201d al TTG di Rimini","datePublished":"2022-09-30T09:51:06+00:00","dateModified":"2023-10-04T10:31:43+00:00","mainEntityOfPage":{"@id":"https:\/\/www.dmociociariavalledicomino.it\/la-dmo-ciociaria-valle-di-comino-al-ttg-di-rimini\/"},"wordCount":829,"publisher":{"@id":"https:\/\/www.dmociociariavalledicomino.it\/#organization"},"image":{"@id":"https:\/\/www.dmociociariavalledicomino.it\/la-dmo-ciociaria-valle-di-comino-al-ttg-di-rimini\/#primaryimage"},"thumbnailUrl":"https:\/\/www.dmociociariavalledicomino.it\/wp-content\/uploads\/2022\/09\/ingresso15_TTGFOTO.jpeg","keywords":["ttg di rimini","valle di comino"],"articleSection":["Blog","Eventi"],"inLanguage":"en-GB"},{"@type":"WebPage","@id":"https:\/\/www.dmociociariavalledicomino.it\/la-dmo-ciociaria-valle-di-comino-al-ttg-di-rimini\/","url":"https:\/\/www.dmociociariavalledicomino.it\/la-dmo-ciociaria-valle-di-comino-al-ttg-di-rimini\/","name":"La DMO \u201cCiociaria-Valle di Comino\u201d al TTG di Rimini","isPartOf":{"@id":"https:\/\/www.dmociociariavalledicomino.it\/#website"},"primaryImageOfPage":{"@id":"https:\/\/www.dmociociariavalledicomino.it\/la-dmo-ciociaria-valle-di-comino-al-ttg-di-rimini\/#primaryimage"},"image":{"@id":"https:\/\/www.dmociociariavalledicomino.it\/la-dmo-ciociaria-valle-di-comino-al-ttg-di-rimini\/#primaryimage"},"thumbnailUrl":"https:\/\/www.dmociociariavalledicomino.it\/wp-content\/uploads\/2022\/09\/ingresso15_TTGFOTO.jpeg","datePublished":"2022-09-30T09:51:06+00:00","dateModified":"2023-10-04T10:31:43+00:00","description":"La DMO \u201cCiociaria-Valle di Comino\u201d presente al TTG di Rimini nello stand della Regione Lazio per promuovere il territorio e illustrare tutte le novit\u00e0.","breadcrumb":{"@id":"https:\/\/www.dmociociariavalledicomino.it\/la-dmo-ciociaria-valle-di-comino-al-ttg-di-rimini\/#breadcrumb"},"inLanguage":"en-GB","potentialAction":[{"@type":"ReadAction","target":["https:\/\/www.dmociociariavalledicomino.it\/la-dmo-ciociaria-valle-di-comino-al-ttg-di-rimini\/"]}]},{"@type":"ImageObject","inLanguage":"en-GB","@id":"https:\/\/www.dmociociariavalledicomino.it\/la-dmo-ciociaria-valle-di-comino-al-ttg-di-rimini\/#primaryimage","url":"https:\/\/www.dmociociariavalledicomino.it\/wp-content\/uploads\/2022\/09\/ingresso15_TTGFOTO.jpeg","contentUrl":"https:\/\/www.dmociociariavalledicomino.it\/wp-content\/uploads\/2022\/09\/ingresso15_TTGFOTO.jpeg","width":600,"height":400},{"@type":"BreadcrumbList","@id":"https:\/\/www.dmociociariavalledicomino.it\/la-dmo-ciociaria-valle-di-comino-al-ttg-di-rimini\/#breadcrumb","itemListElement":[{"@type":"ListItem","position":1,"name":"Home","item":"https:\/\/www.dmociociariavalledicomino.it\/"},{"@type":"ListItem","position":2,"name":"La DMO \u201cCiociaria-Valle di Comino\u201d al TTG di Rimini"}]},{"@type":"WebSite","@id":"https:\/\/www.dmociociariavalledicomino.it\/#website","url":"https:\/\/www.dmociociariavalledicomino.it\/","name":"DMO Ciociaria Valle di Comino","description":"La destinazione che non c'era","publisher":{"@id":"https:\/\/www.dmociociariavalledicomino.it\/#organization"},"potentialAction":[{"@type":"SearchAction","target":{"@type":"EntryPoint","urlTemplate":"https:\/\/www.dmociociariavalledicomino.it\/?s={search_term_string}"},"query-input":{"@type":"PropertyValueSpecification","valueRequired":true,"valueName":"search_term_string"}}],"inLanguage":"en-GB"},{"@type":"Organization","@id":"https:\/\/www.dmociociariavalledicomino.it\/#organization","name":"DMO Ciociaria Valle di Comino","url":"https:\/\/www.dmociociariavalledicomino.it\/","logo":{"@type":"ImageObject","inLanguage":"en-GB","@id":"https:\/\/www.dmociociariavalledicomino.it\/#\/schema\/logo\/image\/","url":"https:\/\/www.dmociociariavalledicomino.it\/wp-content\/uploads\/2022\/03\/logo-1x-1.png","contentUrl":"https:\/\/www.dmociociariavalledicomino.it\/wp-content\/uploads\/2022\/03\/logo-1x-1.png","width":435,"height":100,"caption":"DMO Ciociaria Valle di Comino"},"image":{"@id":"https:\/\/www.dmociociariavalledicomino.it\/#\/schema\/logo\/image\/"}},{"@type":"Person","@id":"https:\/\/www.dmociociariavalledicomino.it\/#\/schema\/person\/3bf46154fba3deea98d7bd5acb562c6e","name":"admin","image":{"@type":"ImageObject","inLanguage":"en-GB","@id":"https:\/\/www.dmociociariavalledicomino.it\/#\/schema\/person\/image\/","url":"https:\/\/secure.gravatar.com\/avatar\/1fbb3f445cf77d4b14505985324155bdee1cc76aba31ffb5d872bb89773bcb48?s=96&d=mm&r=g","contentUrl":"https:\/\/secure.gravatar.com\/avatar\/1fbb3f445cf77d4b14505985324155bdee1cc76aba31ffb5d872bb89773bcb48?s=96&d=mm&r=g","caption":"admin"},"url":"https:\/\/www.dmociociariavalledicomino.it\/en\/author\/admin\/"}]}},"_links":{"self":[{"href":"https:\/\/www.dmociociariavalledicomino.it\/en\/wp-json\/wp\/v2\/posts\/6895","targetHints":{"allow":["GET"]}}],"collection":[{"href":"https:\/\/www.dmociociariavalledicomino.it\/en\/wp-json\/wp\/v2\/posts"}],"about":[{"href":"https:\/\/www.dmociociariavalledicomino.it\/en\/wp-json\/wp\/v2\/types\/post"}],"author":[{"embeddable":true,"href":"https:\/\/www.dmociociariavalledicomino.it\/en\/wp-json\/wp\/v2\/users\/1"}],"replies":[{"embeddable":true,"href":"https:\/\/www.dmociociariavalledicomino.it\/en\/wp-json\/wp\/v2\/comments?post=6895"}],"version-history":[{"count":139,"href":"https:\/\/www.dmociociariavalledicomino.it\/en\/wp-json\/wp\/v2\/posts\/6895\/revisions"}],"predecessor-version":[{"id":7497,"href":"https:\/\/www.dmociociariavalledicomino.it\/en\/wp-json\/wp\/v2\/posts\/6895\/revisions\/7497"}],"wp:featuredmedia":[{"embeddable":true,"href":"https:\/\/www.dmociociariavalledicomino.it\/en\/wp-json\/wp\/v2\/media\/6924"}],"wp:attachment":[{"href":"https:\/\/www.dmociociariavalledicomino.it\/en\/wp-json\/wp\/v2\/media?parent=6895"}],"wp:term":[{"taxonomy":"category","embeddable":true,"href":"https:\/\/www.dmociociariavalledicomino.it\/en\/wp-json\/wp\/v2\/categories?post=6895"},{"taxonomy":"post_tag","embeddable":true,"href":"https:\/\/www.dmociociariavalledicomino.it\/en\/wp-json\/wp\/v2\/tags?post=6895"}],"curies":[{"name":"wp","href":"https:\/\/api.w.org\/{rel}","templated":true}]}}