{"id":6035,"date":"2022-09-22T14:39:54","date_gmt":"2022-09-22T12:39:54","guid":{"rendered":"https:\/\/www.dmociociariavalledicomino.it\/?p=6035"},"modified":"2023-10-04T12:29:34","modified_gmt":"2023-10-04T10:29:34","slug":"il-cabernet-di-atina-passione-e-gusto-in-valle-di-comino","status":"publish","type":"post","link":"https:\/\/www.dmociociariavalledicomino.it\/en\/il-cabernet-di-atina-passione-e-gusto-in-valle-di-comino\/","title":{"rendered":"Il Cabernet di Atina &#8211; Passione e gusto in Valle di Comino"},"content":{"rendered":"<div data-elementor-type=\"wp-post\" data-elementor-id=\"6035\" class=\"elementor elementor-6035\" data-elementor-post-type=\"post\">\n\t\t\t\t\t\t<section class=\"elementor-section elementor-top-section elementor-element elementor-element-6197ef4 elementor-section-stretched elementor-hidden-tablet elementor-hidden-mobile elementor-section-boxed elementor-section-height-default elementor-section-height-default\" data-id=\"6197ef4\" data-element_type=\"section\" data-settings=\"{&quot;stretch_section&quot;:&quot;section-stretched&quot;}\">\n\t\t\t\t\t\t<div class=\"elementor-container elementor-column-gap-extended\">\n\t\t\t\t\t<div class=\"elementor-column elementor-col-100 elementor-top-column elementor-element elementor-element-ec9577d sc_layouts_column_icons_position_left\" data-id=\"ec9577d\" data-element_type=\"column\">\n\t\t\t<div class=\"elementor-widget-wrap elementor-element-populated\">\n\t\t\t\t\t\t<div class=\"elementor-element elementor-element-437b099 elementor-widget elementor-widget-heading\" data-id=\"437b099\" data-element_type=\"widget\" data-widget_type=\"heading.default\">\n\t\t\t\t<div class=\"elementor-widget-container\">\n\t\t\t\t\t<h1 class=\"elementor-heading-title elementor-size-default\">Eccellenze, il cabernet di Atina<\/h1>\t\t\t\t<\/div>\n\t\t\t\t<\/div>\n\t\t\t\t<div class=\"elementor-element elementor-element-b688e63 elementor-widget elementor-widget-heading\" data-id=\"b688e63\" data-element_type=\"widget\" data-widget_type=\"heading.default\">\n\t\t\t\t<div class=\"elementor-widget-container\">\n\t\t\t\t\t<h2 class=\"elementor-heading-title elementor-size-default\">Una storia di passione e gusto in Valle di Comino<\/h2>\t\t\t\t<\/div>\n\t\t\t\t<\/div>\n\t\t\t\t<div class=\"elementor-element elementor-element-517dc58 elementor-widget-divider--view-line elementor-widget elementor-widget-divider\" data-id=\"517dc58\" data-element_type=\"widget\" data-widget_type=\"divider.default\">\n\t\t\t\t<div class=\"elementor-widget-container\">\n\t\t\t\t\t\t\t<div class=\"elementor-divider\">\n\t\t\t<span class=\"elementor-divider-separator\">\n\t\t\t\t\t\t<\/span>\n\t\t<\/div>\n\t\t\t\t\t\t<\/div>\n\t\t\t\t<\/div>\n\t\t\t\t\t<\/div>\n\t\t<\/div>\n\t\t\t\t\t<\/div>\n\t\t<\/section>\n\t\t\t\t<section class=\"elementor-section elementor-top-section elementor-element elementor-element-fa363cd elementor-section-stretched elementor-hidden-tablet elementor-hidden-desktop elementor-section-boxed elementor-section-height-default elementor-section-height-default\" data-id=\"fa363cd\" data-element_type=\"section\" data-settings=\"{&quot;stretch_section&quot;:&quot;section-stretched&quot;}\">\n\t\t\t\t\t\t<div class=\"elementor-container elementor-column-gap-extended\">\n\t\t\t\t\t<div class=\"elementor-column elementor-col-100 elementor-top-column elementor-element elementor-element-a04a016 sc_layouts_column_icons_position_left\" data-id=\"a04a016\" data-element_type=\"column\">\n\t\t\t<div class=\"elementor-widget-wrap elementor-element-populated\">\n\t\t\t\t\t\t<div class=\"elementor-element elementor-element-5547681 elementor-widget elementor-widget-heading\" data-id=\"5547681\" data-element_type=\"widget\" data-widget_type=\"heading.default\">\n\t\t\t\t<div class=\"elementor-widget-container\">\n\t\t\t\t\t<h1 class=\"elementor-heading-title elementor-size-default\">Eccellenze, il cabernet di Atina<\/h1>\t\t\t\t<\/div>\n\t\t\t\t<\/div>\n\t\t\t\t<div class=\"elementor-element elementor-element-7c7cbd1 elementor-widget elementor-widget-heading\" data-id=\"7c7cbd1\" data-element_type=\"widget\" data-widget_type=\"heading.default\">\n\t\t\t\t<div class=\"elementor-widget-container\">\n\t\t\t\t\t<h2 class=\"elementor-heading-title elementor-size-default\">Una storia di passione e gusto in Valle di Comino<\/h2>\t\t\t\t<\/div>\n\t\t\t\t<\/div>\n\t\t\t\t<div class=\"elementor-element elementor-element-25f37b9 elementor-widget-divider--view-line elementor-widget elementor-widget-divider\" data-id=\"25f37b9\" data-element_type=\"widget\" data-widget_type=\"divider.default\">\n\t\t\t\t<div class=\"elementor-widget-container\">\n\t\t\t\t\t\t\t<div class=\"elementor-divider\">\n\t\t\t<span class=\"elementor-divider-separator\">\n\t\t\t\t\t\t<\/span>\n\t\t<\/div>\n\t\t\t\t\t\t<\/div>\n\t\t\t\t<\/div>\n\t\t\t\t\t<\/div>\n\t\t<\/div>\n\t\t\t\t\t<\/div>\n\t\t<\/section>\n\t\t\t\t<section class=\"elementor-section elementor-top-section elementor-element elementor-element-68435b9 elementor-section-stretched elementor-hidden-desktop elementor-hidden-mobile elementor-section-boxed elementor-section-height-default elementor-section-height-default\" data-id=\"68435b9\" data-element_type=\"section\" data-settings=\"{&quot;stretch_section&quot;:&quot;section-stretched&quot;}\">\n\t\t\t\t\t\t<div class=\"elementor-container elementor-column-gap-extended\">\n\t\t\t\t\t<div class=\"elementor-column elementor-col-100 elementor-top-column elementor-element elementor-element-907c39f sc_layouts_column_icons_position_left\" data-id=\"907c39f\" data-element_type=\"column\">\n\t\t\t<div class=\"elementor-widget-wrap elementor-element-populated\">\n\t\t\t\t\t\t<div class=\"elementor-element elementor-element-8c93f6e elementor-widget elementor-widget-heading\" data-id=\"8c93f6e\" data-element_type=\"widget\" data-widget_type=\"heading.default\">\n\t\t\t\t<div class=\"elementor-widget-container\">\n\t\t\t\t\t<h1 class=\"elementor-heading-title elementor-size-default\">Eccellenze, il cabernet di Atina<\/h1>\t\t\t\t<\/div>\n\t\t\t\t<\/div>\n\t\t\t\t<div class=\"elementor-element elementor-element-60965cf elementor-widget elementor-widget-heading\" data-id=\"60965cf\" data-element_type=\"widget\" data-widget_type=\"heading.default\">\n\t\t\t\t<div class=\"elementor-widget-container\">\n\t\t\t\t\t<h2 class=\"elementor-heading-title elementor-size-default\">Una storia di passione e gusto in Valle di Comino<\/h2>\t\t\t\t<\/div>\n\t\t\t\t<\/div>\n\t\t\t\t<div class=\"elementor-element elementor-element-1f698eb elementor-widget-divider--view-line elementor-widget elementor-widget-divider\" data-id=\"1f698eb\" data-element_type=\"widget\" data-widget_type=\"divider.default\">\n\t\t\t\t<div class=\"elementor-widget-container\">\n\t\t\t\t\t\t\t<div class=\"elementor-divider\">\n\t\t\t<span class=\"elementor-divider-separator\">\n\t\t\t\t\t\t<\/span>\n\t\t<\/div>\n\t\t\t\t\t\t<\/div>\n\t\t\t\t<\/div>\n\t\t\t\t\t<\/div>\n\t\t<\/div>\n\t\t\t\t\t<\/div>\n\t\t<\/section>\n\t\t\t\t<section class=\"elementor-section elementor-top-section elementor-element elementor-element-7980aea elementor-section-boxed elementor-section-height-default elementor-section-height-default\" data-id=\"7980aea\" data-element_type=\"section\">\n\t\t\t\t\t\t<div class=\"elementor-container elementor-column-gap-extended\">\n\t\t\t\t\t<div class=\"elementor-column elementor-col-100 elementor-top-column elementor-element elementor-element-d50181e sc_layouts_column_icons_position_left\" data-id=\"d50181e\" data-element_type=\"column\">\n\t\t\t<div class=\"elementor-widget-wrap elementor-element-populated\">\n\t\t\t\t\t\t<div class=\"elementor-element elementor-element-7bc12da elementor-widget elementor-widget-image\" data-id=\"7bc12da\" data-element_type=\"widget\" data-widget_type=\"image.default\">\n\t\t\t\t<div class=\"elementor-widget-container\">\n\t\t\t\t\t\t\t\t\t\t\t\t\t\t\t<img fetchpriority=\"high\" decoding=\"async\" width=\"759\" height=\"569\" src=\"https:\/\/www.dmociociariavalledicomino.it\/wp-content\/uploads\/2022\/09\/IMG-20211223-WA0026-2.jpg\" class=\"attachment-full size-full wp-image-6367\" alt=\"\" srcset=\"https:\/\/www.dmociociariavalledicomino.it\/wp-content\/uploads\/2022\/09\/IMG-20211223-WA0026-2.jpg 759w, https:\/\/www.dmociociariavalledicomino.it\/wp-content\/uploads\/2022\/09\/IMG-20211223-WA0026-2-300x225.jpg 300w, https:\/\/www.dmociociariavalledicomino.it\/wp-content\/uploads\/2022\/09\/IMG-20211223-WA0026-2-16x12.jpg 16w, https:\/\/www.dmociociariavalledicomino.it\/wp-content\/uploads\/2022\/09\/IMG-20211223-WA0026-2-370x277.jpg 370w, https:\/\/www.dmociociariavalledicomino.it\/wp-content\/uploads\/2022\/09\/IMG-20211223-WA0026-2-390x292.jpg 390w, https:\/\/www.dmociociariavalledicomino.it\/wp-content\/uploads\/2022\/09\/IMG-20211223-WA0026-2-600x450.jpg 600w\" sizes=\"(max-width: 759px) 100vw, 759px\" \/>\t\t\t\t\t\t\t\t\t\t\t\t\t\t\t<\/div>\n\t\t\t\t<\/div>\n\t\t\t\t\t<\/div>\n\t\t<\/div>\n\t\t\t\t\t<\/div>\n\t\t<\/section>\n\t\t\t\t<section class=\"elementor-section elementor-top-section elementor-element elementor-element-f1ad111 elementor-section-stretched elementor-section-boxed elementor-section-height-default elementor-section-height-default\" data-id=\"f1ad111\" data-element_type=\"section\" data-settings=\"{&quot;stretch_section&quot;:&quot;section-stretched&quot;}\">\n\t\t\t\t\t\t<div class=\"elementor-container elementor-column-gap-extended\">\n\t\t\t\t\t<div class=\"elementor-column elementor-col-100 elementor-top-column elementor-element elementor-element-ce6e959 sc_layouts_column_icons_position_left\" data-id=\"ce6e959\" data-element_type=\"column\">\n\t\t\t<div class=\"elementor-widget-wrap elementor-element-populated\">\n\t\t\t\t\t\t<div class=\"elementor-element elementor-element-98fdd2c elementor-widget elementor-widget-text-editor\" data-id=\"98fdd2c\" data-element_type=\"widget\" data-widget_type=\"text-editor.default\">\n\t\t\t\t<div class=\"elementor-widget-container\">\n\t\t\t\t\t\t\t\t\t<p>Una <strong>storia di passione e gusto<\/strong> che si dipana tra i pendii della <b>Valle di Comino<\/b> e che oggi vede protagonisti giovani viticoltori e altri con pi\u00f9 esperienza alle spalle, tutti impegnati nel produrre un <b>vino <\/b>tra le eccellenze italiane: <b><i>il Cabernet di Atina DOP<\/i><\/b>.<\/p>\n<p>Terra di vitigni sin dai Romani, la Valle di Comino \u00e8 diventata un laboratorio vitivinicolo a cielo aperto: sulle orme di Pasquale Visocchi e della Cantina Visocchi da lui fondata, quando nella seconda met\u00e0 del 19\u00b0 secolo impiant\u00f2 i primi vitigni Cabernet Franc Sauvignon, Merlot, Sirah, oltre a Pinot Bianco, Semillon e Roussane tra Atina e S.Elia Fiumerapido, il&nbsp;<a href=\"https:\/\/www.facebook.com\/profile.php?id=100063804082797\" target=\"_blank\" rel=\"noopener\"><b><u>Consorzio del Cabernet di Atina DOP<\/u><\/b><\/a>&nbsp;porta avanti dal 2018 la tradizione del <strong>vino \u201ccome fatto una volta\u201d<\/strong>, un prodotto di eccellenza che racconta la storia non solo di un territorio ma della sua gente e della passione per le cose belle.<\/p>\n<p>Uve e vino che richiedono perfezione e precisione, per i quali \u00e8 necessaria una \u201craccolta qualitativa\u201d: le uve del Cabernet hanno infatti una maturazione tardiva, che pu\u00f2 arrivare fino a novembre, e tante sono le attenzioni di cui hanno bisogno perch\u00e9 dal frutto si possa ricavare il prezioso nettare.<\/p>\n<p>Per questo la <strong>vendemmia <\/strong>avviene <strong>\u201ca mano\u201d<\/strong>, nelle cassette, <strong>grappolo dopo grappolo<\/strong>, raccolti e osservati per comprenderne la qualit\u00e0 e il livello di maturazione, che saranno il segreto per il desiderato grado alcolico e il giusto equilibrio tra quelle note zuccherine e i sentori che avvolgono il vino.<\/p><p style=\"font-family: Abel, sans-serif; font-size: 20px; line-height: inherit; font-weight: 400; font-style: normal; letter-spacing: normal;\">Un\u2019esperienza da fare quella della vendemmia, almeno una volta nella vita, che porta con s\u00e9 il sapore di un\u2019arte antica, di un tempo lento scandito dalla natura e dalle stagioni, dove non serve correre ma aspettare il momento giusto per assaporare la bellezza, lasciandosi inebriare dal profumo degli acini d\u2019uva, della terra soffice e odorosa, magari bagnata dalla rugiada del mattino, sognando, dopo la fatica, un buon calice di vino da sorseggiare circondati da un paesaggio avvolto nella calda atmosfera dell\u2019autunno, con i suoi colori, i suoi odori e i suoi sapori.<\/p><p style=\"font-family: Abel, sans-serif; font-size: 20px; line-height: inherit; font-weight: 400; font-style: normal; letter-spacing: normal;\">Le&nbsp;<strong style=\"font-size: 20px;\">aziende vitivinicole della Valle di Comino<\/strong>&nbsp;sono pronte a farvi vivere un&#8217;avventura alla scoperta del Cabernet di Atina: conosciamone qualcuna.<\/p>\t\t\t\t\t\t\t\t<\/div>\n\t\t\t\t<\/div>\n\t\t\t\t\t<\/div>\n\t\t<\/div>\n\t\t\t\t\t<\/div>\n\t\t<\/section>\n\t\t\t\t<section class=\"elementor-section elementor-top-section elementor-element elementor-element-634d080 elementor-section-stretched elementor-section-boxed elementor-section-height-default elementor-section-height-default\" data-id=\"634d080\" data-element_type=\"section\" data-settings=\"{&quot;stretch_section&quot;:&quot;section-stretched&quot;}\">\n\t\t\t\t\t\t<div class=\"elementor-container elementor-column-gap-extended\">\n\t\t\t\t\t<div class=\"elementor-column elementor-col-100 elementor-top-column elementor-element elementor-element-9d77f77 sc_layouts_column_icons_position_left\" data-id=\"9d77f77\" data-element_type=\"column\">\n\t\t\t<div class=\"elementor-widget-wrap elementor-element-populated\">\n\t\t\t\t\t\t\t<\/div>\n\t\t<\/div>\n\t\t\t\t\t<\/div>\n\t\t<\/section>\n\t\t\t\t<section class=\"elementor-section elementor-top-section elementor-element elementor-element-ee09ba9 elementor-section-stretched elementor-hidden-tablet elementor-hidden-mobile elementor-section-boxed elementor-section-height-default elementor-section-height-default\" data-id=\"ee09ba9\" data-element_type=\"section\" data-settings=\"{&quot;stretch_section&quot;:&quot;section-stretched&quot;}\">\n\t\t\t\t\t\t<div class=\"elementor-container elementor-column-gap-extended\">\n\t\t\t\t\t<div class=\"elementor-column elementor-col-100 elementor-top-column elementor-element elementor-element-3ee2735 sc_layouts_column_icons_position_left\" data-id=\"3ee2735\" data-element_type=\"column\">\n\t\t\t<div class=\"elementor-widget-wrap elementor-element-populated\">\n\t\t\t\t\t\t<div class=\"elementor-element elementor-element-c9ebcc3 elementor-widget elementor-widget-heading\" data-id=\"c9ebcc3\" data-element_type=\"widget\" data-widget_type=\"heading.default\">\n\t\t\t\t<div class=\"elementor-widget-container\">\n\t\t\t\t\t<h3 class=\"elementor-heading-title elementor-size-default\"><a href=\"https:\/\/www.anticatenutapalombo.it\/it\">Antica Tenuta Palombo<\/a><\/h3>\t\t\t\t<\/div>\n\t\t\t\t<\/div>\n\t\t\t\t\t<\/div>\n\t\t<\/div>\n\t\t\t\t\t<\/div>\n\t\t<\/section>\n\t\t\t\t<section class=\"elementor-section elementor-top-section elementor-element elementor-element-b82aece elementor-section-stretched elementor-section-boxed elementor-section-height-default elementor-section-height-default\" data-id=\"b82aece\" data-element_type=\"section\" data-settings=\"{&quot;stretch_section&quot;:&quot;section-stretched&quot;}\">\n\t\t\t\t\t\t<div class=\"elementor-container elementor-column-gap-extended\">\n\t\t\t\t\t<div class=\"elementor-column elementor-col-100 elementor-top-column elementor-element elementor-element-b071646 sc_layouts_column_icons_position_left\" data-id=\"b071646\" data-element_type=\"column\">\n\t\t\t<div class=\"elementor-widget-wrap elementor-element-populated\">\n\t\t\t\t\t\t<div class=\"elementor-element elementor-element-ffe217e elementor-hidden-desktop elementor-widget elementor-widget-heading\" data-id=\"ffe217e\" data-element_type=\"widget\" data-widget_type=\"heading.default\">\n\t\t\t\t<div class=\"elementor-widget-container\">\n\t\t\t\t\t<h3 class=\"elementor-heading-title elementor-size-default\"><a href=\"https:\/\/www.anticatenutapalombo.it\/it\">Antica Tenuta Palombo<\/a><\/h3>\t\t\t\t<\/div>\n\t\t\t\t<\/div>\n\t\t\t\t\t<\/div>\n\t\t<\/div>\n\t\t\t\t\t<\/div>\n\t\t<\/section>\n\t\t\t\t<section class=\"elementor-section elementor-top-section elementor-element elementor-element-816f9c5 elementor-section-stretched elementor-hidden-tablet elementor-section-boxed elementor-section-height-default elementor-section-height-default\" data-id=\"816f9c5\" data-element_type=\"section\" data-settings=\"{&quot;stretch_section&quot;:&quot;section-stretched&quot;}\">\n\t\t\t\t\t\t<div class=\"elementor-container elementor-column-gap-extended\">\n\t\t\t\t\t<div class=\"elementor-column elementor-col-50 elementor-top-column elementor-element elementor-element-ba93abf sc_layouts_column_icons_position_left\" data-id=\"ba93abf\" data-element_type=\"column\" data-settings=\"{&quot;background_background&quot;:&quot;classic&quot;}\">\n\t\t\t<div class=\"elementor-widget-wrap elementor-element-populated\">\n\t\t\t\t\t\t<div class=\"elementor-element elementor-element-36bc9d7 elementor-hidden-mobile elementor-widget elementor-widget-spacer\" data-id=\"36bc9d7\" data-element_type=\"widget\" data-widget_type=\"spacer.default\">\n\t\t\t\t<div class=\"elementor-widget-container\">\n\t\t\t\t\t\t\t<div class=\"elementor-spacer\">\n\t\t\t<div class=\"elementor-spacer-inner\"><\/div>\n\t\t<\/div>\n\t\t\t\t\t\t<\/div>\n\t\t\t\t<\/div>\n\t\t\t\t<div class=\"elementor-element elementor-element-c9cc01e elementor-widget elementor-widget-text-editor\" data-id=\"c9cc01e\" data-element_type=\"widget\" data-widget_type=\"text-editor.default\">\n\t\t\t\t<div class=\"elementor-widget-container\">\n\t\t\t\t\t\t\t\t\t<p>Fondata nel 1980, <b><i>Antica Tenuta Palombo<\/i><\/b> porta avanti la missione del suo fondatore, Giovanni Palombo, che lavor\u00f2 con passione guidando altri viticoltori della Valle di Comino e del Cassinate, fino ad ottenere per primo, nel 1999, il riconoscimento della prestigiosa DOC.<\/p><p>Un progetto in continua evoluzione che vuole coniugare tradizione e innovazione e che presto vedr\u00e0 l\u2019apertura di una location dedicata ad eventi e di un\u2019enoteca, per guidare i visitatori in un viaggio alla scoperta del Cabernet di Atina abbinato alle prelibatezze del territorio.<\/p><p>Un\u2019esperienza di gusto avvolti dallo splendido paesaggio della Valle di Comino, che il team dell\u2019Antica Tenuta Palombo \u00e8 pronta ad offrire a chi ama il vino e la natura.<\/p>\t\t\t\t\t\t\t\t<\/div>\n\t\t\t\t<\/div>\n\t\t\t\t\t<\/div>\n\t\t<\/div>\n\t\t\t\t<div class=\"elementor-column elementor-col-50 elementor-top-column elementor-element elementor-element-63d0677 sc_layouts_column_icons_position_left\" data-id=\"63d0677\" data-element_type=\"column\">\n\t\t\t<div class=\"elementor-widget-wrap elementor-element-populated\">\n\t\t\t\t\t\t<div class=\"elementor-element elementor-element-cfedc78 elementor-widget elementor-widget-image\" data-id=\"cfedc78\" data-element_type=\"widget\" data-widget_type=\"image.default\">\n\t\t\t\t<div class=\"elementor-widget-container\">\n\t\t\t\t\t\t\t\t\t\t\t\t\t\t\t<img decoding=\"async\" width=\"900\" height=\"600\" src=\"https:\/\/www.dmociociariavalledicomino.it\/wp-content\/uploads\/2022\/09\/ANTICA-TENUTA-PALOMBO-1.jpg\" class=\"attachment-large size-large wp-image-6065\" alt=\"\" srcset=\"https:\/\/www.dmociociariavalledicomino.it\/wp-content\/uploads\/2022\/09\/ANTICA-TENUTA-PALOMBO-1.jpg 900w, https:\/\/www.dmociociariavalledicomino.it\/wp-content\/uploads\/2022\/09\/ANTICA-TENUTA-PALOMBO-1-300x200.jpg 300w, https:\/\/www.dmociociariavalledicomino.it\/wp-content\/uploads\/2022\/09\/ANTICA-TENUTA-PALOMBO-1-768x512.jpg 768w, https:\/\/www.dmociociariavalledicomino.it\/wp-content\/uploads\/2022\/09\/ANTICA-TENUTA-PALOMBO-1-18x12.jpg 18w, https:\/\/www.dmociociariavalledicomino.it\/wp-content\/uploads\/2022\/09\/ANTICA-TENUTA-PALOMBO-1-370x247.jpg 370w, https:\/\/www.dmociociariavalledicomino.it\/wp-content\/uploads\/2022\/09\/ANTICA-TENUTA-PALOMBO-1-850x567.jpg 850w, https:\/\/www.dmociociariavalledicomino.it\/wp-content\/uploads\/2022\/09\/ANTICA-TENUTA-PALOMBO-1-390x260.jpg 390w, https:\/\/www.dmociociariavalledicomino.it\/wp-content\/uploads\/2022\/09\/ANTICA-TENUTA-PALOMBO-1-780x520.jpg 780w, https:\/\/www.dmociociariavalledicomino.it\/wp-content\/uploads\/2022\/09\/ANTICA-TENUTA-PALOMBO-1-600x400.jpg 600w\" sizes=\"(max-width: 900px) 100vw, 900px\" \/>\t\t\t\t\t\t\t\t\t\t\t\t\t\t\t<\/div>\n\t\t\t\t<\/div>\n\t\t\t\t<div class=\"elementor-element elementor-element-8b547a7 elementor-widget elementor-widget-spacer\" data-id=\"8b547a7\" data-element_type=\"widget\" data-widget_type=\"spacer.default\">\n\t\t\t\t<div class=\"elementor-widget-container\">\n\t\t\t\t\t\t\t<div class=\"elementor-spacer\">\n\t\t\t<div class=\"elementor-spacer-inner\"><\/div>\n\t\t<\/div>\n\t\t\t\t\t\t<\/div>\n\t\t\t\t<\/div>\n\t\t\t\t<div class=\"elementor-element elementor-element-2d357aa elementor-align-center elementor-widget elementor-widget-button\" data-id=\"2d357aa\" data-element_type=\"widget\" data-widget_type=\"button.default\">\n\t\t\t\t<div class=\"elementor-widget-container\">\n\t\t\t\t\t\t\t\t\t<div class=\"elementor-button-wrapper\">\n\t\t\t\t\t<a class=\"elementor-button elementor-button-link elementor-size-md\" href=\"https:\/\/www.anticatenutapalombo.it\/it\">\n\t\t\t\t\t\t<span class=\"elementor-button-content-wrapper\">\n\t\t\t\t\t\t\t\t\t<span class=\"elementor-button-text\">\u00a9 credit Antica Tenuta Palombo<\/span>\n\t\t\t\t\t<\/span>\n\t\t\t\t\t<\/a>\n\t\t\t\t<\/div>\n\t\t\t\t\t\t\t\t<\/div>\n\t\t\t\t<\/div>\n\t\t\t\t\t<\/div>\n\t\t<\/div>\n\t\t\t\t\t<\/div>\n\t\t<\/section>\n\t\t\t\t<section class=\"elementor-section elementor-top-section elementor-element elementor-element-e0d0eab elementor-section-stretched elementor-hidden-desktop elementor-hidden-mobile elementor-section-boxed elementor-section-height-default elementor-section-height-default\" data-id=\"e0d0eab\" data-element_type=\"section\" data-settings=\"{&quot;stretch_section&quot;:&quot;section-stretched&quot;}\">\n\t\t\t\t\t\t<div class=\"elementor-container elementor-column-gap-extended\">\n\t\t\t\t\t<div class=\"elementor-column elementor-col-100 elementor-top-column elementor-element elementor-element-611ade7 sc_layouts_column_icons_position_left\" data-id=\"611ade7\" data-element_type=\"column\" data-settings=\"{&quot;background_background&quot;:&quot;classic&quot;}\">\n\t\t\t<div class=\"elementor-widget-wrap elementor-element-populated\">\n\t\t\t\t\t\t<div class=\"elementor-element elementor-element-1631d32 elementor-hidden-mobile elementor-widget elementor-widget-spacer\" data-id=\"1631d32\" data-element_type=\"widget\" data-widget_type=\"spacer.default\">\n\t\t\t\t<div class=\"elementor-widget-container\">\n\t\t\t\t\t\t\t<div class=\"elementor-spacer\">\n\t\t\t<div class=\"elementor-spacer-inner\"><\/div>\n\t\t<\/div>\n\t\t\t\t\t\t<\/div>\n\t\t\t\t<\/div>\n\t\t\t\t<div class=\"elementor-element elementor-element-f3c8650 elementor-widget elementor-widget-text-editor\" data-id=\"f3c8650\" data-element_type=\"widget\" data-widget_type=\"text-editor.default\">\n\t\t\t\t<div class=\"elementor-widget-container\">\n\t\t\t\t\t\t\t\t\t<p>Fondata nel 1980, <b><i>Antica Tenuta Palombo<\/i><\/b> porta avanti la missione del suo fondatore, Giovanni Palombo, che lavor\u00f2 con passione guidando altri viticoltori della Valle di Comino e del Cassinate, fino ad ottenere per primo, nel 1999, il riconoscimento della prestigiosa DOC.<\/p><p>Un progetto in continua evoluzione che vuole coniugare tradizione e innovazione e che presto vedr\u00e0 l\u2019apertura di una location dedicata ad eventi e di un\u2019enoteca, per guidare i visitatori in un viaggio alla scoperta del Cabernet di Atina abbinato alle prelibatezze del territorio.<\/p><p>Un\u2019esperienza di gusto avvolti dallo splendido paesaggio della Valle di Comino, che il team dell\u2019Antica Tenuta Palombo \u00e8 pronta ad offrire a chi ama il vino e la natura.<\/p>\t\t\t\t\t\t\t\t<\/div>\n\t\t\t\t<\/div>\n\t\t\t\t\t<\/div>\n\t\t<\/div>\n\t\t\t\t\t<\/div>\n\t\t<\/section>\n\t\t\t\t<section class=\"elementor-section elementor-top-section elementor-element elementor-element-7ae1f8f elementor-hidden-desktop elementor-hidden-mobile elementor-section-boxed elementor-section-height-default elementor-section-height-default\" data-id=\"7ae1f8f\" data-element_type=\"section\">\n\t\t\t\t\t\t<div class=\"elementor-container elementor-column-gap-extended\">\n\t\t\t\t\t<div class=\"elementor-column elementor-col-100 elementor-top-column elementor-element elementor-element-5bbcd43 sc_layouts_column_icons_position_left\" data-id=\"5bbcd43\" data-element_type=\"column\">\n\t\t\t<div class=\"elementor-widget-wrap elementor-element-populated\">\n\t\t\t\t\t\t<div class=\"elementor-element elementor-element-60462b5 elementor-widget elementor-widget-image\" data-id=\"60462b5\" data-element_type=\"widget\" data-widget_type=\"image.default\">\n\t\t\t\t<div class=\"elementor-widget-container\">\n\t\t\t\t\t\t\t\t\t\t\t\t\t\t\t<img decoding=\"async\" width=\"900\" height=\"600\" src=\"https:\/\/www.dmociociariavalledicomino.it\/wp-content\/uploads\/2022\/09\/ANTICA-TENUTA-PALOMBO-1.jpg\" class=\"attachment-large size-large wp-image-6065\" alt=\"\" srcset=\"https:\/\/www.dmociociariavalledicomino.it\/wp-content\/uploads\/2022\/09\/ANTICA-TENUTA-PALOMBO-1.jpg 900w, https:\/\/www.dmociociariavalledicomino.it\/wp-content\/uploads\/2022\/09\/ANTICA-TENUTA-PALOMBO-1-300x200.jpg 300w, https:\/\/www.dmociociariavalledicomino.it\/wp-content\/uploads\/2022\/09\/ANTICA-TENUTA-PALOMBO-1-768x512.jpg 768w, https:\/\/www.dmociociariavalledicomino.it\/wp-content\/uploads\/2022\/09\/ANTICA-TENUTA-PALOMBO-1-18x12.jpg 18w, https:\/\/www.dmociociariavalledicomino.it\/wp-content\/uploads\/2022\/09\/ANTICA-TENUTA-PALOMBO-1-370x247.jpg 370w, https:\/\/www.dmociociariavalledicomino.it\/wp-content\/uploads\/2022\/09\/ANTICA-TENUTA-PALOMBO-1-850x567.jpg 850w, https:\/\/www.dmociociariavalledicomino.it\/wp-content\/uploads\/2022\/09\/ANTICA-TENUTA-PALOMBO-1-390x260.jpg 390w, https:\/\/www.dmociociariavalledicomino.it\/wp-content\/uploads\/2022\/09\/ANTICA-TENUTA-PALOMBO-1-780x520.jpg 780w, https:\/\/www.dmociociariavalledicomino.it\/wp-content\/uploads\/2022\/09\/ANTICA-TENUTA-PALOMBO-1-600x400.jpg 600w\" sizes=\"(max-width: 900px) 100vw, 900px\" \/>\t\t\t\t\t\t\t\t\t\t\t\t\t\t\t<\/div>\n\t\t\t\t<\/div>\n\t\t\t\t<div class=\"elementor-element elementor-element-0ee6966 elementor-widget elementor-widget-spacer\" data-id=\"0ee6966\" data-element_type=\"widget\" data-widget_type=\"spacer.default\">\n\t\t\t\t<div class=\"elementor-widget-container\">\n\t\t\t\t\t\t\t<div class=\"elementor-spacer\">\n\t\t\t<div class=\"elementor-spacer-inner\"><\/div>\n\t\t<\/div>\n\t\t\t\t\t\t<\/div>\n\t\t\t\t<\/div>\n\t\t\t\t<div class=\"elementor-element elementor-element-e011a51 elementor-align-center elementor-widget elementor-widget-button\" data-id=\"e011a51\" data-element_type=\"widget\" data-widget_type=\"button.default\">\n\t\t\t\t<div class=\"elementor-widget-container\">\n\t\t\t\t\t\t\t\t\t<div class=\"elementor-button-wrapper\">\n\t\t\t\t\t<a class=\"elementor-button elementor-button-link elementor-size-md\" href=\"https:\/\/www.anticatenutapalombo.it\/it\">\n\t\t\t\t\t\t<span class=\"elementor-button-content-wrapper\">\n\t\t\t\t\t\t\t\t\t<span class=\"elementor-button-text\">\u00a9 credit Antica Tenuta Palombo<\/span>\n\t\t\t\t\t<\/span>\n\t\t\t\t\t<\/a>\n\t\t\t\t<\/div>\n\t\t\t\t\t\t\t\t<\/div>\n\t\t\t\t<\/div>\n\t\t\t\t\t<\/div>\n\t\t<\/div>\n\t\t\t\t\t<\/div>\n\t\t<\/section>\n\t\t\t\t<section class=\"elementor-section elementor-top-section elementor-element elementor-element-84898ff elementor-section-boxed elementor-section-height-default elementor-section-height-default\" data-id=\"84898ff\" data-element_type=\"section\">\n\t\t\t\t\t\t<div class=\"elementor-container elementor-column-gap-extended\">\n\t\t\t\t\t<div class=\"elementor-column elementor-col-100 elementor-top-column elementor-element elementor-element-8686013 sc_layouts_column_icons_position_left\" data-id=\"8686013\" data-element_type=\"column\">\n\t\t\t<div class=\"elementor-widget-wrap elementor-element-populated\">\n\t\t\t\t\t\t<div class=\"elementor-element elementor-element-cae19b1 elementor-widget elementor-widget-spacer\" data-id=\"cae19b1\" data-element_type=\"widget\" data-widget_type=\"spacer.default\">\n\t\t\t\t<div class=\"elementor-widget-container\">\n\t\t\t\t\t\t\t<div class=\"elementor-spacer\">\n\t\t\t<div class=\"elementor-spacer-inner\"><\/div>\n\t\t<\/div>\n\t\t\t\t\t\t<\/div>\n\t\t\t\t<\/div>\n\t\t\t\t\t<\/div>\n\t\t<\/div>\n\t\t\t\t\t<\/div>\n\t\t<\/section>\n\t\t\t\t<section class=\"elementor-section elementor-top-section elementor-element elementor-element-e63fc78 elementor-section-stretched elementor-hidden-tablet elementor-hidden-mobile elementor-section-boxed elementor-section-height-default elementor-section-height-default\" data-id=\"e63fc78\" data-element_type=\"section\" data-settings=\"{&quot;stretch_section&quot;:&quot;section-stretched&quot;}\">\n\t\t\t\t\t\t<div class=\"elementor-container elementor-column-gap-extended\">\n\t\t\t\t\t<div class=\"elementor-column elementor-col-100 elementor-top-column elementor-element elementor-element-dea5c7a sc_layouts_column_icons_position_left\" data-id=\"dea5c7a\" data-element_type=\"column\">\n\t\t\t<div class=\"elementor-widget-wrap elementor-element-populated\">\n\t\t\t\t\t\t<div class=\"elementor-element elementor-element-3914600 elementor-widget elementor-widget-heading\" data-id=\"3914600\" data-element_type=\"widget\" data-widget_type=\"heading.default\">\n\t\t\t\t<div class=\"elementor-widget-container\">\n\t\t\t\t\t<h3 class=\"elementor-heading-title elementor-size-default\"><a href=\"https:\/\/cantinacominium.com\/\">Cantina Cominium, Alvito <\/a><\/h3>\t\t\t\t<\/div>\n\t\t\t\t<\/div>\n\t\t\t\t\t<\/div>\n\t\t<\/div>\n\t\t\t\t\t<\/div>\n\t\t<\/section>\n\t\t\t\t<section class=\"elementor-section elementor-top-section elementor-element elementor-element-65fe215 elementor-section-stretched elementor-hidden-desktop elementor-section-boxed elementor-section-height-default elementor-section-height-default\" data-id=\"65fe215\" data-element_type=\"section\" data-settings=\"{&quot;stretch_section&quot;:&quot;section-stretched&quot;}\">\n\t\t\t\t\t\t<div class=\"elementor-container elementor-column-gap-extended\">\n\t\t\t\t\t<div class=\"elementor-column elementor-col-100 elementor-top-column elementor-element elementor-element-9403424 sc_layouts_column_icons_position_left\" data-id=\"9403424\" data-element_type=\"column\">\n\t\t\t<div class=\"elementor-widget-wrap elementor-element-populated\">\n\t\t\t\t\t\t<div class=\"elementor-element elementor-element-aec3dcb elementor-widget elementor-widget-heading\" data-id=\"aec3dcb\" data-element_type=\"widget\" data-widget_type=\"heading.default\">\n\t\t\t\t<div class=\"elementor-widget-container\">\n\t\t\t\t\t<h3 class=\"elementor-heading-title elementor-size-default\"><a href=\"https:\/\/cantinacominium.com\/\">Cantina Cominium, Alvito <\/a><\/h3>\t\t\t\t<\/div>\n\t\t\t\t<\/div>\n\t\t\t\t\t<\/div>\n\t\t<\/div>\n\t\t\t\t\t<\/div>\n\t\t<\/section>\n\t\t\t\t<section class=\"elementor-section elementor-top-section elementor-element elementor-element-a15dadc elementor-section-stretched elementor-hidden-tablet elementor-section-boxed elementor-section-height-default elementor-section-height-default\" data-id=\"a15dadc\" data-element_type=\"section\" data-settings=\"{&quot;stretch_section&quot;:&quot;section-stretched&quot;}\">\n\t\t\t\t\t\t<div class=\"elementor-container elementor-column-gap-extended\">\n\t\t\t\t\t<div class=\"elementor-column elementor-col-50 elementor-top-column elementor-element elementor-element-4f4a552 sc_layouts_column_icons_position_left\" data-id=\"4f4a552\" data-element_type=\"column\" data-settings=\"{&quot;background_background&quot;:&quot;classic&quot;}\">\n\t\t\t<div class=\"elementor-widget-wrap elementor-element-populated\">\n\t\t\t\t\t\t<div class=\"elementor-element elementor-element-4cecc14 elementor-widget elementor-widget-text-editor\" data-id=\"4cecc14\" data-element_type=\"widget\" data-widget_type=\"text-editor.default\">\n\t\t\t\t<div class=\"elementor-widget-container\">\n\t\t\t\t\t\t\t\t\t<p>Il richiamo di antiche tradizioni e l\u2019amore per la terra sono ci\u00f2 che caratterizza <b><i>Cantina Cominium<\/i><\/b>.<\/p><p>Nata nel 1999 dalla passione per il vino e la viticoltura di Giuseppe Pinto e Angelo Cosenza, l\u2019azienda ha trasformato i propri vigneti in un\u2019esperienza che racchiude gusto, natura e storia.<\/p><p>Il sito storico su cui sorge, gi\u00e0 possedimento borbonico e poi protagonista delle tristi vicende della Seconda Guerra Mondiale, e i vigneti intorno ai quali crescono boschi dove si snodano alcuni percorsi del Parco Nazionale d\u2019Abruzzo, da percorrere a cavallo o in bicicletta, sono il luogo ideale per assaporare prodotti locali come uva, tartufo, funghi e molto altro e conoscere la grande biodiversit\u00e0 che rende la Valle di Comino un territorio tutto da scoprire.<\/p><p>Oltre alla coltivazione delle <b>uve Cabernet Atina DOP<\/b>, Cantina Cominium offre ai propri ospiti molteplici attivit\u00e0, dalla scuola di cucina, alla vendemmia con il pestaggio dell\u2019uva e le etichette personalizzate, alla raccolta di tartufi e degustazioni dei prodotti coltivati all\u2019interno dell\u2019azienda, rigorosamente a Km 0.<\/p>\t\t\t\t\t\t\t\t<\/div>\n\t\t\t\t<\/div>\n\t\t\t\t\t<\/div>\n\t\t<\/div>\n\t\t\t\t<div class=\"elementor-column elementor-col-50 elementor-top-column elementor-element elementor-element-dd260c7 sc_layouts_column_icons_position_left\" data-id=\"dd260c7\" data-element_type=\"column\">\n\t\t\t<div class=\"elementor-widget-wrap elementor-element-populated\">\n\t\t\t\t\t\t<div class=\"elementor-element elementor-element-e9e6cde elementor-widget elementor-widget-image\" data-id=\"e9e6cde\" data-element_type=\"widget\" data-widget_type=\"image.default\">\n\t\t\t\t<div class=\"elementor-widget-container\">\n\t\t\t\t\t\t\t\t\t\t\t\t\t\t\t<img decoding=\"async\" width=\"480\" height=\"600\" src=\"https:\/\/www.dmociociariavalledicomino.it\/wp-content\/uploads\/2022\/09\/CANTINACOMINIUM2-1-1-2.jpg\" class=\"attachment-large size-large wp-image-6079\" alt=\"\" srcset=\"https:\/\/www.dmociociariavalledicomino.it\/wp-content\/uploads\/2022\/09\/CANTINACOMINIUM2-1-1-2.jpg 480w, https:\/\/www.dmociociariavalledicomino.it\/wp-content\/uploads\/2022\/09\/CANTINACOMINIUM2-1-1-2-240x300.jpg 240w, https:\/\/www.dmociociariavalledicomino.it\/wp-content\/uploads\/2022\/09\/CANTINACOMINIUM2-1-1-2-10x12.jpg 10w, https:\/\/www.dmociociariavalledicomino.it\/wp-content\/uploads\/2022\/09\/CANTINACOMINIUM2-1-1-2-370x463.jpg 370w, https:\/\/www.dmociociariavalledicomino.it\/wp-content\/uploads\/2022\/09\/CANTINACOMINIUM2-1-1-2-390x488.jpg 390w\" sizes=\"(max-width: 480px) 100vw, 480px\" \/>\t\t\t\t\t\t\t\t\t\t\t\t\t\t\t<\/div>\n\t\t\t\t<\/div>\n\t\t\t\t<div class=\"elementor-element elementor-element-7cdca49 elementor-widget elementor-widget-spacer\" data-id=\"7cdca49\" data-element_type=\"widget\" data-widget_type=\"spacer.default\">\n\t\t\t\t<div class=\"elementor-widget-container\">\n\t\t\t\t\t\t\t<div class=\"elementor-spacer\">\n\t\t\t<div class=\"elementor-spacer-inner\"><\/div>\n\t\t<\/div>\n\t\t\t\t\t\t<\/div>\n\t\t\t\t<\/div>\n\t\t\t\t<div class=\"elementor-element elementor-element-ecd35cf elementor-align-center elementor-widget elementor-widget-button\" data-id=\"ecd35cf\" data-element_type=\"widget\" data-widget_type=\"button.default\">\n\t\t\t\t<div class=\"elementor-widget-container\">\n\t\t\t\t\t\t\t\t\t<div class=\"elementor-button-wrapper\">\n\t\t\t\t\t<a class=\"elementor-button elementor-button-link elementor-size-md\" href=\"https:\/\/cantinacominium.com\/\">\n\t\t\t\t\t\t<span class=\"elementor-button-content-wrapper\">\n\t\t\t\t\t\t\t\t\t<span class=\"elementor-button-text\">\u00a9 credit Cantina Cominium<\/span>\n\t\t\t\t\t<\/span>\n\t\t\t\t\t<\/a>\n\t\t\t\t<\/div>\n\t\t\t\t\t\t\t\t<\/div>\n\t\t\t\t<\/div>\n\t\t\t\t\t<\/div>\n\t\t<\/div>\n\t\t\t\t\t<\/div>\n\t\t<\/section>\n\t\t\t\t<section class=\"elementor-section elementor-top-section elementor-element elementor-element-774c09e elementor-section-stretched elementor-hidden-desktop elementor-hidden-mobile elementor-section-boxed elementor-section-height-default elementor-section-height-default\" data-id=\"774c09e\" data-element_type=\"section\" data-settings=\"{&quot;stretch_section&quot;:&quot;section-stretched&quot;}\">\n\t\t\t\t\t\t<div class=\"elementor-container elementor-column-gap-extended\">\n\t\t\t\t\t<div class=\"elementor-column elementor-col-100 elementor-top-column elementor-element elementor-element-340a2a9 sc_layouts_column_icons_position_left\" data-id=\"340a2a9\" data-element_type=\"column\" data-settings=\"{&quot;background_background&quot;:&quot;classic&quot;}\">\n\t\t\t<div class=\"elementor-widget-wrap elementor-element-populated\">\n\t\t\t\t\t\t<div class=\"elementor-element elementor-element-94ad47a elementor-widget elementor-widget-text-editor\" data-id=\"94ad47a\" data-element_type=\"widget\" data-widget_type=\"text-editor.default\">\n\t\t\t\t<div class=\"elementor-widget-container\">\n\t\t\t\t\t\t\t\t\t<p>Il richiamo di antiche tradizioni e l\u2019amore per la terra sono ci\u00f2 che caratterizza <b><i>Cantina Cominium<\/i><\/b>.<\/p><p>Nata nel 1999 dalla passione per il vino e la viticoltura di Giuseppe Pinto e Angelo Cosenza, l\u2019azienda ha trasformato i propri vigneti in un\u2019esperienza che racchiude gusto, natura e storia.<\/p><p>Il sito storico su cui sorge, gi\u00e0 possedimento borbonico e poi protagonista delle tristi vicende della Seconda Guerra Mondiale, e i vigneti intorno ai quali crescono boschi dove si snodano alcuni percorsi del Parco Nazionale d\u2019Abruzzo, da percorrere a cavallo o in bicicletta, sono il luogo ideale per assaporare prodotti locali come uva, tartufo, funghi e molto altro e conoscere la grande biodiversit\u00e0 che rende la Valle di Comino un territorio tutto da scoprire.<\/p><p>Oltre alla coltivazione delle <b>uve Cabernet Atina DOP<\/b>, Cantina Cominium offre ai propri ospiti molteplici attivit\u00e0, dalla scuola di cucina, alla vendemmia con il pestaggio dell\u2019uva e le etichette personalizzate, alla raccolta di tartufi e degustazioni dei prodotti coltivati all\u2019interno dell\u2019azienda, rigorosamente a Km 0.<\/p>\t\t\t\t\t\t\t\t<\/div>\n\t\t\t\t<\/div>\n\t\t\t\t\t<\/div>\n\t\t<\/div>\n\t\t\t\t\t<\/div>\n\t\t<\/section>\n\t\t\t\t<section class=\"elementor-section elementor-top-section elementor-element elementor-element-5f7bd28 elementor-hidden-desktop elementor-hidden-mobile elementor-section-boxed elementor-section-height-default elementor-section-height-default\" data-id=\"5f7bd28\" data-element_type=\"section\">\n\t\t\t\t\t\t<div class=\"elementor-container elementor-column-gap-extended\">\n\t\t\t\t\t<div class=\"elementor-column elementor-col-100 elementor-top-column elementor-element elementor-element-13f0862 sc_layouts_column_icons_position_left\" data-id=\"13f0862\" data-element_type=\"column\">\n\t\t\t<div class=\"elementor-widget-wrap elementor-element-populated\">\n\t\t\t\t\t\t<div class=\"elementor-element elementor-element-371e56f elementor-widget elementor-widget-image\" data-id=\"371e56f\" data-element_type=\"widget\" data-widget_type=\"image.default\">\n\t\t\t\t<div class=\"elementor-widget-container\">\n\t\t\t\t\t\t\t\t\t\t\t\t\t\t\t<img decoding=\"async\" width=\"480\" height=\"600\" src=\"https:\/\/www.dmociociariavalledicomino.it\/wp-content\/uploads\/2022\/09\/CANTINACOMINIUM2-1-1-2.jpg\" class=\"attachment-large size-large wp-image-6079\" alt=\"\" srcset=\"https:\/\/www.dmociociariavalledicomino.it\/wp-content\/uploads\/2022\/09\/CANTINACOMINIUM2-1-1-2.jpg 480w, https:\/\/www.dmociociariavalledicomino.it\/wp-content\/uploads\/2022\/09\/CANTINACOMINIUM2-1-1-2-240x300.jpg 240w, https:\/\/www.dmociociariavalledicomino.it\/wp-content\/uploads\/2022\/09\/CANTINACOMINIUM2-1-1-2-10x12.jpg 10w, https:\/\/www.dmociociariavalledicomino.it\/wp-content\/uploads\/2022\/09\/CANTINACOMINIUM2-1-1-2-370x463.jpg 370w, https:\/\/www.dmociociariavalledicomino.it\/wp-content\/uploads\/2022\/09\/CANTINACOMINIUM2-1-1-2-390x488.jpg 390w\" sizes=\"(max-width: 480px) 100vw, 480px\" \/>\t\t\t\t\t\t\t\t\t\t\t\t\t\t\t<\/div>\n\t\t\t\t<\/div>\n\t\t\t\t<div class=\"elementor-element elementor-element-496390d elementor-widget elementor-widget-spacer\" data-id=\"496390d\" data-element_type=\"widget\" data-widget_type=\"spacer.default\">\n\t\t\t\t<div class=\"elementor-widget-container\">\n\t\t\t\t\t\t\t<div class=\"elementor-spacer\">\n\t\t\t<div class=\"elementor-spacer-inner\"><\/div>\n\t\t<\/div>\n\t\t\t\t\t\t<\/div>\n\t\t\t\t<\/div>\n\t\t\t\t<div class=\"elementor-element elementor-element-c946936 elementor-align-center elementor-widget elementor-widget-button\" data-id=\"c946936\" data-element_type=\"widget\" data-widget_type=\"button.default\">\n\t\t\t\t<div class=\"elementor-widget-container\">\n\t\t\t\t\t\t\t\t\t<div class=\"elementor-button-wrapper\">\n\t\t\t\t\t<a class=\"elementor-button elementor-button-link elementor-size-md\" href=\"https:\/\/cantinacominium.com\/\">\n\t\t\t\t\t\t<span class=\"elementor-button-content-wrapper\">\n\t\t\t\t\t\t\t\t\t<span class=\"elementor-button-text\">\u00a9 credit Cantina Cominium<\/span>\n\t\t\t\t\t<\/span>\n\t\t\t\t\t<\/a>\n\t\t\t\t<\/div>\n\t\t\t\t\t\t\t\t<\/div>\n\t\t\t\t<\/div>\n\t\t\t\t\t<\/div>\n\t\t<\/div>\n\t\t\t\t\t<\/div>\n\t\t<\/section>\n\t\t\t\t<section class=\"elementor-section elementor-top-section elementor-element elementor-element-d17dc75 elementor-hidden-mobile elementor-section-boxed elementor-section-height-default elementor-section-height-default\" data-id=\"d17dc75\" data-element_type=\"section\">\n\t\t\t\t\t\t<div class=\"elementor-container elementor-column-gap-extended\">\n\t\t\t\t\t<div class=\"elementor-column elementor-col-100 elementor-top-column elementor-element elementor-element-f3e61f2 sc_layouts_column_icons_position_left\" data-id=\"f3e61f2\" data-element_type=\"column\">\n\t\t\t<div class=\"elementor-widget-wrap elementor-element-populated\">\n\t\t\t\t\t\t<div class=\"elementor-element elementor-element-c38fc3c elementor-widget elementor-widget-spacer\" data-id=\"c38fc3c\" data-element_type=\"widget\" data-widget_type=\"spacer.default\">\n\t\t\t\t<div class=\"elementor-widget-container\">\n\t\t\t\t\t\t\t<div class=\"elementor-spacer\">\n\t\t\t<div class=\"elementor-spacer-inner\"><\/div>\n\t\t<\/div>\n\t\t\t\t\t\t<\/div>\n\t\t\t\t<\/div>\n\t\t\t\t\t<\/div>\n\t\t<\/div>\n\t\t\t\t\t<\/div>\n\t\t<\/section>\n\t\t\t\t<section class=\"elementor-section elementor-top-section elementor-element elementor-element-84f5f79 elementor-section-stretched elementor-section-boxed elementor-section-height-default elementor-section-height-default\" data-id=\"84f5f79\" data-element_type=\"section\" data-settings=\"{&quot;stretch_section&quot;:&quot;section-stretched&quot;}\">\n\t\t\t\t\t\t<div class=\"elementor-container elementor-column-gap-extended\">\n\t\t\t\t\t<div class=\"elementor-column elementor-col-100 elementor-top-column elementor-element elementor-element-ccaaf09 sc_layouts_column_icons_position_left\" data-id=\"ccaaf09\" data-element_type=\"column\">\n\t\t\t<div class=\"elementor-widget-wrap elementor-element-populated\">\n\t\t\t\t\t\t<div class=\"elementor-element elementor-element-b1ee2ff elementor-widget elementor-widget-heading\" data-id=\"b1ee2ff\" data-element_type=\"widget\" data-widget_type=\"heading.default\">\n\t\t\t\t<div class=\"elementor-widget-container\">\n\t\t\t\t\t<h3 class=\"elementor-heading-title elementor-size-default\"><a href=\"http:\/\/www.vinicasalecaira.com\/\">Casale Caira<\/a><\/h3>\t\t\t\t<\/div>\n\t\t\t\t<\/div>\n\t\t\t\t\t<\/div>\n\t\t<\/div>\n\t\t\t\t\t<\/div>\n\t\t<\/section>\n\t\t\t\t<section class=\"elementor-section elementor-top-section elementor-element elementor-element-d35c6ce elementor-section-stretched elementor-section-boxed elementor-section-height-default elementor-section-height-default\" data-id=\"d35c6ce\" data-element_type=\"section\" data-settings=\"{&quot;stretch_section&quot;:&quot;section-stretched&quot;}\">\n\t\t\t\t\t\t<div class=\"elementor-container elementor-column-gap-extended\">\n\t\t\t\t\t<div class=\"elementor-column elementor-col-50 elementor-top-column elementor-element elementor-element-a1a4fcc sc_layouts_column_icons_position_left\" data-id=\"a1a4fcc\" data-element_type=\"column\" data-settings=\"{&quot;background_background&quot;:&quot;classic&quot;}\">\n\t\t\t<div class=\"elementor-widget-wrap elementor-element-populated\">\n\t\t\t\t\t\t<div class=\"elementor-element elementor-element-7196844 elementor-hidden-mobile elementor-hidden-tablet elementor-widget elementor-widget-spacer\" data-id=\"7196844\" data-element_type=\"widget\" data-widget_type=\"spacer.default\">\n\t\t\t\t<div class=\"elementor-widget-container\">\n\t\t\t\t\t\t\t<div class=\"elementor-spacer\">\n\t\t\t<div class=\"elementor-spacer-inner\"><\/div>\n\t\t<\/div>\n\t\t\t\t\t\t<\/div>\n\t\t\t\t<\/div>\n\t\t\t\t<div class=\"elementor-element elementor-element-ae17c3b elementor-widget elementor-widget-text-editor\" data-id=\"ae17c3b\" data-element_type=\"widget\" data-widget_type=\"text-editor.default\">\n\t\t\t\t<div class=\"elementor-widget-container\">\n\t\t\t\t\t\t\t\t\t<p>Sulle colline di Gallinaro, immerso nei boschi, si trovano i vigneti di <b><i>Casale Caira<\/i><\/b>, che Annino Nardelli cura con passione e dedizione dal 2012, insieme a sua moglie e alla sua famiglia.<\/p><p>Un\u2019immersione nella natura e nella tradizione, con la raccolta dell\u2019uva a mano e l\u2019utilizzo di tecniche naturali, come l\u2019allevamento di api, a garantire la genuinit\u00e0 e la protezione della biodiversit\u00e0 del territorio, per arrivare a produrre un vino che abbia il sapore d\u2019un tempo, semplice, come solo gli artigiani sanno fare.<\/p><p>Orgoglio dell\u2019azienda \u00e8 la produzione del <b>Rosato di Cabernet<\/b>, frutto di un\u2019attenta selezione e un sapiente lavoro sulle uve coltivate.<\/p>\t\t\t\t\t\t\t\t<\/div>\n\t\t\t\t<\/div>\n\t\t\t\t\t<\/div>\n\t\t<\/div>\n\t\t\t\t<div class=\"elementor-column elementor-col-50 elementor-top-column elementor-element elementor-element-1b45e6a sc_layouts_column_icons_position_left\" data-id=\"1b45e6a\" data-element_type=\"column\">\n\t\t\t<div class=\"elementor-widget-wrap elementor-element-populated\">\n\t\t\t\t\t\t<div class=\"elementor-element elementor-element-6ab86d9 elementor-widget elementor-widget-image\" data-id=\"6ab86d9\" data-element_type=\"widget\" data-widget_type=\"image.default\">\n\t\t\t\t<div class=\"elementor-widget-container\">\n\t\t\t\t\t\t\t\t\t\t\t\t\t\t\t<img loading=\"lazy\" decoding=\"async\" width=\"337\" height=\"600\" src=\"https:\/\/www.dmociociariavalledicomino.it\/wp-content\/uploads\/2022\/09\/CASALECAIRA_2-1.jpeg\" class=\"attachment-large size-large wp-image-6084\" alt=\"\" srcset=\"https:\/\/www.dmociociariavalledicomino.it\/wp-content\/uploads\/2022\/09\/CASALECAIRA_2-1.jpeg 337w, https:\/\/www.dmociociariavalledicomino.it\/wp-content\/uploads\/2022\/09\/CASALECAIRA_2-1-169x300.jpeg 169w, https:\/\/www.dmociociariavalledicomino.it\/wp-content\/uploads\/2022\/09\/CASALECAIRA_2-1-7x12.jpeg 7w\" sizes=\"(max-width: 337px) 100vw, 337px\" \/>\t\t\t\t\t\t\t\t\t\t\t\t\t\t\t<\/div>\n\t\t\t\t<\/div>\n\t\t\t\t<div class=\"elementor-element elementor-element-306a728 elementor-widget elementor-widget-spacer\" data-id=\"306a728\" data-element_type=\"widget\" data-widget_type=\"spacer.default\">\n\t\t\t\t<div class=\"elementor-widget-container\">\n\t\t\t\t\t\t\t<div class=\"elementor-spacer\">\n\t\t\t<div class=\"elementor-spacer-inner\"><\/div>\n\t\t<\/div>\n\t\t\t\t\t\t<\/div>\n\t\t\t\t<\/div>\n\t\t\t\t<div class=\"elementor-element elementor-element-0a2482a elementor-align-center elementor-widget elementor-widget-button\" data-id=\"0a2482a\" data-element_type=\"widget\" data-widget_type=\"button.default\">\n\t\t\t\t<div class=\"elementor-widget-container\">\n\t\t\t\t\t\t\t\t\t<div class=\"elementor-button-wrapper\">\n\t\t\t\t\t<a class=\"elementor-button elementor-button-link elementor-size-md\" href=\"http:\/\/www.vinicasalecaira.com\/\">\n\t\t\t\t\t\t<span class=\"elementor-button-content-wrapper\">\n\t\t\t\t\t\t\t\t\t<span class=\"elementor-button-text\">\u00a9 credit Casale Caira<\/span>\n\t\t\t\t\t<\/span>\n\t\t\t\t\t<\/a>\n\t\t\t\t<\/div>\n\t\t\t\t\t\t\t\t<\/div>\n\t\t\t\t<\/div>\n\t\t\t\t\t<\/div>\n\t\t<\/div>\n\t\t\t\t\t<\/div>\n\t\t<\/section>\n\t\t\t\t<section class=\"elementor-section elementor-top-section elementor-element elementor-element-918b619 elementor-hidden-mobile elementor-section-boxed elementor-section-height-default elementor-section-height-default\" data-id=\"918b619\" data-element_type=\"section\">\n\t\t\t\t\t\t<div class=\"elementor-container elementor-column-gap-extended\">\n\t\t\t\t\t<div class=\"elementor-column elementor-col-100 elementor-top-column elementor-element elementor-element-dc634c9 sc_layouts_column_icons_position_left\" data-id=\"dc634c9\" data-element_type=\"column\">\n\t\t\t<div class=\"elementor-widget-wrap elementor-element-populated\">\n\t\t\t\t\t\t<div class=\"elementor-element elementor-element-df13432 elementor-widget elementor-widget-spacer\" data-id=\"df13432\" data-element_type=\"widget\" data-widget_type=\"spacer.default\">\n\t\t\t\t<div class=\"elementor-widget-container\">\n\t\t\t\t\t\t\t<div class=\"elementor-spacer\">\n\t\t\t<div class=\"elementor-spacer-inner\"><\/div>\n\t\t<\/div>\n\t\t\t\t\t\t<\/div>\n\t\t\t\t<\/div>\n\t\t\t\t\t<\/div>\n\t\t<\/div>\n\t\t\t\t\t<\/div>\n\t\t<\/section>\n\t\t\t\t<section class=\"elementor-section elementor-top-section elementor-element elementor-element-a197ccd elementor-section-stretched elementor-section-boxed elementor-section-height-default elementor-section-height-default\" data-id=\"a197ccd\" data-element_type=\"section\" data-settings=\"{&quot;stretch_section&quot;:&quot;section-stretched&quot;}\">\n\t\t\t\t\t\t<div class=\"elementor-container elementor-column-gap-extended\">\n\t\t\t\t\t<div class=\"elementor-column elementor-col-100 elementor-top-column elementor-element elementor-element-ac24bd2 sc_layouts_column_icons_position_left\" data-id=\"ac24bd2\" data-element_type=\"column\">\n\t\t\t<div class=\"elementor-widget-wrap elementor-element-populated\">\n\t\t\t\t\t\t<div class=\"elementor-element elementor-element-3617c47 elementor-widget elementor-widget-heading\" data-id=\"3617c47\" data-element_type=\"widget\" data-widget_type=\"heading.default\">\n\t\t\t\t<div class=\"elementor-widget-container\">\n\t\t\t\t\t<h3 class=\"elementor-heading-title elementor-size-default\"><a href=\"https:\/\/www.facebook.com\/masseria.barone\">Masseria Barone<\/a><\/h3>\t\t\t\t<\/div>\n\t\t\t\t<\/div>\n\t\t\t\t\t<\/div>\n\t\t<\/div>\n\t\t\t\t\t<\/div>\n\t\t<\/section>\n\t\t\t\t<section class=\"elementor-section elementor-top-section elementor-element elementor-element-ce1ecf8 elementor-section-stretched elementor-hidden-tablet elementor-section-boxed elementor-section-height-default elementor-section-height-default\" data-id=\"ce1ecf8\" data-element_type=\"section\" data-settings=\"{&quot;stretch_section&quot;:&quot;section-stretched&quot;}\">\n\t\t\t\t\t\t<div class=\"elementor-container elementor-column-gap-extended\">\n\t\t\t\t\t<div class=\"elementor-column elementor-col-50 elementor-top-column elementor-element elementor-element-7510df0 sc_layouts_column_icons_position_left\" data-id=\"7510df0\" data-element_type=\"column\" data-settings=\"{&quot;background_background&quot;:&quot;classic&quot;}\">\n\t\t\t<div class=\"elementor-widget-wrap elementor-element-populated\">\n\t\t\t\t\t\t<div class=\"elementor-element elementor-element-ec3f76a elementor-widget elementor-widget-text-editor\" data-id=\"ec3f76a\" data-element_type=\"widget\" data-widget_type=\"text-editor.default\">\n\t\t\t\t<div class=\"elementor-widget-container\">\n\t\t\t\t\t\t\t\t\t<p>Sullo sfondo Atina, arroccata sulla collina, e intorno lo sguardo ad aprirsi sulla meravigliosa Valle di Comino: \u00e8 questo lo spettacolo che offre <b><i>Masseria Barone<\/i><\/b>, passeggiando tra le colline ricoperte dai filari di vigna e dagli olivi, incontrando qua e l\u00e0 le pecore che fanno parte dell\u2019ecosistema da cui nasce il vino Cabernet DOP di Atina.<\/p><p>L\u2019azienda di famiglia \u00e8 nata nel 2007, da appena un ettaro coltivato, ed \u00e8 portata oggi avanti dai giovani Enrico e Marco Rossi: una vita passata tra le vigne, seguendo la passione del pap\u00e0, e un progetto tutto in divenire che vedr\u00e0 presto l\u2019apertura di una nuova cantina, senza dimenticare la tradizione, l\u2019amore per le cose belle, il territorio e soprattutto la qualit\u00e0.<\/p><p><i>Piccola curiosit\u00e0 sono le etichette delle bottiglie: Enrico Rossi, artista nella vita, le disegna una per una, nessuna uguale all\u2019altra, come piccole opere d\u2019arte che raccontano la storia unica e particolare del vino che contengono.<\/i><\/p>\t\t\t\t\t\t\t\t<\/div>\n\t\t\t\t<\/div>\n\t\t\t\t\t<\/div>\n\t\t<\/div>\n\t\t\t\t<div class=\"elementor-column elementor-col-50 elementor-top-column elementor-element elementor-element-60db256 sc_layouts_column_icons_position_left\" data-id=\"60db256\" data-element_type=\"column\">\n\t\t\t<div class=\"elementor-widget-wrap elementor-element-populated\">\n\t\t\t\t\t\t<div class=\"elementor-element elementor-element-d8d84ba elementor-widget elementor-widget-image\" data-id=\"d8d84ba\" data-element_type=\"widget\" data-widget_type=\"image.default\">\n\t\t\t\t<div class=\"elementor-widget-container\">\n\t\t\t\t\t\t\t\t\t\t\t\t\t\t\t<img loading=\"lazy\" decoding=\"async\" width=\"320\" height=\"400\" src=\"https:\/\/www.dmociociariavalledicomino.it\/wp-content\/uploads\/2022\/09\/MASSERIABARONE2.jpeg\" class=\"attachment-large size-large wp-image-6088\" alt=\"\" srcset=\"https:\/\/www.dmociociariavalledicomino.it\/wp-content\/uploads\/2022\/09\/MASSERIABARONE2.jpeg 320w, https:\/\/www.dmociociariavalledicomino.it\/wp-content\/uploads\/2022\/09\/MASSERIABARONE2-240x300.jpeg 240w, https:\/\/www.dmociociariavalledicomino.it\/wp-content\/uploads\/2022\/09\/MASSERIABARONE2-10x12.jpeg 10w\" sizes=\"(max-width: 320px) 100vw, 320px\" \/>\t\t\t\t\t\t\t\t\t\t\t\t\t\t\t<\/div>\n\t\t\t\t<\/div>\n\t\t\t\t<div class=\"elementor-element elementor-element-f7a2ea9 elementor-widget elementor-widget-spacer\" data-id=\"f7a2ea9\" data-element_type=\"widget\" data-widget_type=\"spacer.default\">\n\t\t\t\t<div class=\"elementor-widget-container\">\n\t\t\t\t\t\t\t<div class=\"elementor-spacer\">\n\t\t\t<div class=\"elementor-spacer-inner\"><\/div>\n\t\t<\/div>\n\t\t\t\t\t\t<\/div>\n\t\t\t\t<\/div>\n\t\t\t\t<div class=\"elementor-element elementor-element-9cc9136 elementor-align-center elementor-widget elementor-widget-button\" data-id=\"9cc9136\" data-element_type=\"widget\" data-widget_type=\"button.default\">\n\t\t\t\t<div class=\"elementor-widget-container\">\n\t\t\t\t\t\t\t\t\t<div class=\"elementor-button-wrapper\">\n\t\t\t\t\t<a class=\"elementor-button elementor-button-link elementor-size-md\" href=\"https:\/\/www.facebook.com\/masseria.barone\">\n\t\t\t\t\t\t<span class=\"elementor-button-content-wrapper\">\n\t\t\t\t\t\t\t\t\t<span class=\"elementor-button-text\">\u00a9 credit Masseria Barone<\/span>\n\t\t\t\t\t<\/span>\n\t\t\t\t\t<\/a>\n\t\t\t\t<\/div>\n\t\t\t\t\t\t\t\t<\/div>\n\t\t\t\t<\/div>\n\t\t\t\t\t<\/div>\n\t\t<\/div>\n\t\t\t\t\t<\/div>\n\t\t<\/section>\n\t\t\t\t<section class=\"elementor-section elementor-top-section elementor-element elementor-element-4d193af elementor-section-stretched elementor-hidden-desktop elementor-hidden-mobile elementor-section-boxed elementor-section-height-default elementor-section-height-default\" data-id=\"4d193af\" data-element_type=\"section\" data-settings=\"{&quot;stretch_section&quot;:&quot;section-stretched&quot;}\">\n\t\t\t\t\t\t<div class=\"elementor-container elementor-column-gap-extended\">\n\t\t\t\t\t<div class=\"elementor-column elementor-col-100 elementor-top-column elementor-element elementor-element-0a81cb7 sc_layouts_column_icons_position_left\" data-id=\"0a81cb7\" data-element_type=\"column\" data-settings=\"{&quot;background_background&quot;:&quot;classic&quot;}\">\n\t\t\t<div class=\"elementor-widget-wrap elementor-element-populated\">\n\t\t\t\t\t\t<div class=\"elementor-element elementor-element-252d2ac elementor-widget elementor-widget-text-editor\" data-id=\"252d2ac\" data-element_type=\"widget\" data-widget_type=\"text-editor.default\">\n\t\t\t\t<div class=\"elementor-widget-container\">\n\t\t\t\t\t\t\t\t\t<p>Sullo sfondo Atina, arroccata sulla collina, e intorno lo sguardo ad aprirsi sulla meravigliosa Valle di Comino: \u00e8 questo lo spettacolo che offre <b><i>Masseria Barone<\/i><\/b>, passeggiando tra le colline ricoperte dai filari di vigna e dagli olivi, incontrando qua e l\u00e0 le pecore che fanno parte dell\u2019ecosistema da cui nasce il vino Cabernet DOP di Atina.<\/p><p>L\u2019azienda di famiglia \u00e8 nata nel 2007, da appena un ettaro coltivato, ed \u00e8 portata oggi avanti dai giovani Enrico e Marco Rossi: una vita passata tra le vigne, seguendo la passione del pap\u00e0, e un progetto tutto in divenire che vedr\u00e0 presto l\u2019apertura di una nuova cantina, senza dimenticare la tradizione, l\u2019amore per le cose belle, il territorio e soprattutto la qualit\u00e0.<\/p><p><i>Piccola curiosit\u00e0 sono le etichette delle bottiglie: Enrico Rossi, artista nella vita, le disegna una per una, nessuna uguale all\u2019altra, come piccole opere d\u2019arte che raccontano la storia unica e particolare del vino che contengono.<\/i><\/p>\t\t\t\t\t\t\t\t<\/div>\n\t\t\t\t<\/div>\n\t\t\t\t\t<\/div>\n\t\t<\/div>\n\t\t\t\t\t<\/div>\n\t\t<\/section>\n\t\t\t\t<section class=\"elementor-section elementor-top-section elementor-element elementor-element-bbdd449 elementor-hidden-desktop elementor-hidden-mobile elementor-section-boxed elementor-section-height-default elementor-section-height-default\" data-id=\"bbdd449\" data-element_type=\"section\">\n\t\t\t\t\t\t<div class=\"elementor-container elementor-column-gap-extended\">\n\t\t\t\t\t<div class=\"elementor-column elementor-col-100 elementor-top-column elementor-element elementor-element-c181a41 sc_layouts_column_icons_position_left\" data-id=\"c181a41\" data-element_type=\"column\">\n\t\t\t<div class=\"elementor-widget-wrap elementor-element-populated\">\n\t\t\t\t\t\t<div class=\"elementor-element elementor-element-d3bb24b elementor-widget elementor-widget-image\" data-id=\"d3bb24b\" data-element_type=\"widget\" data-widget_type=\"image.default\">\n\t\t\t\t<div class=\"elementor-widget-container\">\n\t\t\t\t\t\t\t\t\t\t\t\t\t\t\t<img loading=\"lazy\" decoding=\"async\" width=\"320\" height=\"400\" src=\"https:\/\/www.dmociociariavalledicomino.it\/wp-content\/uploads\/2022\/09\/MASSERIABARONE2.jpeg\" class=\"attachment-large size-large wp-image-6088\" alt=\"\" srcset=\"https:\/\/www.dmociociariavalledicomino.it\/wp-content\/uploads\/2022\/09\/MASSERIABARONE2.jpeg 320w, https:\/\/www.dmociociariavalledicomino.it\/wp-content\/uploads\/2022\/09\/MASSERIABARONE2-240x300.jpeg 240w, https:\/\/www.dmociociariavalledicomino.it\/wp-content\/uploads\/2022\/09\/MASSERIABARONE2-10x12.jpeg 10w\" sizes=\"(max-width: 320px) 100vw, 320px\" \/>\t\t\t\t\t\t\t\t\t\t\t\t\t\t\t<\/div>\n\t\t\t\t<\/div>\n\t\t\t\t<div class=\"elementor-element elementor-element-c5ca59a elementor-widget elementor-widget-spacer\" data-id=\"c5ca59a\" data-element_type=\"widget\" data-widget_type=\"spacer.default\">\n\t\t\t\t<div class=\"elementor-widget-container\">\n\t\t\t\t\t\t\t<div class=\"elementor-spacer\">\n\t\t\t<div class=\"elementor-spacer-inner\"><\/div>\n\t\t<\/div>\n\t\t\t\t\t\t<\/div>\n\t\t\t\t<\/div>\n\t\t\t\t<div class=\"elementor-element elementor-element-8402c32 elementor-align-center elementor-widget elementor-widget-button\" data-id=\"8402c32\" data-element_type=\"widget\" data-widget_type=\"button.default\">\n\t\t\t\t<div class=\"elementor-widget-container\">\n\t\t\t\t\t\t\t\t\t<div class=\"elementor-button-wrapper\">\n\t\t\t\t\t<a class=\"elementor-button elementor-button-link elementor-size-md\" href=\"https:\/\/www.facebook.com\/masseria.barone\">\n\t\t\t\t\t\t<span class=\"elementor-button-content-wrapper\">\n\t\t\t\t\t\t\t\t\t<span class=\"elementor-button-text\">\u00a9 credit Masseria Barone<\/span>\n\t\t\t\t\t<\/span>\n\t\t\t\t\t<\/a>\n\t\t\t\t<\/div>\n\t\t\t\t\t\t\t\t<\/div>\n\t\t\t\t<\/div>\n\t\t\t\t\t<\/div>\n\t\t<\/div>\n\t\t\t\t\t<\/div>\n\t\t<\/section>\n\t\t\t\t<section class=\"elementor-section elementor-top-section elementor-element elementor-element-4cf56f4 elementor-hidden-mobile elementor-section-boxed elementor-section-height-default elementor-section-height-default\" data-id=\"4cf56f4\" data-element_type=\"section\">\n\t\t\t\t\t\t<div class=\"elementor-container elementor-column-gap-extended\">\n\t\t\t\t\t<div class=\"elementor-column elementor-col-100 elementor-top-column elementor-element elementor-element-84ff16c sc_layouts_column_icons_position_left\" data-id=\"84ff16c\" data-element_type=\"column\">\n\t\t\t<div class=\"elementor-widget-wrap elementor-element-populated\">\n\t\t\t\t\t\t<div class=\"elementor-element elementor-element-3bc11de elementor-widget elementor-widget-spacer\" data-id=\"3bc11de\" data-element_type=\"widget\" data-widget_type=\"spacer.default\">\n\t\t\t\t<div class=\"elementor-widget-container\">\n\t\t\t\t\t\t\t<div class=\"elementor-spacer\">\n\t\t\t<div class=\"elementor-spacer-inner\"><\/div>\n\t\t<\/div>\n\t\t\t\t\t\t<\/div>\n\t\t\t\t<\/div>\n\t\t\t\t\t<\/div>\n\t\t<\/div>\n\t\t\t\t\t<\/div>\n\t\t<\/section>\n\t\t\t\t<section class=\"elementor-section elementor-top-section elementor-element elementor-element-145bc17 elementor-section-stretched elementor-section-boxed elementor-section-height-default elementor-section-height-default\" data-id=\"145bc17\" data-element_type=\"section\" data-settings=\"{&quot;stretch_section&quot;:&quot;section-stretched&quot;}\">\n\t\t\t\t\t\t<div class=\"elementor-container elementor-column-gap-extended\">\n\t\t\t\t\t<div class=\"elementor-column elementor-col-100 elementor-top-column elementor-element elementor-element-b5a12dc sc_layouts_column_icons_position_left\" data-id=\"b5a12dc\" data-element_type=\"column\">\n\t\t\t<div class=\"elementor-widget-wrap elementor-element-populated\">\n\t\t\t\t\t\t<div class=\"elementor-element elementor-element-8fde665 elementor-widget elementor-widget-heading\" data-id=\"8fde665\" data-element_type=\"widget\" data-widget_type=\"heading.default\">\n\t\t\t\t<div class=\"elementor-widget-container\">\n\t\t\t\t\t<h3 class=\"elementor-heading-title elementor-size-default\"><a href=\"https:\/\/tenutapetrapotens.it\/\">Petra Potens <\/a><\/h3>\t\t\t\t<\/div>\n\t\t\t\t<\/div>\n\t\t\t\t\t<\/div>\n\t\t<\/div>\n\t\t\t\t\t<\/div>\n\t\t<\/section>\n\t\t\t\t<section class=\"elementor-section elementor-top-section elementor-element elementor-element-16d3eee elementor-section-stretched elementor-hidden-tablet elementor-section-boxed elementor-section-height-default elementor-section-height-default\" data-id=\"16d3eee\" data-element_type=\"section\" data-settings=\"{&quot;stretch_section&quot;:&quot;section-stretched&quot;}\">\n\t\t\t\t\t\t<div class=\"elementor-container elementor-column-gap-extended\">\n\t\t\t\t\t<div class=\"elementor-column elementor-col-50 elementor-top-column elementor-element elementor-element-c857fe6 sc_layouts_column_icons_position_left\" data-id=\"c857fe6\" data-element_type=\"column\" data-settings=\"{&quot;background_background&quot;:&quot;classic&quot;}\">\n\t\t\t<div class=\"elementor-widget-wrap elementor-element-populated\">\n\t\t\t\t\t\t<div class=\"elementor-element elementor-element-65c02b7 elementor-widget elementor-widget-text-editor\" data-id=\"65c02b7\" data-element_type=\"widget\" data-widget_type=\"text-editor.default\">\n\t\t\t\t<div class=\"elementor-widget-container\">\n\t\t\t\t\t\t\t\t\t<p>Sulle colline di Alvito, circondata dalla maestosit\u00e0 dell\u2019Appennino, la <em><strong>Tenuta Petra Potens<\/strong> <\/em>di Ciro Calabrese offre ai suoi visitatori un percorso di conoscenza del vino che abbraccia tutto, dalla vendemmia, alla produzione fino alla degustazione.<\/p><p>Una scommessa lanciata qualche anno fa e che oggi punta tutto sulla qualit\u00e0 e la scoperta di un territorio meraviglioso come la Valle di Comino.<\/p><p>L\u2019azienda offre esperienze come \u201cCalici &amp; Forchette\u201d e la pi\u00f9 recente \u201cVigna al Parco\u201d, per chi desidera un\u2019immersione totale nella conoscenza del vino: l\u2019obiettivo \u00e8 trasmettere al visitatore il gusto per l\u2019artigianalit\u00e0 che pervade tutto il lavoro dell\u2019azienda, la passione per le cose buone e la costante ricerca dell\u2019eccellenza, che parte dalla cura del prodotto e del territorio in cui viene coltivato.<\/p><p>In programma anche il Corso di Degustazione, 8 incontri sulla conoscenza del vino e il suo abbinamento con il cibo, per appassionati e non solo.\u00a0<span style=\"font-size: 20px;\">Vanto dell\u2019azienda \u00e8 il Cabernet Franc in purezza affinato in anfora, antica tecnica che sposa la modernit\u00e0 e fa riscoprire autentici sapori.<\/span><\/p>\t\t\t\t\t\t\t\t<\/div>\n\t\t\t\t<\/div>\n\t\t\t\t\t<\/div>\n\t\t<\/div>\n\t\t\t\t<div class=\"elementor-column elementor-col-50 elementor-top-column elementor-element elementor-element-9f2c25f sc_layouts_column_icons_position_left\" data-id=\"9f2c25f\" data-element_type=\"column\">\n\t\t\t<div class=\"elementor-widget-wrap elementor-element-populated\">\n\t\t\t\t\t\t<div class=\"elementor-element elementor-element-2d6c9d9 elementor-widget elementor-widget-image\" data-id=\"2d6c9d9\" data-element_type=\"widget\" data-widget_type=\"image.default\">\n\t\t\t\t<div class=\"elementor-widget-container\">\n\t\t\t\t\t\t\t\t\t\t\t\t\t\t\t<img loading=\"lazy\" decoding=\"async\" width=\"829\" height=\"465\" src=\"https:\/\/www.dmociociariavalledicomino.it\/wp-content\/uploads\/2022\/09\/PETRAPOTENS1.jpg\" class=\"attachment-large size-large wp-image-6089\" alt=\"\" srcset=\"https:\/\/www.dmociociariavalledicomino.it\/wp-content\/uploads\/2022\/09\/PETRAPOTENS1.jpg 829w, https:\/\/www.dmociociariavalledicomino.it\/wp-content\/uploads\/2022\/09\/PETRAPOTENS1-300x168.jpg 300w, https:\/\/www.dmociociariavalledicomino.it\/wp-content\/uploads\/2022\/09\/PETRAPOTENS1-768x431.jpg 768w, https:\/\/www.dmociociariavalledicomino.it\/wp-content\/uploads\/2022\/09\/PETRAPOTENS1-18x10.jpg 18w, https:\/\/www.dmociociariavalledicomino.it\/wp-content\/uploads\/2022\/09\/PETRAPOTENS1-370x208.jpg 370w, https:\/\/www.dmociociariavalledicomino.it\/wp-content\/uploads\/2022\/09\/PETRAPOTENS1-390x219.jpg 390w, https:\/\/www.dmociociariavalledicomino.it\/wp-content\/uploads\/2022\/09\/PETRAPOTENS1-780x438.jpg 780w, https:\/\/www.dmociociariavalledicomino.it\/wp-content\/uploads\/2022\/09\/PETRAPOTENS1-600x337.jpg 600w, https:\/\/www.dmociociariavalledicomino.it\/wp-content\/uploads\/2022\/09\/PETRAPOTENS1-740x416.jpg 740w, https:\/\/www.dmociociariavalledicomino.it\/wp-content\/uploads\/2022\/09\/PETRAPOTENS1-270x152.jpg 270w, https:\/\/www.dmociociariavalledicomino.it\/wp-content\/uploads\/2022\/09\/PETRAPOTENS1-540x304.jpg 540w\" sizes=\"(max-width: 829px) 100vw, 829px\" \/>\t\t\t\t\t\t\t\t\t\t\t\t\t\t\t<\/div>\n\t\t\t\t<\/div>\n\t\t\t\t<div class=\"elementor-element elementor-element-02e51f6 elementor-widget elementor-widget-spacer\" data-id=\"02e51f6\" data-element_type=\"widget\" data-widget_type=\"spacer.default\">\n\t\t\t\t<div class=\"elementor-widget-container\">\n\t\t\t\t\t\t\t<div class=\"elementor-spacer\">\n\t\t\t<div class=\"elementor-spacer-inner\"><\/div>\n\t\t<\/div>\n\t\t\t\t\t\t<\/div>\n\t\t\t\t<\/div>\n\t\t\t\t<div class=\"elementor-element elementor-element-463858d elementor-align-center elementor-widget elementor-widget-button\" data-id=\"463858d\" data-element_type=\"widget\" data-widget_type=\"button.default\">\n\t\t\t\t<div class=\"elementor-widget-container\">\n\t\t\t\t\t\t\t\t\t<div class=\"elementor-button-wrapper\">\n\t\t\t\t\t<a class=\"elementor-button elementor-button-link elementor-size-md\" href=\"https:\/\/tenutapetrapotens.it\/\">\n\t\t\t\t\t\t<span class=\"elementor-button-content-wrapper\">\n\t\t\t\t\t\t\t\t\t<span class=\"elementor-button-text\">\u00a9 credit Petra Potens<\/span>\n\t\t\t\t\t<\/span>\n\t\t\t\t\t<\/a>\n\t\t\t\t<\/div>\n\t\t\t\t\t\t\t\t<\/div>\n\t\t\t\t<\/div>\n\t\t\t\t\t<\/div>\n\t\t<\/div>\n\t\t\t\t\t<\/div>\n\t\t<\/section>\n\t\t\t\t<section class=\"elementor-section elementor-top-section elementor-element elementor-element-ebb406b elementor-section-stretched elementor-hidden-desktop elementor-hidden-mobile elementor-section-boxed elementor-section-height-default elementor-section-height-default\" data-id=\"ebb406b\" data-element_type=\"section\" data-settings=\"{&quot;stretch_section&quot;:&quot;section-stretched&quot;}\">\n\t\t\t\t\t\t<div class=\"elementor-container elementor-column-gap-extended\">\n\t\t\t\t\t<div class=\"elementor-column elementor-col-100 elementor-top-column elementor-element elementor-element-ce246b7 sc_layouts_column_icons_position_left\" data-id=\"ce246b7\" data-element_type=\"column\" data-settings=\"{&quot;background_background&quot;:&quot;classic&quot;}\">\n\t\t\t<div class=\"elementor-widget-wrap elementor-element-populated\">\n\t\t\t\t\t\t<div class=\"elementor-element elementor-element-bb38793 elementor-widget elementor-widget-text-editor\" data-id=\"bb38793\" data-element_type=\"widget\" data-widget_type=\"text-editor.default\">\n\t\t\t\t<div class=\"elementor-widget-container\">\n\t\t\t\t\t\t\t\t\t<p>Sulle colline di Alvito, circondata dalla maestosit\u00e0 dell\u2019Appennino, la <em><strong>Tenuta Petra Potens<\/strong> <\/em>di Ciro Calabrese offre ai suoi visitatori un percorso di conoscenza del vino che abbraccia tutto, dalla vendemmia, alla produzione fino alla degustazione.<\/p><p>Una scommessa lanciata qualche anno fa e che oggi punta tutto sulla qualit\u00e0 e la scoperta di un territorio meraviglioso come la Valle di Comino.<\/p><p>L\u2019azienda offre esperienze come \u201cCalici &amp; Forchette\u201d e la pi\u00f9 recente \u201cVigna al Parco\u201d, per chi desidera un\u2019immersione totale nella conoscenza del vino: l\u2019obiettivo \u00e8 trasmettere al visitatore il gusto per l\u2019artigianalit\u00e0 che pervade tutto il lavoro dell\u2019azienda, la passione per le cose buone e la costante ricerca dell\u2019eccellenza, che parte dalla cura del prodotto e del territorio in cui viene coltivato.<\/p><p>In programma anche il Corso di Degustazione, 8 incontri sulla conoscenza del vino e il suo abbinamento con il cibo, per appassionati e non solo.\u00a0<span style=\"font-size: 20px;\">Vanto dell\u2019azienda \u00e8 il Cabernet Franc in purezza affinato in anfora, antica tecnica che sposa la modernit\u00e0 e fa riscoprire autentici sapori.<\/span><\/p>\t\t\t\t\t\t\t\t<\/div>\n\t\t\t\t<\/div>\n\t\t\t\t\t<\/div>\n\t\t<\/div>\n\t\t\t\t\t<\/div>\n\t\t<\/section>\n\t\t\t\t<section class=\"elementor-section elementor-top-section elementor-element elementor-element-213f224 elementor-hidden-desktop elementor-hidden-mobile elementor-section-boxed elementor-section-height-default elementor-section-height-default\" data-id=\"213f224\" data-element_type=\"section\">\n\t\t\t\t\t\t<div class=\"elementor-container elementor-column-gap-extended\">\n\t\t\t\t\t<div class=\"elementor-column elementor-col-100 elementor-top-column elementor-element elementor-element-3f6cfde sc_layouts_column_icons_position_left\" data-id=\"3f6cfde\" data-element_type=\"column\">\n\t\t\t<div class=\"elementor-widget-wrap elementor-element-populated\">\n\t\t\t\t\t\t<div class=\"elementor-element elementor-element-9a80009 elementor-widget elementor-widget-image\" data-id=\"9a80009\" data-element_type=\"widget\" data-widget_type=\"image.default\">\n\t\t\t\t<div class=\"elementor-widget-container\">\n\t\t\t\t\t\t\t\t\t\t\t\t\t\t\t<img loading=\"lazy\" decoding=\"async\" width=\"829\" height=\"465\" src=\"https:\/\/www.dmociociariavalledicomino.it\/wp-content\/uploads\/2022\/09\/PETRAPOTENS1.jpg\" class=\"attachment-large size-large wp-image-6089\" alt=\"\" srcset=\"https:\/\/www.dmociociariavalledicomino.it\/wp-content\/uploads\/2022\/09\/PETRAPOTENS1.jpg 829w, https:\/\/www.dmociociariavalledicomino.it\/wp-content\/uploads\/2022\/09\/PETRAPOTENS1-300x168.jpg 300w, https:\/\/www.dmociociariavalledicomino.it\/wp-content\/uploads\/2022\/09\/PETRAPOTENS1-768x431.jpg 768w, https:\/\/www.dmociociariavalledicomino.it\/wp-content\/uploads\/2022\/09\/PETRAPOTENS1-18x10.jpg 18w, https:\/\/www.dmociociariavalledicomino.it\/wp-content\/uploads\/2022\/09\/PETRAPOTENS1-370x208.jpg 370w, https:\/\/www.dmociociariavalledicomino.it\/wp-content\/uploads\/2022\/09\/PETRAPOTENS1-390x219.jpg 390w, https:\/\/www.dmociociariavalledicomino.it\/wp-content\/uploads\/2022\/09\/PETRAPOTENS1-780x438.jpg 780w, https:\/\/www.dmociociariavalledicomino.it\/wp-content\/uploads\/2022\/09\/PETRAPOTENS1-600x337.jpg 600w, https:\/\/www.dmociociariavalledicomino.it\/wp-content\/uploads\/2022\/09\/PETRAPOTENS1-740x416.jpg 740w, https:\/\/www.dmociociariavalledicomino.it\/wp-content\/uploads\/2022\/09\/PETRAPOTENS1-270x152.jpg 270w, https:\/\/www.dmociociariavalledicomino.it\/wp-content\/uploads\/2022\/09\/PETRAPOTENS1-540x304.jpg 540w\" sizes=\"(max-width: 829px) 100vw, 829px\" \/>\t\t\t\t\t\t\t\t\t\t\t\t\t\t\t<\/div>\n\t\t\t\t<\/div>\n\t\t\t\t<div class=\"elementor-element elementor-element-6d6e2b9 elementor-widget elementor-widget-spacer\" data-id=\"6d6e2b9\" data-element_type=\"widget\" data-widget_type=\"spacer.default\">\n\t\t\t\t<div class=\"elementor-widget-container\">\n\t\t\t\t\t\t\t<div class=\"elementor-spacer\">\n\t\t\t<div class=\"elementor-spacer-inner\"><\/div>\n\t\t<\/div>\n\t\t\t\t\t\t<\/div>\n\t\t\t\t<\/div>\n\t\t\t\t<div class=\"elementor-element elementor-element-5d0b135 elementor-align-center elementor-widget elementor-widget-button\" data-id=\"5d0b135\" data-element_type=\"widget\" data-widget_type=\"button.default\">\n\t\t\t\t<div class=\"elementor-widget-container\">\n\t\t\t\t\t\t\t\t\t<div class=\"elementor-button-wrapper\">\n\t\t\t\t\t<a class=\"elementor-button elementor-button-link elementor-size-md\" href=\"https:\/\/tenutapetrapotens.it\/\">\n\t\t\t\t\t\t<span class=\"elementor-button-content-wrapper\">\n\t\t\t\t\t\t\t\t\t<span class=\"elementor-button-text\">\u00a9 credit Petra Potens<\/span>\n\t\t\t\t\t<\/span>\n\t\t\t\t\t<\/a>\n\t\t\t\t<\/div>\n\t\t\t\t\t\t\t\t<\/div>\n\t\t\t\t<\/div>\n\t\t\t\t\t<\/div>\n\t\t<\/div>\n\t\t\t\t\t<\/div>\n\t\t<\/section>\n\t\t\t\t<section class=\"elementor-section elementor-top-section elementor-element elementor-element-bd14dd0 elementor-section-boxed elementor-section-height-default elementor-section-height-default\" data-id=\"bd14dd0\" data-element_type=\"section\">\n\t\t\t\t\t\t<div class=\"elementor-container elementor-column-gap-extended\">\n\t\t\t\t\t<div class=\"elementor-column elementor-col-100 elementor-top-column elementor-element elementor-element-7bf2139 sc_layouts_column_icons_position_left\" data-id=\"7bf2139\" data-element_type=\"column\">\n\t\t\t<div class=\"elementor-widget-wrap elementor-element-populated\">\n\t\t\t\t\t\t<div class=\"elementor-element elementor-element-38ad2df elementor-widget elementor-widget-spacer\" data-id=\"38ad2df\" data-element_type=\"widget\" data-widget_type=\"spacer.default\">\n\t\t\t\t<div class=\"elementor-widget-container\">\n\t\t\t\t\t\t\t<div class=\"elementor-spacer\">\n\t\t\t<div class=\"elementor-spacer-inner\"><\/div>\n\t\t<\/div>\n\t\t\t\t\t\t<\/div>\n\t\t\t\t<\/div>\n\t\t\t\t\t<\/div>\n\t\t<\/div>\n\t\t\t\t\t<\/div>\n\t\t<\/section>\n\t\t\t\t<\/div>","protected":false},"excerpt":{"rendered":"<p>Eccellenze, il cabernet di Atina Una storia di passione e gusto in Valle di Comino Eccellenze, il cabernet di Atina Una storia di passione e gusto in Valle di Comino Eccellenze, il cabernet di Atina Una storia di passione e gusto in Valle di Comino Una storia di passione e gusto che si dipana tra i pendii della Valle di&hellip;<\/p>","protected":false},"author":1,"featured_media":6356,"comment_status":"closed","ping_status":"closed","sticky":false,"template":"","format":"standard","meta":{"footnotes":""},"categories":[75,17,89],"tags":[164,105,167,166,76,165],"class_list":["post-6035","post","type-post","status-publish","format-standard","has-post-thumbnail","hentry","category-blog","category-enogastronomia","category-eventi","tag-cabernet-di-atina-dop","tag-natura","tag-prodotti-tipici","tag-uve-cabernet","tag-valle-di-comino","tag-vino"],"acf":[],"yoast_head":"<!-- This site is optimized with the Yoast SEO plugin v24.6 - https:\/\/yoast.com\/wordpress\/plugins\/seo\/ -->\n<title>Il Cabernet di Atina - Passione e gusto in Valle di Comino<\/title>\n<meta name=\"description\" content=\"Eccellenze, il cabernet di Atina DOP: una storia di passione e gusto in Valle di Comino tutta da scoprire.\" \/>\n<meta name=\"robots\" content=\"index, follow, max-snippet:-1, max-image-preview:large, max-video-preview:-1\" \/>\n<link rel=\"canonical\" href=\"https:\/\/www.dmociociariavalledicomino.it\/en\/il-cabernet-di-atina-passione-e-gusto-in-valle-di-comino\/\" \/>\n<meta property=\"og:locale\" content=\"en_GB\" \/>\n<meta property=\"og:type\" content=\"article\" \/>\n<meta property=\"og:title\" content=\"Il Cabernet di Atina - Passione e gusto in Valle di Comino\" \/>\n<meta property=\"og:description\" content=\"Eccellenze, il cabernet di Atina DOP: una storia di passione e gusto in Valle di Comino tutta da scoprire.\" \/>\n<meta property=\"og:url\" content=\"https:\/\/www.dmociociariavalledicomino.it\/en\/il-cabernet-di-atina-passione-e-gusto-in-valle-di-comino\/\" \/>\n<meta property=\"og:site_name\" content=\"DMO Ciociaria Valle di Comino\" \/>\n<meta property=\"article:published_time\" content=\"2022-09-22T12:39:54+00:00\" \/>\n<meta property=\"article:modified_time\" content=\"2023-10-04T10:29:34+00:00\" \/>\n<meta property=\"og:image\" content=\"https:\/\/www.dmociociariavalledicomino.it\/wp-content\/uploads\/2022\/09\/IMG-20211223-WA0026.jpg\" \/>\n\t<meta property=\"og:image:width\" content=\"800\" \/>\n\t<meta property=\"og:image:height\" content=\"600\" \/>\n\t<meta property=\"og:image:type\" content=\"image\/jpeg\" \/>\n<meta name=\"author\" content=\"admin\" \/>\n<meta name=\"twitter:card\" content=\"summary_large_image\" \/>\n<meta name=\"twitter:label1\" content=\"Written by\" \/>\n\t<meta name=\"twitter:data1\" content=\"admin\" \/>\n\t<meta name=\"twitter:label2\" content=\"Estimated reading time\" \/>\n\t<meta name=\"twitter:data2\" content=\"12 minutes\" \/>\n<script type=\"application\/ld+json\" class=\"yoast-schema-graph\">{\"@context\":\"https:\/\/schema.org\",\"@graph\":[{\"@type\":\"Article\",\"@id\":\"https:\/\/www.dmociociariavalledicomino.it\/il-cabernet-di-atina-passione-e-gusto-in-valle-di-comino\/#article\",\"isPartOf\":{\"@id\":\"https:\/\/www.dmociociariavalledicomino.it\/il-cabernet-di-atina-passione-e-gusto-in-valle-di-comino\/\"},\"author\":{\"name\":\"admin\",\"@id\":\"https:\/\/www.dmociociariavalledicomino.it\/#\/schema\/person\/3bf46154fba3deea98d7bd5acb562c6e\"},\"headline\":\"Il Cabernet di Atina &#8211; Passione e gusto in Valle di Comino\",\"datePublished\":\"2022-09-22T12:39:54+00:00\",\"dateModified\":\"2023-10-04T10:29:34+00:00\",\"mainEntityOfPage\":{\"@id\":\"https:\/\/www.dmociociariavalledicomino.it\/il-cabernet-di-atina-passione-e-gusto-in-valle-di-comino\/\"},\"wordCount\":1804,\"publisher\":{\"@id\":\"https:\/\/www.dmociociariavalledicomino.it\/#organization\"},\"image\":{\"@id\":\"https:\/\/www.dmociociariavalledicomino.it\/il-cabernet-di-atina-passione-e-gusto-in-valle-di-comino\/#primaryimage\"},\"thumbnailUrl\":\"https:\/\/www.dmociociariavalledicomino.it\/wp-content\/uploads\/2022\/09\/IMG-20211223-WA0026.jpg\",\"keywords\":[\"Cabernet di Atina DOP\",\"natura\",\"prodotti tipici\",\"uve Cabernet\",\"valle di comino\",\"vino\"],\"articleSection\":[\"Blog\",\"Enogastronomia\",\"Eventi\"],\"inLanguage\":\"en-GB\"},{\"@type\":\"WebPage\",\"@id\":\"https:\/\/www.dmociociariavalledicomino.it\/il-cabernet-di-atina-passione-e-gusto-in-valle-di-comino\/\",\"url\":\"https:\/\/www.dmociociariavalledicomino.it\/il-cabernet-di-atina-passione-e-gusto-in-valle-di-comino\/\",\"name\":\"Il Cabernet di Atina - Passione e gusto in Valle di Comino\",\"isPartOf\":{\"@id\":\"https:\/\/www.dmociociariavalledicomino.it\/#website\"},\"primaryImageOfPage\":{\"@id\":\"https:\/\/www.dmociociariavalledicomino.it\/il-cabernet-di-atina-passione-e-gusto-in-valle-di-comino\/#primaryimage\"},\"image\":{\"@id\":\"https:\/\/www.dmociociariavalledicomino.it\/il-cabernet-di-atina-passione-e-gusto-in-valle-di-comino\/#primaryimage\"},\"thumbnailUrl\":\"https:\/\/www.dmociociariavalledicomino.it\/wp-content\/uploads\/2022\/09\/IMG-20211223-WA0026.jpg\",\"datePublished\":\"2022-09-22T12:39:54+00:00\",\"dateModified\":\"2023-10-04T10:29:34+00:00\",\"description\":\"Eccellenze, il cabernet di Atina DOP: una storia di passione e gusto in Valle di Comino tutta da scoprire.\",\"breadcrumb\":{\"@id\":\"https:\/\/www.dmociociariavalledicomino.it\/il-cabernet-di-atina-passione-e-gusto-in-valle-di-comino\/#breadcrumb\"},\"inLanguage\":\"en-GB\",\"potentialAction\":[{\"@type\":\"ReadAction\",\"target\":[\"https:\/\/www.dmociociariavalledicomino.it\/il-cabernet-di-atina-passione-e-gusto-in-valle-di-comino\/\"]}]},{\"@type\":\"ImageObject\",\"inLanguage\":\"en-GB\",\"@id\":\"https:\/\/www.dmociociariavalledicomino.it\/il-cabernet-di-atina-passione-e-gusto-in-valle-di-comino\/#primaryimage\",\"url\":\"https:\/\/www.dmociociariavalledicomino.it\/wp-content\/uploads\/2022\/09\/IMG-20211223-WA0026.jpg\",\"contentUrl\":\"https:\/\/www.dmociociariavalledicomino.it\/wp-content\/uploads\/2022\/09\/IMG-20211223-WA0026.jpg\",\"width\":800,\"height\":600},{\"@type\":\"BreadcrumbList\",\"@id\":\"https:\/\/www.dmociociariavalledicomino.it\/il-cabernet-di-atina-passione-e-gusto-in-valle-di-comino\/#breadcrumb\",\"itemListElement\":[{\"@type\":\"ListItem\",\"position\":1,\"name\":\"Home\",\"item\":\"https:\/\/www.dmociociariavalledicomino.it\/\"},{\"@type\":\"ListItem\",\"position\":2,\"name\":\"Il Cabernet di Atina &#8211; Passione e gusto in Valle di Comino\"}]},{\"@type\":\"WebSite\",\"@id\":\"https:\/\/www.dmociociariavalledicomino.it\/#website\",\"url\":\"https:\/\/www.dmociociariavalledicomino.it\/\",\"name\":\"DMO Ciociaria Valle di Comino\",\"description\":\"La destinazione che non c'era\",\"publisher\":{\"@id\":\"https:\/\/www.dmociociariavalledicomino.it\/#organization\"},\"potentialAction\":[{\"@type\":\"SearchAction\",\"target\":{\"@type\":\"EntryPoint\",\"urlTemplate\":\"https:\/\/www.dmociociariavalledicomino.it\/?s={search_term_string}\"},\"query-input\":{\"@type\":\"PropertyValueSpecification\",\"valueRequired\":true,\"valueName\":\"search_term_string\"}}],\"inLanguage\":\"en-GB\"},{\"@type\":\"Organization\",\"@id\":\"https:\/\/www.dmociociariavalledicomino.it\/#organization\",\"name\":\"DMO Ciociaria Valle di Comino\",\"url\":\"https:\/\/www.dmociociariavalledicomino.it\/\",\"logo\":{\"@type\":\"ImageObject\",\"inLanguage\":\"en-GB\",\"@id\":\"https:\/\/www.dmociociariavalledicomino.it\/#\/schema\/logo\/image\/\",\"url\":\"https:\/\/www.dmociociariavalledicomino.it\/wp-content\/uploads\/2022\/03\/logo-1x-1.png\",\"contentUrl\":\"https:\/\/www.dmociociariavalledicomino.it\/wp-content\/uploads\/2022\/03\/logo-1x-1.png\",\"width\":435,\"height\":100,\"caption\":\"DMO Ciociaria Valle di Comino\"},\"image\":{\"@id\":\"https:\/\/www.dmociociariavalledicomino.it\/#\/schema\/logo\/image\/\"}},{\"@type\":\"Person\",\"@id\":\"https:\/\/www.dmociociariavalledicomino.it\/#\/schema\/person\/3bf46154fba3deea98d7bd5acb562c6e\",\"name\":\"admin\",\"image\":{\"@type\":\"ImageObject\",\"inLanguage\":\"en-GB\",\"@id\":\"https:\/\/www.dmociociariavalledicomino.it\/#\/schema\/person\/image\/\",\"url\":\"https:\/\/secure.gravatar.com\/avatar\/1fbb3f445cf77d4b14505985324155bdee1cc76aba31ffb5d872bb89773bcb48?s=96&d=mm&r=g\",\"contentUrl\":\"https:\/\/secure.gravatar.com\/avatar\/1fbb3f445cf77d4b14505985324155bdee1cc76aba31ffb5d872bb89773bcb48?s=96&d=mm&r=g\",\"caption\":\"admin\"},\"url\":\"https:\/\/www.dmociociariavalledicomino.it\/en\/author\/admin\/\"}]}<\/script>\n<!-- \/ Yoast SEO plugin. -->","yoast_head_json":{"title":"Il Cabernet di Atina - Passione e gusto in Valle di Comino","description":"Eccellenze, il cabernet di Atina DOP: una storia di passione e gusto in Valle di Comino tutta da scoprire.","robots":{"index":"index","follow":"follow","max-snippet":"max-snippet:-1","max-image-preview":"max-image-preview:large","max-video-preview":"max-video-preview:-1"},"canonical":"https:\/\/www.dmociociariavalledicomino.it\/en\/il-cabernet-di-atina-passione-e-gusto-in-valle-di-comino\/","og_locale":"en_GB","og_type":"article","og_title":"Il Cabernet di Atina - Passione e gusto in Valle di Comino","og_description":"Eccellenze, il cabernet di Atina DOP: una storia di passione e gusto in Valle di Comino tutta da scoprire.","og_url":"https:\/\/www.dmociociariavalledicomino.it\/en\/il-cabernet-di-atina-passione-e-gusto-in-valle-di-comino\/","og_site_name":"DMO Ciociaria Valle di Comino","article_published_time":"2022-09-22T12:39:54+00:00","article_modified_time":"2023-10-04T10:29:34+00:00","og_image":[{"width":800,"height":600,"url":"https:\/\/www.dmociociariavalledicomino.it\/wp-content\/uploads\/2022\/09\/IMG-20211223-WA0026.jpg","type":"image\/jpeg"}],"author":"admin","twitter_card":"summary_large_image","twitter_misc":{"Written by":"admin","Estimated reading time":"12 minutes"},"schema":{"@context":"https:\/\/schema.org","@graph":[{"@type":"Article","@id":"https:\/\/www.dmociociariavalledicomino.it\/il-cabernet-di-atina-passione-e-gusto-in-valle-di-comino\/#article","isPartOf":{"@id":"https:\/\/www.dmociociariavalledicomino.it\/il-cabernet-di-atina-passione-e-gusto-in-valle-di-comino\/"},"author":{"name":"admin","@id":"https:\/\/www.dmociociariavalledicomino.it\/#\/schema\/person\/3bf46154fba3deea98d7bd5acb562c6e"},"headline":"Il Cabernet di Atina &#8211; Passione e gusto in Valle di Comino","datePublished":"2022-09-22T12:39:54+00:00","dateModified":"2023-10-04T10:29:34+00:00","mainEntityOfPage":{"@id":"https:\/\/www.dmociociariavalledicomino.it\/il-cabernet-di-atina-passione-e-gusto-in-valle-di-comino\/"},"wordCount":1804,"publisher":{"@id":"https:\/\/www.dmociociariavalledicomino.it\/#organization"},"image":{"@id":"https:\/\/www.dmociociariavalledicomino.it\/il-cabernet-di-atina-passione-e-gusto-in-valle-di-comino\/#primaryimage"},"thumbnailUrl":"https:\/\/www.dmociociariavalledicomino.it\/wp-content\/uploads\/2022\/09\/IMG-20211223-WA0026.jpg","keywords":["Cabernet di Atina DOP","natura","prodotti tipici","uve Cabernet","valle di comino","vino"],"articleSection":["Blog","Enogastronomia","Eventi"],"inLanguage":"en-GB"},{"@type":"WebPage","@id":"https:\/\/www.dmociociariavalledicomino.it\/il-cabernet-di-atina-passione-e-gusto-in-valle-di-comino\/","url":"https:\/\/www.dmociociariavalledicomino.it\/il-cabernet-di-atina-passione-e-gusto-in-valle-di-comino\/","name":"Il Cabernet di Atina - Passione e gusto in Valle di Comino","isPartOf":{"@id":"https:\/\/www.dmociociariavalledicomino.it\/#website"},"primaryImageOfPage":{"@id":"https:\/\/www.dmociociariavalledicomino.it\/il-cabernet-di-atina-passione-e-gusto-in-valle-di-comino\/#primaryimage"},"image":{"@id":"https:\/\/www.dmociociariavalledicomino.it\/il-cabernet-di-atina-passione-e-gusto-in-valle-di-comino\/#primaryimage"},"thumbnailUrl":"https:\/\/www.dmociociariavalledicomino.it\/wp-content\/uploads\/2022\/09\/IMG-20211223-WA0026.jpg","datePublished":"2022-09-22T12:39:54+00:00","dateModified":"2023-10-04T10:29:34+00:00","description":"Eccellenze, il cabernet di Atina DOP: una storia di passione e gusto in Valle di Comino tutta da scoprire.","breadcrumb":{"@id":"https:\/\/www.dmociociariavalledicomino.it\/il-cabernet-di-atina-passione-e-gusto-in-valle-di-comino\/#breadcrumb"},"inLanguage":"en-GB","potentialAction":[{"@type":"ReadAction","target":["https:\/\/www.dmociociariavalledicomino.it\/il-cabernet-di-atina-passione-e-gusto-in-valle-di-comino\/"]}]},{"@type":"ImageObject","inLanguage":"en-GB","@id":"https:\/\/www.dmociociariavalledicomino.it\/il-cabernet-di-atina-passione-e-gusto-in-valle-di-comino\/#primaryimage","url":"https:\/\/www.dmociociariavalledicomino.it\/wp-content\/uploads\/2022\/09\/IMG-20211223-WA0026.jpg","contentUrl":"https:\/\/www.dmociociariavalledicomino.it\/wp-content\/uploads\/2022\/09\/IMG-20211223-WA0026.jpg","width":800,"height":600},{"@type":"BreadcrumbList","@id":"https:\/\/www.dmociociariavalledicomino.it\/il-cabernet-di-atina-passione-e-gusto-in-valle-di-comino\/#breadcrumb","itemListElement":[{"@type":"ListItem","position":1,"name":"Home","item":"https:\/\/www.dmociociariavalledicomino.it\/"},{"@type":"ListItem","position":2,"name":"Il Cabernet di Atina &#8211; Passione e gusto in Valle di Comino"}]},{"@type":"WebSite","@id":"https:\/\/www.dmociociariavalledicomino.it\/#website","url":"https:\/\/www.dmociociariavalledicomino.it\/","name":"DMO Ciociaria Valle di Comino","description":"La destinazione che non c'era","publisher":{"@id":"https:\/\/www.dmociociariavalledicomino.it\/#organization"},"potentialAction":[{"@type":"SearchAction","target":{"@type":"EntryPoint","urlTemplate":"https:\/\/www.dmociociariavalledicomino.it\/?s={search_term_string}"},"query-input":{"@type":"PropertyValueSpecification","valueRequired":true,"valueName":"search_term_string"}}],"inLanguage":"en-GB"},{"@type":"Organization","@id":"https:\/\/www.dmociociariavalledicomino.it\/#organization","name":"DMO Ciociaria Valle di Comino","url":"https:\/\/www.dmociociariavalledicomino.it\/","logo":{"@type":"ImageObject","inLanguage":"en-GB","@id":"https:\/\/www.dmociociariavalledicomino.it\/#\/schema\/logo\/image\/","url":"https:\/\/www.dmociociariavalledicomino.it\/wp-content\/uploads\/2022\/03\/logo-1x-1.png","contentUrl":"https:\/\/www.dmociociariavalledicomino.it\/wp-content\/uploads\/2022\/03\/logo-1x-1.png","width":435,"height":100,"caption":"DMO Ciociaria Valle di Comino"},"image":{"@id":"https:\/\/www.dmociociariavalledicomino.it\/#\/schema\/logo\/image\/"}},{"@type":"Person","@id":"https:\/\/www.dmociociariavalledicomino.it\/#\/schema\/person\/3bf46154fba3deea98d7bd5acb562c6e","name":"admin","image":{"@type":"ImageObject","inLanguage":"en-GB","@id":"https:\/\/www.dmociociariavalledicomino.it\/#\/schema\/person\/image\/","url":"https:\/\/secure.gravatar.com\/avatar\/1fbb3f445cf77d4b14505985324155bdee1cc76aba31ffb5d872bb89773bcb48?s=96&d=mm&r=g","contentUrl":"https:\/\/secure.gravatar.com\/avatar\/1fbb3f445cf77d4b14505985324155bdee1cc76aba31ffb5d872bb89773bcb48?s=96&d=mm&r=g","caption":"admin"},"url":"https:\/\/www.dmociociariavalledicomino.it\/en\/author\/admin\/"}]}},"_links":{"self":[{"href":"https:\/\/www.dmociociariavalledicomino.it\/en\/wp-json\/wp\/v2\/posts\/6035","targetHints":{"allow":["GET"]}}],"collection":[{"href":"https:\/\/www.dmociociariavalledicomino.it\/en\/wp-json\/wp\/v2\/posts"}],"about":[{"href":"https:\/\/www.dmociociariavalledicomino.it\/en\/wp-json\/wp\/v2\/types\/post"}],"author":[{"embeddable":true,"href":"https:\/\/www.dmociociariavalledicomino.it\/en\/wp-json\/wp\/v2\/users\/1"}],"replies":[{"embeddable":true,"href":"https:\/\/www.dmociociariavalledicomino.it\/en\/wp-json\/wp\/v2\/comments?post=6035"}],"version-history":[{"count":236,"href":"https:\/\/www.dmociociariavalledicomino.it\/en\/wp-json\/wp\/v2\/posts\/6035\/revisions"}],"predecessor-version":[{"id":7505,"href":"https:\/\/www.dmociociariavalledicomino.it\/en\/wp-json\/wp\/v2\/posts\/6035\/revisions\/7505"}],"wp:featuredmedia":[{"embeddable":true,"href":"https:\/\/www.dmociociariavalledicomino.it\/en\/wp-json\/wp\/v2\/media\/6356"}],"wp:attachment":[{"href":"https:\/\/www.dmociociariavalledicomino.it\/en\/wp-json\/wp\/v2\/media?parent=6035"}],"wp:term":[{"taxonomy":"category","embeddable":true,"href":"https:\/\/www.dmociociariavalledicomino.it\/en\/wp-json\/wp\/v2\/categories?post=6035"},{"taxonomy":"post_tag","embeddable":true,"href":"https:\/\/www.dmociociariavalledicomino.it\/en\/wp-json\/wp\/v2\/tags?post=6035"}],"curies":[{"name":"wp","href":"https:\/\/api.w.org\/{rel}","templated":true}]}}