{"id":5954,"date":"2022-09-05T20:43:48","date_gmt":"2022-09-05T18:43:48","guid":{"rendered":"https:\/\/www.dmociociariavalledicomino.it\/?p=5954"},"modified":"2023-10-04T12:29:59","modified_gmt":"2023-10-04T10:29:59","slug":"i-100-anni-del-parco","status":"publish","type":"post","link":"https:\/\/www.dmociociariavalledicomino.it\/en\/i-100-anni-del-parco\/","title":{"rendered":"I 100 anni del Parco"},"content":{"rendered":"<div data-elementor-type=\"wp-post\" data-elementor-id=\"5954\" class=\"elementor elementor-5954\" data-elementor-post-type=\"post\">\n\t\t\t\t\t\t<section class=\"elementor-section elementor-top-section elementor-element elementor-element-18c6ddf elementor-section-stretched elementor-section-boxed elementor-section-height-default elementor-section-height-default\" data-id=\"18c6ddf\" data-element_type=\"section\" data-settings=\"{&quot;stretch_section&quot;:&quot;section-stretched&quot;}\">\n\t\t\t\t\t\t<div class=\"elementor-container elementor-column-gap-extended\">\n\t\t\t\t\t<div class=\"elementor-column elementor-col-100 elementor-top-column elementor-element elementor-element-f8844b3 sc_layouts_column_icons_position_left\" data-id=\"f8844b3\" data-element_type=\"column\">\n\t\t\t<div class=\"elementor-widget-wrap elementor-element-populated\">\n\t\t\t\t\t\t<div class=\"elementor-element elementor-element-7a0ae16 elementor-hidden-mobile elementor-widget elementor-widget-heading\" data-id=\"7a0ae16\" data-element_type=\"widget\" data-widget_type=\"heading.default\">\n\t\t\t\t<div class=\"elementor-widget-container\">\n\t\t\t\t\t<h3 class=\"elementor-heading-title elementor-size-default\"><h2 class=\"elementor-heading-title elementor-size-default elementor-inline-editing pen\" data-elementor-setting-key=\"title\" data-pen-placeholder=\"Digita qui...\" style=\"font-size: 60px; outline-style: initial; outline-width: 0px; background-color: rgb(255, 255, 255);\">I 100 anni del Parco<\/h2><\/h3>\t\t\t\t<\/div>\n\t\t\t\t<\/div>\n\t\t\t\t<div class=\"elementor-element elementor-element-1401f7f elementor-widget elementor-widget-heading\" data-id=\"1401f7f\" data-element_type=\"widget\" data-widget_type=\"heading.default\">\n\t\t\t\t<div class=\"elementor-widget-container\">\n\t\t\t\t\t<h3 class=\"elementor-heading-title elementor-size-default\"><h2 class=\"elementor-heading-title elementor-size-default elementor-inline-editing pen\" data-elementor-setting-key=\"title\" data-pen-placeholder=\"Digita qui...\" style=\"font-size: 30px; line-height: 1; outline-style: initial; outline-width: 0px; background-color: rgb(255, 255, 255);\">I 100 anni del Parco<\/h2><\/h3>\t\t\t\t<\/div>\n\t\t\t\t<\/div>\n\t\t\t\t<div class=\"elementor-element elementor-element-cdc9c5c elementor-widget-divider--view-line elementor-widget elementor-widget-divider\" data-id=\"cdc9c5c\" data-element_type=\"widget\" data-widget_type=\"divider.default\">\n\t\t\t\t<div class=\"elementor-widget-container\">\n\t\t\t\t\t\t\t<div class=\"elementor-divider\">\n\t\t\t<span class=\"elementor-divider-separator\">\n\t\t\t\t\t\t<\/span>\n\t\t<\/div>\n\t\t\t\t\t\t<\/div>\n\t\t\t\t<\/div>\n\t\t\t\t\t<\/div>\n\t\t<\/div>\n\t\t\t\t\t<\/div>\n\t\t<\/section>\n\t\t\t\t<section class=\"elementor-section elementor-top-section elementor-element elementor-element-ff54054 elementor-section-stretched elementor-section-boxed elementor-section-height-default elementor-section-height-default\" data-id=\"ff54054\" data-element_type=\"section\" data-settings=\"{&quot;stretch_section&quot;:&quot;section-stretched&quot;}\">\n\t\t\t\t\t\t<div class=\"elementor-container elementor-column-gap-extended\">\n\t\t\t\t\t<div class=\"elementor-column elementor-col-100 elementor-top-column elementor-element elementor-element-afcec8b sc_layouts_column_icons_position_left\" data-id=\"afcec8b\" data-element_type=\"column\">\n\t\t\t<div class=\"elementor-widget-wrap elementor-element-populated\">\n\t\t\t\t\t\t<div class=\"elementor-element elementor-element-06ea01c elementor-widget elementor-widget-text-editor\" data-id=\"06ea01c\" data-element_type=\"widget\" data-widget_type=\"text-editor.default\">\n\t\t\t\t<div class=\"elementor-widget-container\">\n\t\t\t\t\t\t\t\t\t<p>Il Parco Nazionale d\u2019Abruzzo, Lazio e Molise celebra i suoi 100 anni<\/p>\t\t\t\t\t\t\t\t<\/div>\n\t\t\t\t<\/div>\n\t\t\t\t\t<\/div>\n\t\t<\/div>\n\t\t\t\t\t<\/div>\n\t\t<\/section>\n\t\t\t\t<section class=\"elementor-section elementor-top-section elementor-element elementor-element-e6151f6 elementor-section-boxed elementor-section-height-default elementor-section-height-default\" data-id=\"e6151f6\" data-element_type=\"section\">\n\t\t\t\t\t\t<div class=\"elementor-container elementor-column-gap-extended\">\n\t\t\t\t\t<div class=\"elementor-column elementor-col-100 elementor-top-column elementor-element elementor-element-48a9cdf sc_layouts_column_icons_position_left\" data-id=\"48a9cdf\" data-element_type=\"column\">\n\t\t\t<div class=\"elementor-widget-wrap elementor-element-populated\">\n\t\t\t\t\t\t<div class=\"elementor-element elementor-element-90eb49b elementor-widget elementor-widget-image\" data-id=\"90eb49b\" data-element_type=\"widget\" data-widget_type=\"image.default\">\n\t\t\t\t<div class=\"elementor-widget-container\">\n\t\t\t\t\t\t\t\t\t\t\t\t\t\t\t<img fetchpriority=\"high\" decoding=\"async\" width=\"1024\" height=\"569\" src=\"https:\/\/www.dmociociariavalledicomino.it\/wp-content\/uploads\/2022\/09\/100_anni-1024x569.png\" class=\"attachment-large size-large wp-image-5966\" alt=\"\" srcset=\"https:\/\/www.dmociociariavalledicomino.it\/wp-content\/uploads\/2022\/09\/100_anni-1024x569.png 1024w, https:\/\/www.dmociociariavalledicomino.it\/wp-content\/uploads\/2022\/09\/100_anni-300x167.png 300w, https:\/\/www.dmociociariavalledicomino.it\/wp-content\/uploads\/2022\/09\/100_anni-768x427.png 768w, https:\/\/www.dmociociariavalledicomino.it\/wp-content\/uploads\/2022\/09\/100_anni-18x10.png 18w, https:\/\/www.dmociociariavalledicomino.it\/wp-content\/uploads\/2022\/09\/100_anni-370x206.png 370w, https:\/\/www.dmociociariavalledicomino.it\/wp-content\/uploads\/2022\/09\/100_anni-850x472.png 850w, https:\/\/www.dmociociariavalledicomino.it\/wp-content\/uploads\/2022\/09\/100_anni-390x217.png 390w, https:\/\/www.dmociociariavalledicomino.it\/wp-content\/uploads\/2022\/09\/100_anni-780x434.png 780w, https:\/\/www.dmociociariavalledicomino.it\/wp-content\/uploads\/2022\/09\/100_anni-600x334.png 600w, https:\/\/www.dmociociariavalledicomino.it\/wp-content\/uploads\/2022\/09\/100_anni.png 1200w\" sizes=\"(max-width: 1024px) 100vw, 1024px\" \/>\t\t\t\t\t\t\t\t\t\t\t\t\t\t\t<\/div>\n\t\t\t\t<\/div>\n\t\t\t\t\t<\/div>\n\t\t<\/div>\n\t\t\t\t\t<\/div>\n\t\t<\/section>\n\t\t\t\t<section class=\"elementor-section elementor-top-section elementor-element elementor-element-3898dc0 elementor-section-stretched elementor-section-boxed elementor-section-height-default elementor-section-height-default\" data-id=\"3898dc0\" data-element_type=\"section\" data-settings=\"{&quot;stretch_section&quot;:&quot;section-stretched&quot;}\">\n\t\t\t\t\t\t<div class=\"elementor-container elementor-column-gap-extended\">\n\t\t\t\t\t<div class=\"elementor-column elementor-col-100 elementor-top-column elementor-element elementor-element-63144c5 sc_layouts_column_icons_position_left\" data-id=\"63144c5\" data-element_type=\"column\">\n\t\t\t<div class=\"elementor-widget-wrap elementor-element-populated\">\n\t\t\t\t\t\t<div class=\"elementor-element elementor-element-dd88073 elementor-widget elementor-widget-text-editor\" data-id=\"dd88073\" data-element_type=\"widget\" data-widget_type=\"text-editor.default\">\n\t\t\t\t<div class=\"elementor-widget-container\">\n\t\t\t\t\t\t\t\t\t<p>Nel 2022 il <strong><a href=\"http:\/\/www.parcoabruzzo.it\/index.php\" target=\"_blank\" rel=\"noopener\">Parco Nazionale d\u2019Abruzzo, Lazio e Molise<\/a><\/strong> <strong>ha compiuto 100 anni<\/strong>, celebrando in compagnia di un altro esimio \u201ccollega\u201d, il Parco Nazionale del Gran Paradiso: \u201c100 anni. Insieme per la natura\u201d il tema scelto per la campagna, con un <span style=\"text-decoration: underline;\"><a href=\"https:\/\/100anniparchi.it\/\" target=\"_blank\" rel=\"noopener\">sito dedicato<\/a><\/span>, un convegno e molti eventi nelle comunit\u00e0 interessate.<\/p><p>Un secolo di vita nel quale tante sono state le trasformazioni e anche i miglioramenti e i benefici che hanno visto protagonisti le aree protette e i comuni che ne fanno parte.<\/p><p>La DMO Ciociaria-Valle di Comino \u00e8 onorata di avere tra i suoi <strong>maggiori sostenitori <\/strong>proprio il PNALM, che ha rappresentato e rappresenta una grande risorsa per il territorio, con molti sono i progetti comuni in cantiere per rendere la collaborazione un valore aggiunto per tutti.<\/p><p>Da sempre l\u2019obiettivo del Parco, condiviso anche dal progetto della <a href=\"https:\/\/www.dmociociariavalledicomino.it\/en\/\" target=\"_blank\" rel=\"noopener\">DMO Ciociaria-Valle di Comino<\/a>, \u00e8 <strong>lavorare a favore della biodiversit\u00e0 e dello sviluppo sostenibile delle comunit\u00e0 che lo abitano<\/strong>, coniugando quello che viene definito turismo lento e outdoor con la tutela dell\u2019ambiente e la protezione della flora e della fauna.<\/p><p>\u00ab<em>Abbiamo fortemente creduto che i festeggiamenti per il Centenario dei due Parchi dovessero essere molto pi\u00f9 di una semplice celebrazione istituzionale ma, piuttosto, un importante momento di riflessione sociale e culturale circa l\u2019importanza fondamentale della conservazione della natura anche in relazione al recente inserimento della tutela dell\u2019ambiente, della biodiversit\u00e0 e degli ecosistemi in Costituzione. La conservazione, unita allo sviluppo sostenibile delle comunit\u00e0 locali, sono il miglior fondamento per un nuovo \u201cpatto\u201d con la Natura soprattutto in vista dei cambiamenti climatici sempre pi\u00f9 tangibili ed evidenti<\/em>\u00bb, spiega <strong>Giovanni Cannata, Presidente del Parco Nazionale d\u2019Abruzzo, Lazio e Molise<\/strong>.<\/p><p>Una sfida aperta che la DMO e la direzione del Parco hanno intenzione di affrontare insieme nelle aree interessate, a partire dalle stesse riflessioni scaturite dalle celebrazioni del centenario che devono <strong>guidare le azioni future e ispirare comportamenti virtuosi<\/strong>.<\/p><p><strong>Andare alla scoperta del versante laziale del Parco \u00e8 conoscere i piccoli borghi che ne fanno parte e il loro legame con la natura che li circonda. <\/strong><\/p><p>Rapisce cos\u00ec Alvito con la sua Fossa Maiura, mentre incuriosisce Campoli con la sua particolare disposizione, adagiata sull&#8217;orlo della pittoresca dolina carsica chiamata &#8220;Fossa&#8221; o &#8220;Tomolo&#8221;. E come non innamorarsi delle viuzze e i sentieri nella natura di Picinisco, Settefrati e San Donato Valcomino, \u201cterrazze panoramiche\u201d da cui ammirare la Valle di Comino, oppure respirare a pieni polmoni l\u2019aria dei due piccoli borghi nascosti tra le montagne del Parco, San Biagio Saracinisco e Vallerotonda, pronti a sorprenderti tra pinete, laghi nascosti e echi di origini lontane, sulle cui tracce vivere esperienze completamente immersi tra storia e natura.<\/p><p><strong>Partecipa agli eventi di settembre dedicati al centenario del Parco <\/strong>organizzati nei paesi del Versante Laziale del Parco; attivit\u00e0 di educazione ambientale e passeggiate naturalistiche gratuite, svolte da operatori qualificati del territorio ed aperte a tutti!<\/p><p><strong>3 &#8211; 4 &#8211; 24 settembre<\/strong><\/p><p><em>Campoli Appennino &#8211; Centro Servizi del versante laziale del Parco<\/em><\/p><p>h.10-12<\/p><p>Laboratori Naturalistici a cura di Natura Loci e Sistema Natura &#8211; attivit\u00e0 gratuita<\/p><p>Laboratori rivolti ai bambini e dedicati alla scoperta della natura del Parco<\/p><p><strong>10 settembre <\/strong><\/p><p><em>Campoli Appennino <\/em><\/p><p>h.10<\/p><p>\u201c100 anni di vita nei boschi\u2026\u201d, a cura di Centro Servizi Cicerone<\/p><p><em>Alvito<\/em><\/p><p>h.10<\/p><p>Lo straordinario mondo degli insetti, a cura di Centro Visite Insecta<\/p><p><em>San Biagio Saracinisco<\/em><\/p><p>h.9.45<\/p><p>\u201cUn occhio sulla Valle di Comino\u201d, Rifugio Aceroni<\/p><p><em>Picinisco<\/em><\/p><p>h.10<\/p><p>\u201cAlta Valle del Melfa: Storia di un lento fluire\u201d, a cura di Centro Amphibia<\/p><p><em>San Donato Valcomino <\/em><\/p><p>h.9.45<\/p><p>\u201cLa vita del Parco in 100 anni\u201d, presso Museo Geologico<\/p><p><em>Vallerotonda <\/em><\/p><p>h.10<\/p><p>\u201cI primi 100 anni del Parco\u201d, presso piazzale Ristorante Margherita<\/p><p>Trovi tutti gli appuntamenti e i riferimenti su <a href=\"http:\/\/www.parcoabruzzo.it\/dettaglio.php?id=70940\"><strong>Parcoabruzzo.it<\/strong><\/a><\/p>\t\t\t\t\t\t\t\t<\/div>\n\t\t\t\t<\/div>\n\t\t\t\t\t<\/div>\n\t\t<\/div>\n\t\t\t\t\t<\/div>\n\t\t<\/section>\n\t\t\t\t<section class=\"elementor-section elementor-top-section elementor-element elementor-element-42f114f elementor-section-boxed elementor-section-height-default elementor-section-height-default\" data-id=\"42f114f\" data-element_type=\"section\">\n\t\t\t\t\t\t<div class=\"elementor-container elementor-column-gap-extended\">\n\t\t\t\t\t<div class=\"elementor-column elementor-col-100 elementor-top-column elementor-element elementor-element-5a23f3e sc_layouts_column_icons_position_left\" data-id=\"5a23f3e\" data-element_type=\"column\">\n\t\t\t<div class=\"elementor-widget-wrap elementor-element-populated\">\n\t\t\t\t\t\t<div class=\"elementor-element elementor-element-6eac7b3 elementor-widget elementor-widget-image-gallery\" data-id=\"6eac7b3\" data-element_type=\"widget\" data-widget_type=\"image-gallery.default\">\n\t\t\t\t<div class=\"elementor-widget-container\">\n\t\t\t\t\t\t\t<div class=\"elementor-image-gallery\">\n\t\t\t<div id='gallery-1' class='gallery galleryid-5954 gallery-columns-1 gallery-size-full'><figure class='gallery-item'>\n\t\t\t<div class='gallery-icon landscape'>\n\t\t\t\t<a data-elementor-open-lightbox=\"yes\" data-elementor-lightbox-slideshow=\"6eac7b3\" data-elementor-lightbox-title=\"foto_10\" data-e-action-hash=\"#elementor-action%3Aaction%3Dlightbox%26settings%3DeyJpZCI6NTk2NywidXJsIjoiaHR0cHM6XC9cL3d3dy5kbW9jaW9jaWFyaWF2YWxsZWRpY29taW5vLml0XC93cC1jb250ZW50XC91cGxvYWRzXC8yMDIyXC8wOVwvZm90b18xMC1zY2FsZWQuanBnIiwic2xpZGVzaG93IjoiNmVhYzdiMyJ9\" href='https:\/\/www.dmociociariavalledicomino.it\/wp-content\/uploads\/2022\/09\/foto_10-scaled.jpg'><img decoding=\"async\" width=\"2560\" height=\"1440\" src=\"https:\/\/www.dmociociariavalledicomino.it\/wp-content\/uploads\/2022\/09\/foto_10-scaled.jpg\" class=\"attachment-full size-full\" alt=\"\" aria-describedby=\"gallery-1-5967\" srcset=\"https:\/\/www.dmociociariavalledicomino.it\/wp-content\/uploads\/2022\/09\/foto_10-scaled.jpg 2560w, https:\/\/www.dmociociariavalledicomino.it\/wp-content\/uploads\/2022\/09\/foto_10-300x169.jpg 300w, https:\/\/www.dmociociariavalledicomino.it\/wp-content\/uploads\/2022\/09\/foto_10-1024x576.jpg 1024w, https:\/\/www.dmociociariavalledicomino.it\/wp-content\/uploads\/2022\/09\/foto_10-768x432.jpg 768w, https:\/\/www.dmociociariavalledicomino.it\/wp-content\/uploads\/2022\/09\/foto_10-1536x864.jpg 1536w, https:\/\/www.dmociociariavalledicomino.it\/wp-content\/uploads\/2022\/09\/foto_10-2048x1152.jpg 2048w, https:\/\/www.dmociociariavalledicomino.it\/wp-content\/uploads\/2022\/09\/foto_10-18x10.jpg 18w, https:\/\/www.dmociociariavalledicomino.it\/wp-content\/uploads\/2022\/09\/foto_10-370x208.jpg 370w, https:\/\/www.dmociociariavalledicomino.it\/wp-content\/uploads\/2022\/09\/foto_10-850x478.jpg 850w, https:\/\/www.dmociociariavalledicomino.it\/wp-content\/uploads\/2022\/09\/foto_10-1700x956.jpg 1700w, https:\/\/www.dmociociariavalledicomino.it\/wp-content\/uploads\/2022\/09\/foto_10-390x219.jpg 390w, https:\/\/www.dmociociariavalledicomino.it\/wp-content\/uploads\/2022\/09\/foto_10-780x439.jpg 780w, https:\/\/www.dmociociariavalledicomino.it\/wp-content\/uploads\/2022\/09\/foto_10-600x338.jpg 600w, https:\/\/www.dmociociariavalledicomino.it\/wp-content\/uploads\/2022\/09\/foto_10-740x416.jpg 740w, https:\/\/www.dmociociariavalledicomino.it\/wp-content\/uploads\/2022\/09\/foto_10-270x152.jpg 270w, https:\/\/www.dmociociariavalledicomino.it\/wp-content\/uploads\/2022\/09\/foto_10-540x304.jpg 540w\" sizes=\"(max-width: 2560px) 100vw, 2560px\" \/><\/a>\n\t\t\t<\/div>\n\t\t\t\t<figcaption class='wp-caption-text gallery-caption' id='gallery-1-5967'>\n\t\t\t\t\u00a9 credit Alessandro Savone\n\t\t\t\t<\/figcaption><\/figure>\n\t\t<\/div>\n\t\t<\/div>\n\t\t\t\t\t\t<\/div>\n\t\t\t\t<\/div>\n\t\t\t\t\t<\/div>\n\t\t<\/div>\n\t\t\t\t\t<\/div>\n\t\t<\/section>\n\t\t\t\t<\/div>","protected":false},"excerpt":{"rendered":"<p>I 100 anni del Parco I 100 anni del Parco Il Parco Nazionale d\u2019Abruzzo, Lazio e Molise celebra i suoi 100 anni Nel 2022 il Parco Nazionale d\u2019Abruzzo, Lazio e Molise ha compiuto 100 anni, celebrando in compagnia di un altro esimio \u201ccollega\u201d, il Parco Nazionale del Gran Paradiso: \u201c100 anni. Insieme per la natura\u201d il tema scelto per la&hellip;<\/p>","protected":false},"author":1,"featured_media":7849,"comment_status":"closed","ping_status":"closed","sticky":false,"template":"","format":"standard","meta":{"footnotes":""},"categories":[75,89],"tags":[170,169,168,76],"class_list":["post-5954","post","type-post","status-publish","format-standard","has-post-thumbnail","hentry","category-blog","category-eventi","tag-eventi","tag-lazio","tag-parco-nazionale-dabruzzo","tag-valle-di-comino"],"acf":[],"yoast_head":"<!-- This site is optimized with the Yoast SEO plugin v24.6 - https:\/\/yoast.com\/wordpress\/plugins\/seo\/ -->\n<title>I 100 anni del Parco Nazionale D\u2019Abruzzo Lazio e Molise<\/title>\n<meta name=\"description\" content=\"Il Parco celebra i 100 anni del Parco Nazionale D\u2019Abruzzo Lazio e Molise: gli eventi nei paesi del versante laziale.\" \/>\n<meta name=\"robots\" content=\"index, follow, max-snippet:-1, max-image-preview:large, max-video-preview:-1\" \/>\n<link rel=\"canonical\" href=\"https:\/\/www.dmociociariavalledicomino.it\/en\/i-100-anni-del-parco\/\" \/>\n<meta property=\"og:locale\" content=\"en_GB\" \/>\n<meta property=\"og:type\" content=\"article\" \/>\n<meta property=\"og:title\" content=\"I 100 anni del Parco Nazionale D\u2019Abruzzo Lazio e Molise\" \/>\n<meta property=\"og:description\" content=\"Il Parco celebra i 100 anni del Parco Nazionale D\u2019Abruzzo Lazio e Molise: gli eventi nei paesi del versante laziale.\" \/>\n<meta property=\"og:url\" content=\"https:\/\/www.dmociociariavalledicomino.it\/en\/i-100-anni-del-parco\/\" \/>\n<meta property=\"og:site_name\" content=\"DMO Ciociaria Valle di Comino\" \/>\n<meta property=\"article:published_time\" content=\"2022-09-05T18:43:48+00:00\" \/>\n<meta property=\"article:modified_time\" content=\"2023-10-04T10:29:59+00:00\" \/>\n<meta property=\"og:image\" content=\"https:\/\/www.dmociociariavalledicomino.it\/wp-content\/uploads\/2022\/09\/CENTO-ANNI-INSIEME-1024x490-1.jpg\" \/>\n\t<meta property=\"og:image:width\" content=\"1024\" \/>\n\t<meta property=\"og:image:height\" content=\"490\" \/>\n\t<meta property=\"og:image:type\" content=\"image\/jpeg\" \/>\n<meta name=\"author\" content=\"admin\" \/>\n<meta name=\"twitter:card\" content=\"summary_large_image\" \/>\n<meta name=\"twitter:label1\" content=\"Written by\" \/>\n\t<meta name=\"twitter:data1\" content=\"admin\" \/>\n\t<meta name=\"twitter:label2\" content=\"Estimated reading time\" \/>\n\t<meta name=\"twitter:data2\" content=\"4 minutes\" \/>\n<script type=\"application\/ld+json\" class=\"yoast-schema-graph\">{\"@context\":\"https:\/\/schema.org\",\"@graph\":[{\"@type\":\"Article\",\"@id\":\"https:\/\/www.dmociociariavalledicomino.it\/i-100-anni-del-parco\/#article\",\"isPartOf\":{\"@id\":\"https:\/\/www.dmociociariavalledicomino.it\/i-100-anni-del-parco\/\"},\"author\":{\"name\":\"admin\",\"@id\":\"https:\/\/www.dmociociariavalledicomino.it\/#\/schema\/person\/3bf46154fba3deea98d7bd5acb562c6e\"},\"headline\":\"I 100 anni del Parco\",\"datePublished\":\"2022-09-05T18:43:48+00:00\",\"dateModified\":\"2023-10-04T10:29:59+00:00\",\"mainEntityOfPage\":{\"@id\":\"https:\/\/www.dmociociariavalledicomino.it\/i-100-anni-del-parco\/\"},\"wordCount\":632,\"publisher\":{\"@id\":\"https:\/\/www.dmociociariavalledicomino.it\/#organization\"},\"image\":{\"@id\":\"https:\/\/www.dmociociariavalledicomino.it\/i-100-anni-del-parco\/#primaryimage\"},\"thumbnailUrl\":\"https:\/\/www.dmociociariavalledicomino.it\/wp-content\/uploads\/2022\/09\/CENTO-ANNI-INSIEME-1024x490-1.jpg\",\"keywords\":[\"eventi\",\"Lazio\",\"Parco nazionale d\u2019Abruzzo\",\"valle di comino\"],\"articleSection\":[\"Blog\",\"Eventi\"],\"inLanguage\":\"en-GB\"},{\"@type\":\"WebPage\",\"@id\":\"https:\/\/www.dmociociariavalledicomino.it\/i-100-anni-del-parco\/\",\"url\":\"https:\/\/www.dmociociariavalledicomino.it\/i-100-anni-del-parco\/\",\"name\":\"I 100 anni del Parco Nazionale D\u2019Abruzzo Lazio e Molise\",\"isPartOf\":{\"@id\":\"https:\/\/www.dmociociariavalledicomino.it\/#website\"},\"primaryImageOfPage\":{\"@id\":\"https:\/\/www.dmociociariavalledicomino.it\/i-100-anni-del-parco\/#primaryimage\"},\"image\":{\"@id\":\"https:\/\/www.dmociociariavalledicomino.it\/i-100-anni-del-parco\/#primaryimage\"},\"thumbnailUrl\":\"https:\/\/www.dmociociariavalledicomino.it\/wp-content\/uploads\/2022\/09\/CENTO-ANNI-INSIEME-1024x490-1.jpg\",\"datePublished\":\"2022-09-05T18:43:48+00:00\",\"dateModified\":\"2023-10-04T10:29:59+00:00\",\"description\":\"Il Parco celebra i 100 anni del Parco Nazionale D\u2019Abruzzo Lazio e Molise: gli eventi nei paesi del versante laziale.\",\"breadcrumb\":{\"@id\":\"https:\/\/www.dmociociariavalledicomino.it\/i-100-anni-del-parco\/#breadcrumb\"},\"inLanguage\":\"en-GB\",\"potentialAction\":[{\"@type\":\"ReadAction\",\"target\":[\"https:\/\/www.dmociociariavalledicomino.it\/i-100-anni-del-parco\/\"]}]},{\"@type\":\"ImageObject\",\"inLanguage\":\"en-GB\",\"@id\":\"https:\/\/www.dmociociariavalledicomino.it\/i-100-anni-del-parco\/#primaryimage\",\"url\":\"https:\/\/www.dmociociariavalledicomino.it\/wp-content\/uploads\/2022\/09\/CENTO-ANNI-INSIEME-1024x490-1.jpg\",\"contentUrl\":\"https:\/\/www.dmociociariavalledicomino.it\/wp-content\/uploads\/2022\/09\/CENTO-ANNI-INSIEME-1024x490-1.jpg\",\"width\":1024,\"height\":490},{\"@type\":\"BreadcrumbList\",\"@id\":\"https:\/\/www.dmociociariavalledicomino.it\/i-100-anni-del-parco\/#breadcrumb\",\"itemListElement\":[{\"@type\":\"ListItem\",\"position\":1,\"name\":\"Home\",\"item\":\"https:\/\/www.dmociociariavalledicomino.it\/\"},{\"@type\":\"ListItem\",\"position\":2,\"name\":\"I 100 anni del Parco\"}]},{\"@type\":\"WebSite\",\"@id\":\"https:\/\/www.dmociociariavalledicomino.it\/#website\",\"url\":\"https:\/\/www.dmociociariavalledicomino.it\/\",\"name\":\"DMO Ciociaria Valle di Comino\",\"description\":\"La destinazione che non c'era\",\"publisher\":{\"@id\":\"https:\/\/www.dmociociariavalledicomino.it\/#organization\"},\"potentialAction\":[{\"@type\":\"SearchAction\",\"target\":{\"@type\":\"EntryPoint\",\"urlTemplate\":\"https:\/\/www.dmociociariavalledicomino.it\/?s={search_term_string}\"},\"query-input\":{\"@type\":\"PropertyValueSpecification\",\"valueRequired\":true,\"valueName\":\"search_term_string\"}}],\"inLanguage\":\"en-GB\"},{\"@type\":\"Organization\",\"@id\":\"https:\/\/www.dmociociariavalledicomino.it\/#organization\",\"name\":\"DMO Ciociaria Valle di Comino\",\"url\":\"https:\/\/www.dmociociariavalledicomino.it\/\",\"logo\":{\"@type\":\"ImageObject\",\"inLanguage\":\"en-GB\",\"@id\":\"https:\/\/www.dmociociariavalledicomino.it\/#\/schema\/logo\/image\/\",\"url\":\"https:\/\/www.dmociociariavalledicomino.it\/wp-content\/uploads\/2022\/03\/logo-1x-1.png\",\"contentUrl\":\"https:\/\/www.dmociociariavalledicomino.it\/wp-content\/uploads\/2022\/03\/logo-1x-1.png\",\"width\":435,\"height\":100,\"caption\":\"DMO Ciociaria Valle di Comino\"},\"image\":{\"@id\":\"https:\/\/www.dmociociariavalledicomino.it\/#\/schema\/logo\/image\/\"}},{\"@type\":\"Person\",\"@id\":\"https:\/\/www.dmociociariavalledicomino.it\/#\/schema\/person\/3bf46154fba3deea98d7bd5acb562c6e\",\"name\":\"admin\",\"image\":{\"@type\":\"ImageObject\",\"inLanguage\":\"en-GB\",\"@id\":\"https:\/\/www.dmociociariavalledicomino.it\/#\/schema\/person\/image\/\",\"url\":\"https:\/\/secure.gravatar.com\/avatar\/1fbb3f445cf77d4b14505985324155bdee1cc76aba31ffb5d872bb89773bcb48?s=96&d=mm&r=g\",\"contentUrl\":\"https:\/\/secure.gravatar.com\/avatar\/1fbb3f445cf77d4b14505985324155bdee1cc76aba31ffb5d872bb89773bcb48?s=96&d=mm&r=g\",\"caption\":\"admin\"},\"url\":\"https:\/\/www.dmociociariavalledicomino.it\/en\/author\/admin\/\"}]}<\/script>\n<!-- \/ Yoast SEO plugin. -->","yoast_head_json":{"title":"I 100 anni del Parco Nazionale D\u2019Abruzzo Lazio e Molise","description":"Il Parco celebra i 100 anni del Parco Nazionale D\u2019Abruzzo Lazio e Molise: gli eventi nei paesi del versante laziale.","robots":{"index":"index","follow":"follow","max-snippet":"max-snippet:-1","max-image-preview":"max-image-preview:large","max-video-preview":"max-video-preview:-1"},"canonical":"https:\/\/www.dmociociariavalledicomino.it\/en\/i-100-anni-del-parco\/","og_locale":"en_GB","og_type":"article","og_title":"I 100 anni del Parco Nazionale D\u2019Abruzzo Lazio e Molise","og_description":"Il Parco celebra i 100 anni del Parco Nazionale D\u2019Abruzzo Lazio e Molise: gli eventi nei paesi del versante laziale.","og_url":"https:\/\/www.dmociociariavalledicomino.it\/en\/i-100-anni-del-parco\/","og_site_name":"DMO Ciociaria Valle di Comino","article_published_time":"2022-09-05T18:43:48+00:00","article_modified_time":"2023-10-04T10:29:59+00:00","og_image":[{"width":1024,"height":490,"url":"https:\/\/www.dmociociariavalledicomino.it\/wp-content\/uploads\/2022\/09\/CENTO-ANNI-INSIEME-1024x490-1.jpg","type":"image\/jpeg"}],"author":"admin","twitter_card":"summary_large_image","twitter_misc":{"Written by":"admin","Estimated reading time":"4 minutes"},"schema":{"@context":"https:\/\/schema.org","@graph":[{"@type":"Article","@id":"https:\/\/www.dmociociariavalledicomino.it\/i-100-anni-del-parco\/#article","isPartOf":{"@id":"https:\/\/www.dmociociariavalledicomino.it\/i-100-anni-del-parco\/"},"author":{"name":"admin","@id":"https:\/\/www.dmociociariavalledicomino.it\/#\/schema\/person\/3bf46154fba3deea98d7bd5acb562c6e"},"headline":"I 100 anni del Parco","datePublished":"2022-09-05T18:43:48+00:00","dateModified":"2023-10-04T10:29:59+00:00","mainEntityOfPage":{"@id":"https:\/\/www.dmociociariavalledicomino.it\/i-100-anni-del-parco\/"},"wordCount":632,"publisher":{"@id":"https:\/\/www.dmociociariavalledicomino.it\/#organization"},"image":{"@id":"https:\/\/www.dmociociariavalledicomino.it\/i-100-anni-del-parco\/#primaryimage"},"thumbnailUrl":"https:\/\/www.dmociociariavalledicomino.it\/wp-content\/uploads\/2022\/09\/CENTO-ANNI-INSIEME-1024x490-1.jpg","keywords":["eventi","Lazio","Parco nazionale d\u2019Abruzzo","valle di comino"],"articleSection":["Blog","Eventi"],"inLanguage":"en-GB"},{"@type":"WebPage","@id":"https:\/\/www.dmociociariavalledicomino.it\/i-100-anni-del-parco\/","url":"https:\/\/www.dmociociariavalledicomino.it\/i-100-anni-del-parco\/","name":"I 100 anni del Parco Nazionale D\u2019Abruzzo Lazio e Molise","isPartOf":{"@id":"https:\/\/www.dmociociariavalledicomino.it\/#website"},"primaryImageOfPage":{"@id":"https:\/\/www.dmociociariavalledicomino.it\/i-100-anni-del-parco\/#primaryimage"},"image":{"@id":"https:\/\/www.dmociociariavalledicomino.it\/i-100-anni-del-parco\/#primaryimage"},"thumbnailUrl":"https:\/\/www.dmociociariavalledicomino.it\/wp-content\/uploads\/2022\/09\/CENTO-ANNI-INSIEME-1024x490-1.jpg","datePublished":"2022-09-05T18:43:48+00:00","dateModified":"2023-10-04T10:29:59+00:00","description":"Il Parco celebra i 100 anni del Parco Nazionale D\u2019Abruzzo Lazio e Molise: gli eventi nei paesi del versante laziale.","breadcrumb":{"@id":"https:\/\/www.dmociociariavalledicomino.it\/i-100-anni-del-parco\/#breadcrumb"},"inLanguage":"en-GB","potentialAction":[{"@type":"ReadAction","target":["https:\/\/www.dmociociariavalledicomino.it\/i-100-anni-del-parco\/"]}]},{"@type":"ImageObject","inLanguage":"en-GB","@id":"https:\/\/www.dmociociariavalledicomino.it\/i-100-anni-del-parco\/#primaryimage","url":"https:\/\/www.dmociociariavalledicomino.it\/wp-content\/uploads\/2022\/09\/CENTO-ANNI-INSIEME-1024x490-1.jpg","contentUrl":"https:\/\/www.dmociociariavalledicomino.it\/wp-content\/uploads\/2022\/09\/CENTO-ANNI-INSIEME-1024x490-1.jpg","width":1024,"height":490},{"@type":"BreadcrumbList","@id":"https:\/\/www.dmociociariavalledicomino.it\/i-100-anni-del-parco\/#breadcrumb","itemListElement":[{"@type":"ListItem","position":1,"name":"Home","item":"https:\/\/www.dmociociariavalledicomino.it\/"},{"@type":"ListItem","position":2,"name":"I 100 anni del Parco"}]},{"@type":"WebSite","@id":"https:\/\/www.dmociociariavalledicomino.it\/#website","url":"https:\/\/www.dmociociariavalledicomino.it\/","name":"DMO Ciociaria Valle di Comino","description":"La destinazione che non c'era","publisher":{"@id":"https:\/\/www.dmociociariavalledicomino.it\/#organization"},"potentialAction":[{"@type":"SearchAction","target":{"@type":"EntryPoint","urlTemplate":"https:\/\/www.dmociociariavalledicomino.it\/?s={search_term_string}"},"query-input":{"@type":"PropertyValueSpecification","valueRequired":true,"valueName":"search_term_string"}}],"inLanguage":"en-GB"},{"@type":"Organization","@id":"https:\/\/www.dmociociariavalledicomino.it\/#organization","name":"DMO Ciociaria Valle di Comino","url":"https:\/\/www.dmociociariavalledicomino.it\/","logo":{"@type":"ImageObject","inLanguage":"en-GB","@id":"https:\/\/www.dmociociariavalledicomino.it\/#\/schema\/logo\/image\/","url":"https:\/\/www.dmociociariavalledicomino.it\/wp-content\/uploads\/2022\/03\/logo-1x-1.png","contentUrl":"https:\/\/www.dmociociariavalledicomino.it\/wp-content\/uploads\/2022\/03\/logo-1x-1.png","width":435,"height":100,"caption":"DMO Ciociaria Valle di Comino"},"image":{"@id":"https:\/\/www.dmociociariavalledicomino.it\/#\/schema\/logo\/image\/"}},{"@type":"Person","@id":"https:\/\/www.dmociociariavalledicomino.it\/#\/schema\/person\/3bf46154fba3deea98d7bd5acb562c6e","name":"admin","image":{"@type":"ImageObject","inLanguage":"en-GB","@id":"https:\/\/www.dmociociariavalledicomino.it\/#\/schema\/person\/image\/","url":"https:\/\/secure.gravatar.com\/avatar\/1fbb3f445cf77d4b14505985324155bdee1cc76aba31ffb5d872bb89773bcb48?s=96&d=mm&r=g","contentUrl":"https:\/\/secure.gravatar.com\/avatar\/1fbb3f445cf77d4b14505985324155bdee1cc76aba31ffb5d872bb89773bcb48?s=96&d=mm&r=g","caption":"admin"},"url":"https:\/\/www.dmociociariavalledicomino.it\/en\/author\/admin\/"}]}},"_links":{"self":[{"href":"https:\/\/www.dmociociariavalledicomino.it\/en\/wp-json\/wp\/v2\/posts\/5954","targetHints":{"allow":["GET"]}}],"collection":[{"href":"https:\/\/www.dmociociariavalledicomino.it\/en\/wp-json\/wp\/v2\/posts"}],"about":[{"href":"https:\/\/www.dmociociariavalledicomino.it\/en\/wp-json\/wp\/v2\/types\/post"}],"author":[{"embeddable":true,"href":"https:\/\/www.dmociociariavalledicomino.it\/en\/wp-json\/wp\/v2\/users\/1"}],"replies":[{"embeddable":true,"href":"https:\/\/www.dmociociariavalledicomino.it\/en\/wp-json\/wp\/v2\/comments?post=5954"}],"version-history":[{"count":57,"href":"https:\/\/www.dmociociariavalledicomino.it\/en\/wp-json\/wp\/v2\/posts\/5954\/revisions"}],"predecessor-version":[{"id":7852,"href":"https:\/\/www.dmociociariavalledicomino.it\/en\/wp-json\/wp\/v2\/posts\/5954\/revisions\/7852"}],"wp:featuredmedia":[{"embeddable":true,"href":"https:\/\/www.dmociociariavalledicomino.it\/en\/wp-json\/wp\/v2\/media\/7849"}],"wp:attachment":[{"href":"https:\/\/www.dmociociariavalledicomino.it\/en\/wp-json\/wp\/v2\/media?parent=5954"}],"wp:term":[{"taxonomy":"category","embeddable":true,"href":"https:\/\/www.dmociociariavalledicomino.it\/en\/wp-json\/wp\/v2\/categories?post=5954"},{"taxonomy":"post_tag","embeddable":true,"href":"https:\/\/www.dmociociariavalledicomino.it\/en\/wp-json\/wp\/v2\/tags?post=5954"}],"curies":[{"name":"wp","href":"https:\/\/api.w.org\/{rel}","templated":true}]}}