{"id":5143,"date":"2022-07-05T17:26:54","date_gmt":"2022-07-05T15:26:54","guid":{"rendered":"https:\/\/www.dmociociariavalledicomino.it\/?p=5143"},"modified":"2023-10-04T12:30:54","modified_gmt":"2023-10-04T10:30:54","slug":"gli-eventi-di-luglio-in-valle-di-comino","status":"publish","type":"post","link":"https:\/\/www.dmociociariavalledicomino.it\/en\/gli-eventi-di-luglio-in-valle-di-comino\/","title":{"rendered":"Gli eventi di luglio in Valle di Comino"},"content":{"rendered":"<div data-elementor-type=\"wp-post\" data-elementor-id=\"5143\" class=\"elementor elementor-5143\" data-elementor-post-type=\"post\">\n\t\t\t\t\t\t<section class=\"elementor-section elementor-top-section elementor-element elementor-element-bee3787 elementor-section-stretched elementor-section-boxed elementor-section-height-default elementor-section-height-default\" data-id=\"bee3787\" data-element_type=\"section\" data-settings=\"{&quot;stretch_section&quot;:&quot;section-stretched&quot;}\">\n\t\t\t\t\t\t<div class=\"elementor-container elementor-column-gap-no\">\n\t\t\t\t\t<div class=\"elementor-column elementor-col-100 elementor-top-column elementor-element elementor-element-29e45c1 sc_layouts_column_icons_position_left\" data-id=\"29e45c1\" data-element_type=\"column\">\n\t\t\t<div class=\"elementor-widget-wrap elementor-element-populated\">\n\t\t\t\t\t\t<div class=\"elementor-element elementor-element-51aa978 elementor-widget elementor-widget-spacer\" data-id=\"51aa978\" data-element_type=\"widget\" data-widget_type=\"spacer.default\">\n\t\t\t\t<div class=\"elementor-widget-container\">\n\t\t\t\t\t\t\t<div class=\"elementor-spacer\">\n\t\t\t<div class=\"elementor-spacer-inner\"><\/div>\n\t\t<\/div>\n\t\t\t\t\t\t<\/div>\n\t\t\t\t<\/div>\n\t\t\t\t<div class=\"elementor-element elementor-element-f8f4d50 elementor-hidden-mobile elementor-widget elementor-widget-heading\" data-id=\"f8f4d50\" data-element_type=\"widget\" data-widget_type=\"heading.default\">\n\t\t\t\t<div class=\"elementor-widget-container\">\n\t\t\t\t\t<h3 class=\"elementor-heading-title elementor-size-default\"><h2 class=\"elementor-heading-title elementor-size-default elementor-inline-editing pen\" data-elementor-setting-key=\"title\" data-pen-placeholder=\"Digita qui...\" style=\"font-size: 60px; line-height: 1; outline-style: initial; outline-width: 0px; background-color: rgb(255, 255, 255);\">GLI EVENTI DI LUGLIO <br>in VALLE DI COMINO<\/h2><\/h3>\t\t\t\t<\/div>\n\t\t\t\t<\/div>\n\t\t\t\t<div class=\"elementor-element elementor-element-1e49ecc elementor-hidden-desktop elementor-hidden-tablet elementor-widget elementor-widget-heading\" data-id=\"1e49ecc\" data-element_type=\"widget\" data-widget_type=\"heading.default\">\n\t\t\t\t<div class=\"elementor-widget-container\">\n\t\t\t\t\t<h3 class=\"elementor-heading-title elementor-size-default\"><h2 class=\"elementor-heading-title elementor-size-default elementor-inline-editing pen\" data-elementor-setting-key=\"title\" data-pen-placeholder=\"Digita qui...\" style=\"font-size: 30px; line-height: 1; outline-style: initial; outline-width: 0px; background-color: rgb(255, 255, 255);\">GLI EVENTI DI LUGLIO <br>IN VALLE DI COMINO<\/h2><\/h3>\t\t\t\t<\/div>\n\t\t\t\t<\/div>\n\t\t\t\t<div class=\"elementor-element elementor-element-b59ad8f elementor-widget-divider--view-line elementor-widget elementor-widget-divider\" data-id=\"b59ad8f\" data-element_type=\"widget\" data-widget_type=\"divider.default\">\n\t\t\t\t<div class=\"elementor-widget-container\">\n\t\t\t\t\t\t\t<div class=\"elementor-divider\">\n\t\t\t<span class=\"elementor-divider-separator\">\n\t\t\t\t\t\t<\/span>\n\t\t<\/div>\n\t\t\t\t\t\t<\/div>\n\t\t\t\t<\/div>\n\t\t\t\t\t<\/div>\n\t\t<\/div>\n\t\t\t\t\t<\/div>\n\t\t<\/section>\n\t\t\t\t<section class=\"elementor-section elementor-top-section elementor-element elementor-element-40c1ab1 elementor-section-stretched elementor-section-boxed elementor-section-height-default elementor-section-height-default\" data-id=\"40c1ab1\" data-element_type=\"section\" data-settings=\"{&quot;stretch_section&quot;:&quot;section-stretched&quot;}\">\n\t\t\t\t\t\t<div class=\"elementor-container elementor-column-gap-extended\">\n\t\t\t\t\t<div class=\"elementor-column elementor-col-100 elementor-top-column elementor-element elementor-element-0a0ef7e sc_layouts_column_icons_position_left\" data-id=\"0a0ef7e\" data-element_type=\"column\">\n\t\t\t<div class=\"elementor-widget-wrap elementor-element-populated\">\n\t\t\t\t\t\t<div class=\"elementor-element elementor-element-e87e7d6 elementor-widget elementor-widget-text-editor\" data-id=\"e87e7d6\" data-element_type=\"widget\" data-widget_type=\"text-editor.default\">\n\t\t\t\t<div class=\"elementor-widget-container\">\n\t\t\t\t\t\t\t\t\t<p>Per l\u2019estate della ripartenza anche la Valle di Comino si riapre al mondo con la consueta energia e la sua storica ospitalit\u00e0, presentando un ventaglio di eventi ricco e variegato tra natura, musica, arte e tradizione. Scopriamo insieme gli eventi di luglio in Valle di Comino.<\/p>\t\t\t\t\t\t\t\t<\/div>\n\t\t\t\t<\/div>\n\t\t\t\t\t<\/div>\n\t\t<\/div>\n\t\t\t\t\t<\/div>\n\t\t<\/section>\n\t\t\t\t<section class=\"elementor-section elementor-top-section elementor-element elementor-element-51df8fc elementor-section-boxed elementor-section-height-default elementor-section-height-default\" data-id=\"51df8fc\" data-element_type=\"section\">\n\t\t\t\t\t\t<div class=\"elementor-container elementor-column-gap-extended\">\n\t\t\t\t\t<div class=\"elementor-column elementor-col-100 elementor-top-column elementor-element elementor-element-847bf37 sc_layouts_column_icons_position_left\" data-id=\"847bf37\" data-element_type=\"column\">\n\t\t\t<div class=\"elementor-widget-wrap elementor-element-populated\">\n\t\t\t\t\t\t<div class=\"elementor-element elementor-element-499c8c2 elementor-hidden-mobile elementor-hidden-tablet elementor-widget elementor-widget-spacer\" data-id=\"499c8c2\" data-element_type=\"widget\" data-widget_type=\"spacer.default\">\n\t\t\t\t<div class=\"elementor-widget-container\">\n\t\t\t\t\t\t\t<div class=\"elementor-spacer\">\n\t\t\t<div class=\"elementor-spacer-inner\"><\/div>\n\t\t<\/div>\n\t\t\t\t\t\t<\/div>\n\t\t\t\t<\/div>\n\t\t\t\t\t<\/div>\n\t\t<\/div>\n\t\t\t\t\t<\/div>\n\t\t<\/section>\n\t\t\t\t<section class=\"elementor-section elementor-top-section elementor-element elementor-element-03765ec elementor-hidden-tablet elementor-section-stretched elementor-section-boxed elementor-section-height-default elementor-section-height-default\" data-id=\"03765ec\" data-element_type=\"section\" data-settings=\"{&quot;stretch_section&quot;:&quot;section-stretched&quot;,&quot;background_background&quot;:&quot;classic&quot;}\">\n\t\t\t\t\t\t<div class=\"elementor-container elementor-column-gap-extended\">\n\t\t\t\t\t<div class=\"elementor-column elementor-col-50 elementor-top-column elementor-element elementor-element-64fc270 sc_layouts_column_icons_position_left\" data-id=\"64fc270\" data-element_type=\"column\">\n\t\t\t<div class=\"elementor-widget-wrap elementor-element-populated\">\n\t\t\t\t\t\t<div class=\"elementor-element elementor-element-0027846 elementor-hidden-mobile elementor-widget elementor-widget-heading\" data-id=\"0027846\" data-element_type=\"widget\" data-widget_type=\"heading.default\">\n\t\t\t\t<div class=\"elementor-widget-container\">\n\t\t\t\t\t<h3 class=\"elementor-heading-title elementor-size-default\">Rivivere la tradizione sulle orme dei pastori a Picinisco<\/h3>\t\t\t\t<\/div>\n\t\t\t\t<\/div>\n\t\t\t\t<div class=\"elementor-element elementor-element-d4b0186 elementor-hidden-desktop elementor-hidden-tablet elementor-widget elementor-widget-heading\" data-id=\"d4b0186\" data-element_type=\"widget\" data-widget_type=\"heading.default\">\n\t\t\t\t<div class=\"elementor-widget-container\">\n\t\t\t\t\t<h3 class=\"elementor-heading-title elementor-size-default\">Rivivere la tradizione sulle orme dei pastori a Picinisco<\/h3>\t\t\t\t<\/div>\n\t\t\t\t<\/div>\n\t\t\t\t<div class=\"elementor-element elementor-element-7c1b786 elementor-widget elementor-widget-spacer\" data-id=\"7c1b786\" data-element_type=\"widget\" data-widget_type=\"spacer.default\">\n\t\t\t\t<div class=\"elementor-widget-container\">\n\t\t\t\t\t\t\t<div class=\"elementor-spacer\">\n\t\t\t<div class=\"elementor-spacer-inner\"><\/div>\n\t\t<\/div>\n\t\t\t\t\t\t<\/div>\n\t\t\t\t<\/div>\n\t\t\t\t<div class=\"elementor-element elementor-element-425b146 elementor-widget elementor-widget-text-editor\" data-id=\"425b146\" data-element_type=\"widget\" data-widget_type=\"text-editor.default\">\n\t\t\t\t<div class=\"elementor-widget-container\">\n\t\t\t\t\t\t\t\t\t<p style=\"text-align: justify;\">Una comunit\u00e0 viva e che rivive nella sua tradizione pi\u00f9 antica con l\u2019obiettivo di proiettarla nel futuro: questo \u00e8\u00a0<strong>Pastorizia in Festival<\/strong>, manifestazione che fin dalle origini promuove la tradizione pastorale della Valle di Comino e delle sue montagne.\u00a0<\/p>\n<p style=\"text-align: justify;\">La manifestazione prevede una mostra-mercato nazionale delle eccellenze casearie legate al pascolo, degustazioni guidate e laboratori didattici, percorsi gastronomici, il tutto arricchito da arte e spettacolo per le vie del paese.\u00a0<\/p>\n<p style=\"text-align: justify;\">Un\u2019occasione unica per rivivere la cultura di questa terra antica, la quiete dei pascoli, l\u2019armonia della natura \u2013 da non perdere \u201cSui passi del pastore\u201d, suggestiva passeggiata insieme al pastore e al suo gregge tra i sentieri della transumanza nel Parco Nazionale d\u2019Abruzzo, Lazio e Molise. L\u2019appuntamento \u00e8 per\u00a0<strong>sabato 9 e domenica 10 luglio a Picinisco<\/strong>, cuore di questo festival.<\/p>\t\t\t\t\t\t\t\t<\/div>\n\t\t\t\t<\/div>\n\t\t\t\t\t<\/div>\n\t\t<\/div>\n\t\t\t\t<div class=\"elementor-column elementor-col-50 elementor-top-column elementor-element elementor-element-ca82a55 sc_layouts_column_icons_position_left\" data-id=\"ca82a55\" data-element_type=\"column\">\n\t\t\t<div class=\"elementor-widget-wrap elementor-element-populated\">\n\t\t\t\t\t\t<div class=\"elementor-element elementor-element-346ece4 elementor-hidden-mobile elementor-widget elementor-widget-spacer\" data-id=\"346ece4\" data-element_type=\"widget\" data-widget_type=\"spacer.default\">\n\t\t\t\t<div class=\"elementor-widget-container\">\n\t\t\t\t\t\t\t<div class=\"elementor-spacer\">\n\t\t\t<div class=\"elementor-spacer-inner\"><\/div>\n\t\t<\/div>\n\t\t\t\t\t\t<\/div>\n\t\t\t\t<\/div>\n\t\t\t\t<div class=\"elementor-element elementor-element-d46f145 elementor-hidden-desktop elementor-hidden-tablet elementor-widget elementor-widget-spacer\" data-id=\"d46f145\" data-element_type=\"widget\" data-widget_type=\"spacer.default\">\n\t\t\t\t<div class=\"elementor-widget-container\">\n\t\t\t\t\t\t\t<div class=\"elementor-spacer\">\n\t\t\t<div class=\"elementor-spacer-inner\"><\/div>\n\t\t<\/div>\n\t\t\t\t\t\t<\/div>\n\t\t\t\t<\/div>\n\t\t\t\t<div class=\"elementor-element elementor-element-a08d907 elementor-widget elementor-widget-image\" data-id=\"a08d907\" data-element_type=\"widget\" data-widget_type=\"image.default\">\n\t\t\t\t<div class=\"elementor-widget-container\">\n\t\t\t\t\t\t\t\t\t\t\t\t\t\t\t<img fetchpriority=\"high\" decoding=\"async\" width=\"885\" height=\"470\" src=\"https:\/\/www.dmociociariavalledicomino.it\/wp-content\/uploads\/2022\/07\/pastorizia-in-festival.png\" class=\"attachment-large size-large wp-image-5364\" alt=\"\" srcset=\"https:\/\/www.dmociociariavalledicomino.it\/wp-content\/uploads\/2022\/07\/pastorizia-in-festival.png 885w, https:\/\/www.dmociociariavalledicomino.it\/wp-content\/uploads\/2022\/07\/pastorizia-in-festival-300x159.png 300w, https:\/\/www.dmociociariavalledicomino.it\/wp-content\/uploads\/2022\/07\/pastorizia-in-festival-768x408.png 768w, https:\/\/www.dmociociariavalledicomino.it\/wp-content\/uploads\/2022\/07\/pastorizia-in-festival-18x10.png 18w, https:\/\/www.dmociociariavalledicomino.it\/wp-content\/uploads\/2022\/07\/pastorizia-in-festival-370x196.png 370w, https:\/\/www.dmociociariavalledicomino.it\/wp-content\/uploads\/2022\/07\/pastorizia-in-festival-850x451.png 850w, https:\/\/www.dmociociariavalledicomino.it\/wp-content\/uploads\/2022\/07\/pastorizia-in-festival-390x207.png 390w, https:\/\/www.dmociociariavalledicomino.it\/wp-content\/uploads\/2022\/07\/pastorizia-in-festival-780x414.png 780w, https:\/\/www.dmociociariavalledicomino.it\/wp-content\/uploads\/2022\/07\/pastorizia-in-festival-600x319.png 600w\" sizes=\"(max-width: 885px) 100vw, 885px\" \/>\t\t\t\t\t\t\t\t\t\t\t\t\t\t\t<\/div>\n\t\t\t\t<\/div>\n\t\t\t\t\t<\/div>\n\t\t<\/div>\n\t\t\t\t\t<\/div>\n\t\t<\/section>\n\t\t\t\t<section class=\"elementor-section elementor-top-section elementor-element elementor-element-6283fef elementor-hidden-desktop elementor-hidden-mobile elementor-section-stretched elementor-section-boxed elementor-section-height-default elementor-section-height-default\" data-id=\"6283fef\" data-element_type=\"section\" data-settings=\"{&quot;stretch_section&quot;:&quot;section-stretched&quot;}\">\n\t\t\t\t\t\t<div class=\"elementor-container elementor-column-gap-extended\">\n\t\t\t\t\t<div class=\"elementor-column elementor-col-100 elementor-top-column elementor-element elementor-element-f6d9e68 sc_layouts_column_icons_position_left\" data-id=\"f6d9e68\" data-element_type=\"column\">\n\t\t\t<div class=\"elementor-widget-wrap elementor-element-populated\">\n\t\t\t\t\t\t<div class=\"elementor-element elementor-element-2255d96 elementor-widget elementor-widget-heading\" data-id=\"2255d96\" data-element_type=\"widget\" data-widget_type=\"heading.default\">\n\t\t\t\t<div class=\"elementor-widget-container\">\n\t\t\t\t\t<h3 class=\"elementor-heading-title elementor-size-default\">Rivivere la tradizione sulle orme dei pastori a Picinisco<\/h3>\t\t\t\t<\/div>\n\t\t\t\t<\/div>\n\t\t\t\t<div class=\"elementor-element elementor-element-23ac2ef elementor-widget elementor-widget-image\" data-id=\"23ac2ef\" data-element_type=\"widget\" data-widget_type=\"image.default\">\n\t\t\t\t<div class=\"elementor-widget-container\">\n\t\t\t\t\t\t\t\t\t\t\t\t\t\t\t<img fetchpriority=\"high\" decoding=\"async\" width=\"885\" height=\"470\" src=\"https:\/\/www.dmociociariavalledicomino.it\/wp-content\/uploads\/2022\/07\/pastorizia-in-festival.png\" class=\"attachment-large size-large wp-image-5364\" alt=\"\" srcset=\"https:\/\/www.dmociociariavalledicomino.it\/wp-content\/uploads\/2022\/07\/pastorizia-in-festival.png 885w, https:\/\/www.dmociociariavalledicomino.it\/wp-content\/uploads\/2022\/07\/pastorizia-in-festival-300x159.png 300w, https:\/\/www.dmociociariavalledicomino.it\/wp-content\/uploads\/2022\/07\/pastorizia-in-festival-768x408.png 768w, https:\/\/www.dmociociariavalledicomino.it\/wp-content\/uploads\/2022\/07\/pastorizia-in-festival-18x10.png 18w, https:\/\/www.dmociociariavalledicomino.it\/wp-content\/uploads\/2022\/07\/pastorizia-in-festival-370x196.png 370w, https:\/\/www.dmociociariavalledicomino.it\/wp-content\/uploads\/2022\/07\/pastorizia-in-festival-850x451.png 850w, https:\/\/www.dmociociariavalledicomino.it\/wp-content\/uploads\/2022\/07\/pastorizia-in-festival-390x207.png 390w, https:\/\/www.dmociociariavalledicomino.it\/wp-content\/uploads\/2022\/07\/pastorizia-in-festival-780x414.png 780w, https:\/\/www.dmociociariavalledicomino.it\/wp-content\/uploads\/2022\/07\/pastorizia-in-festival-600x319.png 600w\" sizes=\"(max-width: 885px) 100vw, 885px\" \/>\t\t\t\t\t\t\t\t\t\t\t\t\t\t\t<\/div>\n\t\t\t\t<\/div>\n\t\t\t\t<div class=\"elementor-element elementor-element-1b013d9 elementor-widget elementor-widget-spacer\" data-id=\"1b013d9\" data-element_type=\"widget\" data-widget_type=\"spacer.default\">\n\t\t\t\t<div class=\"elementor-widget-container\">\n\t\t\t\t\t\t\t<div class=\"elementor-spacer\">\n\t\t\t<div class=\"elementor-spacer-inner\"><\/div>\n\t\t<\/div>\n\t\t\t\t\t\t<\/div>\n\t\t\t\t<\/div>\n\t\t\t\t<div class=\"elementor-element elementor-element-a171ab3 elementor-widget elementor-widget-text-editor\" data-id=\"a171ab3\" data-element_type=\"widget\" data-widget_type=\"text-editor.default\">\n\t\t\t\t<div class=\"elementor-widget-container\">\n\t\t\t\t\t\t\t\t\t<p style=\"text-align: justify;\">Una comunit\u00e0 viva e che rivive nella sua tradizione pi\u00f9 antica con l\u2019obiettivo di proiettarla nel futuro: questo \u00e8\u00a0<strong>Pastorizia in Festival<\/strong>, manifestazione che fin dalle origini promuove la tradizione pastorale della Valle di Comino e delle sue montagne.\u00a0<\/p>\n<p style=\"text-align: justify;\">La manifestazione prevede una mostra-mercato nazionale delle eccellenze casearie legate al pascolo, degustazioni guidate e laboratori didattici, percorsi gastronomici, il tutto arricchito da arte e spettacolo per le vie del paese.\u00a0<\/p>\n<p style=\"text-align: justify;\">Un\u2019occasione unica per rivivere la cultura di questa terra antica, la quiete dei pascoli, l\u2019armonia della natura \u2013 da non perdere \u201cSui passi del pastore\u201d, suggestiva passeggiata insieme al pastore e al suo gregge tra i sentieri della transumanza nel Parco Nazionale d\u2019Abruzzo, Lazio e Molise. L\u2019appuntamento \u00e8 per\u00a0<strong>sabato 9 e domenica 10 luglio a Picinisco<\/strong>, cuore di questo festival.<\/p>\t\t\t\t\t\t\t\t<\/div>\n\t\t\t\t<\/div>\n\t\t\t\t\t<\/div>\n\t\t<\/div>\n\t\t\t\t\t<\/div>\n\t\t<\/section>\n\t\t\t\t<section class=\"elementor-section elementor-top-section elementor-element elementor-element-e71624d elementor-section-stretched elementor-section-boxed elementor-section-height-default elementor-section-height-default\" data-id=\"e71624d\" data-element_type=\"section\" data-settings=\"{&quot;stretch_section&quot;:&quot;section-stretched&quot;}\">\n\t\t\t\t\t\t<div class=\"elementor-container elementor-column-gap-extended\">\n\t\t\t\t\t<div class=\"elementor-column elementor-col-100 elementor-top-column elementor-element elementor-element-d1c35e4 sc_layouts_column_icons_position_left\" data-id=\"d1c35e4\" data-element_type=\"column\">\n\t\t\t<div class=\"elementor-widget-wrap elementor-element-populated\">\n\t\t\t\t\t\t<div class=\"elementor-element elementor-element-6d39d78 elementor-widget elementor-widget-spacer\" data-id=\"6d39d78\" data-element_type=\"widget\" data-widget_type=\"spacer.default\">\n\t\t\t\t<div class=\"elementor-widget-container\">\n\t\t\t\t\t\t\t<div class=\"elementor-spacer\">\n\t\t\t<div class=\"elementor-spacer-inner\"><\/div>\n\t\t<\/div>\n\t\t\t\t\t\t<\/div>\n\t\t\t\t<\/div>\n\t\t\t\t\t<\/div>\n\t\t<\/div>\n\t\t\t\t\t<\/div>\n\t\t<\/section>\n\t\t\t\t<section class=\"elementor-section elementor-top-section elementor-element elementor-element-c8cbc4c elementor-reverse-mobile elementor-hidden-tablet elementor-section-stretched elementor-section-boxed elementor-section-height-default elementor-section-height-default\" data-id=\"c8cbc4c\" data-element_type=\"section\" data-settings=\"{&quot;stretch_section&quot;:&quot;section-stretched&quot;}\">\n\t\t\t\t\t\t<div class=\"elementor-container elementor-column-gap-extended\">\n\t\t\t\t\t<div class=\"elementor-column elementor-col-50 elementor-top-column elementor-element elementor-element-5ffa12e sc_layouts_column_icons_position_left\" data-id=\"5ffa12e\" data-element_type=\"column\">\n\t\t\t<div class=\"elementor-widget-wrap elementor-element-populated\">\n\t\t\t\t\t\t<div class=\"elementor-element elementor-element-dbbe412 elementor-hidden-mobile elementor-widget elementor-widget-spacer\" data-id=\"dbbe412\" data-element_type=\"widget\" data-widget_type=\"spacer.default\">\n\t\t\t\t<div class=\"elementor-widget-container\">\n\t\t\t\t\t\t\t<div class=\"elementor-spacer\">\n\t\t\t<div class=\"elementor-spacer-inner\"><\/div>\n\t\t<\/div>\n\t\t\t\t\t\t<\/div>\n\t\t\t\t<\/div>\n\t\t\t\t<div class=\"elementor-element elementor-element-882485a elementor-widget elementor-widget-image\" data-id=\"882485a\" data-element_type=\"widget\" data-widget_type=\"image.default\">\n\t\t\t\t<div class=\"elementor-widget-container\">\n\t\t\t\t\t\t\t\t\t\t\t\t\t\t\t<img decoding=\"async\" width=\"1024\" height=\"724\" src=\"https:\/\/www.dmociociariavalledicomino.it\/wp-content\/uploads\/2022\/07\/atina-jazz.png\" class=\"attachment-large size-large wp-image-5365\" alt=\"\" srcset=\"https:\/\/www.dmociociariavalledicomino.it\/wp-content\/uploads\/2022\/07\/atina-jazz.png 1024w, https:\/\/www.dmociociariavalledicomino.it\/wp-content\/uploads\/2022\/07\/atina-jazz-300x212.png 300w, https:\/\/www.dmociociariavalledicomino.it\/wp-content\/uploads\/2022\/07\/atina-jazz-768x543.png 768w, https:\/\/www.dmociociariavalledicomino.it\/wp-content\/uploads\/2022\/07\/atina-jazz-18x12.png 18w, https:\/\/www.dmociociariavalledicomino.it\/wp-content\/uploads\/2022\/07\/atina-jazz-370x262.png 370w, https:\/\/www.dmociociariavalledicomino.it\/wp-content\/uploads\/2022\/07\/atina-jazz-850x601.png 850w, https:\/\/www.dmociociariavalledicomino.it\/wp-content\/uploads\/2022\/07\/atina-jazz-390x276.png 390w, https:\/\/www.dmociociariavalledicomino.it\/wp-content\/uploads\/2022\/07\/atina-jazz-780x551.png 780w, https:\/\/www.dmociociariavalledicomino.it\/wp-content\/uploads\/2022\/07\/atina-jazz-600x424.png 600w\" sizes=\"(max-width: 1024px) 100vw, 1024px\" \/>\t\t\t\t\t\t\t\t\t\t\t\t\t\t\t<\/div>\n\t\t\t\t<\/div>\n\t\t\t\t\t<\/div>\n\t\t<\/div>\n\t\t\t\t<div class=\"elementor-column elementor-col-50 elementor-top-column elementor-element elementor-element-1b26466 sc_layouts_column_icons_position_left\" data-id=\"1b26466\" data-element_type=\"column\">\n\t\t\t<div class=\"elementor-widget-wrap elementor-element-populated\">\n\t\t\t\t\t\t<div class=\"elementor-element elementor-element-290e2bf elementor-hidden-mobile elementor-widget elementor-widget-heading\" data-id=\"290e2bf\" data-element_type=\"widget\" data-widget_type=\"heading.default\">\n\t\t\t\t<div class=\"elementor-widget-container\">\n\t\t\t\t\t<h3 class=\"elementor-heading-title elementor-size-default\">Jazz sotto le stelle in uno dei Borghi pi\u00f9 belli d\u2019Italia<\/h3>\t\t\t\t<\/div>\n\t\t\t\t<\/div>\n\t\t\t\t<div class=\"elementor-element elementor-element-3544a98 elementor-hidden-desktop elementor-hidden-tablet elementor-widget elementor-widget-heading\" data-id=\"3544a98\" data-element_type=\"widget\" data-widget_type=\"heading.default\">\n\t\t\t\t<div class=\"elementor-widget-container\">\n\t\t\t\t\t<h3 class=\"elementor-heading-title elementor-size-default\">Jazz sotto le stelle in uno dei Borghi pi\u00f9 belli d\u2019Italia<\/h3>\t\t\t\t<\/div>\n\t\t\t\t<\/div>\n\t\t\t\t<div class=\"elementor-element elementor-element-7a639f9 elementor-widget elementor-widget-spacer\" data-id=\"7a639f9\" data-element_type=\"widget\" data-widget_type=\"spacer.default\">\n\t\t\t\t<div class=\"elementor-widget-container\">\n\t\t\t\t\t\t\t<div class=\"elementor-spacer\">\n\t\t\t<div class=\"elementor-spacer-inner\"><\/div>\n\t\t<\/div>\n\t\t\t\t\t\t<\/div>\n\t\t\t\t<\/div>\n\t\t\t\t<div class=\"elementor-element elementor-element-041af86 elementor-widget elementor-widget-text-editor\" data-id=\"041af86\" data-element_type=\"widget\" data-widget_type=\"text-editor.default\">\n\t\t\t\t<div class=\"elementor-widget-container\">\n\t\t\t\t\t\t\t\t\t<p style=\"text-align: justify;\">Torna dal\u00a0<strong>21 al 24 luglio<\/strong>\u00a0uno dei festival pi\u00f9 celebri nel panorama musicale nazionale e appuntamento fisso della Valle di Comino,\u00a0<strong>Atina Jazz<\/strong>.\u00a0<\/p>\n<p style=\"text-align: justify;\">Anche in questa 36<sup>a<\/sup>\u00a0edizione la grande musica, gli artisti pi\u00f9 celebri e pi\u00f9 prestigiosi, i brani che hanno fatto la storia del jazz ma anche le sperimentazioni musicali pi\u00f9 all\u2019avanguardia, trasformano il centro storico di Atina in un grande palcoscenico.\u00a0<\/p>\n<p style=\"text-align: justify;\">Ancora una volta l\u2019energia del jazz sia italiano sia internazionale si liberer\u00e0 sotto le stelle della Valle con due concerti a serata:\u00a0<\/p>\n<p style=\"text-align: justify;\">&#8211; Umberto Petrin Trio e Fabrizio Bosso Quartet (<strong>gioved\u00ec<\/strong>\u00a0<strong>21<\/strong>);\u00a0<\/p>\n<p style=\"text-align: justify;\">&#8211; Alessandro Lanzoni e Fernando Romano e Ralph Alessi 6et (<strong>venerd\u00ec<\/strong>\u00a0<strong>22<\/strong>);\u00a0<\/p>\n<p style=\"text-align: justify;\">&#8211; Reis, Demuth, Wiltgen Trio e Nick the Nightfly quartet (<strong>sabato<\/strong>\u00a0<strong>23<\/strong>);\u00a0<\/p>\n<p style=\"text-align: justify;\">&#8211; Conosci mia cugina? e Simona Bencini and LMG quartet (<strong>domenica<\/strong>\u00a0<strong>24<\/strong>).\u00a0<\/p>\n<p style=\"text-align: justify;\">Ogni sera il cortile dello storico Palazzo Ducale accoglier\u00e0 gli appassionati, che saranno cos\u00ec coinvolti con la possibilit\u00e0 di apprezzare il patrimonio culturale di Atina e della Valle di Comino.<\/p>\t\t\t\t\t\t\t\t<\/div>\n\t\t\t\t<\/div>\n\t\t\t\t\t<\/div>\n\t\t<\/div>\n\t\t\t\t\t<\/div>\n\t\t<\/section>\n\t\t\t\t<section class=\"elementor-section elementor-top-section elementor-element elementor-element-d01b2d3 elementor-hidden-desktop elementor-hidden-mobile elementor-section-stretched elementor-section-boxed elementor-section-height-default elementor-section-height-default\" data-id=\"d01b2d3\" data-element_type=\"section\" data-settings=\"{&quot;stretch_section&quot;:&quot;section-stretched&quot;}\">\n\t\t\t\t\t\t<div class=\"elementor-container elementor-column-gap-extended\">\n\t\t\t\t\t<div class=\"elementor-column elementor-col-100 elementor-top-column elementor-element elementor-element-017e669 sc_layouts_column_icons_position_left\" data-id=\"017e669\" data-element_type=\"column\">\n\t\t\t<div class=\"elementor-widget-wrap elementor-element-populated\">\n\t\t\t\t\t\t<div class=\"elementor-element elementor-element-53d1dbe elementor-widget elementor-widget-heading\" data-id=\"53d1dbe\" data-element_type=\"widget\" data-widget_type=\"heading.default\">\n\t\t\t\t<div class=\"elementor-widget-container\">\n\t\t\t\t\t<h3 class=\"elementor-heading-title elementor-size-default\">Jazz sotto le stelle in uno dei Borghi pi\u00f9 belli d\u2019Italia<\/h3>\t\t\t\t<\/div>\n\t\t\t\t<\/div>\n\t\t\t\t<div class=\"elementor-element elementor-element-687a567 elementor-widget elementor-widget-spacer\" data-id=\"687a567\" data-element_type=\"widget\" data-widget_type=\"spacer.default\">\n\t\t\t\t<div class=\"elementor-widget-container\">\n\t\t\t\t\t\t\t<div class=\"elementor-spacer\">\n\t\t\t<div class=\"elementor-spacer-inner\"><\/div>\n\t\t<\/div>\n\t\t\t\t\t\t<\/div>\n\t\t\t\t<\/div>\n\t\t\t\t<div class=\"elementor-element elementor-element-a73f858 elementor-widget elementor-widget-image\" data-id=\"a73f858\" data-element_type=\"widget\" data-widget_type=\"image.default\">\n\t\t\t\t<div class=\"elementor-widget-container\">\n\t\t\t\t\t\t\t\t\t\t\t\t\t\t\t<img decoding=\"async\" width=\"1024\" height=\"724\" src=\"https:\/\/www.dmociociariavalledicomino.it\/wp-content\/uploads\/2022\/07\/atina-jazz.png\" class=\"attachment-large size-large wp-image-5365\" alt=\"\" srcset=\"https:\/\/www.dmociociariavalledicomino.it\/wp-content\/uploads\/2022\/07\/atina-jazz.png 1024w, https:\/\/www.dmociociariavalledicomino.it\/wp-content\/uploads\/2022\/07\/atina-jazz-300x212.png 300w, https:\/\/www.dmociociariavalledicomino.it\/wp-content\/uploads\/2022\/07\/atina-jazz-768x543.png 768w, https:\/\/www.dmociociariavalledicomino.it\/wp-content\/uploads\/2022\/07\/atina-jazz-18x12.png 18w, https:\/\/www.dmociociariavalledicomino.it\/wp-content\/uploads\/2022\/07\/atina-jazz-370x262.png 370w, https:\/\/www.dmociociariavalledicomino.it\/wp-content\/uploads\/2022\/07\/atina-jazz-850x601.png 850w, https:\/\/www.dmociociariavalledicomino.it\/wp-content\/uploads\/2022\/07\/atina-jazz-390x276.png 390w, https:\/\/www.dmociociariavalledicomino.it\/wp-content\/uploads\/2022\/07\/atina-jazz-780x551.png 780w, https:\/\/www.dmociociariavalledicomino.it\/wp-content\/uploads\/2022\/07\/atina-jazz-600x424.png 600w\" sizes=\"(max-width: 1024px) 100vw, 1024px\" \/>\t\t\t\t\t\t\t\t\t\t\t\t\t\t\t<\/div>\n\t\t\t\t<\/div>\n\t\t\t\t<div class=\"elementor-element elementor-element-94f2e75 elementor-widget elementor-widget-text-editor\" data-id=\"94f2e75\" data-element_type=\"widget\" data-widget_type=\"text-editor.default\">\n\t\t\t\t<div class=\"elementor-widget-container\">\n\t\t\t\t\t\t\t\t\t<p style=\"text-align: justify;\">Torna dal\u00a0<strong>21 al 24 luglio<\/strong>\u00a0uno dei festival pi\u00f9 celebri nel panorama musicale nazionale e appuntamento fisso della Valle di Comino,\u00a0<strong>Atina Jazz<\/strong>.\u00a0<\/p>\n<p style=\"text-align: justify;\">Anche in questa 36<sup>a<\/sup>\u00a0edizione la grande musica, gli artisti pi\u00f9 celebri e pi\u00f9 prestigiosi, i brani che hanno fatto la storia del jazz ma anche le sperimentazioni musicali pi\u00f9 all\u2019avanguardia, trasformano il centro storico di Atina in un grande palcoscenico.\u00a0<\/p>\n<p style=\"text-align: justify;\">Ancora una volta l\u2019energia del jazz sia italiano sia internazionale si liberer\u00e0 sotto le stelle della Valle con due concerti a serata:\u00a0<\/p>\n<p style=\"text-align: justify;\">&#8211; Umberto Petrin Trio e Fabrizio Bosso Quartet (<strong>gioved\u00ec<\/strong>\u00a0<strong>21<\/strong>);\u00a0<\/p>\n<p style=\"text-align: justify;\">&#8211; Alessandro Lanzoni e Fernando Romano e Ralph Alessi 6et (<strong>venerd\u00ec<\/strong>\u00a0<strong>22<\/strong>);\u00a0<\/p>\n<p style=\"text-align: justify;\">&#8211; Reis, Demuth, Wiltgen Trio e Nick the Nightfly quartet (<strong>sabato<\/strong>\u00a0<strong>23<\/strong>);\u00a0<\/p>\n<p style=\"text-align: justify;\">&#8211; Conosci mia cugina? e Simona Bencini and LMG quartet (<strong>domenica<\/strong>\u00a0<strong>24<\/strong>).\u00a0<\/p>\n<p style=\"text-align: justify;\">Ogni sera il cortile dello storico Palazzo Ducale accoglier\u00e0 gli appassionati, che saranno cos\u00ec coinvolti con la possibilit\u00e0 di apprezzare il patrimonio culturale di Atina e della Valle di Comino.<\/p>\t\t\t\t\t\t\t\t<\/div>\n\t\t\t\t<\/div>\n\t\t\t\t\t<\/div>\n\t\t<\/div>\n\t\t\t\t\t<\/div>\n\t\t<\/section>\n\t\t\t\t<section class=\"elementor-section elementor-top-section elementor-element elementor-element-bf8f994 elementor-section-boxed elementor-section-height-default elementor-section-height-default\" data-id=\"bf8f994\" data-element_type=\"section\">\n\t\t\t\t\t\t<div class=\"elementor-container elementor-column-gap-extended\">\n\t\t\t\t\t<div class=\"elementor-column elementor-col-100 elementor-top-column elementor-element elementor-element-7305390 sc_layouts_column_icons_position_left\" data-id=\"7305390\" data-element_type=\"column\">\n\t\t\t<div class=\"elementor-widget-wrap elementor-element-populated\">\n\t\t\t\t\t\t<div class=\"elementor-element elementor-element-7f221f2 elementor-widget elementor-widget-spacer\" data-id=\"7f221f2\" data-element_type=\"widget\" data-widget_type=\"spacer.default\">\n\t\t\t\t<div class=\"elementor-widget-container\">\n\t\t\t\t\t\t\t<div class=\"elementor-spacer\">\n\t\t\t<div class=\"elementor-spacer-inner\"><\/div>\n\t\t<\/div>\n\t\t\t\t\t\t<\/div>\n\t\t\t\t<\/div>\n\t\t\t\t\t<\/div>\n\t\t<\/div>\n\t\t\t\t\t<\/div>\n\t\t<\/section>\n\t\t\t\t<section class=\"elementor-section elementor-top-section elementor-element elementor-element-07f3f79 elementor-hidden-tablet elementor-section-stretched elementor-section-boxed elementor-section-height-default elementor-section-height-default\" data-id=\"07f3f79\" data-element_type=\"section\" data-settings=\"{&quot;stretch_section&quot;:&quot;section-stretched&quot;,&quot;background_background&quot;:&quot;classic&quot;}\">\n\t\t\t\t\t\t<div class=\"elementor-container elementor-column-gap-extended\">\n\t\t\t\t\t<div class=\"elementor-column elementor-col-50 elementor-top-column elementor-element elementor-element-3f055b1 sc_layouts_column_icons_position_left\" data-id=\"3f055b1\" data-element_type=\"column\">\n\t\t\t<div class=\"elementor-widget-wrap elementor-element-populated\">\n\t\t\t\t\t\t<div class=\"elementor-element elementor-element-2ad045b elementor-hidden-mobile elementor-widget elementor-widget-spacer\" data-id=\"2ad045b\" data-element_type=\"widget\" data-widget_type=\"spacer.default\">\n\t\t\t\t<div class=\"elementor-widget-container\">\n\t\t\t\t\t\t\t<div class=\"elementor-spacer\">\n\t\t\t<div class=\"elementor-spacer-inner\"><\/div>\n\t\t<\/div>\n\t\t\t\t\t\t<\/div>\n\t\t\t\t<\/div>\n\t\t\t\t<div class=\"elementor-element elementor-element-e2fe5ac elementor-hidden-mobile elementor-widget elementor-widget-heading\" data-id=\"e2fe5ac\" data-element_type=\"widget\" data-widget_type=\"heading.default\">\n\t\t\t\t<div class=\"elementor-widget-container\">\n\t\t\t\t\t<h3 class=\"elementor-heading-title elementor-size-default\">Musica e arte di strada per le vie di San Donato Valcomino\n\n<\/h3>\t\t\t\t<\/div>\n\t\t\t\t<\/div>\n\t\t\t\t<div class=\"elementor-element elementor-element-6daf297 elementor-hidden-desktop elementor-hidden-tablet elementor-widget elementor-widget-heading\" data-id=\"6daf297\" data-element_type=\"widget\" data-widget_type=\"heading.default\">\n\t\t\t\t<div class=\"elementor-widget-container\">\n\t\t\t\t\t<h3 class=\"elementor-heading-title elementor-size-default\">Musica e arte di strada per le vie di San Donato Valcomino\n\n<\/h3>\t\t\t\t<\/div>\n\t\t\t\t<\/div>\n\t\t\t\t<div class=\"elementor-element elementor-element-1534554 elementor-widget elementor-widget-spacer\" data-id=\"1534554\" data-element_type=\"widget\" data-widget_type=\"spacer.default\">\n\t\t\t\t<div class=\"elementor-widget-container\">\n\t\t\t\t\t\t\t<div class=\"elementor-spacer\">\n\t\t\t<div class=\"elementor-spacer-inner\"><\/div>\n\t\t<\/div>\n\t\t\t\t\t\t<\/div>\n\t\t\t\t<\/div>\n\t\t\t\t<div class=\"elementor-element elementor-element-6c46d76 elementor-widget elementor-widget-text-editor\" data-id=\"6c46d76\" data-element_type=\"widget\" data-widget_type=\"text-editor.default\">\n\t\t\t\t<div class=\"elementor-widget-container\">\n\t\t\t\t\t\t\t\t\t<p style=\"text-align: justify;\">Sonorit\u00e0 funky, rock, latin, balcaniche risuoneranno nell\u2019ultimo fine-settimana di luglio tra i vicoli e le piazze di\u00a0<strong>San Donato Valcomino<\/strong>\u00a0<strong>con Via di Banda<\/strong>, manifestazione dinamica e travolgente dedicata alle street band e all\u2019arte di strada.<\/p>\n<p style=\"text-align: justify;\">Per tre giorni,\u00a0<strong>da venerd\u00ec 29 a domenica 31<\/strong>, il gli scorci pi\u00f9 caratteristici del centro storico vibreranno dell\u2019energia coinvolgente di oltre venti tra band e artisti, che con i loro spettacoli itineranti trascineranno il pubblico alla scoperta di un rapporto diverso con il borgo.\u00a0<\/p>\n<p style=\"text-align: justify;\">Via di Banda \u00e8 un progetto peculiare che punta a diventare il Festival della Citt\u00e0 di San Donato Valcomino e manifestazione di riferimento per tutto il Centro Italia.<\/p>\t\t\t\t\t\t\t\t<\/div>\n\t\t\t\t<\/div>\n\t\t\t\t\t<\/div>\n\t\t<\/div>\n\t\t\t\t<div class=\"elementor-column elementor-col-50 elementor-top-column elementor-element elementor-element-0c9df67 sc_layouts_column_icons_position_left\" data-id=\"0c9df67\" data-element_type=\"column\">\n\t\t\t<div class=\"elementor-widget-wrap elementor-element-populated\">\n\t\t\t\t\t\t<div class=\"elementor-element elementor-element-bcb1736 elementor-widget elementor-widget-image\" data-id=\"bcb1736\" data-element_type=\"widget\" data-widget_type=\"image.default\">\n\t\t\t\t<div class=\"elementor-widget-container\">\n\t\t\t\t\t\t\t\t\t\t\t\t\t\t\t<img decoding=\"async\" width=\"683\" height=\"1024\" src=\"https:\/\/www.dmociociariavalledicomino.it\/wp-content\/uploads\/2022\/07\/via-di-banda-683x1024.jpg\" class=\"attachment-large size-large wp-image-5367\" alt=\"\" srcset=\"https:\/\/www.dmociociariavalledicomino.it\/wp-content\/uploads\/2022\/07\/via-di-banda-683x1024.jpg 683w, https:\/\/www.dmociociariavalledicomino.it\/wp-content\/uploads\/2022\/07\/via-di-banda-200x300.jpg 200w, https:\/\/www.dmociociariavalledicomino.it\/wp-content\/uploads\/2022\/07\/via-di-banda-768x1152.jpg 768w, https:\/\/www.dmociociariavalledicomino.it\/wp-content\/uploads\/2022\/07\/via-di-banda-8x12.jpg 8w, https:\/\/www.dmociociariavalledicomino.it\/wp-content\/uploads\/2022\/07\/via-di-banda-370x555.jpg 370w, https:\/\/www.dmociociariavalledicomino.it\/wp-content\/uploads\/2022\/07\/via-di-banda-390x585.jpg 390w, https:\/\/www.dmociociariavalledicomino.it\/wp-content\/uploads\/2022\/07\/via-di-banda-780x1170.jpg 780w, https:\/\/www.dmociociariavalledicomino.it\/wp-content\/uploads\/2022\/07\/via-di-banda-600x900.jpg 600w, https:\/\/www.dmociociariavalledicomino.it\/wp-content\/uploads\/2022\/07\/via-di-banda.jpg 843w\" sizes=\"(max-width: 683px) 100vw, 683px\" \/>\t\t\t\t\t\t\t\t\t\t\t\t\t\t\t<\/div>\n\t\t\t\t<\/div>\n\t\t\t\t\t<\/div>\n\t\t<\/div>\n\t\t\t\t\t<\/div>\n\t\t<\/section>\n\t\t\t\t<section class=\"elementor-section elementor-top-section elementor-element elementor-element-cdaeaf6 elementor-hidden-desktop elementor-hidden-mobile elementor-section-stretched elementor-section-boxed elementor-section-height-default elementor-section-height-default\" data-id=\"cdaeaf6\" data-element_type=\"section\" data-settings=\"{&quot;stretch_section&quot;:&quot;section-stretched&quot;}\">\n\t\t\t\t\t\t<div class=\"elementor-container elementor-column-gap-extended\">\n\t\t\t\t\t<div class=\"elementor-column elementor-col-100 elementor-top-column elementor-element elementor-element-1bb5dd4 sc_layouts_column_icons_position_left\" data-id=\"1bb5dd4\" data-element_type=\"column\">\n\t\t\t<div class=\"elementor-widget-wrap elementor-element-populated\">\n\t\t\t\t\t\t<div class=\"elementor-element elementor-element-5140090 elementor-hidden-mobile elementor-widget elementor-widget-spacer\" data-id=\"5140090\" data-element_type=\"widget\" data-widget_type=\"spacer.default\">\n\t\t\t\t<div class=\"elementor-widget-container\">\n\t\t\t\t\t\t\t<div class=\"elementor-spacer\">\n\t\t\t<div class=\"elementor-spacer-inner\"><\/div>\n\t\t<\/div>\n\t\t\t\t\t\t<\/div>\n\t\t\t\t<\/div>\n\t\t\t\t<div class=\"elementor-element elementor-element-82d3f39 elementor-widget elementor-widget-heading\" data-id=\"82d3f39\" data-element_type=\"widget\" data-widget_type=\"heading.default\">\n\t\t\t\t<div class=\"elementor-widget-container\">\n\t\t\t\t\t<h3 class=\"elementor-heading-title elementor-size-default\">Musica e arte di strada per le vie di San Donato Valcomino\n\n<\/h3>\t\t\t\t<\/div>\n\t\t\t\t<\/div>\n\t\t\t\t<div class=\"elementor-element elementor-element-e988227 elementor-widget elementor-widget-spacer\" data-id=\"e988227\" data-element_type=\"widget\" data-widget_type=\"spacer.default\">\n\t\t\t\t<div class=\"elementor-widget-container\">\n\t\t\t\t\t\t\t<div class=\"elementor-spacer\">\n\t\t\t<div class=\"elementor-spacer-inner\"><\/div>\n\t\t<\/div>\n\t\t\t\t\t\t<\/div>\n\t\t\t\t<\/div>\n\t\t\t\t<div class=\"elementor-element elementor-element-89eeb3e elementor-widget elementor-widget-image\" data-id=\"89eeb3e\" data-element_type=\"widget\" data-widget_type=\"image.default\">\n\t\t\t\t<div class=\"elementor-widget-container\">\n\t\t\t\t\t\t\t\t\t\t\t\t\t\t\t<img decoding=\"async\" width=\"683\" height=\"1024\" src=\"https:\/\/www.dmociociariavalledicomino.it\/wp-content\/uploads\/2022\/07\/via-di-banda-683x1024.jpg\" class=\"attachment-large size-large wp-image-5367\" alt=\"\" srcset=\"https:\/\/www.dmociociariavalledicomino.it\/wp-content\/uploads\/2022\/07\/via-di-banda-683x1024.jpg 683w, https:\/\/www.dmociociariavalledicomino.it\/wp-content\/uploads\/2022\/07\/via-di-banda-200x300.jpg 200w, https:\/\/www.dmociociariavalledicomino.it\/wp-content\/uploads\/2022\/07\/via-di-banda-768x1152.jpg 768w, https:\/\/www.dmociociariavalledicomino.it\/wp-content\/uploads\/2022\/07\/via-di-banda-8x12.jpg 8w, https:\/\/www.dmociociariavalledicomino.it\/wp-content\/uploads\/2022\/07\/via-di-banda-370x555.jpg 370w, https:\/\/www.dmociociariavalledicomino.it\/wp-content\/uploads\/2022\/07\/via-di-banda-390x585.jpg 390w, https:\/\/www.dmociociariavalledicomino.it\/wp-content\/uploads\/2022\/07\/via-di-banda-780x1170.jpg 780w, https:\/\/www.dmociociariavalledicomino.it\/wp-content\/uploads\/2022\/07\/via-di-banda-600x900.jpg 600w, https:\/\/www.dmociociariavalledicomino.it\/wp-content\/uploads\/2022\/07\/via-di-banda.jpg 843w\" sizes=\"(max-width: 683px) 100vw, 683px\" \/>\t\t\t\t\t\t\t\t\t\t\t\t\t\t\t<\/div>\n\t\t\t\t<\/div>\n\t\t\t\t<div class=\"elementor-element elementor-element-d3ed0f7 elementor-widget elementor-widget-text-editor\" data-id=\"d3ed0f7\" data-element_type=\"widget\" data-widget_type=\"text-editor.default\">\n\t\t\t\t<div class=\"elementor-widget-container\">\n\t\t\t\t\t\t\t\t\t<p style=\"text-align: justify;\">Sonorit\u00e0 funky, rock, latin, balcaniche risuoneranno nell\u2019ultimo fine-settimana di luglio tra i vicoli e le piazze di\u00a0<strong>San Donato Valcomino<\/strong>\u00a0<strong>con Via di Banda<\/strong>, manifestazione dinamica e travolgente dedicata alle street band e all\u2019arte di strada.<\/p>\n<p style=\"text-align: justify;\">Per tre giorni,\u00a0<strong>da venerd\u00ec 29 a domenica 31<\/strong>, il gli scorci pi\u00f9 caratteristici del centro storico vibreranno dell\u2019energia coinvolgente di oltre venti tra band e artisti, che con i loro spettacoli itineranti trascineranno il pubblico alla scoperta di un rapporto diverso con il borgo.\u00a0<\/p>\n<p style=\"text-align: justify;\">Via di Banda \u00e8 un progetto peculiare che punta a diventare il Festival della Citt\u00e0 di San Donato Valcomino e manifestazione di riferimento per tutto il Centro Italia.<\/p>\t\t\t\t\t\t\t\t<\/div>\n\t\t\t\t<\/div>\n\t\t\t\t\t<\/div>\n\t\t<\/div>\n\t\t\t\t\t<\/div>\n\t\t<\/section>\n\t\t\t\t<section class=\"elementor-section elementor-top-section elementor-element elementor-element-59488e4 elementor-section-boxed elementor-section-height-default elementor-section-height-default\" data-id=\"59488e4\" data-element_type=\"section\">\n\t\t\t\t\t\t<div class=\"elementor-container elementor-column-gap-extended\">\n\t\t\t\t\t<div class=\"elementor-column elementor-col-100 elementor-top-column elementor-element elementor-element-7503c3c sc_layouts_column_icons_position_left\" data-id=\"7503c3c\" data-element_type=\"column\">\n\t\t\t<div class=\"elementor-widget-wrap elementor-element-populated\">\n\t\t\t\t\t\t<div class=\"elementor-element elementor-element-682f4cf elementor-widget elementor-widget-spacer\" data-id=\"682f4cf\" data-element_type=\"widget\" data-widget_type=\"spacer.default\">\n\t\t\t\t<div class=\"elementor-widget-container\">\n\t\t\t\t\t\t\t<div class=\"elementor-spacer\">\n\t\t\t<div class=\"elementor-spacer-inner\"><\/div>\n\t\t<\/div>\n\t\t\t\t\t\t<\/div>\n\t\t\t\t<\/div>\n\t\t\t\t\t<\/div>\n\t\t<\/div>\n\t\t\t\t\t<\/div>\n\t\t<\/section>\n\t\t\t\t<section class=\"elementor-section elementor-top-section elementor-element elementor-element-a2289cf elementor-hidden-tablet elementor-section-stretched elementor-reverse-mobile elementor-section-boxed elementor-section-height-default elementor-section-height-default\" data-id=\"a2289cf\" data-element_type=\"section\" data-settings=\"{&quot;stretch_section&quot;:&quot;section-stretched&quot;}\">\n\t\t\t\t\t\t<div class=\"elementor-container elementor-column-gap-extended\">\n\t\t\t\t\t<div class=\"elementor-column elementor-col-50 elementor-top-column elementor-element elementor-element-b7d72ff sc_layouts_column_icons_position_left\" data-id=\"b7d72ff\" data-element_type=\"column\">\n\t\t\t<div class=\"elementor-widget-wrap elementor-element-populated\">\n\t\t\t\t\t\t<div class=\"elementor-element elementor-element-7f09e5b elementor-hidden-mobile elementor-widget elementor-widget-spacer\" data-id=\"7f09e5b\" data-element_type=\"widget\" data-widget_type=\"spacer.default\">\n\t\t\t\t<div class=\"elementor-widget-container\">\n\t\t\t\t\t\t\t<div class=\"elementor-spacer\">\n\t\t\t<div class=\"elementor-spacer-inner\"><\/div>\n\t\t<\/div>\n\t\t\t\t\t\t<\/div>\n\t\t\t\t<\/div>\n\t\t\t\t<div class=\"elementor-element elementor-element-c982575 elementor-widget elementor-widget-image\" data-id=\"c982575\" data-element_type=\"widget\" data-widget_type=\"image.default\">\n\t\t\t\t<div class=\"elementor-widget-container\">\n\t\t\t\t\t\t\t\t\t\t\t\t\t\t\t<img loading=\"lazy\" decoding=\"async\" width=\"959\" height=\"638\" src=\"https:\/\/www.dmociociariavalledicomino.it\/wp-content\/uploads\/2022\/07\/traversata-mainarde.png\" class=\"attachment-large size-large wp-image-5366\" alt=\"\" srcset=\"https:\/\/www.dmociociariavalledicomino.it\/wp-content\/uploads\/2022\/07\/traversata-mainarde.png 959w, https:\/\/www.dmociociariavalledicomino.it\/wp-content\/uploads\/2022\/07\/traversata-mainarde-300x200.png 300w, https:\/\/www.dmociociariavalledicomino.it\/wp-content\/uploads\/2022\/07\/traversata-mainarde-768x511.png 768w, https:\/\/www.dmociociariavalledicomino.it\/wp-content\/uploads\/2022\/07\/traversata-mainarde-18x12.png 18w, https:\/\/www.dmociociariavalledicomino.it\/wp-content\/uploads\/2022\/07\/traversata-mainarde-370x246.png 370w, https:\/\/www.dmociociariavalledicomino.it\/wp-content\/uploads\/2022\/07\/traversata-mainarde-850x565.png 850w, https:\/\/www.dmociociariavalledicomino.it\/wp-content\/uploads\/2022\/07\/traversata-mainarde-390x259.png 390w, https:\/\/www.dmociociariavalledicomino.it\/wp-content\/uploads\/2022\/07\/traversata-mainarde-780x519.png 780w, https:\/\/www.dmociociariavalledicomino.it\/wp-content\/uploads\/2022\/07\/traversata-mainarde-600x399.png 600w\" sizes=\"(max-width: 959px) 100vw, 959px\" \/>\t\t\t\t\t\t\t\t\t\t\t\t\t\t\t<\/div>\n\t\t\t\t<\/div>\n\t\t\t\t\t<\/div>\n\t\t<\/div>\n\t\t\t\t<div class=\"elementor-column elementor-col-50 elementor-top-column elementor-element elementor-element-5e0f42b sc_layouts_column_icons_position_left\" data-id=\"5e0f42b\" data-element_type=\"column\">\n\t\t\t<div class=\"elementor-widget-wrap elementor-element-populated\">\n\t\t\t\t\t\t<div class=\"elementor-element elementor-element-b9c2aa8 elementor-hidden-mobile elementor-widget elementor-widget-spacer\" data-id=\"b9c2aa8\" data-element_type=\"widget\" data-widget_type=\"spacer.default\">\n\t\t\t\t<div class=\"elementor-widget-container\">\n\t\t\t\t\t\t\t<div class=\"elementor-spacer\">\n\t\t\t<div class=\"elementor-spacer-inner\"><\/div>\n\t\t<\/div>\n\t\t\t\t\t\t<\/div>\n\t\t\t\t<\/div>\n\t\t\t\t<div class=\"elementor-element elementor-element-879cc4c elementor-widget elementor-widget-heading\" data-id=\"879cc4c\" data-element_type=\"widget\" data-widget_type=\"heading.default\">\n\t\t\t\t<div class=\"elementor-widget-container\">\n\t\t\t\t\t<h3 class=\"elementor-heading-title elementor-size-default\">Trekking in quota <br>nel Parco Nazionale d\u2019Abruzzo, Lazio e Molise<\/h3>\t\t\t\t<\/div>\n\t\t\t\t<\/div>\n\t\t\t\t<div class=\"elementor-element elementor-element-9f406d4 elementor-widget elementor-widget-spacer\" data-id=\"9f406d4\" data-element_type=\"widget\" data-widget_type=\"spacer.default\">\n\t\t\t\t<div class=\"elementor-widget-container\">\n\t\t\t\t\t\t\t<div class=\"elementor-spacer\">\n\t\t\t<div class=\"elementor-spacer-inner\"><\/div>\n\t\t<\/div>\n\t\t\t\t\t\t<\/div>\n\t\t\t\t<\/div>\n\t\t\t\t<div class=\"elementor-element elementor-element-d6f2999 elementor-widget elementor-widget-text-editor\" data-id=\"d6f2999\" data-element_type=\"widget\" data-widget_type=\"text-editor.default\">\n\t\t\t\t<div class=\"elementor-widget-container\">\n\t\t\t\t\t\t\t\t\t<p style=\"text-align: justify;\">Per gli appassionati di escursionismo da non perdere la\u00a0<strong>Traversata delle Mainarde<\/strong>\u00a0con partenza da Prati di Mezzo\u00a0<strong>domenica 3 luglio<\/strong>, un magnifico trekking in quota dai panorami eccezionali, con quattro vette oltre 2000 e 20 km di cammino.\u00a0<\/p>\n<p style=\"text-align: justify;\">Un percorso suggestivo per il paesaggio e per la luce del tutto particolare che evidenzia in modo unico valli e declivi.\u00a0<\/p>\n<p style=\"text-align: justify;\">Con una vista che spazia dal Gran Sasso al Vesuvio il percorso \u00e8 altres\u00ec ricco di storia, dalla pastorizia al brigantaggio, alle battaglie della seconda guerra mondiale, permettendo di conoscere racconti ed eventi poco noti del passato di questo territorio.<\/p>\t\t\t\t\t\t\t\t<\/div>\n\t\t\t\t<\/div>\n\t\t\t\t\t<\/div>\n\t\t<\/div>\n\t\t\t\t\t<\/div>\n\t\t<\/section>\n\t\t\t\t<section class=\"elementor-section elementor-top-section elementor-element elementor-element-fb55c67 elementor-hidden-desktop elementor-hidden-mobile elementor-section-stretched elementor-section-boxed elementor-section-height-default elementor-section-height-default\" data-id=\"fb55c67\" data-element_type=\"section\" data-settings=\"{&quot;stretch_section&quot;:&quot;section-stretched&quot;}\">\n\t\t\t\t\t\t<div class=\"elementor-container elementor-column-gap-extended\">\n\t\t\t\t\t<div class=\"elementor-column elementor-col-100 elementor-top-column elementor-element elementor-element-b37bb96 sc_layouts_column_icons_position_left\" data-id=\"b37bb96\" data-element_type=\"column\">\n\t\t\t<div class=\"elementor-widget-wrap elementor-element-populated\">\n\t\t\t\t\t\t<div class=\"elementor-element elementor-element-30651af elementor-hidden-mobile elementor-widget elementor-widget-spacer\" data-id=\"30651af\" data-element_type=\"widget\" data-widget_type=\"spacer.default\">\n\t\t\t\t<div class=\"elementor-widget-container\">\n\t\t\t\t\t\t\t<div class=\"elementor-spacer\">\n\t\t\t<div class=\"elementor-spacer-inner\"><\/div>\n\t\t<\/div>\n\t\t\t\t\t\t<\/div>\n\t\t\t\t<\/div>\n\t\t\t\t<div class=\"elementor-element elementor-element-1cf01d3 elementor-widget elementor-widget-heading\" data-id=\"1cf01d3\" data-element_type=\"widget\" data-widget_type=\"heading.default\">\n\t\t\t\t<div class=\"elementor-widget-container\">\n\t\t\t\t\t<h3 class=\"elementor-heading-title elementor-size-default\">Trekking in quota <br>nel Parco Nazionale d\u2019Abruzzo, Lazio e Molise<\/h3>\t\t\t\t<\/div>\n\t\t\t\t<\/div>\n\t\t\t\t<div class=\"elementor-element elementor-element-1acd8c6 elementor-widget elementor-widget-spacer\" data-id=\"1acd8c6\" data-element_type=\"widget\" data-widget_type=\"spacer.default\">\n\t\t\t\t<div class=\"elementor-widget-container\">\n\t\t\t\t\t\t\t<div class=\"elementor-spacer\">\n\t\t\t<div class=\"elementor-spacer-inner\"><\/div>\n\t\t<\/div>\n\t\t\t\t\t\t<\/div>\n\t\t\t\t<\/div>\n\t\t\t\t<div class=\"elementor-element elementor-element-d592502 elementor-widget elementor-widget-image\" data-id=\"d592502\" data-element_type=\"widget\" data-widget_type=\"image.default\">\n\t\t\t\t<div class=\"elementor-widget-container\">\n\t\t\t\t\t\t\t\t\t\t\t\t\t\t\t<img loading=\"lazy\" decoding=\"async\" width=\"959\" height=\"638\" src=\"https:\/\/www.dmociociariavalledicomino.it\/wp-content\/uploads\/2022\/07\/traversata-mainarde.png\" class=\"attachment-large size-large wp-image-5366\" alt=\"\" srcset=\"https:\/\/www.dmociociariavalledicomino.it\/wp-content\/uploads\/2022\/07\/traversata-mainarde.png 959w, https:\/\/www.dmociociariavalledicomino.it\/wp-content\/uploads\/2022\/07\/traversata-mainarde-300x200.png 300w, https:\/\/www.dmociociariavalledicomino.it\/wp-content\/uploads\/2022\/07\/traversata-mainarde-768x511.png 768w, https:\/\/www.dmociociariavalledicomino.it\/wp-content\/uploads\/2022\/07\/traversata-mainarde-18x12.png 18w, https:\/\/www.dmociociariavalledicomino.it\/wp-content\/uploads\/2022\/07\/traversata-mainarde-370x246.png 370w, https:\/\/www.dmociociariavalledicomino.it\/wp-content\/uploads\/2022\/07\/traversata-mainarde-850x565.png 850w, https:\/\/www.dmociociariavalledicomino.it\/wp-content\/uploads\/2022\/07\/traversata-mainarde-390x259.png 390w, https:\/\/www.dmociociariavalledicomino.it\/wp-content\/uploads\/2022\/07\/traversata-mainarde-780x519.png 780w, https:\/\/www.dmociociariavalledicomino.it\/wp-content\/uploads\/2022\/07\/traversata-mainarde-600x399.png 600w\" sizes=\"(max-width: 959px) 100vw, 959px\" \/>\t\t\t\t\t\t\t\t\t\t\t\t\t\t\t<\/div>\n\t\t\t\t<\/div>\n\t\t\t\t<div class=\"elementor-element elementor-element-e46e93c elementor-widget elementor-widget-text-editor\" data-id=\"e46e93c\" data-element_type=\"widget\" data-widget_type=\"text-editor.default\">\n\t\t\t\t<div class=\"elementor-widget-container\">\n\t\t\t\t\t\t\t\t\t<p style=\"text-align: justify;\">Per gli appassionati di escursionismo da non perdere la\u00a0<strong>Traversata delle Mainarde<\/strong>\u00a0con partenza da Prati di Mezzo\u00a0<strong>domenica 3 luglio<\/strong>, un magnifico trekking in quota dai panorami eccezionali, con quattro vette oltre 2000 e 20 km di cammino.\u00a0<\/p>\n<p style=\"text-align: justify;\">Un percorso suggestivo per il paesaggio e per la luce del tutto particolare che evidenzia in modo unico valli e declivi.\u00a0<\/p>\n<p style=\"text-align: justify;\">Con una vista che spazia dal Gran Sasso al Vesuvio il percorso \u00e8 altres\u00ec ricco di storia, dalla pastorizia al brigantaggio, alle battaglie della seconda guerra mondiale, permettendo di conoscere racconti ed eventi poco noti del passato di questo territorio.<\/p>\t\t\t\t\t\t\t\t<\/div>\n\t\t\t\t<\/div>\n\t\t\t\t\t<\/div>\n\t\t<\/div>\n\t\t\t\t\t<\/div>\n\t\t<\/section>\n\t\t\t\t<section class=\"elementor-section elementor-top-section elementor-element elementor-element-15916cd elementor-section-boxed elementor-section-height-default elementor-section-height-default\" data-id=\"15916cd\" data-element_type=\"section\">\n\t\t\t\t\t\t<div class=\"elementor-container elementor-column-gap-extended\">\n\t\t\t\t\t<div class=\"elementor-column elementor-col-100 elementor-top-column elementor-element elementor-element-89494bb sc_layouts_column_icons_position_left\" data-id=\"89494bb\" data-element_type=\"column\">\n\t\t\t<div class=\"elementor-widget-wrap elementor-element-populated\">\n\t\t\t\t\t\t<div class=\"elementor-element elementor-element-226ad77 elementor-widget elementor-widget-spacer\" data-id=\"226ad77\" data-element_type=\"widget\" data-widget_type=\"spacer.default\">\n\t\t\t\t<div class=\"elementor-widget-container\">\n\t\t\t\t\t\t\t<div class=\"elementor-spacer\">\n\t\t\t<div class=\"elementor-spacer-inner\"><\/div>\n\t\t<\/div>\n\t\t\t\t\t\t<\/div>\n\t\t\t\t<\/div>\n\t\t\t\t\t<\/div>\n\t\t<\/div>\n\t\t\t\t\t<\/div>\n\t\t<\/section>\n\t\t\t\t<section class=\"elementor-section elementor-top-section elementor-element elementor-element-2b4e726 elementor-hidden-tablet elementor-section-stretched elementor-section-boxed elementor-section-height-default elementor-section-height-default\" data-id=\"2b4e726\" data-element_type=\"section\" data-settings=\"{&quot;stretch_section&quot;:&quot;section-stretched&quot;,&quot;background_background&quot;:&quot;classic&quot;}\">\n\t\t\t\t\t\t<div class=\"elementor-container elementor-column-gap-extended\">\n\t\t\t\t\t<div class=\"elementor-column elementor-col-50 elementor-top-column elementor-element elementor-element-7699f2d sc_layouts_column_icons_position_left\" data-id=\"7699f2d\" data-element_type=\"column\">\n\t\t\t<div class=\"elementor-widget-wrap elementor-element-populated\">\n\t\t\t\t\t\t<div class=\"elementor-element elementor-element-806c336 elementor-widget elementor-widget-spacer\" data-id=\"806c336\" data-element_type=\"widget\" data-widget_type=\"spacer.default\">\n\t\t\t\t<div class=\"elementor-widget-container\">\n\t\t\t\t\t\t\t<div class=\"elementor-spacer\">\n\t\t\t<div class=\"elementor-spacer-inner\"><\/div>\n\t\t<\/div>\n\t\t\t\t\t\t<\/div>\n\t\t\t\t<\/div>\n\t\t\t\t<div class=\"elementor-element elementor-element-83975aa elementor-hidden-mobile elementor-widget elementor-widget-heading\" data-id=\"83975aa\" data-element_type=\"widget\" data-widget_type=\"heading.default\">\n\t\t\t\t<div class=\"elementor-widget-container\">\n\t\t\t\t\t<h3 class=\"elementor-heading-title elementor-size-default\">Passeggiate al chiaro di luna nella citt\u00e0 di Cicerone<\/h3>\t\t\t\t<\/div>\n\t\t\t\t<\/div>\n\t\t\t\t<div class=\"elementor-element elementor-element-44d0cd2 elementor-hidden-desktop elementor-hidden-tablet elementor-widget elementor-widget-heading\" data-id=\"44d0cd2\" data-element_type=\"widget\" data-widget_type=\"heading.default\">\n\t\t\t\t<div class=\"elementor-widget-container\">\n\t\t\t\t\t<h3 class=\"elementor-heading-title elementor-size-default\">Passeggiate al chiaro di luna nella citt\u00e0 di Cicerone<\/h3>\t\t\t\t<\/div>\n\t\t\t\t<\/div>\n\t\t\t\t<div class=\"elementor-element elementor-element-5cfa0c4 elementor-widget elementor-widget-spacer\" data-id=\"5cfa0c4\" data-element_type=\"widget\" data-widget_type=\"spacer.default\">\n\t\t\t\t<div class=\"elementor-widget-container\">\n\t\t\t\t\t\t\t<div class=\"elementor-spacer\">\n\t\t\t<div class=\"elementor-spacer-inner\"><\/div>\n\t\t<\/div>\n\t\t\t\t\t\t<\/div>\n\t\t\t\t<\/div>\n\t\t\t\t<div class=\"elementor-element elementor-element-40a7573 elementor-widget elementor-widget-text-editor\" data-id=\"40a7573\" data-element_type=\"widget\" data-widget_type=\"text-editor.default\">\n\t\t\t\t<div class=\"elementor-widget-container\">\n\t\t\t\t\t\t\t\t\t<p style=\"text-align: justify;\">Ogni mercoled\u00ec a partire\u00a0<strong>dal 6 luglio<\/strong>\u00a0la\u00a0<strong>Pro Loco di Arpino<\/strong>\u00a0porter\u00e0 i visitatori alla scoperta dello storico borgo in suggestive passeggiate notturne.<\/p>\n<p style=\"text-align: justify;\">Ogni appuntamento un percorso e un racconto diverso tra storia e leggenda. Ritrovo alle 21.30 in piazza Municipio.<\/p>\t\t\t\t\t\t\t\t<\/div>\n\t\t\t\t<\/div>\n\t\t\t\t\t<\/div>\n\t\t<\/div>\n\t\t\t\t<div class=\"elementor-column elementor-col-50 elementor-top-column elementor-element elementor-element-2e8a247 sc_layouts_column_icons_position_left\" data-id=\"2e8a247\" data-element_type=\"column\">\n\t\t\t<div class=\"elementor-widget-wrap elementor-element-populated\">\n\t\t\t\t\t\t<div class=\"elementor-element elementor-element-fba21bf elementor-hidden-mobile elementor-widget elementor-widget-spacer\" data-id=\"fba21bf\" data-element_type=\"widget\" data-widget_type=\"spacer.default\">\n\t\t\t\t<div class=\"elementor-widget-container\">\n\t\t\t\t\t\t\t<div class=\"elementor-spacer\">\n\t\t\t<div class=\"elementor-spacer-inner\"><\/div>\n\t\t<\/div>\n\t\t\t\t\t\t<\/div>\n\t\t\t\t<\/div>\n\t\t\t\t<div class=\"elementor-element elementor-element-c02f2e6 elementor-widget elementor-widget-image\" data-id=\"c02f2e6\" data-element_type=\"widget\" data-widget_type=\"image.default\">\n\t\t\t\t<div class=\"elementor-widget-container\">\n\t\t\t\t\t\t\t\t\t\t\t\t\t\t\t<img loading=\"lazy\" decoding=\"async\" width=\"572\" height=\"322\" src=\"https:\/\/www.dmociociariavalledicomino.it\/wp-content\/uploads\/2022\/07\/Arpino.jpg\" class=\"attachment-large size-large wp-image-5368\" alt=\"\" srcset=\"https:\/\/www.dmociociariavalledicomino.it\/wp-content\/uploads\/2022\/07\/Arpino.jpg 572w, https:\/\/www.dmociociariavalledicomino.it\/wp-content\/uploads\/2022\/07\/Arpino-300x169.jpg 300w, https:\/\/www.dmociociariavalledicomino.it\/wp-content\/uploads\/2022\/07\/Arpino-18x10.jpg 18w, https:\/\/www.dmociociariavalledicomino.it\/wp-content\/uploads\/2022\/07\/Arpino-370x208.jpg 370w, https:\/\/www.dmociociariavalledicomino.it\/wp-content\/uploads\/2022\/07\/Arpino-390x220.jpg 390w, https:\/\/www.dmociociariavalledicomino.it\/wp-content\/uploads\/2022\/07\/Arpino-270x152.jpg 270w, https:\/\/www.dmociociariavalledicomino.it\/wp-content\/uploads\/2022\/07\/Arpino-540x304.jpg 540w\" sizes=\"(max-width: 572px) 100vw, 572px\" \/>\t\t\t\t\t\t\t\t\t\t\t\t\t\t\t<\/div>\n\t\t\t\t<\/div>\n\t\t\t\t\t<\/div>\n\t\t<\/div>\n\t\t\t\t\t<\/div>\n\t\t<\/section>\n\t\t\t\t<section class=\"elementor-section elementor-top-section elementor-element elementor-element-3db52d7 elementor-hidden-desktop elementor-hidden-mobile elementor-section-boxed elementor-section-height-default elementor-section-height-default\" data-id=\"3db52d7\" data-element_type=\"section\">\n\t\t\t\t\t\t<div class=\"elementor-container elementor-column-gap-extended\">\n\t\t\t\t\t<div class=\"elementor-column elementor-col-100 elementor-top-column elementor-element elementor-element-1c44a96 sc_layouts_column_icons_position_left\" data-id=\"1c44a96\" data-element_type=\"column\">\n\t\t\t<div class=\"elementor-widget-wrap elementor-element-populated\">\n\t\t\t\t\t\t<div class=\"elementor-element elementor-element-f06a01c elementor-widget elementor-widget-spacer\" data-id=\"f06a01c\" data-element_type=\"widget\" data-widget_type=\"spacer.default\">\n\t\t\t\t<div class=\"elementor-widget-container\">\n\t\t\t\t\t\t\t<div class=\"elementor-spacer\">\n\t\t\t<div class=\"elementor-spacer-inner\"><\/div>\n\t\t<\/div>\n\t\t\t\t\t\t<\/div>\n\t\t\t\t<\/div>\n\t\t\t\t<div class=\"elementor-element elementor-element-570b617 elementor-widget elementor-widget-heading\" data-id=\"570b617\" data-element_type=\"widget\" data-widget_type=\"heading.default\">\n\t\t\t\t<div class=\"elementor-widget-container\">\n\t\t\t\t\t<h3 class=\"elementor-heading-title elementor-size-default\">Passeggiate al chiaro di luna nella citt\u00e0 di Cicerone<\/h3>\t\t\t\t<\/div>\n\t\t\t\t<\/div>\n\t\t\t\t<div class=\"elementor-element elementor-element-b8b2443 elementor-widget elementor-widget-spacer\" data-id=\"b8b2443\" data-element_type=\"widget\" data-widget_type=\"spacer.default\">\n\t\t\t\t<div class=\"elementor-widget-container\">\n\t\t\t\t\t\t\t<div class=\"elementor-spacer\">\n\t\t\t<div class=\"elementor-spacer-inner\"><\/div>\n\t\t<\/div>\n\t\t\t\t\t\t<\/div>\n\t\t\t\t<\/div>\n\t\t\t\t<div class=\"elementor-element elementor-element-09e0c0a elementor-widget elementor-widget-image\" data-id=\"09e0c0a\" data-element_type=\"widget\" data-widget_type=\"image.default\">\n\t\t\t\t<div class=\"elementor-widget-container\">\n\t\t\t\t\t\t\t\t\t\t\t\t\t\t\t<img loading=\"lazy\" decoding=\"async\" width=\"572\" height=\"322\" src=\"https:\/\/www.dmociociariavalledicomino.it\/wp-content\/uploads\/2022\/07\/Arpino.jpg\" class=\"attachment-large size-large wp-image-5368\" alt=\"\" srcset=\"https:\/\/www.dmociociariavalledicomino.it\/wp-content\/uploads\/2022\/07\/Arpino.jpg 572w, https:\/\/www.dmociociariavalledicomino.it\/wp-content\/uploads\/2022\/07\/Arpino-300x169.jpg 300w, https:\/\/www.dmociociariavalledicomino.it\/wp-content\/uploads\/2022\/07\/Arpino-18x10.jpg 18w, https:\/\/www.dmociociariavalledicomino.it\/wp-content\/uploads\/2022\/07\/Arpino-370x208.jpg 370w, https:\/\/www.dmociociariavalledicomino.it\/wp-content\/uploads\/2022\/07\/Arpino-390x220.jpg 390w, https:\/\/www.dmociociariavalledicomino.it\/wp-content\/uploads\/2022\/07\/Arpino-270x152.jpg 270w, https:\/\/www.dmociociariavalledicomino.it\/wp-content\/uploads\/2022\/07\/Arpino-540x304.jpg 540w\" sizes=\"(max-width: 572px) 100vw, 572px\" \/>\t\t\t\t\t\t\t\t\t\t\t\t\t\t\t<\/div>\n\t\t\t\t<\/div>\n\t\t\t\t<div class=\"elementor-element elementor-element-f48e7c3 elementor-widget elementor-widget-text-editor\" data-id=\"f48e7c3\" data-element_type=\"widget\" data-widget_type=\"text-editor.default\">\n\t\t\t\t<div class=\"elementor-widget-container\">\n\t\t\t\t\t\t\t\t\t<p style=\"text-align: justify;\">Ogni mercoled\u00ec a partire\u00a0<strong>dal 6 luglio<\/strong>\u00a0la\u00a0<strong>Pro Loco di Arpino<\/strong>\u00a0porter\u00e0 i visitatori alla scoperta dello storico borgo in suggestive passeggiate notturne.<\/p>\n<p style=\"text-align: justify;\">Ogni appuntamento un percorso e un racconto diverso tra storia e leggenda. Ritrovo alle 21.30 in piazza Municipio.<\/p>\t\t\t\t\t\t\t\t<\/div>\n\t\t\t\t<\/div>\n\t\t\t\t\t<\/div>\n\t\t<\/div>\n\t\t\t\t\t<\/div>\n\t\t<\/section>\n\t\t\t\t<section class=\"elementor-section elementor-top-section elementor-element elementor-element-b48a2b3 elementor-section-boxed elementor-section-height-default elementor-section-height-default\" data-id=\"b48a2b3\" data-element_type=\"section\">\n\t\t\t\t\t\t<div class=\"elementor-container elementor-column-gap-extended\">\n\t\t\t\t\t<div class=\"elementor-column elementor-col-100 elementor-top-column elementor-element elementor-element-9f85332 sc_layouts_column_icons_position_left\" data-id=\"9f85332\" data-element_type=\"column\">\n\t\t\t<div class=\"elementor-widget-wrap elementor-element-populated\">\n\t\t\t\t\t\t<div class=\"elementor-element elementor-element-91903cc elementor-widget elementor-widget-spacer\" data-id=\"91903cc\" data-element_type=\"widget\" data-widget_type=\"spacer.default\">\n\t\t\t\t<div class=\"elementor-widget-container\">\n\t\t\t\t\t\t\t<div class=\"elementor-spacer\">\n\t\t\t<div class=\"elementor-spacer-inner\"><\/div>\n\t\t<\/div>\n\t\t\t\t\t\t<\/div>\n\t\t\t\t<\/div>\n\t\t\t\t\t<\/div>\n\t\t<\/div>\n\t\t\t\t\t<\/div>\n\t\t<\/section>\n\t\t\t\t<\/div>","protected":false},"excerpt":{"rendered":"<p>GLI EVENTI DI LUGLIO in VALLE DI COMINO GLI EVENTI DI LUGLIO IN VALLE DI COMINO Per l\u2019estate della ripartenza anche la Valle di Comino si riapre al mondo con la consueta energia e la sua storica ospitalit\u00e0, presentando un ventaglio di eventi ricco e variegato tra natura, musica, arte e tradizione. Scopriamo insieme gli eventi di luglio in Valle&hellip;<\/p>","protected":false},"author":1,"featured_media":5395,"comment_status":"closed","ping_status":"closed","sticky":false,"template":"","format":"standard","meta":{"footnotes":""},"categories":[75,89],"tags":[170,169,76],"class_list":["post-5143","post","type-post","status-publish","format-standard","has-post-thumbnail","hentry","category-blog","category-eventi","tag-eventi","tag-lazio","tag-valle-di-comino"],"acf":[],"yoast_head":"<!-- This site is optimized with the Yoast SEO plugin v24.6 - https:\/\/yoast.com\/wordpress\/plugins\/seo\/ -->\n<title>Valle di Comino: gli eventi da non perdere a luglio 2022<\/title>\n<meta name=\"description\" content=\"Gli eventi di luglio 2022 in Valle di Comino tra natura, musica, arte e tradizione, con la sua energia e la sua storica ospitalit\u00e0.\" \/>\n<meta name=\"robots\" content=\"index, follow, max-snippet:-1, max-image-preview:large, max-video-preview:-1\" \/>\n<link rel=\"canonical\" href=\"https:\/\/www.dmociociariavalledicomino.it\/en\/gli-eventi-di-luglio-in-valle-di-comino\/\" \/>\n<meta property=\"og:locale\" content=\"en_GB\" \/>\n<meta property=\"og:type\" content=\"article\" \/>\n<meta property=\"og:title\" content=\"Valle di Comino: gli eventi da non perdere a luglio 2022\" \/>\n<meta property=\"og:description\" content=\"Gli eventi di luglio 2022 in Valle di Comino tra natura, musica, arte e tradizione, con la sua energia e la sua storica ospitalit\u00e0.\" \/>\n<meta property=\"og:url\" content=\"https:\/\/www.dmociociariavalledicomino.it\/en\/gli-eventi-di-luglio-in-valle-di-comino\/\" \/>\n<meta property=\"og:site_name\" content=\"DMO Ciociaria Valle di Comino\" \/>\n<meta property=\"article:published_time\" content=\"2022-07-05T15:26:54+00:00\" \/>\n<meta property=\"article:modified_time\" content=\"2023-10-04T10:30:54+00:00\" \/>\n<meta property=\"og:image\" content=\"https:\/\/www.dmociociariavalledicomino.it\/wp-content\/uploads\/2022\/07\/eventi-luglio.jpg\" \/>\n\t<meta property=\"og:image:width\" content=\"951\" \/>\n\t<meta property=\"og:image:height\" content=\"958\" \/>\n\t<meta property=\"og:image:type\" content=\"image\/jpeg\" \/>\n<meta name=\"author\" content=\"admin\" \/>\n<meta name=\"twitter:card\" content=\"summary_large_image\" \/>\n<meta name=\"twitter:label1\" content=\"Written by\" \/>\n\t<meta name=\"twitter:data1\" content=\"admin\" \/>\n\t<meta name=\"twitter:label2\" content=\"Estimated reading time\" \/>\n\t<meta name=\"twitter:data2\" content=\"9 minutes\" \/>\n<script type=\"application\/ld+json\" class=\"yoast-schema-graph\">{\"@context\":\"https:\/\/schema.org\",\"@graph\":[{\"@type\":\"Article\",\"@id\":\"https:\/\/www.dmociociariavalledicomino.it\/gli-eventi-di-luglio-in-valle-di-comino\/#article\",\"isPartOf\":{\"@id\":\"https:\/\/www.dmociociariavalledicomino.it\/gli-eventi-di-luglio-in-valle-di-comino\/\"},\"author\":{\"name\":\"admin\",\"@id\":\"https:\/\/www.dmociociariavalledicomino.it\/#\/schema\/person\/3bf46154fba3deea98d7bd5acb562c6e\"},\"headline\":\"Gli eventi di luglio in Valle di Comino\",\"datePublished\":\"2022-07-05T15:26:54+00:00\",\"dateModified\":\"2023-10-04T10:30:54+00:00\",\"mainEntityOfPage\":{\"@id\":\"https:\/\/www.dmociociariavalledicomino.it\/gli-eventi-di-luglio-in-valle-di-comino\/\"},\"wordCount\":1289,\"publisher\":{\"@id\":\"https:\/\/www.dmociociariavalledicomino.it\/#organization\"},\"image\":{\"@id\":\"https:\/\/www.dmociociariavalledicomino.it\/gli-eventi-di-luglio-in-valle-di-comino\/#primaryimage\"},\"thumbnailUrl\":\"https:\/\/www.dmociociariavalledicomino.it\/wp-content\/uploads\/2022\/07\/eventi-luglio.jpg\",\"keywords\":[\"eventi\",\"Lazio\",\"valle di comino\"],\"articleSection\":[\"Blog\",\"Eventi\"],\"inLanguage\":\"en-GB\"},{\"@type\":\"WebPage\",\"@id\":\"https:\/\/www.dmociociariavalledicomino.it\/gli-eventi-di-luglio-in-valle-di-comino\/\",\"url\":\"https:\/\/www.dmociociariavalledicomino.it\/gli-eventi-di-luglio-in-valle-di-comino\/\",\"name\":\"Valle di Comino: gli eventi da non perdere a luglio 2022\",\"isPartOf\":{\"@id\":\"https:\/\/www.dmociociariavalledicomino.it\/#website\"},\"primaryImageOfPage\":{\"@id\":\"https:\/\/www.dmociociariavalledicomino.it\/gli-eventi-di-luglio-in-valle-di-comino\/#primaryimage\"},\"image\":{\"@id\":\"https:\/\/www.dmociociariavalledicomino.it\/gli-eventi-di-luglio-in-valle-di-comino\/#primaryimage\"},\"thumbnailUrl\":\"https:\/\/www.dmociociariavalledicomino.it\/wp-content\/uploads\/2022\/07\/eventi-luglio.jpg\",\"datePublished\":\"2022-07-05T15:26:54+00:00\",\"dateModified\":\"2023-10-04T10:30:54+00:00\",\"description\":\"Gli eventi di luglio 2022 in Valle di Comino tra natura, musica, arte e tradizione, con la sua energia e la sua storica ospitalit\u00e0.\",\"breadcrumb\":{\"@id\":\"https:\/\/www.dmociociariavalledicomino.it\/gli-eventi-di-luglio-in-valle-di-comino\/#breadcrumb\"},\"inLanguage\":\"en-GB\",\"potentialAction\":[{\"@type\":\"ReadAction\",\"target\":[\"https:\/\/www.dmociociariavalledicomino.it\/gli-eventi-di-luglio-in-valle-di-comino\/\"]}]},{\"@type\":\"ImageObject\",\"inLanguage\":\"en-GB\",\"@id\":\"https:\/\/www.dmociociariavalledicomino.it\/gli-eventi-di-luglio-in-valle-di-comino\/#primaryimage\",\"url\":\"https:\/\/www.dmociociariavalledicomino.it\/wp-content\/uploads\/2022\/07\/eventi-luglio.jpg\",\"contentUrl\":\"https:\/\/www.dmociociariavalledicomino.it\/wp-content\/uploads\/2022\/07\/eventi-luglio.jpg\",\"width\":951,\"height\":958},{\"@type\":\"BreadcrumbList\",\"@id\":\"https:\/\/www.dmociociariavalledicomino.it\/gli-eventi-di-luglio-in-valle-di-comino\/#breadcrumb\",\"itemListElement\":[{\"@type\":\"ListItem\",\"position\":1,\"name\":\"Home\",\"item\":\"https:\/\/www.dmociociariavalledicomino.it\/\"},{\"@type\":\"ListItem\",\"position\":2,\"name\":\"Gli eventi di luglio in Valle di Comino\"}]},{\"@type\":\"WebSite\",\"@id\":\"https:\/\/www.dmociociariavalledicomino.it\/#website\",\"url\":\"https:\/\/www.dmociociariavalledicomino.it\/\",\"name\":\"DMO Ciociaria Valle di Comino\",\"description\":\"La destinazione che non c'era\",\"publisher\":{\"@id\":\"https:\/\/www.dmociociariavalledicomino.it\/#organization\"},\"potentialAction\":[{\"@type\":\"SearchAction\",\"target\":{\"@type\":\"EntryPoint\",\"urlTemplate\":\"https:\/\/www.dmociociariavalledicomino.it\/?s={search_term_string}\"},\"query-input\":{\"@type\":\"PropertyValueSpecification\",\"valueRequired\":true,\"valueName\":\"search_term_string\"}}],\"inLanguage\":\"en-GB\"},{\"@type\":\"Organization\",\"@id\":\"https:\/\/www.dmociociariavalledicomino.it\/#organization\",\"name\":\"DMO Ciociaria Valle di Comino\",\"url\":\"https:\/\/www.dmociociariavalledicomino.it\/\",\"logo\":{\"@type\":\"ImageObject\",\"inLanguage\":\"en-GB\",\"@id\":\"https:\/\/www.dmociociariavalledicomino.it\/#\/schema\/logo\/image\/\",\"url\":\"https:\/\/www.dmociociariavalledicomino.it\/wp-content\/uploads\/2022\/03\/logo-1x-1.png\",\"contentUrl\":\"https:\/\/www.dmociociariavalledicomino.it\/wp-content\/uploads\/2022\/03\/logo-1x-1.png\",\"width\":435,\"height\":100,\"caption\":\"DMO Ciociaria Valle di Comino\"},\"image\":{\"@id\":\"https:\/\/www.dmociociariavalledicomino.it\/#\/schema\/logo\/image\/\"}},{\"@type\":\"Person\",\"@id\":\"https:\/\/www.dmociociariavalledicomino.it\/#\/schema\/person\/3bf46154fba3deea98d7bd5acb562c6e\",\"name\":\"admin\",\"image\":{\"@type\":\"ImageObject\",\"inLanguage\":\"en-GB\",\"@id\":\"https:\/\/www.dmociociariavalledicomino.it\/#\/schema\/person\/image\/\",\"url\":\"https:\/\/secure.gravatar.com\/avatar\/1fbb3f445cf77d4b14505985324155bdee1cc76aba31ffb5d872bb89773bcb48?s=96&d=mm&r=g\",\"contentUrl\":\"https:\/\/secure.gravatar.com\/avatar\/1fbb3f445cf77d4b14505985324155bdee1cc76aba31ffb5d872bb89773bcb48?s=96&d=mm&r=g\",\"caption\":\"admin\"},\"url\":\"https:\/\/www.dmociociariavalledicomino.it\/en\/author\/admin\/\"}]}<\/script>\n<!-- \/ Yoast SEO plugin. -->","yoast_head_json":{"title":"Valle di Comino: gli eventi da non perdere a luglio 2022","description":"Gli eventi di luglio 2022 in Valle di Comino tra natura, musica, arte e tradizione, con la sua energia e la sua storica ospitalit\u00e0.","robots":{"index":"index","follow":"follow","max-snippet":"max-snippet:-1","max-image-preview":"max-image-preview:large","max-video-preview":"max-video-preview:-1"},"canonical":"https:\/\/www.dmociociariavalledicomino.it\/en\/gli-eventi-di-luglio-in-valle-di-comino\/","og_locale":"en_GB","og_type":"article","og_title":"Valle di Comino: gli eventi da non perdere a luglio 2022","og_description":"Gli eventi di luglio 2022 in Valle di Comino tra natura, musica, arte e tradizione, con la sua energia e la sua storica ospitalit\u00e0.","og_url":"https:\/\/www.dmociociariavalledicomino.it\/en\/gli-eventi-di-luglio-in-valle-di-comino\/","og_site_name":"DMO Ciociaria Valle di Comino","article_published_time":"2022-07-05T15:26:54+00:00","article_modified_time":"2023-10-04T10:30:54+00:00","og_image":[{"width":951,"height":958,"url":"https:\/\/www.dmociociariavalledicomino.it\/wp-content\/uploads\/2022\/07\/eventi-luglio.jpg","type":"image\/jpeg"}],"author":"admin","twitter_card":"summary_large_image","twitter_misc":{"Written by":"admin","Estimated reading time":"9 minutes"},"schema":{"@context":"https:\/\/schema.org","@graph":[{"@type":"Article","@id":"https:\/\/www.dmociociariavalledicomino.it\/gli-eventi-di-luglio-in-valle-di-comino\/#article","isPartOf":{"@id":"https:\/\/www.dmociociariavalledicomino.it\/gli-eventi-di-luglio-in-valle-di-comino\/"},"author":{"name":"admin","@id":"https:\/\/www.dmociociariavalledicomino.it\/#\/schema\/person\/3bf46154fba3deea98d7bd5acb562c6e"},"headline":"Gli eventi di luglio in Valle di Comino","datePublished":"2022-07-05T15:26:54+00:00","dateModified":"2023-10-04T10:30:54+00:00","mainEntityOfPage":{"@id":"https:\/\/www.dmociociariavalledicomino.it\/gli-eventi-di-luglio-in-valle-di-comino\/"},"wordCount":1289,"publisher":{"@id":"https:\/\/www.dmociociariavalledicomino.it\/#organization"},"image":{"@id":"https:\/\/www.dmociociariavalledicomino.it\/gli-eventi-di-luglio-in-valle-di-comino\/#primaryimage"},"thumbnailUrl":"https:\/\/www.dmociociariavalledicomino.it\/wp-content\/uploads\/2022\/07\/eventi-luglio.jpg","keywords":["eventi","Lazio","valle di comino"],"articleSection":["Blog","Eventi"],"inLanguage":"en-GB"},{"@type":"WebPage","@id":"https:\/\/www.dmociociariavalledicomino.it\/gli-eventi-di-luglio-in-valle-di-comino\/","url":"https:\/\/www.dmociociariavalledicomino.it\/gli-eventi-di-luglio-in-valle-di-comino\/","name":"Valle di Comino: gli eventi da non perdere a luglio 2022","isPartOf":{"@id":"https:\/\/www.dmociociariavalledicomino.it\/#website"},"primaryImageOfPage":{"@id":"https:\/\/www.dmociociariavalledicomino.it\/gli-eventi-di-luglio-in-valle-di-comino\/#primaryimage"},"image":{"@id":"https:\/\/www.dmociociariavalledicomino.it\/gli-eventi-di-luglio-in-valle-di-comino\/#primaryimage"},"thumbnailUrl":"https:\/\/www.dmociociariavalledicomino.it\/wp-content\/uploads\/2022\/07\/eventi-luglio.jpg","datePublished":"2022-07-05T15:26:54+00:00","dateModified":"2023-10-04T10:30:54+00:00","description":"Gli eventi di luglio 2022 in Valle di Comino tra natura, musica, arte e tradizione, con la sua energia e la sua storica ospitalit\u00e0.","breadcrumb":{"@id":"https:\/\/www.dmociociariavalledicomino.it\/gli-eventi-di-luglio-in-valle-di-comino\/#breadcrumb"},"inLanguage":"en-GB","potentialAction":[{"@type":"ReadAction","target":["https:\/\/www.dmociociariavalledicomino.it\/gli-eventi-di-luglio-in-valle-di-comino\/"]}]},{"@type":"ImageObject","inLanguage":"en-GB","@id":"https:\/\/www.dmociociariavalledicomino.it\/gli-eventi-di-luglio-in-valle-di-comino\/#primaryimage","url":"https:\/\/www.dmociociariavalledicomino.it\/wp-content\/uploads\/2022\/07\/eventi-luglio.jpg","contentUrl":"https:\/\/www.dmociociariavalledicomino.it\/wp-content\/uploads\/2022\/07\/eventi-luglio.jpg","width":951,"height":958},{"@type":"BreadcrumbList","@id":"https:\/\/www.dmociociariavalledicomino.it\/gli-eventi-di-luglio-in-valle-di-comino\/#breadcrumb","itemListElement":[{"@type":"ListItem","position":1,"name":"Home","item":"https:\/\/www.dmociociariavalledicomino.it\/"},{"@type":"ListItem","position":2,"name":"Gli eventi di luglio in Valle di Comino"}]},{"@type":"WebSite","@id":"https:\/\/www.dmociociariavalledicomino.it\/#website","url":"https:\/\/www.dmociociariavalledicomino.it\/","name":"DMO Ciociaria Valle di Comino","description":"La destinazione che non c'era","publisher":{"@id":"https:\/\/www.dmociociariavalledicomino.it\/#organization"},"potentialAction":[{"@type":"SearchAction","target":{"@type":"EntryPoint","urlTemplate":"https:\/\/www.dmociociariavalledicomino.it\/?s={search_term_string}"},"query-input":{"@type":"PropertyValueSpecification","valueRequired":true,"valueName":"search_term_string"}}],"inLanguage":"en-GB"},{"@type":"Organization","@id":"https:\/\/www.dmociociariavalledicomino.it\/#organization","name":"DMO Ciociaria Valle di Comino","url":"https:\/\/www.dmociociariavalledicomino.it\/","logo":{"@type":"ImageObject","inLanguage":"en-GB","@id":"https:\/\/www.dmociociariavalledicomino.it\/#\/schema\/logo\/image\/","url":"https:\/\/www.dmociociariavalledicomino.it\/wp-content\/uploads\/2022\/03\/logo-1x-1.png","contentUrl":"https:\/\/www.dmociociariavalledicomino.it\/wp-content\/uploads\/2022\/03\/logo-1x-1.png","width":435,"height":100,"caption":"DMO Ciociaria Valle di Comino"},"image":{"@id":"https:\/\/www.dmociociariavalledicomino.it\/#\/schema\/logo\/image\/"}},{"@type":"Person","@id":"https:\/\/www.dmociociariavalledicomino.it\/#\/schema\/person\/3bf46154fba3deea98d7bd5acb562c6e","name":"admin","image":{"@type":"ImageObject","inLanguage":"en-GB","@id":"https:\/\/www.dmociociariavalledicomino.it\/#\/schema\/person\/image\/","url":"https:\/\/secure.gravatar.com\/avatar\/1fbb3f445cf77d4b14505985324155bdee1cc76aba31ffb5d872bb89773bcb48?s=96&d=mm&r=g","contentUrl":"https:\/\/secure.gravatar.com\/avatar\/1fbb3f445cf77d4b14505985324155bdee1cc76aba31ffb5d872bb89773bcb48?s=96&d=mm&r=g","caption":"admin"},"url":"https:\/\/www.dmociociariavalledicomino.it\/en\/author\/admin\/"}]}},"_links":{"self":[{"href":"https:\/\/www.dmociociariavalledicomino.it\/en\/wp-json\/wp\/v2\/posts\/5143","targetHints":{"allow":["GET"]}}],"collection":[{"href":"https:\/\/www.dmociociariavalledicomino.it\/en\/wp-json\/wp\/v2\/posts"}],"about":[{"href":"https:\/\/www.dmociociariavalledicomino.it\/en\/wp-json\/wp\/v2\/types\/post"}],"author":[{"embeddable":true,"href":"https:\/\/www.dmociociariavalledicomino.it\/en\/wp-json\/wp\/v2\/users\/1"}],"replies":[{"embeddable":true,"href":"https:\/\/www.dmociociariavalledicomino.it\/en\/wp-json\/wp\/v2\/comments?post=5143"}],"version-history":[{"count":147,"href":"https:\/\/www.dmociociariavalledicomino.it\/en\/wp-json\/wp\/v2\/posts\/5143\/revisions"}],"predecessor-version":[{"id":7514,"href":"https:\/\/www.dmociociariavalledicomino.it\/en\/wp-json\/wp\/v2\/posts\/5143\/revisions\/7514"}],"wp:featuredmedia":[{"embeddable":true,"href":"https:\/\/www.dmociociariavalledicomino.it\/en\/wp-json\/wp\/v2\/media\/5395"}],"wp:attachment":[{"href":"https:\/\/www.dmociociariavalledicomino.it\/en\/wp-json\/wp\/v2\/media?parent=5143"}],"wp:term":[{"taxonomy":"category","embeddable":true,"href":"https:\/\/www.dmociociariavalledicomino.it\/en\/wp-json\/wp\/v2\/categories?post=5143"},{"taxonomy":"post_tag","embeddable":true,"href":"https:\/\/www.dmociociariavalledicomino.it\/en\/wp-json\/wp\/v2\/tags?post=5143"}],"curies":[{"name":"wp","href":"https:\/\/api.w.org\/{rel}","templated":true}]}}