{"id":12212,"date":"2024-02-08T15:32:38","date_gmt":"2024-02-08T14:32:38","guid":{"rendered":"https:\/\/www.dmociociariavalledicomino.it\/?p=12212"},"modified":"2024-02-08T15:32:41","modified_gmt":"2024-02-08T14:32:41","slug":"chiesa-di-san-silvestro-papa-e-il-rione-canceglie","status":"publish","type":"post","link":"https:\/\/www.dmociociariavalledicomino.it\/en\/chiesa-di-san-silvestro-papa-e-il-rione-canceglie\/","title":{"rendered":"Chiesa di San Silvestro Papa e il rione Canc\u00e9glie"},"content":{"rendered":"<p>Il percorso dedicato alle chiese di Sora parte dal <strong>rione <em>Canc\u00e9glie<\/em><\/strong>, il quale nasce e si sviluppa a partire dall&#8217;XI secolo attorno alla <strong>chiesa di San Silvestro Papa, sorta nel 1029<\/strong> per volere di Domenico da Foligno, che gi\u00e0 nel 1011 aveva fondato l&#8217;abbazia di San Domenico posta al di fuori della citt\u00e0 sorana. Fino al XVI secolo Il rione <em>Canc\u00e9glie <\/em>era denominato &#8220;<em>de cancellis<\/em>&#8221; e<strong> prendeva il nome dai cancelli che chiudevano gli orti sorti intorno al monastero di San Silvestro<\/strong>. <em>Canc\u00e9glie <\/em>rappresenta l&#8217;estensione in epoca medievale della citt\u00e0 romana e sorge infatti al di fuori dell&#8217;antica cinta muraria in opera poligonale, oggi conservata per alcuni tratti sull&#8217;intero colle di San Casto e Cassio. Nonostante il rione fosse caratterizzato da popolari botteghe artigiane e case addossate l&#8217;una all&#8217;altra, nel XVII secolo sorse il <strong>palazzo nobiliare Branca<\/strong>. All&#8217;interno del quartiere troviamo anche la<strong> chiesa di San Giovanni Battista (XII secolo)<\/strong> fondata da Giovanni, abate del vicino monastero di San Silvestro: qui, il 24 luglio 1901, fu battezzato il regista e attore <strong>Vittorio De Sica<\/strong>, nato nella casa prospiciente la chiesa.<\/p>","protected":false},"excerpt":{"rendered":"<p>Il percorso dedicato alle chiese di Sora parte dal rione Canc\u00e9glie, il quale nasce e si sviluppa a partire dall&#8217;XI secolo attorno alla chiesa di San Silvestro Papa, sorta nel 1029 per volere di Domenico da Foligno, che gi\u00e0 nel 1011 aveva fondato l&#8217;abbazia di San Domenico posta al di fuori della citt\u00e0 sorana. Fino al XVI secolo Il rione&hellip;<\/p>","protected":false},"author":990003,"featured_media":12213,"comment_status":"closed","ping_status":"open","sticky":false,"template":"","format":"standard","meta":{"footnotes":""},"categories":[320],"tags":[],"class_list":["post-12212","post","type-post","status-publish","format-standard","has-post-thumbnail","hentry","category-siti-religiosi"],"acf":[],"yoast_head":"<!-- This site is optimized with the Yoast SEO plugin v24.6 - https:\/\/yoast.com\/wordpress\/plugins\/seo\/ -->\n<title>Chiesa di San Silvestro Papa e il rione Canc\u00e9glie - DMO Ciociaria Valle di Comino<\/title>\n<meta name=\"robots\" content=\"index, follow, max-snippet:-1, max-image-preview:large, max-video-preview:-1\" \/>\n<link rel=\"canonical\" href=\"https:\/\/www.dmociociariavalledicomino.it\/en\/chiesa-di-san-silvestro-papa-e-il-rione-canceglie\/\" \/>\n<meta property=\"og:locale\" content=\"en_GB\" \/>\n<meta property=\"og:type\" content=\"article\" \/>\n<meta property=\"og:title\" content=\"Chiesa di San Silvestro Papa e il rione Canc\u00e9glie - DMO Ciociaria Valle di Comino\" \/>\n<meta property=\"og:description\" content=\"Il percorso dedicato alle chiese di Sora parte dal rione Canc\u00e9glie, il quale nasce e si sviluppa a partire dall&#8217;XI secolo attorno alla chiesa di San Silvestro Papa, sorta nel 1029 per volere di Domenico da Foligno, che gi\u00e0 nel 1011 aveva fondato l&#8217;abbazia di San Domenico posta al di fuori della citt\u00e0 sorana. Fino al XVI secolo Il rione&hellip;\" \/>\n<meta property=\"og:url\" content=\"https:\/\/www.dmociociariavalledicomino.it\/en\/chiesa-di-san-silvestro-papa-e-il-rione-canceglie\/\" \/>\n<meta property=\"og:site_name\" content=\"DMO Ciociaria Valle di Comino\" \/>\n<meta property=\"article:published_time\" content=\"2024-02-08T14:32:38+00:00\" \/>\n<meta property=\"article:modified_time\" content=\"2024-02-08T14:32:41+00:00\" \/>\n<meta property=\"og:image\" content=\"https:\/\/www.dmociociariavalledicomino.it\/wp-content\/uploads\/2024\/02\/san-silvestro.jpg\" \/>\n\t<meta property=\"og:image:width\" content=\"800\" \/>\n\t<meta property=\"og:image:height\" content=\"1200\" \/>\n\t<meta property=\"og:image:type\" content=\"image\/jpeg\" \/>\n<meta name=\"author\" content=\"onorio\" \/>\n<meta name=\"twitter:card\" content=\"summary_large_image\" \/>\n<meta name=\"twitter:label1\" content=\"Written by\" \/>\n\t<meta name=\"twitter:data1\" content=\"onorio\" \/>\n\t<meta name=\"twitter:label2\" content=\"Estimated reading time\" \/>\n\t<meta name=\"twitter:data2\" content=\"2 minutes\" \/>\n<script type=\"application\/ld+json\" class=\"yoast-schema-graph\">{\"@context\":\"https:\/\/schema.org\",\"@graph\":[{\"@type\":\"Article\",\"@id\":\"https:\/\/www.dmociociariavalledicomino.it\/chiesa-di-san-silvestro-papa-e-il-rione-canceglie\/#article\",\"isPartOf\":{\"@id\":\"https:\/\/www.dmociociariavalledicomino.it\/chiesa-di-san-silvestro-papa-e-il-rione-canceglie\/\"},\"author\":{\"name\":\"onorio\",\"@id\":\"https:\/\/www.dmociociariavalledicomino.it\/#\/schema\/person\/5f2f050c93b43d23dda8c93353bc87e3\"},\"headline\":\"Chiesa di San Silvestro Papa e il rione Canc\u00e9glie\",\"datePublished\":\"2024-02-08T14:32:38+00:00\",\"dateModified\":\"2024-02-08T14:32:41+00:00\",\"mainEntityOfPage\":{\"@id\":\"https:\/\/www.dmociociariavalledicomino.it\/chiesa-di-san-silvestro-papa-e-il-rione-canceglie\/\"},\"wordCount\":197,\"publisher\":{\"@id\":\"https:\/\/www.dmociociariavalledicomino.it\/#organization\"},\"image\":{\"@id\":\"https:\/\/www.dmociociariavalledicomino.it\/chiesa-di-san-silvestro-papa-e-il-rione-canceglie\/#primaryimage\"},\"thumbnailUrl\":\"https:\/\/www.dmociociariavalledicomino.it\/wp-content\/uploads\/2024\/02\/san-silvestro.jpg\",\"articleSection\":[\"Siti religiosi\"],\"inLanguage\":\"en-GB\"},{\"@type\":\"WebPage\",\"@id\":\"https:\/\/www.dmociociariavalledicomino.it\/chiesa-di-san-silvestro-papa-e-il-rione-canceglie\/\",\"url\":\"https:\/\/www.dmociociariavalledicomino.it\/chiesa-di-san-silvestro-papa-e-il-rione-canceglie\/\",\"name\":\"Chiesa di San Silvestro Papa e il rione Canc\u00e9glie - DMO Ciociaria Valle di Comino\",\"isPartOf\":{\"@id\":\"https:\/\/www.dmociociariavalledicomino.it\/#website\"},\"primaryImageOfPage\":{\"@id\":\"https:\/\/www.dmociociariavalledicomino.it\/chiesa-di-san-silvestro-papa-e-il-rione-canceglie\/#primaryimage\"},\"image\":{\"@id\":\"https:\/\/www.dmociociariavalledicomino.it\/chiesa-di-san-silvestro-papa-e-il-rione-canceglie\/#primaryimage\"},\"thumbnailUrl\":\"https:\/\/www.dmociociariavalledicomino.it\/wp-content\/uploads\/2024\/02\/san-silvestro.jpg\",\"datePublished\":\"2024-02-08T14:32:38+00:00\",\"dateModified\":\"2024-02-08T14:32:41+00:00\",\"breadcrumb\":{\"@id\":\"https:\/\/www.dmociociariavalledicomino.it\/chiesa-di-san-silvestro-papa-e-il-rione-canceglie\/#breadcrumb\"},\"inLanguage\":\"en-GB\",\"potentialAction\":[{\"@type\":\"ReadAction\",\"target\":[\"https:\/\/www.dmociociariavalledicomino.it\/chiesa-di-san-silvestro-papa-e-il-rione-canceglie\/\"]}]},{\"@type\":\"ImageObject\",\"inLanguage\":\"en-GB\",\"@id\":\"https:\/\/www.dmociociariavalledicomino.it\/chiesa-di-san-silvestro-papa-e-il-rione-canceglie\/#primaryimage\",\"url\":\"https:\/\/www.dmociociariavalledicomino.it\/wp-content\/uploads\/2024\/02\/san-silvestro.jpg\",\"contentUrl\":\"https:\/\/www.dmociociariavalledicomino.it\/wp-content\/uploads\/2024\/02\/san-silvestro.jpg\",\"width\":800,\"height\":1200},{\"@type\":\"BreadcrumbList\",\"@id\":\"https:\/\/www.dmociociariavalledicomino.it\/chiesa-di-san-silvestro-papa-e-il-rione-canceglie\/#breadcrumb\",\"itemListElement\":[{\"@type\":\"ListItem\",\"position\":1,\"name\":\"Home\",\"item\":\"https:\/\/www.dmociociariavalledicomino.it\/\"},{\"@type\":\"ListItem\",\"position\":2,\"name\":\"Chiesa di San Silvestro Papa e il rione Canc\u00e9glie\"}]},{\"@type\":\"WebSite\",\"@id\":\"https:\/\/www.dmociociariavalledicomino.it\/#website\",\"url\":\"https:\/\/www.dmociociariavalledicomino.it\/\",\"name\":\"DMO Ciociaria Valle di Comino\",\"description\":\"La destinazione che non c'era\",\"publisher\":{\"@id\":\"https:\/\/www.dmociociariavalledicomino.it\/#organization\"},\"potentialAction\":[{\"@type\":\"SearchAction\",\"target\":{\"@type\":\"EntryPoint\",\"urlTemplate\":\"https:\/\/www.dmociociariavalledicomino.it\/?s={search_term_string}\"},\"query-input\":{\"@type\":\"PropertyValueSpecification\",\"valueRequired\":true,\"valueName\":\"search_term_string\"}}],\"inLanguage\":\"en-GB\"},{\"@type\":\"Organization\",\"@id\":\"https:\/\/www.dmociociariavalledicomino.it\/#organization\",\"name\":\"DMO Ciociaria Valle di Comino\",\"url\":\"https:\/\/www.dmociociariavalledicomino.it\/\",\"logo\":{\"@type\":\"ImageObject\",\"inLanguage\":\"en-GB\",\"@id\":\"https:\/\/www.dmociociariavalledicomino.it\/#\/schema\/logo\/image\/\",\"url\":\"https:\/\/www.dmociociariavalledicomino.it\/wp-content\/uploads\/2022\/03\/logo-1x-1.png\",\"contentUrl\":\"https:\/\/www.dmociociariavalledicomino.it\/wp-content\/uploads\/2022\/03\/logo-1x-1.png\",\"width\":435,\"height\":100,\"caption\":\"DMO Ciociaria Valle di Comino\"},\"image\":{\"@id\":\"https:\/\/www.dmociociariavalledicomino.it\/#\/schema\/logo\/image\/\"}},{\"@type\":\"Person\",\"@id\":\"https:\/\/www.dmociociariavalledicomino.it\/#\/schema\/person\/5f2f050c93b43d23dda8c93353bc87e3\",\"name\":\"onorio\",\"image\":{\"@type\":\"ImageObject\",\"inLanguage\":\"en-GB\",\"@id\":\"https:\/\/www.dmociociariavalledicomino.it\/#\/schema\/person\/image\/\",\"url\":\"https:\/\/secure.gravatar.com\/avatar\/61629a5a71e7cc00ee917c1c21e6aaf2082473292fb9591149e49c4ef6eebc2f?s=96&d=mm&r=g\",\"contentUrl\":\"https:\/\/secure.gravatar.com\/avatar\/61629a5a71e7cc00ee917c1c21e6aaf2082473292fb9591149e49c4ef6eebc2f?s=96&d=mm&r=g\",\"caption\":\"onorio\"},\"url\":\"https:\/\/www.dmociociariavalledicomino.it\/en\/author\/onorio\/\"}]}<\/script>\n<!-- \/ Yoast SEO plugin. -->","yoast_head_json":{"title":"Chiesa di San Silvestro Papa e il rione Canc\u00e9glie - DMO Ciociaria Valle di Comino","robots":{"index":"index","follow":"follow","max-snippet":"max-snippet:-1","max-image-preview":"max-image-preview:large","max-video-preview":"max-video-preview:-1"},"canonical":"https:\/\/www.dmociociariavalledicomino.it\/en\/chiesa-di-san-silvestro-papa-e-il-rione-canceglie\/","og_locale":"en_GB","og_type":"article","og_title":"Chiesa di San Silvestro Papa e il rione Canc\u00e9glie - DMO Ciociaria Valle di Comino","og_description":"Il percorso dedicato alle chiese di Sora parte dal rione Canc\u00e9glie, il quale nasce e si sviluppa a partire dall&#8217;XI secolo attorno alla chiesa di San Silvestro Papa, sorta nel 1029 per volere di Domenico da Foligno, che gi\u00e0 nel 1011 aveva fondato l&#8217;abbazia di San Domenico posta al di fuori della citt\u00e0 sorana. Fino al XVI secolo Il rione&hellip;","og_url":"https:\/\/www.dmociociariavalledicomino.it\/en\/chiesa-di-san-silvestro-papa-e-il-rione-canceglie\/","og_site_name":"DMO Ciociaria Valle di Comino","article_published_time":"2024-02-08T14:32:38+00:00","article_modified_time":"2024-02-08T14:32:41+00:00","og_image":[{"width":800,"height":1200,"url":"https:\/\/www.dmociociariavalledicomino.it\/wp-content\/uploads\/2024\/02\/san-silvestro.jpg","type":"image\/jpeg"}],"author":"onorio","twitter_card":"summary_large_image","twitter_misc":{"Written by":"onorio","Estimated reading time":"2 minutes"},"schema":{"@context":"https:\/\/schema.org","@graph":[{"@type":"Article","@id":"https:\/\/www.dmociociariavalledicomino.it\/chiesa-di-san-silvestro-papa-e-il-rione-canceglie\/#article","isPartOf":{"@id":"https:\/\/www.dmociociariavalledicomino.it\/chiesa-di-san-silvestro-papa-e-il-rione-canceglie\/"},"author":{"name":"onorio","@id":"https:\/\/www.dmociociariavalledicomino.it\/#\/schema\/person\/5f2f050c93b43d23dda8c93353bc87e3"},"headline":"Chiesa di San Silvestro Papa e il rione Canc\u00e9glie","datePublished":"2024-02-08T14:32:38+00:00","dateModified":"2024-02-08T14:32:41+00:00","mainEntityOfPage":{"@id":"https:\/\/www.dmociociariavalledicomino.it\/chiesa-di-san-silvestro-papa-e-il-rione-canceglie\/"},"wordCount":197,"publisher":{"@id":"https:\/\/www.dmociociariavalledicomino.it\/#organization"},"image":{"@id":"https:\/\/www.dmociociariavalledicomino.it\/chiesa-di-san-silvestro-papa-e-il-rione-canceglie\/#primaryimage"},"thumbnailUrl":"https:\/\/www.dmociociariavalledicomino.it\/wp-content\/uploads\/2024\/02\/san-silvestro.jpg","articleSection":["Siti religiosi"],"inLanguage":"en-GB"},{"@type":"WebPage","@id":"https:\/\/www.dmociociariavalledicomino.it\/chiesa-di-san-silvestro-papa-e-il-rione-canceglie\/","url":"https:\/\/www.dmociociariavalledicomino.it\/chiesa-di-san-silvestro-papa-e-il-rione-canceglie\/","name":"Chiesa di San Silvestro Papa e il rione Canc\u00e9glie - DMO Ciociaria Valle di Comino","isPartOf":{"@id":"https:\/\/www.dmociociariavalledicomino.it\/#website"},"primaryImageOfPage":{"@id":"https:\/\/www.dmociociariavalledicomino.it\/chiesa-di-san-silvestro-papa-e-il-rione-canceglie\/#primaryimage"},"image":{"@id":"https:\/\/www.dmociociariavalledicomino.it\/chiesa-di-san-silvestro-papa-e-il-rione-canceglie\/#primaryimage"},"thumbnailUrl":"https:\/\/www.dmociociariavalledicomino.it\/wp-content\/uploads\/2024\/02\/san-silvestro.jpg","datePublished":"2024-02-08T14:32:38+00:00","dateModified":"2024-02-08T14:32:41+00:00","breadcrumb":{"@id":"https:\/\/www.dmociociariavalledicomino.it\/chiesa-di-san-silvestro-papa-e-il-rione-canceglie\/#breadcrumb"},"inLanguage":"en-GB","potentialAction":[{"@type":"ReadAction","target":["https:\/\/www.dmociociariavalledicomino.it\/chiesa-di-san-silvestro-papa-e-il-rione-canceglie\/"]}]},{"@type":"ImageObject","inLanguage":"en-GB","@id":"https:\/\/www.dmociociariavalledicomino.it\/chiesa-di-san-silvestro-papa-e-il-rione-canceglie\/#primaryimage","url":"https:\/\/www.dmociociariavalledicomino.it\/wp-content\/uploads\/2024\/02\/san-silvestro.jpg","contentUrl":"https:\/\/www.dmociociariavalledicomino.it\/wp-content\/uploads\/2024\/02\/san-silvestro.jpg","width":800,"height":1200},{"@type":"BreadcrumbList","@id":"https:\/\/www.dmociociariavalledicomino.it\/chiesa-di-san-silvestro-papa-e-il-rione-canceglie\/#breadcrumb","itemListElement":[{"@type":"ListItem","position":1,"name":"Home","item":"https:\/\/www.dmociociariavalledicomino.it\/"},{"@type":"ListItem","position":2,"name":"Chiesa di San Silvestro Papa e il rione Canc\u00e9glie"}]},{"@type":"WebSite","@id":"https:\/\/www.dmociociariavalledicomino.it\/#website","url":"https:\/\/www.dmociociariavalledicomino.it\/","name":"DMO Ciociaria Valle di Comino","description":"La destinazione che non c'era","publisher":{"@id":"https:\/\/www.dmociociariavalledicomino.it\/#organization"},"potentialAction":[{"@type":"SearchAction","target":{"@type":"EntryPoint","urlTemplate":"https:\/\/www.dmociociariavalledicomino.it\/?s={search_term_string}"},"query-input":{"@type":"PropertyValueSpecification","valueRequired":true,"valueName":"search_term_string"}}],"inLanguage":"en-GB"},{"@type":"Organization","@id":"https:\/\/www.dmociociariavalledicomino.it\/#organization","name":"DMO Ciociaria Valle di Comino","url":"https:\/\/www.dmociociariavalledicomino.it\/","logo":{"@type":"ImageObject","inLanguage":"en-GB","@id":"https:\/\/www.dmociociariavalledicomino.it\/#\/schema\/logo\/image\/","url":"https:\/\/www.dmociociariavalledicomino.it\/wp-content\/uploads\/2022\/03\/logo-1x-1.png","contentUrl":"https:\/\/www.dmociociariavalledicomino.it\/wp-content\/uploads\/2022\/03\/logo-1x-1.png","width":435,"height":100,"caption":"DMO Ciociaria Valle di Comino"},"image":{"@id":"https:\/\/www.dmociociariavalledicomino.it\/#\/schema\/logo\/image\/"}},{"@type":"Person","@id":"https:\/\/www.dmociociariavalledicomino.it\/#\/schema\/person\/5f2f050c93b43d23dda8c93353bc87e3","name":"onorio","image":{"@type":"ImageObject","inLanguage":"en-GB","@id":"https:\/\/www.dmociociariavalledicomino.it\/#\/schema\/person\/image\/","url":"https:\/\/secure.gravatar.com\/avatar\/61629a5a71e7cc00ee917c1c21e6aaf2082473292fb9591149e49c4ef6eebc2f?s=96&d=mm&r=g","contentUrl":"https:\/\/secure.gravatar.com\/avatar\/61629a5a71e7cc00ee917c1c21e6aaf2082473292fb9591149e49c4ef6eebc2f?s=96&d=mm&r=g","caption":"onorio"},"url":"https:\/\/www.dmociociariavalledicomino.it\/en\/author\/onorio\/"}]}},"_links":{"self":[{"href":"https:\/\/www.dmociociariavalledicomino.it\/en\/wp-json\/wp\/v2\/posts\/12212","targetHints":{"allow":["GET"]}}],"collection":[{"href":"https:\/\/www.dmociociariavalledicomino.it\/en\/wp-json\/wp\/v2\/posts"}],"about":[{"href":"https:\/\/www.dmociociariavalledicomino.it\/en\/wp-json\/wp\/v2\/types\/post"}],"author":[{"embeddable":true,"href":"https:\/\/www.dmociociariavalledicomino.it\/en\/wp-json\/wp\/v2\/users\/990003"}],"replies":[{"embeddable":true,"href":"https:\/\/www.dmociociariavalledicomino.it\/en\/wp-json\/wp\/v2\/comments?post=12212"}],"version-history":[{"count":2,"href":"https:\/\/www.dmociociariavalledicomino.it\/en\/wp-json\/wp\/v2\/posts\/12212\/revisions"}],"predecessor-version":[{"id":12215,"href":"https:\/\/www.dmociociariavalledicomino.it\/en\/wp-json\/wp\/v2\/posts\/12212\/revisions\/12215"}],"wp:featuredmedia":[{"embeddable":true,"href":"https:\/\/www.dmociociariavalledicomino.it\/en\/wp-json\/wp\/v2\/media\/12213"}],"wp:attachment":[{"href":"https:\/\/www.dmociociariavalledicomino.it\/en\/wp-json\/wp\/v2\/media?parent=12212"}],"wp:term":[{"taxonomy":"category","embeddable":true,"href":"https:\/\/www.dmociociariavalledicomino.it\/en\/wp-json\/wp\/v2\/categories?post=12212"},{"taxonomy":"post_tag","embeddable":true,"href":"https:\/\/www.dmociociariavalledicomino.it\/en\/wp-json\/wp\/v2\/tags?post=12212"}],"curies":[{"name":"wp","href":"https:\/\/api.w.org\/{rel}","templated":true}]}}