{"id":12169,"date":"2024-02-07T16:10:29","date_gmt":"2024-02-07T15:10:29","guid":{"rendered":"https:\/\/www.dmociociariavalledicomino.it\/?p=12169"},"modified":"2024-02-07T18:27:16","modified_gmt":"2024-02-07T17:27:16","slug":"trekking-urbano-piazza-annunziata","status":"publish","type":"post","link":"https:\/\/www.dmociociariavalledicomino.it\/en\/trekking-urbano-piazza-annunziata\/","title":{"rendered":"Piazza Annunziata"},"content":{"rendered":"<p>Nel sito sono visibili i resti di una villa privata residenziale costruita verso la fine del IV sec. a.C.. L\u2019edificio sub\u00ec una ristrutturazione nella seconda met\u00e0 del II sec. a.C.<\/p><p>Alla fine del IV sec. d.C., risalgono i resti di un impianto rustico-residenziale che occup\u00f2 il settore sud-est dell\u2019area. Nel VI secolo l\u2019area fu interessata da una necropoli&nbsp;paleocristiana.<\/p>","protected":false},"excerpt":{"rendered":"<p>Nel sito sono visibili i resti di una villa privata residenziale costruita verso la fine del IV sec. a.C.. L\u2019edificio sub\u00ec una ristrutturazione nella seconda met\u00e0 del II sec. a.C. Alla fine del IV sec. d.C., risalgono i resti di un impianto rustico-residenziale che occup\u00f2 il settore sud-est dell\u2019area. Nel VI secolo l\u2019area fu interessata da una necropoli&nbsp;paleocristiana.<\/p>","protected":false},"author":990003,"featured_media":12170,"comment_status":"closed","ping_status":"open","sticky":false,"template":"","format":"standard","meta":{"footnotes":""},"categories":[321],"tags":[],"class_list":["post-12169","post","type-post","status-publish","format-standard","has-post-thumbnail","hentry","category-archeologico"],"acf":[],"yoast_head":"<!-- This site is optimized with the Yoast SEO plugin v24.6 - https:\/\/yoast.com\/wordpress\/plugins\/seo\/ -->\n<title>Piazza Annunziata - DMO Ciociaria Valle di Comino<\/title>\n<meta name=\"robots\" content=\"index, follow, max-snippet:-1, max-image-preview:large, max-video-preview:-1\" \/>\n<link rel=\"canonical\" href=\"https:\/\/www.dmociociariavalledicomino.it\/en\/trekking-urbano-piazza-annunziata\/\" \/>\n<meta property=\"og:locale\" content=\"en_GB\" \/>\n<meta property=\"og:type\" content=\"article\" \/>\n<meta property=\"og:title\" content=\"Piazza Annunziata - DMO Ciociaria Valle di Comino\" \/>\n<meta property=\"og:description\" content=\"Nel sito sono visibili i resti di una villa privata residenziale costruita verso la fine del IV sec. a.C.. L\u2019edificio sub\u00ec una ristrutturazione nella seconda met\u00e0 del II sec. a.C. Alla fine del IV sec. d.C., risalgono i resti di un impianto rustico-residenziale che occup\u00f2 il settore sud-est dell\u2019area. Nel VI secolo l\u2019area fu interessata da una necropoli&nbsp;paleocristiana.\" \/>\n<meta property=\"og:url\" content=\"https:\/\/www.dmociociariavalledicomino.it\/en\/trekking-urbano-piazza-annunziata\/\" \/>\n<meta property=\"og:site_name\" content=\"DMO Ciociaria Valle di Comino\" \/>\n<meta property=\"article:published_time\" content=\"2024-02-07T15:10:29+00:00\" \/>\n<meta property=\"article:modified_time\" content=\"2024-02-07T17:27:16+00:00\" \/>\n<meta property=\"og:image\" content=\"https:\/\/www.dmociociariavalledicomino.it\/wp-content\/uploads\/2024\/02\/IMG-20240204-WA0010.jpg\" \/>\n\t<meta property=\"og:image:width\" content=\"1600\" \/>\n\t<meta property=\"og:image:height\" content=\"1200\" \/>\n\t<meta property=\"og:image:type\" content=\"image\/jpeg\" \/>\n<meta name=\"author\" content=\"onorio\" \/>\n<meta name=\"twitter:card\" content=\"summary_large_image\" \/>\n<meta name=\"twitter:label1\" content=\"Written by\" \/>\n\t<meta name=\"twitter:data1\" content=\"onorio\" \/>\n\t<meta name=\"twitter:label2\" content=\"Estimated reading time\" \/>\n\t<meta name=\"twitter:data2\" content=\"1 minute\" \/>\n<script type=\"application\/ld+json\" class=\"yoast-schema-graph\">{\"@context\":\"https:\/\/schema.org\",\"@graph\":[{\"@type\":\"Article\",\"@id\":\"https:\/\/www.dmociociariavalledicomino.it\/trekking-urbano-piazza-annunziata\/#article\",\"isPartOf\":{\"@id\":\"https:\/\/www.dmociociariavalledicomino.it\/trekking-urbano-piazza-annunziata\/\"},\"author\":{\"name\":\"onorio\",\"@id\":\"https:\/\/www.dmociociariavalledicomino.it\/#\/schema\/person\/5f2f050c93b43d23dda8c93353bc87e3\"},\"headline\":\"Piazza Annunziata\",\"datePublished\":\"2024-02-07T15:10:29+00:00\",\"dateModified\":\"2024-02-07T17:27:16+00:00\",\"mainEntityOfPage\":{\"@id\":\"https:\/\/www.dmociociariavalledicomino.it\/trekking-urbano-piazza-annunziata\/\"},\"wordCount\":68,\"publisher\":{\"@id\":\"https:\/\/www.dmociociariavalledicomino.it\/#organization\"},\"image\":{\"@id\":\"https:\/\/www.dmociociariavalledicomino.it\/trekking-urbano-piazza-annunziata\/#primaryimage\"},\"thumbnailUrl\":\"https:\/\/www.dmociociariavalledicomino.it\/wp-content\/uploads\/2024\/02\/IMG-20240204-WA0010.jpg\",\"articleSection\":[\"Archeologico\"],\"inLanguage\":\"en-GB\"},{\"@type\":\"WebPage\",\"@id\":\"https:\/\/www.dmociociariavalledicomino.it\/trekking-urbano-piazza-annunziata\/\",\"url\":\"https:\/\/www.dmociociariavalledicomino.it\/trekking-urbano-piazza-annunziata\/\",\"name\":\"Piazza Annunziata - DMO Ciociaria Valle di Comino\",\"isPartOf\":{\"@id\":\"https:\/\/www.dmociociariavalledicomino.it\/#website\"},\"primaryImageOfPage\":{\"@id\":\"https:\/\/www.dmociociariavalledicomino.it\/trekking-urbano-piazza-annunziata\/#primaryimage\"},\"image\":{\"@id\":\"https:\/\/www.dmociociariavalledicomino.it\/trekking-urbano-piazza-annunziata\/#primaryimage\"},\"thumbnailUrl\":\"https:\/\/www.dmociociariavalledicomino.it\/wp-content\/uploads\/2024\/02\/IMG-20240204-WA0010.jpg\",\"datePublished\":\"2024-02-07T15:10:29+00:00\",\"dateModified\":\"2024-02-07T17:27:16+00:00\",\"breadcrumb\":{\"@id\":\"https:\/\/www.dmociociariavalledicomino.it\/trekking-urbano-piazza-annunziata\/#breadcrumb\"},\"inLanguage\":\"en-GB\",\"potentialAction\":[{\"@type\":\"ReadAction\",\"target\":[\"https:\/\/www.dmociociariavalledicomino.it\/trekking-urbano-piazza-annunziata\/\"]}]},{\"@type\":\"ImageObject\",\"inLanguage\":\"en-GB\",\"@id\":\"https:\/\/www.dmociociariavalledicomino.it\/trekking-urbano-piazza-annunziata\/#primaryimage\",\"url\":\"https:\/\/www.dmociociariavalledicomino.it\/wp-content\/uploads\/2024\/02\/IMG-20240204-WA0010.jpg\",\"contentUrl\":\"https:\/\/www.dmociociariavalledicomino.it\/wp-content\/uploads\/2024\/02\/IMG-20240204-WA0010.jpg\",\"width\":1600,\"height\":1200},{\"@type\":\"BreadcrumbList\",\"@id\":\"https:\/\/www.dmociociariavalledicomino.it\/trekking-urbano-piazza-annunziata\/#breadcrumb\",\"itemListElement\":[{\"@type\":\"ListItem\",\"position\":1,\"name\":\"Home\",\"item\":\"https:\/\/www.dmociociariavalledicomino.it\/\"},{\"@type\":\"ListItem\",\"position\":2,\"name\":\"Piazza Annunziata\"}]},{\"@type\":\"WebSite\",\"@id\":\"https:\/\/www.dmociociariavalledicomino.it\/#website\",\"url\":\"https:\/\/www.dmociociariavalledicomino.it\/\",\"name\":\"DMO Ciociaria Valle di Comino\",\"description\":\"La destinazione che non c'era\",\"publisher\":{\"@id\":\"https:\/\/www.dmociociariavalledicomino.it\/#organization\"},\"potentialAction\":[{\"@type\":\"SearchAction\",\"target\":{\"@type\":\"EntryPoint\",\"urlTemplate\":\"https:\/\/www.dmociociariavalledicomino.it\/?s={search_term_string}\"},\"query-input\":{\"@type\":\"PropertyValueSpecification\",\"valueRequired\":true,\"valueName\":\"search_term_string\"}}],\"inLanguage\":\"en-GB\"},{\"@type\":\"Organization\",\"@id\":\"https:\/\/www.dmociociariavalledicomino.it\/#organization\",\"name\":\"DMO Ciociaria Valle di Comino\",\"url\":\"https:\/\/www.dmociociariavalledicomino.it\/\",\"logo\":{\"@type\":\"ImageObject\",\"inLanguage\":\"en-GB\",\"@id\":\"https:\/\/www.dmociociariavalledicomino.it\/#\/schema\/logo\/image\/\",\"url\":\"https:\/\/www.dmociociariavalledicomino.it\/wp-content\/uploads\/2022\/03\/logo-1x-1.png\",\"contentUrl\":\"https:\/\/www.dmociociariavalledicomino.it\/wp-content\/uploads\/2022\/03\/logo-1x-1.png\",\"width\":435,\"height\":100,\"caption\":\"DMO Ciociaria Valle di Comino\"},\"image\":{\"@id\":\"https:\/\/www.dmociociariavalledicomino.it\/#\/schema\/logo\/image\/\"}},{\"@type\":\"Person\",\"@id\":\"https:\/\/www.dmociociariavalledicomino.it\/#\/schema\/person\/5f2f050c93b43d23dda8c93353bc87e3\",\"name\":\"onorio\",\"image\":{\"@type\":\"ImageObject\",\"inLanguage\":\"en-GB\",\"@id\":\"https:\/\/www.dmociociariavalledicomino.it\/#\/schema\/person\/image\/\",\"url\":\"https:\/\/secure.gravatar.com\/avatar\/61629a5a71e7cc00ee917c1c21e6aaf2082473292fb9591149e49c4ef6eebc2f?s=96&d=mm&r=g\",\"contentUrl\":\"https:\/\/secure.gravatar.com\/avatar\/61629a5a71e7cc00ee917c1c21e6aaf2082473292fb9591149e49c4ef6eebc2f?s=96&d=mm&r=g\",\"caption\":\"onorio\"},\"url\":\"https:\/\/www.dmociociariavalledicomino.it\/en\/author\/onorio\/\"}]}<\/script>\n<!-- \/ Yoast SEO plugin. -->","yoast_head_json":{"title":"Piazza Annunziata - DMO Ciociaria Valle di Comino","robots":{"index":"index","follow":"follow","max-snippet":"max-snippet:-1","max-image-preview":"max-image-preview:large","max-video-preview":"max-video-preview:-1"},"canonical":"https:\/\/www.dmociociariavalledicomino.it\/en\/trekking-urbano-piazza-annunziata\/","og_locale":"en_GB","og_type":"article","og_title":"Piazza Annunziata - DMO Ciociaria Valle di Comino","og_description":"Nel sito sono visibili i resti di una villa privata residenziale costruita verso la fine del IV sec. a.C.. L\u2019edificio sub\u00ec una ristrutturazione nella seconda met\u00e0 del II sec. a.C. Alla fine del IV sec. d.C., risalgono i resti di un impianto rustico-residenziale che occup\u00f2 il settore sud-est dell\u2019area. Nel VI secolo l\u2019area fu interessata da una necropoli&nbsp;paleocristiana.","og_url":"https:\/\/www.dmociociariavalledicomino.it\/en\/trekking-urbano-piazza-annunziata\/","og_site_name":"DMO Ciociaria Valle di Comino","article_published_time":"2024-02-07T15:10:29+00:00","article_modified_time":"2024-02-07T17:27:16+00:00","og_image":[{"width":1600,"height":1200,"url":"https:\/\/www.dmociociariavalledicomino.it\/wp-content\/uploads\/2024\/02\/IMG-20240204-WA0010.jpg","type":"image\/jpeg"}],"author":"onorio","twitter_card":"summary_large_image","twitter_misc":{"Written by":"onorio","Estimated reading time":"1 minute"},"schema":{"@context":"https:\/\/schema.org","@graph":[{"@type":"Article","@id":"https:\/\/www.dmociociariavalledicomino.it\/trekking-urbano-piazza-annunziata\/#article","isPartOf":{"@id":"https:\/\/www.dmociociariavalledicomino.it\/trekking-urbano-piazza-annunziata\/"},"author":{"name":"onorio","@id":"https:\/\/www.dmociociariavalledicomino.it\/#\/schema\/person\/5f2f050c93b43d23dda8c93353bc87e3"},"headline":"Piazza Annunziata","datePublished":"2024-02-07T15:10:29+00:00","dateModified":"2024-02-07T17:27:16+00:00","mainEntityOfPage":{"@id":"https:\/\/www.dmociociariavalledicomino.it\/trekking-urbano-piazza-annunziata\/"},"wordCount":68,"publisher":{"@id":"https:\/\/www.dmociociariavalledicomino.it\/#organization"},"image":{"@id":"https:\/\/www.dmociociariavalledicomino.it\/trekking-urbano-piazza-annunziata\/#primaryimage"},"thumbnailUrl":"https:\/\/www.dmociociariavalledicomino.it\/wp-content\/uploads\/2024\/02\/IMG-20240204-WA0010.jpg","articleSection":["Archeologico"],"inLanguage":"en-GB"},{"@type":"WebPage","@id":"https:\/\/www.dmociociariavalledicomino.it\/trekking-urbano-piazza-annunziata\/","url":"https:\/\/www.dmociociariavalledicomino.it\/trekking-urbano-piazza-annunziata\/","name":"Piazza Annunziata - DMO Ciociaria Valle di Comino","isPartOf":{"@id":"https:\/\/www.dmociociariavalledicomino.it\/#website"},"primaryImageOfPage":{"@id":"https:\/\/www.dmociociariavalledicomino.it\/trekking-urbano-piazza-annunziata\/#primaryimage"},"image":{"@id":"https:\/\/www.dmociociariavalledicomino.it\/trekking-urbano-piazza-annunziata\/#primaryimage"},"thumbnailUrl":"https:\/\/www.dmociociariavalledicomino.it\/wp-content\/uploads\/2024\/02\/IMG-20240204-WA0010.jpg","datePublished":"2024-02-07T15:10:29+00:00","dateModified":"2024-02-07T17:27:16+00:00","breadcrumb":{"@id":"https:\/\/www.dmociociariavalledicomino.it\/trekking-urbano-piazza-annunziata\/#breadcrumb"},"inLanguage":"en-GB","potentialAction":[{"@type":"ReadAction","target":["https:\/\/www.dmociociariavalledicomino.it\/trekking-urbano-piazza-annunziata\/"]}]},{"@type":"ImageObject","inLanguage":"en-GB","@id":"https:\/\/www.dmociociariavalledicomino.it\/trekking-urbano-piazza-annunziata\/#primaryimage","url":"https:\/\/www.dmociociariavalledicomino.it\/wp-content\/uploads\/2024\/02\/IMG-20240204-WA0010.jpg","contentUrl":"https:\/\/www.dmociociariavalledicomino.it\/wp-content\/uploads\/2024\/02\/IMG-20240204-WA0010.jpg","width":1600,"height":1200},{"@type":"BreadcrumbList","@id":"https:\/\/www.dmociociariavalledicomino.it\/trekking-urbano-piazza-annunziata\/#breadcrumb","itemListElement":[{"@type":"ListItem","position":1,"name":"Home","item":"https:\/\/www.dmociociariavalledicomino.it\/"},{"@type":"ListItem","position":2,"name":"Piazza Annunziata"}]},{"@type":"WebSite","@id":"https:\/\/www.dmociociariavalledicomino.it\/#website","url":"https:\/\/www.dmociociariavalledicomino.it\/","name":"DMO Ciociaria Valle di Comino","description":"La destinazione che non c'era","publisher":{"@id":"https:\/\/www.dmociociariavalledicomino.it\/#organization"},"potentialAction":[{"@type":"SearchAction","target":{"@type":"EntryPoint","urlTemplate":"https:\/\/www.dmociociariavalledicomino.it\/?s={search_term_string}"},"query-input":{"@type":"PropertyValueSpecification","valueRequired":true,"valueName":"search_term_string"}}],"inLanguage":"en-GB"},{"@type":"Organization","@id":"https:\/\/www.dmociociariavalledicomino.it\/#organization","name":"DMO Ciociaria Valle di Comino","url":"https:\/\/www.dmociociariavalledicomino.it\/","logo":{"@type":"ImageObject","inLanguage":"en-GB","@id":"https:\/\/www.dmociociariavalledicomino.it\/#\/schema\/logo\/image\/","url":"https:\/\/www.dmociociariavalledicomino.it\/wp-content\/uploads\/2022\/03\/logo-1x-1.png","contentUrl":"https:\/\/www.dmociociariavalledicomino.it\/wp-content\/uploads\/2022\/03\/logo-1x-1.png","width":435,"height":100,"caption":"DMO Ciociaria Valle di Comino"},"image":{"@id":"https:\/\/www.dmociociariavalledicomino.it\/#\/schema\/logo\/image\/"}},{"@type":"Person","@id":"https:\/\/www.dmociociariavalledicomino.it\/#\/schema\/person\/5f2f050c93b43d23dda8c93353bc87e3","name":"onorio","image":{"@type":"ImageObject","inLanguage":"en-GB","@id":"https:\/\/www.dmociociariavalledicomino.it\/#\/schema\/person\/image\/","url":"https:\/\/secure.gravatar.com\/avatar\/61629a5a71e7cc00ee917c1c21e6aaf2082473292fb9591149e49c4ef6eebc2f?s=96&d=mm&r=g","contentUrl":"https:\/\/secure.gravatar.com\/avatar\/61629a5a71e7cc00ee917c1c21e6aaf2082473292fb9591149e49c4ef6eebc2f?s=96&d=mm&r=g","caption":"onorio"},"url":"https:\/\/www.dmociociariavalledicomino.it\/en\/author\/onorio\/"}]}},"_links":{"self":[{"href":"https:\/\/www.dmociociariavalledicomino.it\/en\/wp-json\/wp\/v2\/posts\/12169","targetHints":{"allow":["GET"]}}],"collection":[{"href":"https:\/\/www.dmociociariavalledicomino.it\/en\/wp-json\/wp\/v2\/posts"}],"about":[{"href":"https:\/\/www.dmociociariavalledicomino.it\/en\/wp-json\/wp\/v2\/types\/post"}],"author":[{"embeddable":true,"href":"https:\/\/www.dmociociariavalledicomino.it\/en\/wp-json\/wp\/v2\/users\/990003"}],"replies":[{"embeddable":true,"href":"https:\/\/www.dmociociariavalledicomino.it\/en\/wp-json\/wp\/v2\/comments?post=12169"}],"version-history":[{"count":5,"href":"https:\/\/www.dmociociariavalledicomino.it\/en\/wp-json\/wp\/v2\/posts\/12169\/revisions"}],"predecessor-version":[{"id":12192,"href":"https:\/\/www.dmociociariavalledicomino.it\/en\/wp-json\/wp\/v2\/posts\/12169\/revisions\/12192"}],"wp:featuredmedia":[{"embeddable":true,"href":"https:\/\/www.dmociociariavalledicomino.it\/en\/wp-json\/wp\/v2\/media\/12170"}],"wp:attachment":[{"href":"https:\/\/www.dmociociariavalledicomino.it\/en\/wp-json\/wp\/v2\/media?parent=12169"}],"wp:term":[{"taxonomy":"category","embeddable":true,"href":"https:\/\/www.dmociociariavalledicomino.it\/en\/wp-json\/wp\/v2\/categories?post=12169"},{"taxonomy":"post_tag","embeddable":true,"href":"https:\/\/www.dmociociariavalledicomino.it\/en\/wp-json\/wp\/v2\/tags?post=12169"}],"curies":[{"name":"wp","href":"https:\/\/api.w.org\/{rel}","templated":true}]}}