{"id":11892,"date":"2023-12-07T08:30:00","date_gmt":"2023-12-07T07:30:00","guid":{"rendered":"https:\/\/www.dmociociariavalledicomino.it\/?p=11892"},"modified":"2023-12-29T18:21:46","modified_gmt":"2023-12-29T17:21:46","slug":"scopri-la-magia-del-presepe-a-sora-e-in-valle-di-comino","status":"publish","type":"post","link":"https:\/\/www.dmociociariavalledicomino.it\/en\/scopri-la-magia-del-presepe-a-sora-e-in-valle-di-comino\/","title":{"rendered":"La tradizione della nativit\u00e0: da Sora alla Valle di Comino sulle orme del presepe di San Francesco d\u2019Assisi"},"content":{"rendered":"<div data-elementor-type=\"wp-post\" data-elementor-id=\"11892\" class=\"elementor elementor-11892\" data-elementor-post-type=\"post\">\n\t\t\t\t\t\t<section class=\"elementor-section elementor-top-section elementor-element elementor-element-6197ef4 elementor-section-stretched elementor-section-boxed elementor-section-height-default elementor-section-height-default\" data-id=\"6197ef4\" data-element_type=\"section\" data-settings=\"{&quot;stretch_section&quot;:&quot;section-stretched&quot;}\">\n\t\t\t\t\t\t<div class=\"elementor-container elementor-column-gap-extended\">\n\t\t\t\t\t<div class=\"elementor-column elementor-col-100 elementor-top-column elementor-element elementor-element-ec9577d sc_layouts_column_icons_position_left\" data-id=\"ec9577d\" data-element_type=\"column\">\n\t\t\t<div class=\"elementor-widget-wrap elementor-element-populated\">\n\t\t\t\t\t\t<div class=\"elementor-element elementor-element-0511354 elementor-widget elementor-widget-spacer\" data-id=\"0511354\" data-element_type=\"widget\" data-widget_type=\"spacer.default\">\n\t\t\t\t<div class=\"elementor-widget-container\">\n\t\t\t\t\t\t\t<div class=\"elementor-spacer\">\n\t\t\t<div class=\"elementor-spacer-inner\"><\/div>\n\t\t<\/div>\n\t\t\t\t\t\t<\/div>\n\t\t\t\t<\/div>\n\t\t\t\t<div class=\"elementor-element elementor-element-437b099 elementor-widget elementor-widget-heading\" data-id=\"437b099\" data-element_type=\"widget\" data-widget_type=\"heading.default\">\n\t\t\t\t<div class=\"elementor-widget-container\">\n\t\t\t\t\t<h1 class=\"elementor-heading-title elementor-size-default\">La tradizione della nativit\u00e0: da Sora alla Valle di Comino sulle orme del presepe di San Francesco d\u2019Assisi<\/h1>\t\t\t\t<\/div>\n\t\t\t\t<\/div>\n\t\t\t\t<div class=\"elementor-element elementor-element-14dc43d elementor-widget-divider--view-line elementor-widget elementor-widget-divider\" data-id=\"14dc43d\" data-element_type=\"widget\" data-widget_type=\"divider.default\">\n\t\t\t\t<div class=\"elementor-widget-container\">\n\t\t\t\t\t\t\t<div class=\"elementor-divider\">\n\t\t\t<span class=\"elementor-divider-separator\">\n\t\t\t\t\t\t<\/span>\n\t\t<\/div>\n\t\t\t\t\t\t<\/div>\n\t\t\t\t<\/div>\n\t\t\t\t<div class=\"elementor-element elementor-element-4b69a85 elementor-widget elementor-widget-spacer\" data-id=\"4b69a85\" data-element_type=\"widget\" data-widget_type=\"spacer.default\">\n\t\t\t\t<div class=\"elementor-widget-container\">\n\t\t\t\t\t\t\t<div class=\"elementor-spacer\">\n\t\t\t<div class=\"elementor-spacer-inner\"><\/div>\n\t\t<\/div>\n\t\t\t\t\t\t<\/div>\n\t\t\t\t<\/div>\n\t\t\t\t\t<\/div>\n\t\t<\/div>\n\t\t\t\t\t<\/div>\n\t\t<\/section>\n\t\t\t\t<section class=\"elementor-section elementor-top-section elementor-element elementor-element-b03c875 elementor-section-stretched elementor-section-boxed elementor-section-height-default elementor-section-height-default\" data-id=\"b03c875\" data-element_type=\"section\" data-settings=\"{&quot;stretch_section&quot;:&quot;section-stretched&quot;}\">\n\t\t\t\t\t\t<div class=\"elementor-container elementor-column-gap-extended\">\n\t\t\t\t\t<div class=\"elementor-column elementor-col-100 elementor-top-column elementor-element elementor-element-7165d46 sc_layouts_column_icons_position_left\" data-id=\"7165d46\" data-element_type=\"column\">\n\t\t\t<div class=\"elementor-widget-wrap elementor-element-populated\">\n\t\t\t\t\t\t<div class=\"elementor-element elementor-element-7ad3ef7 elementor-widget elementor-widget-heading\" data-id=\"7ad3ef7\" data-element_type=\"widget\" data-widget_type=\"heading.default\">\n\t\t\t\t<div class=\"elementor-widget-container\">\n\t\t\t\t\t<h2 class=\"elementor-heading-title elementor-size-default\">Natale in Valle di Comino tra rappresentazioni viventi e presepi a grandezza naturale<\/h2>\t\t\t\t<\/div>\n\t\t\t\t<\/div>\n\t\t\t\t<div class=\"elementor-element elementor-element-3460b07 elementor-widget elementor-widget-text-editor\" data-id=\"3460b07\" data-element_type=\"widget\" data-widget_type=\"text-editor.default\">\n\t\t\t\t<div class=\"elementor-widget-container\">\n\t\t\t\t\t\t\t\t\t<p>Il Natale \u00e8 una stagione magica, resa ancora pi\u00f9 suggestiva dalle antiche tradizioni che si tramandano di generazione in generazione. In Italia, ogni regione, ogni piccolo angolo custodisce il proprio tesoro di usanze natalizie, e la Valle di Comino non fa eccezione.\u00a0<\/p><p>Trascorrere il periodo natalizio in Valle di Comino e nel territorio circostante \u00e8 un&#8217;esperienza unica per chiunque voglia conoscere il Natale di un tempo, quando erano Ges\u00f9 bambino e Santa Lucia a portare doni ai pi\u00f9 piccini e dove, intorno ad un camino acceso, le ore trascorrevano tra racconti e canti che scaldavano il cuore mentre fuori la neve imbiancava le cime delle montagne.<\/p>\t\t\t\t\t\t\t\t<\/div>\n\t\t\t\t<\/div>\n\t\t\t\t\t<\/div>\n\t\t<\/div>\n\t\t\t\t\t<\/div>\n\t\t<\/section>\n\t\t\t\t<section class=\"elementor-section elementor-top-section elementor-element elementor-element-e21b990 elementor-section-boxed elementor-section-height-default elementor-section-height-default\" data-id=\"e21b990\" data-element_type=\"section\">\n\t\t\t\t\t\t<div class=\"elementor-container elementor-column-gap-extended\">\n\t\t\t\t\t<div class=\"elementor-column elementor-col-100 elementor-top-column elementor-element elementor-element-7de6710 sc_layouts_column_icons_position_left\" data-id=\"7de6710\" data-element_type=\"column\">\n\t\t\t<div class=\"elementor-widget-wrap elementor-element-populated\">\n\t\t\t\t\t\t<div class=\"elementor-element elementor-element-b1c0f2e elementor-widget elementor-widget-spacer\" data-id=\"b1c0f2e\" data-element_type=\"widget\" data-widget_type=\"spacer.default\">\n\t\t\t\t<div class=\"elementor-widget-container\">\n\t\t\t\t\t\t\t<div class=\"elementor-spacer\">\n\t\t\t<div class=\"elementor-spacer-inner\"><\/div>\n\t\t<\/div>\n\t\t\t\t\t\t<\/div>\n\t\t\t\t<\/div>\n\t\t\t\t\t<\/div>\n\t\t<\/div>\n\t\t\t\t\t<\/div>\n\t\t<\/section>\n\t\t\t\t<section class=\"elementor-section elementor-top-section elementor-element elementor-element-8806bae elementor-section-stretched elementor-section-boxed elementor-section-height-default elementor-section-height-default\" data-id=\"8806bae\" data-element_type=\"section\" data-settings=\"{&quot;stretch_section&quot;:&quot;section-stretched&quot;}\">\n\t\t\t\t\t\t<div class=\"elementor-container elementor-column-gap-extended\">\n\t\t\t\t\t<div class=\"elementor-column elementor-col-100 elementor-top-column elementor-element elementor-element-0af7b19 sc_layouts_column_icons_position_left\" data-id=\"0af7b19\" data-element_type=\"column\">\n\t\t\t<div class=\"elementor-widget-wrap elementor-element-populated\">\n\t\t\t\t\t\t<div class=\"elementor-element elementor-element-c84f488 elementor-widget elementor-widget-heading\" data-id=\"c84f488\" data-element_type=\"widget\" data-widget_type=\"heading.default\">\n\t\t\t\t<div class=\"elementor-widget-container\">\n\t\t\t\t\t<h2 class=\"elementor-heading-title elementor-size-default\">Tradizioni vive: il Presepe Vivente a Broccostella e Atina<\/h2>\t\t\t\t<\/div>\n\t\t\t\t<\/div>\n\t\t\t\t<div class=\"elementor-element elementor-element-cace501 elementor-widget elementor-widget-text-editor\" data-id=\"cace501\" data-element_type=\"widget\" data-widget_type=\"text-editor.default\">\n\t\t\t\t<div class=\"elementor-widget-container\">\n\t\t\t\t\t\t\t\t\t<p><span style=\"font-weight: 400;\">In questo piccolo territorio, nel cuore d\u2019Italia, dove lo stesso San Francesco d\u2019Assisi si ferm\u00f2 nei suoi peregrinaggi, la tradizione del presepe \u00e8 viva e pulsante.&nbsp;<\/span><\/p>\n<p><span style=\"font-weight: 400;\">Un <\/span><b>presepe <\/b><span style=\"font-weight: 400;\">verr\u00e0 <\/span><b>inaugurato <\/b><span style=\"font-weight: 400;\">proprio <\/span><b>nel <a href=\"https:\/\/www.facebook.com\/photo\/?fbid=309549795316632&amp;set=a.106813368923610\" target=\"_blank\">Convento dedicato a San Francesco a Vicalvi <\/a><\/b><span style=\"font-weight: 400;\">il <\/span><b>10 dicembre<\/b><span style=\"font-weight: 400;\">, a cura del \u201cGruppo Volontari per San Francesco\u201d, con il patrocinio del comune di Vicalvi.&nbsp;<\/span><\/p>\n<p><span style=\"font-weight: 400;\">Non mancano poi le rappresentazioni del <\/span><b>Presepe Vivente <\/b><span style=\"font-weight: 400;\">con gli appuntamenti <\/span><b>nei suggestivi <a href=\"https:\/\/www.facebook.com\/photo\/?fbid=277237285287926&amp;set=a.109454785399511\" target=\"_blank\">borghi di Broccostella<\/a> <\/b><b>e <a href=\"https:\/\/www.facebook.com\/photo?fbid=788828289955686&amp;set=a.666131438892039\" target=\"_blank\">Atina<\/a><\/b><b>, il 30 dicembre, <\/b><span style=\"font-weight: 400;\">che trasformano vicoli e piazze in un teatro a cielo aperto.&nbsp;<\/span><\/p>\n<p><span style=\"font-weight: 400;\">E nelle chiese e nei vicoli si trovano nativit\u00e0 incastonate tra le vecchie pietre o agli angoli delle strade, a segnare la via di coloro che passano verso la speranza rappresentata dal Natale.<\/span><\/p>\t\t\t\t\t\t\t\t<\/div>\n\t\t\t\t<\/div>\n\t\t\t\t\t<\/div>\n\t\t<\/div>\n\t\t\t\t\t<\/div>\n\t\t<\/section>\n\t\t\t\t<section class=\"elementor-section elementor-top-section elementor-element elementor-element-812b585 elementor-section-boxed elementor-section-height-default elementor-section-height-default\" data-id=\"812b585\" data-element_type=\"section\">\n\t\t\t\t\t\t<div class=\"elementor-container elementor-column-gap-extended\">\n\t\t\t\t\t<div class=\"elementor-column elementor-col-100 elementor-top-column elementor-element elementor-element-0992d98 sc_layouts_column_icons_position_left\" data-id=\"0992d98\" data-element_type=\"column\">\n\t\t\t<div class=\"elementor-widget-wrap elementor-element-populated\">\n\t\t\t\t\t\t<div class=\"elementor-element elementor-element-d21620b elementor-widget elementor-widget-spacer\" data-id=\"d21620b\" data-element_type=\"widget\" data-widget_type=\"spacer.default\">\n\t\t\t\t<div class=\"elementor-widget-container\">\n\t\t\t\t\t\t\t<div class=\"elementor-spacer\">\n\t\t\t<div class=\"elementor-spacer-inner\"><\/div>\n\t\t<\/div>\n\t\t\t\t\t\t<\/div>\n\t\t\t\t<\/div>\n\t\t\t\t\t<\/div>\n\t\t<\/div>\n\t\t\t\t\t<\/div>\n\t\t<\/section>\n\t\t\t\t<section class=\"elementor-section elementor-top-section elementor-element elementor-element-9f114b9 elementor-hidden-tablet elementor-section-stretched elementor-section-boxed elementor-section-height-default elementor-section-height-default\" data-id=\"9f114b9\" data-element_type=\"section\" data-settings=\"{&quot;stretch_section&quot;:&quot;section-stretched&quot;}\">\n\t\t\t\t\t\t<div class=\"elementor-container elementor-column-gap-extended\">\n\t\t\t\t\t<div class=\"elementor-column elementor-col-100 elementor-top-column elementor-element elementor-element-dded0dc sc_layouts_column_icons_position_left\" data-id=\"dded0dc\" data-element_type=\"column\">\n\t\t\t<div class=\"elementor-widget-wrap elementor-element-populated\">\n\t\t\t\t\t\t<div class=\"elementor-element elementor-element-1f7342b elementor-widget elementor-widget-heading\" data-id=\"1f7342b\" data-element_type=\"widget\" data-widget_type=\"heading.default\">\n\t\t\t\t<div class=\"elementor-widget-container\">\n\t\t\t\t\t<h2 class=\"elementor-heading-title elementor-size-default\">\u201cPasseggiando nel PRESEPE 2023\u201d a Canceglie: il presepe a grandezza naturale di Sora<\/h2>\t\t\t\t<\/div>\n\t\t\t\t<\/div>\n\t\t\t\t<div class=\"elementor-element elementor-element-8315812 elementor-widget elementor-widget-text-editor\" data-id=\"8315812\" data-element_type=\"widget\" data-widget_type=\"text-editor.default\">\n\t\t\t\t<div class=\"elementor-widget-container\">\n\t\t\t\t\t\t\t\t\t<p><span style=\"font-weight: 400;\">Tra le pittoresche stradine del centro storico di Sora, c&#8217;\u00e8 un luogo che brilla di luce propria durante il periodo natalizio: il <\/span><strong><a href=\"https:\/\/www.facebook.com\/presepiacanceglie\">presepe a grandezza naturale di Canceglie<\/a><\/strong><span style=\"font-weight: 400;\">. Lascia a bocca aperta l\u2019allestimento scenografico, <\/span><b>un\u2019opera d&#8217;arte scenica frutto dell&#8217;impegno e della passione dell&#8217;Associazione Comitato SORANTICA<\/b><span style=\"font-weight: 400;\">, un gruppo di appassionati che da anni si dedica a preservare e promuovere le tradizioni locali.<\/span><\/p>\n<p><span style=\"font-weight: 400;\">Ogni anno, con l&#8217;arrivo del periodo natalizio, l\u2019Associazione Comitato SORANTICA si impegna a trasformare il tranquillo borgo di Canceglie in un vero e proprio spettacolo a cielo aperto.<\/span><b> Le stradine acciottolate del centro storico si animano con la magia del Natale, grazie al presepe a grandezza naturale<\/b><span style=\"font-weight: 400;\"> che si sviluppa in modo suggestivo tra gli edifici storici e le piazzette del paese.&nbsp;<\/span><span style=\"font-size: 20px; font-weight: 400;\">Ogni dettaglio \u00e8 curato con la massima attenzione, dalla disposizione dei personaggi alle luci che creano giochi d&#8217;ombra suggestivi, a cui quest\u2019anno si \u00e8 aggiunto il prezioso contributo di un\u2019artista locale che ha consentito di realizzare delle vere e proprie statue con visi e movenze di grande fattura. <\/span><b style=\"font-family: inherit; font-style: inherit;\">Una tradizione che l\u2019Associazione Comitato SORANTICA porta avanti dal 2015<\/b><span style=\"font-size: 20px; font-weight: 400;\">, ispirata da ci\u00f2 che gi\u00e0 in passato era stato realizzato nel centro storico, ma che nel 2005 aveva poi visto il piccolo rione di Canceglie lentamente abbandonato a s\u00e9 stesso.<\/span><\/p>\t\t\t\t\t\t\t\t<\/div>\n\t\t\t\t<\/div>\n\t\t\t\t\t<\/div>\n\t\t<\/div>\n\t\t\t\t\t<\/div>\n\t\t<\/section>\n\t\t\t\t<section class=\"elementor-section elementor-top-section elementor-element elementor-element-f412969 elementor-section-boxed elementor-section-height-default elementor-section-height-default\" data-id=\"f412969\" data-element_type=\"section\">\n\t\t\t\t\t\t<div class=\"elementor-container elementor-column-gap-extended\">\n\t\t\t\t\t<div class=\"elementor-column elementor-col-100 elementor-top-column elementor-element elementor-element-f493ec0 sc_layouts_column_icons_position_left\" data-id=\"f493ec0\" data-element_type=\"column\">\n\t\t\t<div class=\"elementor-widget-wrap elementor-element-populated\">\n\t\t\t\t\t\t<div class=\"elementor-element elementor-element-dccac3b elementor-widget elementor-widget-spacer\" data-id=\"dccac3b\" data-element_type=\"widget\" data-widget_type=\"spacer.default\">\n\t\t\t\t<div class=\"elementor-widget-container\">\n\t\t\t\t\t\t\t<div class=\"elementor-spacer\">\n\t\t\t<div class=\"elementor-spacer-inner\"><\/div>\n\t\t<\/div>\n\t\t\t\t\t\t<\/div>\n\t\t\t\t<\/div>\n\t\t\t\t\t<\/div>\n\t\t<\/div>\n\t\t\t\t\t<\/div>\n\t\t<\/section>\n\t\t\t\t<section class=\"elementor-section elementor-top-section elementor-element elementor-element-a4bc04b elementor-hidden-tablet elementor-section-stretched elementor-section-boxed elementor-section-height-default elementor-section-height-default\" data-id=\"a4bc04b\" data-element_type=\"section\" data-settings=\"{&quot;stretch_section&quot;:&quot;section-stretched&quot;}\">\n\t\t\t\t\t\t<div class=\"elementor-container elementor-column-gap-extended\">\n\t\t\t\t\t<div class=\"elementor-column elementor-col-100 elementor-top-column elementor-element elementor-element-26cd40b sc_layouts_column_icons_position_left\" data-id=\"26cd40b\" data-element_type=\"column\">\n\t\t\t<div class=\"elementor-widget-wrap elementor-element-populated\">\n\t\t\t\t\t\t<div class=\"elementor-element elementor-element-ee97e39 elementor-widget-divider--view-line_icon elementor-view-default elementor-widget-divider--element-align-center elementor-widget elementor-widget-divider\" data-id=\"ee97e39\" data-element_type=\"widget\" data-widget_type=\"divider.default\">\n\t\t\t\t<div class=\"elementor-widget-container\">\n\t\t\t\t\t\t\t<div class=\"elementor-divider\">\n\t\t\t<span class=\"elementor-divider-separator\">\n\t\t\t\t\t\t\t<div class=\"elementor-icon elementor-divider__element\">\n\t\t\t\t\t<i aria-hidden=\"true\" class=\"fas fa-photo-video\"><\/i><\/div>\n\t\t\t\t\t\t<\/span>\n\t\t<\/div>\n\t\t\t\t\t\t<\/div>\n\t\t\t\t<\/div>\n\t\t\t\t<div class=\"elementor-element elementor-element-f85c00c elementor-arrows-position-outside elementor-pagination-position-outside elementor-widget elementor-widget-image-carousel\" data-id=\"f85c00c\" data-element_type=\"widget\" data-settings=\"{&quot;navigation&quot;:&quot;both&quot;,&quot;autoplay&quot;:&quot;yes&quot;,&quot;pause_on_hover&quot;:&quot;yes&quot;,&quot;pause_on_interaction&quot;:&quot;yes&quot;,&quot;autoplay_speed&quot;:5000,&quot;infinite&quot;:&quot;yes&quot;,&quot;speed&quot;:500}\" data-widget_type=\"image-carousel.default\">\n\t\t\t\t<div class=\"elementor-widget-container\">\n\t\t\t\t\t\t\t<div class=\"elementor-image-carousel-wrapper swiper\" role=\"region\" aria-roledescription=\"carousel\" aria-label=\"Image Carousel\" dir=\"ltr\">\n\t\t\t<div class=\"elementor-image-carousel swiper-wrapper\" aria-live=\"off\">\n\t\t\t\t\t\t\t\t<div class=\"swiper-slide\" role=\"group\" aria-roledescription=\"slide\" aria-label=\"1 of 3\"><figure class=\"swiper-slide-inner\"><img decoding=\"async\" class=\"swiper-slide-image\" src=\"https:\/\/www.dmociociariavalledicomino.it\/wp-content\/uploads\/2023\/12\/presepe-a-grandezza-naturale-di-Canceglie-3.png\" alt=\"presepe-a-grandezza-naturale-di-Canceglie-3\" \/><\/figure><\/div><div class=\"swiper-slide\" role=\"group\" aria-roledescription=\"slide\" aria-label=\"2 of 3\"><figure class=\"swiper-slide-inner\"><img decoding=\"async\" class=\"swiper-slide-image\" src=\"https:\/\/www.dmociociariavalledicomino.it\/wp-content\/uploads\/2023\/12\/presepe-a-grandezza-naturale-di-Canceglie-2.png\" alt=\"presepe-a-grandezza-naturale-di-Canceglie-2\" \/><\/figure><\/div><div class=\"swiper-slide\" role=\"group\" aria-roledescription=\"slide\" aria-label=\"3 of 3\"><figure class=\"swiper-slide-inner\"><img decoding=\"async\" class=\"swiper-slide-image\" src=\"https:\/\/www.dmociociariavalledicomino.it\/wp-content\/uploads\/2023\/12\/presepe-a-grandezza-naturale-di-Canceglie-1.png\" alt=\"presepe-a-grandezza-naturale-di-Canceglie-1\" \/><\/figure><\/div>\t\t\t<\/div>\n\t\t\t\t\t\t\t\t\t\t\t\t<div class=\"elementor-swiper-button elementor-swiper-button-prev\" role=\"button\" tabindex=\"0\">\n\t\t\t\t\t\t<i aria-hidden=\"true\" class=\"eicon-chevron-left\"><\/i>\t\t\t\t\t<\/div>\n\t\t\t\t\t<div class=\"elementor-swiper-button elementor-swiper-button-next\" role=\"button\" tabindex=\"0\">\n\t\t\t\t\t\t<i aria-hidden=\"true\" class=\"eicon-chevron-right\"><\/i>\t\t\t\t\t<\/div>\n\t\t\t\t\n\t\t\t\t\t\t\t\t\t<div class=\"swiper-pagination\"><\/div>\n\t\t\t\t\t\t\t\t\t<\/div>\n\t\t\t\t\t\t<\/div>\n\t\t\t\t<\/div>\n\t\t\t\t\t<\/div>\n\t\t<\/div>\n\t\t\t\t\t<\/div>\n\t\t<\/section>\n\t\t\t\t<section class=\"elementor-section elementor-top-section elementor-element elementor-element-7656c82 elementor-hidden-desktop elementor-hidden-mobile elementor-section-stretched elementor-section-boxed elementor-section-height-default elementor-section-height-default\" data-id=\"7656c82\" data-element_type=\"section\" data-settings=\"{&quot;stretch_section&quot;:&quot;section-stretched&quot;}\">\n\t\t\t\t\t\t<div class=\"elementor-container elementor-column-gap-extended\">\n\t\t\t\t\t<div class=\"elementor-column elementor-col-100 elementor-top-column elementor-element elementor-element-9022690 sc_layouts_column_icons_position_left\" data-id=\"9022690\" data-element_type=\"column\">\n\t\t\t<div class=\"elementor-widget-wrap elementor-element-populated\">\n\t\t\t\t\t\t<div class=\"elementor-element elementor-element-69452f1 elementor-widget elementor-widget-heading\" data-id=\"69452f1\" data-element_type=\"widget\" data-widget_type=\"heading.default\">\n\t\t\t\t<div class=\"elementor-widget-container\">\n\t\t\t\t\t<h2 class=\"elementor-heading-title elementor-size-default\">\u201cPasseggiando nel PRESEPE 2023\u201d a Canceglie: il presepe a grandezza naturale di Sora<\/h2>\t\t\t\t<\/div>\n\t\t\t\t<\/div>\n\t\t\t\t<div class=\"elementor-element elementor-element-c8db026 elementor-widget elementor-widget-text-editor\" data-id=\"c8db026\" data-element_type=\"widget\" data-widget_type=\"text-editor.default\">\n\t\t\t\t<div class=\"elementor-widget-container\">\n\t\t\t\t\t\t\t\t\t<p><span style=\"font-weight: 400;\">Tra le pittoresche stradine del centro storico di Sora, c&#8217;\u00e8 un luogo che brilla di luce propria durante il periodo natalizio: il <\/span><strong><a href=\"https:\/\/www.facebook.com\/presepiacanceglie\">presepe a grandezza naturale di Canceglie<\/a><\/strong><span style=\"font-weight: 400;\">. Lascia a bocca aperta l\u2019allestimento scenografico, <\/span><b>un\u2019opera d&#8217;arte scenica frutto dell&#8217;impegno e della passione dell&#8217;Associazione Comitato SORANTICA<\/b><span style=\"font-weight: 400;\">, un gruppo di appassionati che da anni si dedica a preservare e promuovere le tradizioni locali.<\/span><\/p>\n<p><span style=\"font-weight: 400;\">Ogni anno, con l&#8217;arrivo del periodo natalizio, l\u2019Associazione Comitato SORANTICA si impegna a trasformare il tranquillo borgo di Canceglie in un vero e proprio spettacolo a cielo aperto.<\/span><b> Le stradine acciottolate del centro storico si animano con la magia del Natale, grazie al presepe a grandezza naturale<\/b><span style=\"font-weight: 400;\"> che si sviluppa in modo suggestivo tra gli edifici storici e le piazzette del paese.<\/span><\/p>\n<p><span style=\"font-weight: 400;\">Ogni dettaglio \u00e8 curato con la massima attenzione, dalla disposizione dei personaggi alle luci che creano giochi d&#8217;ombra suggestivi, a cui quest\u2019anno si \u00e8 aggiunto il prezioso contributo di un\u2019artista locale che ha consentito di realizzare delle vere e proprie statue con visi e movenze di grande fattura. <\/span><b>Una tradizione che l\u2019Associazione Comitato SORANTICA porta avanti dal 2015<\/b><span style=\"font-weight: 400;\">, ispirata da ci\u00f2 che gi\u00e0 in passato era stato realizzato nel centro storico, ma che nel 2005 aveva poi visto il piccolo rione di Canceglie lentamente abbandonato a s\u00e9 stesso. <\/span><\/p>\t\t\t\t\t\t\t\t<\/div>\n\t\t\t\t<\/div>\n\t\t\t\t<div class=\"elementor-element elementor-element-761201a elementor-widget elementor-widget-spacer\" data-id=\"761201a\" data-element_type=\"widget\" data-widget_type=\"spacer.default\">\n\t\t\t\t<div class=\"elementor-widget-container\">\n\t\t\t\t\t\t\t<div class=\"elementor-spacer\">\n\t\t\t<div class=\"elementor-spacer-inner\"><\/div>\n\t\t<\/div>\n\t\t\t\t\t\t<\/div>\n\t\t\t\t<\/div>\n\t\t\t\t<div class=\"elementor-element elementor-element-a24c6af elementor-arrows-position-outside elementor-pagination-position-outside elementor-widget elementor-widget-image-carousel\" data-id=\"a24c6af\" data-element_type=\"widget\" data-settings=\"{&quot;slides_to_show&quot;:&quot;1&quot;,&quot;navigation&quot;:&quot;both&quot;,&quot;autoplay&quot;:&quot;yes&quot;,&quot;pause_on_hover&quot;:&quot;yes&quot;,&quot;pause_on_interaction&quot;:&quot;yes&quot;,&quot;autoplay_speed&quot;:5000,&quot;infinite&quot;:&quot;yes&quot;,&quot;effect&quot;:&quot;slide&quot;,&quot;speed&quot;:500}\" data-widget_type=\"image-carousel.default\">\n\t\t\t\t<div class=\"elementor-widget-container\">\n\t\t\t\t\t\t\t<div class=\"elementor-image-carousel-wrapper swiper\" role=\"region\" aria-roledescription=\"carousel\" aria-label=\"Image Carousel\" dir=\"ltr\">\n\t\t\t<div class=\"elementor-image-carousel swiper-wrapper\" aria-live=\"off\">\n\t\t\t\t\t\t\t\t<div class=\"swiper-slide\" role=\"group\" aria-roledescription=\"slide\" aria-label=\"1 of 3\"><figure class=\"swiper-slide-inner\"><img decoding=\"async\" class=\"swiper-slide-image\" src=\"https:\/\/www.dmociociariavalledicomino.it\/wp-content\/uploads\/2023\/12\/presepe-a-grandezza-naturale-di-Canceglie-3.png\" alt=\"presepe-a-grandezza-naturale-di-Canceglie-3\" \/><\/figure><\/div><div class=\"swiper-slide\" role=\"group\" aria-roledescription=\"slide\" aria-label=\"2 of 3\"><figure class=\"swiper-slide-inner\"><img decoding=\"async\" class=\"swiper-slide-image\" src=\"https:\/\/www.dmociociariavalledicomino.it\/wp-content\/uploads\/2023\/12\/presepe-a-grandezza-naturale-di-Canceglie-2.png\" alt=\"presepe-a-grandezza-naturale-di-Canceglie-2\" \/><\/figure><\/div><div class=\"swiper-slide\" role=\"group\" aria-roledescription=\"slide\" aria-label=\"3 of 3\"><figure class=\"swiper-slide-inner\"><img decoding=\"async\" class=\"swiper-slide-image\" src=\"https:\/\/www.dmociociariavalledicomino.it\/wp-content\/uploads\/2023\/12\/presepe-a-grandezza-naturale-di-Canceglie-1.png\" alt=\"presepe-a-grandezza-naturale-di-Canceglie-1\" \/><\/figure><\/div>\t\t\t<\/div>\n\t\t\t\t\t\t\t\t\t\t\t\t<div class=\"elementor-swiper-button elementor-swiper-button-prev\" role=\"button\" tabindex=\"0\">\n\t\t\t\t\t\t<i aria-hidden=\"true\" class=\"eicon-chevron-left\"><\/i>\t\t\t\t\t<\/div>\n\t\t\t\t\t<div class=\"elementor-swiper-button elementor-swiper-button-next\" role=\"button\" tabindex=\"0\">\n\t\t\t\t\t\t<i aria-hidden=\"true\" class=\"eicon-chevron-right\"><\/i>\t\t\t\t\t<\/div>\n\t\t\t\t\n\t\t\t\t\t\t\t\t\t<div class=\"swiper-pagination\"><\/div>\n\t\t\t\t\t\t\t\t\t<\/div>\n\t\t\t\t\t\t<\/div>\n\t\t\t\t<\/div>\n\t\t\t\t\t<\/div>\n\t\t<\/div>\n\t\t\t\t\t<\/div>\n\t\t<\/section>\n\t\t\t\t<section class=\"elementor-section elementor-top-section elementor-element elementor-element-92d7463 elementor-section-boxed elementor-section-height-default elementor-section-height-default\" data-id=\"92d7463\" data-element_type=\"section\">\n\t\t\t\t\t\t<div class=\"elementor-container elementor-column-gap-extended\">\n\t\t\t\t\t<div class=\"elementor-column elementor-col-100 elementor-top-column elementor-element elementor-element-6e4faec sc_layouts_column_icons_position_left\" data-id=\"6e4faec\" data-element_type=\"column\">\n\t\t\t<div class=\"elementor-widget-wrap elementor-element-populated\">\n\t\t\t\t\t\t<div class=\"elementor-element elementor-element-517b815 elementor-widget elementor-widget-spacer\" data-id=\"517b815\" data-element_type=\"widget\" data-widget_type=\"spacer.default\">\n\t\t\t\t<div class=\"elementor-widget-container\">\n\t\t\t\t\t\t\t<div class=\"elementor-spacer\">\n\t\t\t<div class=\"elementor-spacer-inner\"><\/div>\n\t\t<\/div>\n\t\t\t\t\t\t<\/div>\n\t\t\t\t<\/div>\n\t\t\t\t\t<\/div>\n\t\t<\/div>\n\t\t\t\t\t<\/div>\n\t\t<\/section>\n\t\t\t\t<section class=\"elementor-section elementor-top-section elementor-element elementor-element-864fded elementor-section-stretched elementor-section-boxed elementor-section-height-default elementor-section-height-default\" data-id=\"864fded\" data-element_type=\"section\" data-settings=\"{&quot;stretch_section&quot;:&quot;section-stretched&quot;}\">\n\t\t\t\t\t\t<div class=\"elementor-container elementor-column-gap-extended\">\n\t\t\t\t\t<div class=\"elementor-column elementor-col-100 elementor-top-column elementor-element elementor-element-3ad40f2 sc_layouts_column_icons_position_left\" data-id=\"3ad40f2\" data-element_type=\"column\">\n\t\t\t<div class=\"elementor-widget-wrap elementor-element-populated\">\n\t\t\t\t\t\t<div class=\"elementor-element elementor-element-d22ab2d elementor-widget elementor-widget-heading\" data-id=\"d22ab2d\" data-element_type=\"widget\" data-widget_type=\"heading.default\">\n\t\t\t\t<div class=\"elementor-widget-container\">\n\t\t\t\t\t<h2 class=\"elementor-heading-title elementor-size-default\">Un impegno condiviso<\/h2>\t\t\t\t<\/div>\n\t\t\t\t<\/div>\n\t\t\t\t<div class=\"elementor-element elementor-element-c9ec944 elementor-widget elementor-widget-text-editor\" data-id=\"c9ec944\" data-element_type=\"widget\" data-widget_type=\"text-editor.default\">\n\t\t\t\t<div class=\"elementor-widget-container\">\n\t\t\t\t\t\t\t\t\t<p><span style=\"font-weight: 400;\">\u201c<\/span><i><span style=\"font-weight: 400;\">L\u2019idea ci \u00e8 venuta in mente quando nel 2015 abbiamo constatato che il centro storico era ormai quasi nel degrado, senza neanche un\u2019illuminazione adeguata. <\/span><\/i><b><i>Non potevamo far morire quello che \u00e8 il cuore pulsante della nostra cittadina, dove tanta storia si pu\u00f2 respirare tra i vicoli e le piazze<\/i><\/b><i><span style=\"font-weight: 400;\">\u201d <\/span><\/i><span style=\"font-weight: 400;\">ci dice Domenico Alonzi, di SORANTICA. <\/span><i><span style=\"font-weight: 400;\">\u201cGrazie anche alla collaborazione dei residenti abbiamo quindi unito gli sforzi per far rinascere Canceglie, istituendo inoltre il percorso per far conoscere la storia del <a href=\"https:\/\/www.brigantechiavone.it\/\">Brigante Chiavone<\/a><\/span><\/i><i><span style=\"font-weight: 400;\">. Il presepe di Canceglie \u00e8 ormai divenuto un\u2019istituzione del Natale a Sora, che ci consente di far scoprire gli antichi mestieri, le curiosit\u00e0 e le tante tradizioni legate alla cultura sorana, come quella della \u201cCiammella sorana\u201d, simbolo gastronomico della citt\u00e0<\/span><\/i><span style=\"font-weight: 400;\">\u201d.\u00a0<\/span><\/p><p><span style=\"font-size: 20px; font-weight: 400;\">Sono una trentina le persone coinvolte nella realizzazione di questo lavoro scenografico che trasforma i vicoli di Canceglie in una nativit\u00e0 a grandezza naturale, con <\/span><b style=\"font-family: inherit; font-style: inherit;\">personaggi di carattere religioso, artigiani che svolgono antichi mestieri, alcuni vivi ancora oggi come il fornaio con la sua \u201cciammella sorana\u201d, ma anche personaggi famosi della storia locale, <\/b><span style=\"font-size: 20px; font-weight: 400;\">come il grande regista e attore<\/span><b style=\"font-family: inherit; font-style: inherit;\"> Vittorio De Sica<\/b><span style=\"font-size: 20px; font-weight: 400;\"> e <\/span><b style=\"font-family: inherit; font-style: inherit;\">Riccardo Gulia<\/b><span style=\"font-size: 20px; font-weight: 400;\">, poeta custode del dialetto sorano.<\/span><\/p>\t\t\t\t\t\t\t\t<\/div>\n\t\t\t\t<\/div>\n\t\t\t\t\t<\/div>\n\t\t<\/div>\n\t\t\t\t\t<\/div>\n\t\t<\/section>\n\t\t\t\t<section class=\"elementor-section elementor-top-section elementor-element elementor-element-3ba9239 elementor-hidden-mobile elementor-section-boxed elementor-section-height-default elementor-section-height-default\" data-id=\"3ba9239\" data-element_type=\"section\">\n\t\t\t\t\t\t<div class=\"elementor-container elementor-column-gap-extended\">\n\t\t\t\t\t<div class=\"elementor-column elementor-col-100 elementor-top-column elementor-element elementor-element-1993dce sc_layouts_column_icons_position_left\" data-id=\"1993dce\" data-element_type=\"column\">\n\t\t\t<div class=\"elementor-widget-wrap elementor-element-populated\">\n\t\t\t\t\t\t<div class=\"elementor-element elementor-element-b7f19f2 elementor-widget elementor-widget-spacer\" data-id=\"b7f19f2\" data-element_type=\"widget\" data-widget_type=\"spacer.default\">\n\t\t\t\t<div class=\"elementor-widget-container\">\n\t\t\t\t\t\t\t<div class=\"elementor-spacer\">\n\t\t\t<div class=\"elementor-spacer-inner\"><\/div>\n\t\t<\/div>\n\t\t\t\t\t\t<\/div>\n\t\t\t\t<\/div>\n\t\t\t\t\t<\/div>\n\t\t<\/div>\n\t\t\t\t\t<\/div>\n\t\t<\/section>\n\t\t\t\t<section class=\"elementor-section elementor-top-section elementor-element elementor-element-ae3edbf elementor-section-stretched elementor-section-boxed elementor-section-height-default elementor-section-height-default\" data-id=\"ae3edbf\" data-element_type=\"section\" data-settings=\"{&quot;stretch_section&quot;:&quot;section-stretched&quot;}\">\n\t\t\t\t\t\t<div class=\"elementor-container elementor-column-gap-extended\">\n\t\t\t\t\t<div class=\"elementor-column elementor-col-100 elementor-top-column elementor-element elementor-element-bbd5328 sc_layouts_column_icons_position_left\" data-id=\"bbd5328\" data-element_type=\"column\">\n\t\t\t<div class=\"elementor-widget-wrap elementor-element-populated\">\n\t\t\t\t\t\t<div class=\"elementor-element elementor-element-6a03b8f elementor-widget elementor-widget-heading\" data-id=\"6a03b8f\" data-element_type=\"widget\" data-widget_type=\"heading.default\">\n\t\t\t\t<div class=\"elementor-widget-container\">\n\t\t\t\t\t<h2 class=\"elementor-heading-title elementor-size-default\">Un invito a vivere l'incanto del Natale<\/h2>\t\t\t\t<\/div>\n\t\t\t\t<\/div>\n\t\t\t\t<div class=\"elementor-element elementor-element-f6c2164 elementor-widget elementor-widget-text-editor\" data-id=\"f6c2164\" data-element_type=\"widget\" data-widget_type=\"text-editor.default\">\n\t\t\t\t<div class=\"elementor-widget-container\">\n\t\t\t\t\t\t\t\t\t<p><span style=\"font-weight: 400;\">Il presepe a grandezza naturale di Canceglie \u00e8 pi\u00f9 di una semplice installazione artistica; \u00e8 un invito a vivere il Natale con occhi nuovi, a <\/span><b>ritrovare il senso autentico della festivit\u00e0 e a riscoprire il calore della tradizione<\/b><span style=\"font-weight: 400;\">.\u00a0<\/span><\/p><p><span style=\"font-weight: 400;\">La magia che si sprigiona tra le strade della Valle di Comino, tra nativit\u00e0 piccole e grandi, tradizioni e canti in questa stagione speciale, \u00e8 un regalo prezioso che la comunit\u00e0 locale offre a chiunque voglia condividere il fascino dei riti natalizi.<\/span><\/p>\t\t\t\t\t\t\t\t<\/div>\n\t\t\t\t<\/div>\n\t\t\t\t\t<\/div>\n\t\t<\/div>\n\t\t\t\t\t<\/div>\n\t\t<\/section>\n\t\t\t\t<section class=\"elementor-section elementor-top-section elementor-element elementor-element-b6c0dee elementor-section-boxed elementor-section-height-default elementor-section-height-default\" data-id=\"b6c0dee\" data-element_type=\"section\">\n\t\t\t\t\t\t<div class=\"elementor-container elementor-column-gap-extended\">\n\t\t\t\t\t<div class=\"elementor-column elementor-col-100 elementor-top-column elementor-element elementor-element-f36798b sc_layouts_column_icons_position_left\" data-id=\"f36798b\" data-element_type=\"column\">\n\t\t\t<div class=\"elementor-widget-wrap elementor-element-populated\">\n\t\t\t\t\t\t<div class=\"elementor-element elementor-element-1ca386b elementor-widget elementor-widget-spacer\" data-id=\"1ca386b\" data-element_type=\"widget\" data-widget_type=\"spacer.default\">\n\t\t\t\t<div class=\"elementor-widget-container\">\n\t\t\t\t\t\t\t<div class=\"elementor-spacer\">\n\t\t\t<div class=\"elementor-spacer-inner\"><\/div>\n\t\t<\/div>\n\t\t\t\t\t\t<\/div>\n\t\t\t\t<\/div>\n\t\t\t\t\t<\/div>\n\t\t<\/div>\n\t\t\t\t\t<\/div>\n\t\t<\/section>\n\t\t\t\t<\/div>","protected":false},"excerpt":{"rendered":"<p>La tradizione della nativit\u00e0: da Sora alla Valle di Comino sulle orme del presepe di San Francesco d\u2019Assisi Natale in Valle di Comino tra rappresentazioni viventi e presepi a grandezza naturale Il Natale \u00e8 una stagione magica, resa ancora pi\u00f9 suggestiva dalle antiche tradizioni che si tramandano di generazione in generazione. In Italia, ogni regione, ogni piccolo angolo custodisce il&hellip;<\/p>","protected":false},"author":1,"featured_media":11904,"comment_status":"closed","ping_status":"closed","sticky":false,"template":"","format":"standard","meta":{"footnotes":""},"categories":[75,89],"tags":[301,268,297,299,302,305,296,300,303,304,298,264,285],"class_list":["post-11892","post","type-post","status-publish","format-standard","has-post-thumbnail","hentry","category-blog","category-eventi","tag-associazione-sorantica","tag-atina","tag-atmosfera-magica-natale","tag-broccostella","tag-canceglie","tag-canti-natalizi","tag-eventi-natalizi-valle-di-comino","tag-natale-in-valle-di-comino","tag-presepe","tag-presepe-a-grandezza-naturale-valle-di-comino","tag-presepe-vivente","tag-sora","tag-tradizione-natalizia"],"acf":[],"yoast_head":"<!-- This site is optimized with the Yoast SEO plugin v24.6 - https:\/\/yoast.com\/wordpress\/plugins\/seo\/ -->\n<title>Scopri la Magia del Presepe a Sora e in Valle di Comino<\/title>\n<meta name=\"description\" content=\"Esplora la magia del Natale in Valle di Comino e non solo, seguendo le antiche tradizioni del Presepe di San Francesco d\u2019Assis, tra rappresentazioni viventi e il maestoso presepe a grandezza naturale a Sora.\" \/>\n<meta name=\"robots\" content=\"index, follow, max-snippet:-1, max-image-preview:large, max-video-preview:-1\" \/>\n<link rel=\"canonical\" href=\"https:\/\/www.dmociociariavalledicomino.it\/en\/scopri-la-magia-del-presepe-a-sora-e-in-valle-di-comino\/\" \/>\n<meta property=\"og:locale\" content=\"en_GB\" \/>\n<meta property=\"og:type\" content=\"article\" \/>\n<meta property=\"og:title\" content=\"Scopri la Magia del Presepe a Sora e in Valle di Comino\" \/>\n<meta property=\"og:description\" content=\"Esplora la magia del Natale in Valle di Comino e non solo, seguendo le antiche tradizioni del Presepe di San Francesco d\u2019Assis, tra rappresentazioni viventi e il maestoso presepe a grandezza naturale a Sora.\" \/>\n<meta property=\"og:url\" content=\"https:\/\/www.dmociociariavalledicomino.it\/en\/scopri-la-magia-del-presepe-a-sora-e-in-valle-di-comino\/\" \/>\n<meta property=\"og:site_name\" content=\"DMO Ciociaria Valle di Comino\" \/>\n<meta property=\"article:published_time\" content=\"2023-12-07T07:30:00+00:00\" \/>\n<meta property=\"article:modified_time\" content=\"2023-12-29T17:21:46+00:00\" \/>\n<meta property=\"og:image\" content=\"https:\/\/www.dmociociariavalledicomino.it\/wp-content\/uploads\/2023\/12\/copertina_c.jpg\" \/>\n\t<meta property=\"og:image:width\" content=\"800\" \/>\n\t<meta property=\"og:image:height\" content=\"600\" \/>\n\t<meta property=\"og:image:type\" content=\"image\/jpeg\" \/>\n<meta name=\"author\" content=\"admin\" \/>\n<meta name=\"twitter:card\" content=\"summary_large_image\" \/>\n<meta name=\"twitter:label1\" content=\"Written by\" \/>\n\t<meta name=\"twitter:data1\" content=\"admin\" \/>\n\t<meta name=\"twitter:label2\" content=\"Estimated reading time\" \/>\n\t<meta name=\"twitter:data2\" content=\"9 minutes\" \/>\n<script type=\"application\/ld+json\" class=\"yoast-schema-graph\">{\"@context\":\"https:\/\/schema.org\",\"@graph\":[{\"@type\":\"Article\",\"@id\":\"https:\/\/www.dmociociariavalledicomino.it\/scopri-la-magia-del-presepe-a-sora-e-in-valle-di-comino\/#article\",\"isPartOf\":{\"@id\":\"https:\/\/www.dmociociariavalledicomino.it\/scopri-la-magia-del-presepe-a-sora-e-in-valle-di-comino\/\"},\"author\":{\"name\":\"admin\",\"@id\":\"https:\/\/www.dmociociariavalledicomino.it\/#\/schema\/person\/3bf46154fba3deea98d7bd5acb562c6e\"},\"headline\":\"La tradizione della nativit\u00e0: da Sora alla Valle di Comino sulle orme del presepe di San Francesco d\u2019Assisi\",\"datePublished\":\"2023-12-07T07:30:00+00:00\",\"dateModified\":\"2023-12-29T17:21:46+00:00\",\"mainEntityOfPage\":{\"@id\":\"https:\/\/www.dmociociariavalledicomino.it\/scopri-la-magia-del-presepe-a-sora-e-in-valle-di-comino\/\"},\"wordCount\":1029,\"publisher\":{\"@id\":\"https:\/\/www.dmociociariavalledicomino.it\/#organization\"},\"image\":{\"@id\":\"https:\/\/www.dmociociariavalledicomino.it\/scopri-la-magia-del-presepe-a-sora-e-in-valle-di-comino\/#primaryimage\"},\"thumbnailUrl\":\"https:\/\/www.dmociociariavalledicomino.it\/wp-content\/uploads\/2023\/12\/copertina_c.jpg\",\"keywords\":[\"Associazione SorAntica\",\"Atina\",\"Atmosfera magica Natale\",\"Broccostella\",\"Canceglie\",\"canti natalizi\",\"Eventi natalizi Valle di Comino\",\"Natale in Valle di Comino\",\"presepe\",\"Presepe a grandezza naturale Valle di Comino\",\"presepe vivente\",\"Sora\",\"Tradizione natalizia\"],\"articleSection\":[\"Blog\",\"Eventi\"],\"inLanguage\":\"en-GB\"},{\"@type\":\"WebPage\",\"@id\":\"https:\/\/www.dmociociariavalledicomino.it\/scopri-la-magia-del-presepe-a-sora-e-in-valle-di-comino\/\",\"url\":\"https:\/\/www.dmociociariavalledicomino.it\/scopri-la-magia-del-presepe-a-sora-e-in-valle-di-comino\/\",\"name\":\"Scopri la Magia del Presepe a Sora e in Valle di Comino\",\"isPartOf\":{\"@id\":\"https:\/\/www.dmociociariavalledicomino.it\/#website\"},\"primaryImageOfPage\":{\"@id\":\"https:\/\/www.dmociociariavalledicomino.it\/scopri-la-magia-del-presepe-a-sora-e-in-valle-di-comino\/#primaryimage\"},\"image\":{\"@id\":\"https:\/\/www.dmociociariavalledicomino.it\/scopri-la-magia-del-presepe-a-sora-e-in-valle-di-comino\/#primaryimage\"},\"thumbnailUrl\":\"https:\/\/www.dmociociariavalledicomino.it\/wp-content\/uploads\/2023\/12\/copertina_c.jpg\",\"datePublished\":\"2023-12-07T07:30:00+00:00\",\"dateModified\":\"2023-12-29T17:21:46+00:00\",\"description\":\"Esplora la magia del Natale in Valle di Comino e non solo, seguendo le antiche tradizioni del Presepe di San Francesco d\u2019Assis, tra rappresentazioni viventi e il maestoso presepe a grandezza naturale a Sora.\",\"breadcrumb\":{\"@id\":\"https:\/\/www.dmociociariavalledicomino.it\/scopri-la-magia-del-presepe-a-sora-e-in-valle-di-comino\/#breadcrumb\"},\"inLanguage\":\"en-GB\",\"potentialAction\":[{\"@type\":\"ReadAction\",\"target\":[\"https:\/\/www.dmociociariavalledicomino.it\/scopri-la-magia-del-presepe-a-sora-e-in-valle-di-comino\/\"]}]},{\"@type\":\"ImageObject\",\"inLanguage\":\"en-GB\",\"@id\":\"https:\/\/www.dmociociariavalledicomino.it\/scopri-la-magia-del-presepe-a-sora-e-in-valle-di-comino\/#primaryimage\",\"url\":\"https:\/\/www.dmociociariavalledicomino.it\/wp-content\/uploads\/2023\/12\/copertina_c.jpg\",\"contentUrl\":\"https:\/\/www.dmociociariavalledicomino.it\/wp-content\/uploads\/2023\/12\/copertina_c.jpg\",\"width\":800,\"height\":600},{\"@type\":\"BreadcrumbList\",\"@id\":\"https:\/\/www.dmociociariavalledicomino.it\/scopri-la-magia-del-presepe-a-sora-e-in-valle-di-comino\/#breadcrumb\",\"itemListElement\":[{\"@type\":\"ListItem\",\"position\":1,\"name\":\"Home\",\"item\":\"https:\/\/www.dmociociariavalledicomino.it\/\"},{\"@type\":\"ListItem\",\"position\":2,\"name\":\"La tradizione della nativit\u00e0: da Sora alla Valle di Comino sulle orme del presepe di San Francesco d\u2019Assisi\"}]},{\"@type\":\"WebSite\",\"@id\":\"https:\/\/www.dmociociariavalledicomino.it\/#website\",\"url\":\"https:\/\/www.dmociociariavalledicomino.it\/\",\"name\":\"DMO Ciociaria Valle di Comino\",\"description\":\"La destinazione che non c'era\",\"publisher\":{\"@id\":\"https:\/\/www.dmociociariavalledicomino.it\/#organization\"},\"potentialAction\":[{\"@type\":\"SearchAction\",\"target\":{\"@type\":\"EntryPoint\",\"urlTemplate\":\"https:\/\/www.dmociociariavalledicomino.it\/?s={search_term_string}\"},\"query-input\":{\"@type\":\"PropertyValueSpecification\",\"valueRequired\":true,\"valueName\":\"search_term_string\"}}],\"inLanguage\":\"en-GB\"},{\"@type\":\"Organization\",\"@id\":\"https:\/\/www.dmociociariavalledicomino.it\/#organization\",\"name\":\"DMO Ciociaria Valle di Comino\",\"url\":\"https:\/\/www.dmociociariavalledicomino.it\/\",\"logo\":{\"@type\":\"ImageObject\",\"inLanguage\":\"en-GB\",\"@id\":\"https:\/\/www.dmociociariavalledicomino.it\/#\/schema\/logo\/image\/\",\"url\":\"https:\/\/www.dmociociariavalledicomino.it\/wp-content\/uploads\/2022\/03\/logo-1x-1.png\",\"contentUrl\":\"https:\/\/www.dmociociariavalledicomino.it\/wp-content\/uploads\/2022\/03\/logo-1x-1.png\",\"width\":435,\"height\":100,\"caption\":\"DMO Ciociaria Valle di Comino\"},\"image\":{\"@id\":\"https:\/\/www.dmociociariavalledicomino.it\/#\/schema\/logo\/image\/\"}},{\"@type\":\"Person\",\"@id\":\"https:\/\/www.dmociociariavalledicomino.it\/#\/schema\/person\/3bf46154fba3deea98d7bd5acb562c6e\",\"name\":\"admin\",\"image\":{\"@type\":\"ImageObject\",\"inLanguage\":\"en-GB\",\"@id\":\"https:\/\/www.dmociociariavalledicomino.it\/#\/schema\/person\/image\/\",\"url\":\"https:\/\/secure.gravatar.com\/avatar\/1fbb3f445cf77d4b14505985324155bdee1cc76aba31ffb5d872bb89773bcb48?s=96&d=mm&r=g\",\"contentUrl\":\"https:\/\/secure.gravatar.com\/avatar\/1fbb3f445cf77d4b14505985324155bdee1cc76aba31ffb5d872bb89773bcb48?s=96&d=mm&r=g\",\"caption\":\"admin\"},\"url\":\"https:\/\/www.dmociociariavalledicomino.it\/en\/author\/admin\/\"}]}<\/script>\n<!-- \/ Yoast SEO plugin. -->","yoast_head_json":{"title":"Scopri la Magia del Presepe a Sora e in Valle di Comino","description":"Esplora la magia del Natale in Valle di Comino e non solo, seguendo le antiche tradizioni del Presepe di San Francesco d\u2019Assis, tra rappresentazioni viventi e il maestoso presepe a grandezza naturale a Sora.","robots":{"index":"index","follow":"follow","max-snippet":"max-snippet:-1","max-image-preview":"max-image-preview:large","max-video-preview":"max-video-preview:-1"},"canonical":"https:\/\/www.dmociociariavalledicomino.it\/en\/scopri-la-magia-del-presepe-a-sora-e-in-valle-di-comino\/","og_locale":"en_GB","og_type":"article","og_title":"Scopri la Magia del Presepe a Sora e in Valle di Comino","og_description":"Esplora la magia del Natale in Valle di Comino e non solo, seguendo le antiche tradizioni del Presepe di San Francesco d\u2019Assis, tra rappresentazioni viventi e il maestoso presepe a grandezza naturale a Sora.","og_url":"https:\/\/www.dmociociariavalledicomino.it\/en\/scopri-la-magia-del-presepe-a-sora-e-in-valle-di-comino\/","og_site_name":"DMO Ciociaria Valle di Comino","article_published_time":"2023-12-07T07:30:00+00:00","article_modified_time":"2023-12-29T17:21:46+00:00","og_image":[{"width":800,"height":600,"url":"https:\/\/www.dmociociariavalledicomino.it\/wp-content\/uploads\/2023\/12\/copertina_c.jpg","type":"image\/jpeg"}],"author":"admin","twitter_card":"summary_large_image","twitter_misc":{"Written by":"admin","Estimated reading time":"9 minutes"},"schema":{"@context":"https:\/\/schema.org","@graph":[{"@type":"Article","@id":"https:\/\/www.dmociociariavalledicomino.it\/scopri-la-magia-del-presepe-a-sora-e-in-valle-di-comino\/#article","isPartOf":{"@id":"https:\/\/www.dmociociariavalledicomino.it\/scopri-la-magia-del-presepe-a-sora-e-in-valle-di-comino\/"},"author":{"name":"admin","@id":"https:\/\/www.dmociociariavalledicomino.it\/#\/schema\/person\/3bf46154fba3deea98d7bd5acb562c6e"},"headline":"La tradizione della nativit\u00e0: da Sora alla Valle di Comino sulle orme del presepe di San Francesco d\u2019Assisi","datePublished":"2023-12-07T07:30:00+00:00","dateModified":"2023-12-29T17:21:46+00:00","mainEntityOfPage":{"@id":"https:\/\/www.dmociociariavalledicomino.it\/scopri-la-magia-del-presepe-a-sora-e-in-valle-di-comino\/"},"wordCount":1029,"publisher":{"@id":"https:\/\/www.dmociociariavalledicomino.it\/#organization"},"image":{"@id":"https:\/\/www.dmociociariavalledicomino.it\/scopri-la-magia-del-presepe-a-sora-e-in-valle-di-comino\/#primaryimage"},"thumbnailUrl":"https:\/\/www.dmociociariavalledicomino.it\/wp-content\/uploads\/2023\/12\/copertina_c.jpg","keywords":["Associazione SorAntica","Atina","Atmosfera magica Natale","Broccostella","Canceglie","canti natalizi","Eventi natalizi Valle di Comino","Natale in Valle di Comino","presepe","Presepe a grandezza naturale Valle di Comino","presepe vivente","Sora","Tradizione natalizia"],"articleSection":["Blog","Eventi"],"inLanguage":"en-GB"},{"@type":"WebPage","@id":"https:\/\/www.dmociociariavalledicomino.it\/scopri-la-magia-del-presepe-a-sora-e-in-valle-di-comino\/","url":"https:\/\/www.dmociociariavalledicomino.it\/scopri-la-magia-del-presepe-a-sora-e-in-valle-di-comino\/","name":"Scopri la Magia del Presepe a Sora e in Valle di Comino","isPartOf":{"@id":"https:\/\/www.dmociociariavalledicomino.it\/#website"},"primaryImageOfPage":{"@id":"https:\/\/www.dmociociariavalledicomino.it\/scopri-la-magia-del-presepe-a-sora-e-in-valle-di-comino\/#primaryimage"},"image":{"@id":"https:\/\/www.dmociociariavalledicomino.it\/scopri-la-magia-del-presepe-a-sora-e-in-valle-di-comino\/#primaryimage"},"thumbnailUrl":"https:\/\/www.dmociociariavalledicomino.it\/wp-content\/uploads\/2023\/12\/copertina_c.jpg","datePublished":"2023-12-07T07:30:00+00:00","dateModified":"2023-12-29T17:21:46+00:00","description":"Esplora la magia del Natale in Valle di Comino e non solo, seguendo le antiche tradizioni del Presepe di San Francesco d\u2019Assis, tra rappresentazioni viventi e il maestoso presepe a grandezza naturale a Sora.","breadcrumb":{"@id":"https:\/\/www.dmociociariavalledicomino.it\/scopri-la-magia-del-presepe-a-sora-e-in-valle-di-comino\/#breadcrumb"},"inLanguage":"en-GB","potentialAction":[{"@type":"ReadAction","target":["https:\/\/www.dmociociariavalledicomino.it\/scopri-la-magia-del-presepe-a-sora-e-in-valle-di-comino\/"]}]},{"@type":"ImageObject","inLanguage":"en-GB","@id":"https:\/\/www.dmociociariavalledicomino.it\/scopri-la-magia-del-presepe-a-sora-e-in-valle-di-comino\/#primaryimage","url":"https:\/\/www.dmociociariavalledicomino.it\/wp-content\/uploads\/2023\/12\/copertina_c.jpg","contentUrl":"https:\/\/www.dmociociariavalledicomino.it\/wp-content\/uploads\/2023\/12\/copertina_c.jpg","width":800,"height":600},{"@type":"BreadcrumbList","@id":"https:\/\/www.dmociociariavalledicomino.it\/scopri-la-magia-del-presepe-a-sora-e-in-valle-di-comino\/#breadcrumb","itemListElement":[{"@type":"ListItem","position":1,"name":"Home","item":"https:\/\/www.dmociociariavalledicomino.it\/"},{"@type":"ListItem","position":2,"name":"La tradizione della nativit\u00e0: da Sora alla Valle di Comino sulle orme del presepe di San Francesco d\u2019Assisi"}]},{"@type":"WebSite","@id":"https:\/\/www.dmociociariavalledicomino.it\/#website","url":"https:\/\/www.dmociociariavalledicomino.it\/","name":"DMO Ciociaria Valle di Comino","description":"La destinazione che non c'era","publisher":{"@id":"https:\/\/www.dmociociariavalledicomino.it\/#organization"},"potentialAction":[{"@type":"SearchAction","target":{"@type":"EntryPoint","urlTemplate":"https:\/\/www.dmociociariavalledicomino.it\/?s={search_term_string}"},"query-input":{"@type":"PropertyValueSpecification","valueRequired":true,"valueName":"search_term_string"}}],"inLanguage":"en-GB"},{"@type":"Organization","@id":"https:\/\/www.dmociociariavalledicomino.it\/#organization","name":"DMO Ciociaria Valle di Comino","url":"https:\/\/www.dmociociariavalledicomino.it\/","logo":{"@type":"ImageObject","inLanguage":"en-GB","@id":"https:\/\/www.dmociociariavalledicomino.it\/#\/schema\/logo\/image\/","url":"https:\/\/www.dmociociariavalledicomino.it\/wp-content\/uploads\/2022\/03\/logo-1x-1.png","contentUrl":"https:\/\/www.dmociociariavalledicomino.it\/wp-content\/uploads\/2022\/03\/logo-1x-1.png","width":435,"height":100,"caption":"DMO Ciociaria Valle di Comino"},"image":{"@id":"https:\/\/www.dmociociariavalledicomino.it\/#\/schema\/logo\/image\/"}},{"@type":"Person","@id":"https:\/\/www.dmociociariavalledicomino.it\/#\/schema\/person\/3bf46154fba3deea98d7bd5acb562c6e","name":"admin","image":{"@type":"ImageObject","inLanguage":"en-GB","@id":"https:\/\/www.dmociociariavalledicomino.it\/#\/schema\/person\/image\/","url":"https:\/\/secure.gravatar.com\/avatar\/1fbb3f445cf77d4b14505985324155bdee1cc76aba31ffb5d872bb89773bcb48?s=96&d=mm&r=g","contentUrl":"https:\/\/secure.gravatar.com\/avatar\/1fbb3f445cf77d4b14505985324155bdee1cc76aba31ffb5d872bb89773bcb48?s=96&d=mm&r=g","caption":"admin"},"url":"https:\/\/www.dmociociariavalledicomino.it\/en\/author\/admin\/"}]}},"_links":{"self":[{"href":"https:\/\/www.dmociociariavalledicomino.it\/en\/wp-json\/wp\/v2\/posts\/11892","targetHints":{"allow":["GET"]}}],"collection":[{"href":"https:\/\/www.dmociociariavalledicomino.it\/en\/wp-json\/wp\/v2\/posts"}],"about":[{"href":"https:\/\/www.dmociociariavalledicomino.it\/en\/wp-json\/wp\/v2\/types\/post"}],"author":[{"embeddable":true,"href":"https:\/\/www.dmociociariavalledicomino.it\/en\/wp-json\/wp\/v2\/users\/1"}],"replies":[{"embeddable":true,"href":"https:\/\/www.dmociociariavalledicomino.it\/en\/wp-json\/wp\/v2\/comments?post=11892"}],"version-history":[{"count":49,"href":"https:\/\/www.dmociociariavalledicomino.it\/en\/wp-json\/wp\/v2\/posts\/11892\/revisions"}],"predecessor-version":[{"id":11947,"href":"https:\/\/www.dmociociariavalledicomino.it\/en\/wp-json\/wp\/v2\/posts\/11892\/revisions\/11947"}],"wp:featuredmedia":[{"embeddable":true,"href":"https:\/\/www.dmociociariavalledicomino.it\/en\/wp-json\/wp\/v2\/media\/11904"}],"wp:attachment":[{"href":"https:\/\/www.dmociociariavalledicomino.it\/en\/wp-json\/wp\/v2\/media?parent=11892"}],"wp:term":[{"taxonomy":"category","embeddable":true,"href":"https:\/\/www.dmociociariavalledicomino.it\/en\/wp-json\/wp\/v2\/categories?post=11892"},{"taxonomy":"post_tag","embeddable":true,"href":"https:\/\/www.dmociociariavalledicomino.it\/en\/wp-json\/wp\/v2\/tags?post=11892"}],"curies":[{"name":"wp","href":"https:\/\/api.w.org\/{rel}","templated":true}]}}