{"id":11842,"date":"2023-11-28T08:30:00","date_gmt":"2023-11-28T07:30:00","guid":{"rendered":"https:\/\/www.dmociociariavalledicomino.it\/?p=11842"},"modified":"2023-12-29T18:21:30","modified_gmt":"2023-12-29T17:21:30","slug":"la-zampogna-simbolo-della-valle-di-comino-tra-tradizioni-natalizie-e-modernita","status":"publish","type":"post","link":"https:\/\/www.dmociociariavalledicomino.it\/en\/la-zampogna-simbolo-della-valle-di-comino-tra-tradizioni-natalizie-e-modernita\/","title":{"rendered":"La Zampogna: simbolo della Valle di Comino tra tradizioni natalizie e modernit\u00e0"},"content":{"rendered":"<div data-elementor-type=\"wp-post\" data-elementor-id=\"11842\" class=\"elementor elementor-11842\" data-elementor-post-type=\"post\">\n\t\t\t\t\t\t<section class=\"elementor-section elementor-top-section elementor-element elementor-element-6197ef4 elementor-section-stretched elementor-section-boxed elementor-section-height-default elementor-section-height-default\" data-id=\"6197ef4\" data-element_type=\"section\" data-settings=\"{&quot;stretch_section&quot;:&quot;section-stretched&quot;}\">\n\t\t\t\t\t\t<div class=\"elementor-container elementor-column-gap-extended\">\n\t\t\t\t\t<div class=\"elementor-column elementor-col-100 elementor-top-column elementor-element elementor-element-ec9577d sc_layouts_column_icons_position_left\" data-id=\"ec9577d\" data-element_type=\"column\">\n\t\t\t<div class=\"elementor-widget-wrap elementor-element-populated\">\n\t\t\t\t\t\t<div class=\"elementor-element elementor-element-0511354 elementor-widget elementor-widget-spacer\" data-id=\"0511354\" data-element_type=\"widget\" data-widget_type=\"spacer.default\">\n\t\t\t\t<div class=\"elementor-widget-container\">\n\t\t\t\t\t\t\t<div class=\"elementor-spacer\">\n\t\t\t<div class=\"elementor-spacer-inner\"><\/div>\n\t\t<\/div>\n\t\t\t\t\t\t<\/div>\n\t\t\t\t<\/div>\n\t\t\t\t<div class=\"elementor-element elementor-element-437b099 elementor-widget elementor-widget-heading\" data-id=\"437b099\" data-element_type=\"widget\" data-widget_type=\"heading.default\">\n\t\t\t\t<div class=\"elementor-widget-container\">\n\t\t\t\t\t<h1 class=\"elementor-heading-title elementor-size-default\">La Zampogna: simbolo della Valle di Comino tra tradizioni natalizie e modernit\u00e0\n<\/h1>\t\t\t\t<\/div>\n\t\t\t\t<\/div>\n\t\t\t\t<div class=\"elementor-element elementor-element-14dc43d elementor-widget-divider--view-line elementor-widget elementor-widget-divider\" data-id=\"14dc43d\" data-element_type=\"widget\" data-widget_type=\"divider.default\">\n\t\t\t\t<div class=\"elementor-widget-container\">\n\t\t\t\t\t\t\t<div class=\"elementor-divider\">\n\t\t\t<span class=\"elementor-divider-separator\">\n\t\t\t\t\t\t<\/span>\n\t\t<\/div>\n\t\t\t\t\t\t<\/div>\n\t\t\t\t<\/div>\n\t\t\t\t<section class=\"elementor-section elementor-inner-section elementor-element elementor-element-f719bcb elementor-section-boxed elementor-section-height-default elementor-section-height-default\" data-id=\"f719bcb\" data-element_type=\"section\">\n\t\t\t\t\t\t<div class=\"elementor-container elementor-column-gap-extended\">\n\t\t\t\t\t<div class=\"elementor-column elementor-col-100 elementor-inner-column elementor-element elementor-element-3feaf5c sc_layouts_column_icons_position_left\" data-id=\"3feaf5c\" data-element_type=\"column\">\n\t\t\t<div class=\"elementor-widget-wrap elementor-element-populated\">\n\t\t\t\t\t\t<div class=\"elementor-element elementor-element-50c16c7 elementor-hidden-mobile elementor-widget elementor-widget-spacer\" data-id=\"50c16c7\" data-element_type=\"widget\" data-widget_type=\"spacer.default\">\n\t\t\t\t<div class=\"elementor-widget-container\">\n\t\t\t\t\t\t\t<div class=\"elementor-spacer\">\n\t\t\t<div class=\"elementor-spacer-inner\"><\/div>\n\t\t<\/div>\n\t\t\t\t\t\t<\/div>\n\t\t\t\t<\/div>\n\t\t\t\t\t<\/div>\n\t\t<\/div>\n\t\t\t\t\t<\/div>\n\t\t<\/section>\n\t\t\t\t\t<\/div>\n\t\t<\/div>\n\t\t\t\t\t<\/div>\n\t\t<\/section>\n\t\t\t\t<section class=\"elementor-section elementor-top-section elementor-element elementor-element-3037cf1 elementor-section-stretched elementor-section-boxed elementor-section-height-default elementor-section-height-default\" data-id=\"3037cf1\" data-element_type=\"section\" data-settings=\"{&quot;stretch_section&quot;:&quot;section-stretched&quot;}\">\n\t\t\t\t\t\t<div class=\"elementor-container elementor-column-gap-extended\">\n\t\t\t\t\t<div class=\"elementor-column elementor-col-100 elementor-top-column elementor-element elementor-element-5dbdc07 sc_layouts_column_icons_position_left\" data-id=\"5dbdc07\" data-element_type=\"column\">\n\t\t\t<div class=\"elementor-widget-wrap elementor-element-populated\">\n\t\t\t\t\t\t<div class=\"elementor-element elementor-element-c91b868 elementor-widget elementor-widget-text-editor\" data-id=\"c91b868\" data-element_type=\"widget\" data-widget_type=\"text-editor.default\">\n\t\t\t\t<div class=\"elementor-widget-container\">\n\t\t\t\t\t\t\t\t\t<p><span style=\"font-weight: 400;\">La <\/span><b>zampogna<\/b><span style=\"font-weight: 400;\">, con la sua magia intrinseca e la connessione radicata nelle tradizioni natalizie, si erge come il <\/span><b>simbolo per eccellenza della Valle di Comino e della ricca tradizione musicale del Centro Italia<\/b><span style=\"font-weight: 400;\">. Nel periodo natalizio il suo suono caratteristico risuona tra i borghi di questo piccolo angolo d\u2019Italia, quando gli zampognari pellegrinano qua e l\u00e0 intonando melodie della tradizione che rallegrano il cuore, rimandando con la mente ad un tempo lontano, di un Natale semplice, quando fare festa significava suonare e cantare.\u00a0<\/span><\/p><p><span style=\"font-weight: 400;\">Ma la sua melodia, carica di storia e significato, non si limita al periodo natalizio, poich\u00e9 tale strumento assume sempre di pi\u00f9 un ruolo rilevante nella societ\u00e0 moderna, adattandosi anche a nuovi generi musicali, come il rock.<\/span><\/p>\t\t\t\t\t\t\t\t<\/div>\n\t\t\t\t<\/div>\n\t\t\t\t\t<\/div>\n\t\t<\/div>\n\t\t\t\t\t<\/div>\n\t\t<\/section>\n\t\t\t\t<section class=\"elementor-section elementor-top-section elementor-element elementor-element-717e6f2 elementor-section-boxed elementor-section-height-default elementor-section-height-default\" data-id=\"717e6f2\" data-element_type=\"section\">\n\t\t\t\t\t\t<div class=\"elementor-container elementor-column-gap-extended\">\n\t\t\t\t\t<div class=\"elementor-column elementor-col-100 elementor-top-column elementor-element elementor-element-ab8436f sc_layouts_column_icons_position_left\" data-id=\"ab8436f\" data-element_type=\"column\">\n\t\t\t<div class=\"elementor-widget-wrap elementor-element-populated\">\n\t\t\t\t\t\t<div class=\"elementor-element elementor-element-d368501 elementor-widget elementor-widget-spacer\" data-id=\"d368501\" data-element_type=\"widget\" data-widget_type=\"spacer.default\">\n\t\t\t\t<div class=\"elementor-widget-container\">\n\t\t\t\t\t\t\t<div class=\"elementor-spacer\">\n\t\t\t<div class=\"elementor-spacer-inner\"><\/div>\n\t\t<\/div>\n\t\t\t\t\t\t<\/div>\n\t\t\t\t<\/div>\n\t\t\t\t\t<\/div>\n\t\t<\/div>\n\t\t\t\t\t<\/div>\n\t\t<\/section>\n\t\t\t\t<section class=\"elementor-section elementor-top-section elementor-element elementor-element-a4b5248 elementor-section-stretched elementor-hidden-tablet elementor-section-boxed elementor-section-height-default elementor-section-height-default\" data-id=\"a4b5248\" data-element_type=\"section\" data-settings=\"{&quot;stretch_section&quot;:&quot;section-stretched&quot;}\">\n\t\t\t\t\t\t<div class=\"elementor-container elementor-column-gap-extended\">\n\t\t\t\t\t<div class=\"elementor-column elementor-col-50 elementor-top-column elementor-element elementor-element-7df66ae sc_layouts_column_icons_position_left\" data-id=\"7df66ae\" data-element_type=\"column\">\n\t\t\t<div class=\"elementor-widget-wrap elementor-element-populated\">\n\t\t\t\t\t\t<div class=\"elementor-element elementor-element-8ab75d2 elementor-widget elementor-widget-heading\" data-id=\"8ab75d2\" data-element_type=\"widget\" data-widget_type=\"heading.default\">\n\t\t\t\t<div class=\"elementor-widget-container\">\n\t\t\t\t\t<h1 class=\"elementor-heading-title elementor-size-default\">Uno strumento, tante versioni, ognuna originale <\/h1>\t\t\t\t<\/div>\n\t\t\t\t<\/div>\n\t\t\t\t<div class=\"elementor-element elementor-element-a420457 elementor-widget-divider--view-line elementor-widget elementor-widget-divider\" data-id=\"a420457\" data-element_type=\"widget\" data-widget_type=\"divider.default\">\n\t\t\t\t<div class=\"elementor-widget-container\">\n\t\t\t\t\t\t\t<div class=\"elementor-divider\">\n\t\t\t<span class=\"elementor-divider-separator\">\n\t\t\t\t\t\t<\/span>\n\t\t<\/div>\n\t\t\t\t\t\t<\/div>\n\t\t\t\t<\/div>\n\t\t\t\t<div class=\"elementor-element elementor-element-754d0bf elementor-widget elementor-widget-spacer\" data-id=\"754d0bf\" data-element_type=\"widget\" data-widget_type=\"spacer.default\">\n\t\t\t\t<div class=\"elementor-widget-container\">\n\t\t\t\t\t\t\t<div class=\"elementor-spacer\">\n\t\t\t<div class=\"elementor-spacer-inner\"><\/div>\n\t\t<\/div>\n\t\t\t\t\t\t<\/div>\n\t\t\t\t<\/div>\n\t\t\t\t<div class=\"elementor-element elementor-element-5dba291 elementor-widget elementor-widget-text-editor\" data-id=\"5dba291\" data-element_type=\"widget\" data-widget_type=\"text-editor.default\">\n\t\t\t\t<div class=\"elementor-widget-container\">\n\t\t\t\t\t\t\t\t\t<p><span style=\"font-weight: 400;\">La zampogna \u00e8 uno strumento musicale a fiato tipico della tradizione popolare italiana, molto diffuso nelle regioni del centro-sud.<\/span><\/p><p><span style=\"font-weight: 400;\">In <\/span><b>Valle di Comino<\/b><span style=\"font-weight: 400;\">, tra paesaggi mozzafiato e piccoli borghi, si sono sviluppate <\/span><b>tecniche uniche di costruzione e di suono<\/b><span style=\"font-weight: 400;\"> che caratterizzano questo strumento, costituito\u00a0 da un insieme di canne di diversa lunghezza, che producono suoni differenti quando vengono soffiate.\u00a0<\/span><\/p><p><span style=\"font-weight: 400;\">La musica della zampogna nella Valle di Comino \u00e8 tipicamente legata a celebrazioni religiose e festivit\u00e0 tradizionali, ma essa accompagna anche eventi importanti, come matrimoni.<\/span><\/p>\t\t\t\t\t\t\t\t<\/div>\n\t\t\t\t<\/div>\n\t\t\t\t\t<\/div>\n\t\t<\/div>\n\t\t\t\t<div class=\"elementor-column elementor-col-50 elementor-top-column elementor-element elementor-element-617284f sc_layouts_column_icons_position_left\" data-id=\"617284f\" data-element_type=\"column\" data-settings=\"{&quot;background_background&quot;:&quot;classic&quot;}\">\n\t\t\t<div class=\"elementor-widget-wrap elementor-element-populated\">\n\t\t\t\t\t\t<div class=\"elementor-element elementor-element-289d2e0 elementor-widget elementor-widget-spacer\" data-id=\"289d2e0\" data-element_type=\"widget\" data-widget_type=\"spacer.default\">\n\t\t\t\t<div class=\"elementor-widget-container\">\n\t\t\t\t\t\t\t<div class=\"elementor-spacer\">\n\t\t\t<div class=\"elementor-spacer-inner\"><\/div>\n\t\t<\/div>\n\t\t\t\t\t\t<\/div>\n\t\t\t\t<\/div>\n\t\t\t\t<div class=\"elementor-element elementor-element-0adb674 elementor-widget elementor-widget-image\" data-id=\"0adb674\" data-element_type=\"widget\" data-widget_type=\"image.default\">\n\t\t\t\t<div class=\"elementor-widget-container\">\n\t\t\t\t\t\t\t\t\t\t\t\t\t\t\t<img fetchpriority=\"high\" decoding=\"async\" width=\"720\" height=\"540\" src=\"https:\/\/www.dmociociariavalledicomino.it\/wp-content\/uploads\/2023\/11\/calamaus_png-1.png\" class=\"attachment-full size-full wp-image-11861\" alt=\"\" srcset=\"https:\/\/www.dmociociariavalledicomino.it\/wp-content\/uploads\/2023\/11\/calamaus_png-1.png 720w, https:\/\/www.dmociociariavalledicomino.it\/wp-content\/uploads\/2023\/11\/calamaus_png-1-300x225.png 300w, https:\/\/www.dmociociariavalledicomino.it\/wp-content\/uploads\/2023\/11\/calamaus_png-1-16x12.png 16w, https:\/\/www.dmociociariavalledicomino.it\/wp-content\/uploads\/2023\/11\/calamaus_png-1-370x278.png 370w, https:\/\/www.dmociociariavalledicomino.it\/wp-content\/uploads\/2023\/11\/calamaus_png-1-390x293.png 390w, https:\/\/www.dmociociariavalledicomino.it\/wp-content\/uploads\/2023\/11\/calamaus_png-1-600x450.png 600w\" sizes=\"(max-width: 720px) 100vw, 720px\" \/>\t\t\t\t\t\t\t\t\t\t\t\t\t\t\t<\/div>\n\t\t\t\t<\/div>\n\t\t\t\t<div class=\"elementor-element elementor-element-eafcd57 elementor-widget elementor-widget-spacer\" data-id=\"eafcd57\" data-element_type=\"widget\" data-widget_type=\"spacer.default\">\n\t\t\t\t<div class=\"elementor-widget-container\">\n\t\t\t\t\t\t\t<div class=\"elementor-spacer\">\n\t\t\t<div class=\"elementor-spacer-inner\"><\/div>\n\t\t<\/div>\n\t\t\t\t\t\t<\/div>\n\t\t\t\t<\/div>\n\t\t\t\t\t<\/div>\n\t\t<\/div>\n\t\t\t\t\t<\/div>\n\t\t<\/section>\n\t\t\t\t<section class=\"elementor-section elementor-top-section elementor-element elementor-element-8ec6436 elementor-section-stretched elementor-hidden-desktop elementor-hidden-mobile elementor-section-boxed elementor-section-height-default elementor-section-height-default\" data-id=\"8ec6436\" data-element_type=\"section\" data-settings=\"{&quot;stretch_section&quot;:&quot;section-stretched&quot;}\">\n\t\t\t\t\t\t<div class=\"elementor-container elementor-column-gap-extended\">\n\t\t\t\t\t<div class=\"elementor-column elementor-col-100 elementor-top-column elementor-element elementor-element-7039372 sc_layouts_column_icons_position_left\" data-id=\"7039372\" data-element_type=\"column\">\n\t\t\t<div class=\"elementor-widget-wrap elementor-element-populated\">\n\t\t\t\t\t\t<div class=\"elementor-element elementor-element-fb22f00 elementor-widget elementor-widget-heading\" data-id=\"fb22f00\" data-element_type=\"widget\" data-widget_type=\"heading.default\">\n\t\t\t\t<div class=\"elementor-widget-container\">\n\t\t\t\t\t<h1 class=\"elementor-heading-title elementor-size-default\">Uno strumento, tante versioni, ognuna originale <\/h1>\t\t\t\t<\/div>\n\t\t\t\t<\/div>\n\t\t\t\t<div class=\"elementor-element elementor-element-ec664ac elementor-widget-divider--view-line elementor-widget elementor-widget-divider\" data-id=\"ec664ac\" data-element_type=\"widget\" data-widget_type=\"divider.default\">\n\t\t\t\t<div class=\"elementor-widget-container\">\n\t\t\t\t\t\t\t<div class=\"elementor-divider\">\n\t\t\t<span class=\"elementor-divider-separator\">\n\t\t\t\t\t\t<\/span>\n\t\t<\/div>\n\t\t\t\t\t\t<\/div>\n\t\t\t\t<\/div>\n\t\t\t\t<div class=\"elementor-element elementor-element-2b389c7 elementor-widget elementor-widget-spacer\" data-id=\"2b389c7\" data-element_type=\"widget\" data-widget_type=\"spacer.default\">\n\t\t\t\t<div class=\"elementor-widget-container\">\n\t\t\t\t\t\t\t<div class=\"elementor-spacer\">\n\t\t\t<div class=\"elementor-spacer-inner\"><\/div>\n\t\t<\/div>\n\t\t\t\t\t\t<\/div>\n\t\t\t\t<\/div>\n\t\t\t\t<div class=\"elementor-element elementor-element-462a070 elementor-widget elementor-widget-text-editor\" data-id=\"462a070\" data-element_type=\"widget\" data-widget_type=\"text-editor.default\">\n\t\t\t\t<div class=\"elementor-widget-container\">\n\t\t\t\t\t\t\t\t\t<p><span style=\"font-weight: 400;\">La zampogna \u00e8 uno strumento musicale a fiato tipico della tradizione popolare italiana, molto diffuso nelle regioni del centro-sud.<\/span><\/p><p><span style=\"font-weight: 400;\">In <\/span><b>Valle di Comino<\/b><span style=\"font-weight: 400;\">, tra paesaggi mozzafiato e piccoli borghi, si sono sviluppate <\/span><b>tecniche uniche di costruzione e di suono<\/b><span style=\"font-weight: 400;\"> che caratterizzano questo strumento, costituito\u00a0 da un insieme di canne di diversa lunghezza, che producono suoni differenti quando vengono soffiate.\u00a0<\/span><\/p><p><span style=\"font-weight: 400;\">La musica della zampogna nella Valle di Comino \u00e8 tipicamente legata a celebrazioni religiose e festivit\u00e0 tradizionali, ma essa accompagna anche eventi importanti, come matrimoni.<\/span><\/p>\t\t\t\t\t\t\t\t<\/div>\n\t\t\t\t<\/div>\n\t\t\t\t<div class=\"elementor-element elementor-element-f908f52 elementor-widget elementor-widget-spacer\" data-id=\"f908f52\" data-element_type=\"widget\" data-widget_type=\"spacer.default\">\n\t\t\t\t<div class=\"elementor-widget-container\">\n\t\t\t\t\t\t\t<div class=\"elementor-spacer\">\n\t\t\t<div class=\"elementor-spacer-inner\"><\/div>\n\t\t<\/div>\n\t\t\t\t\t\t<\/div>\n\t\t\t\t<\/div>\n\t\t\t\t<div class=\"elementor-element elementor-element-a57300e elementor-widget elementor-widget-image\" data-id=\"a57300e\" data-element_type=\"widget\" data-widget_type=\"image.default\">\n\t\t\t\t<div class=\"elementor-widget-container\">\n\t\t\t\t\t\t\t\t\t\t\t\t\t\t\t<img fetchpriority=\"high\" decoding=\"async\" width=\"720\" height=\"540\" src=\"https:\/\/www.dmociociariavalledicomino.it\/wp-content\/uploads\/2023\/11\/calamaus_png-1.png\" class=\"attachment-full size-full wp-image-11861\" alt=\"\" srcset=\"https:\/\/www.dmociociariavalledicomino.it\/wp-content\/uploads\/2023\/11\/calamaus_png-1.png 720w, https:\/\/www.dmociociariavalledicomino.it\/wp-content\/uploads\/2023\/11\/calamaus_png-1-300x225.png 300w, https:\/\/www.dmociociariavalledicomino.it\/wp-content\/uploads\/2023\/11\/calamaus_png-1-16x12.png 16w, https:\/\/www.dmociociariavalledicomino.it\/wp-content\/uploads\/2023\/11\/calamaus_png-1-370x278.png 370w, https:\/\/www.dmociociariavalledicomino.it\/wp-content\/uploads\/2023\/11\/calamaus_png-1-390x293.png 390w, https:\/\/www.dmociociariavalledicomino.it\/wp-content\/uploads\/2023\/11\/calamaus_png-1-600x450.png 600w\" sizes=\"(max-width: 720px) 100vw, 720px\" \/>\t\t\t\t\t\t\t\t\t\t\t\t\t\t\t<\/div>\n\t\t\t\t<\/div>\n\t\t\t\t<div class=\"elementor-element elementor-element-db33d70 elementor-widget elementor-widget-spacer\" data-id=\"db33d70\" data-element_type=\"widget\" data-widget_type=\"spacer.default\">\n\t\t\t\t<div class=\"elementor-widget-container\">\n\t\t\t\t\t\t\t<div class=\"elementor-spacer\">\n\t\t\t<div class=\"elementor-spacer-inner\"><\/div>\n\t\t<\/div>\n\t\t\t\t\t\t<\/div>\n\t\t\t\t<\/div>\n\t\t\t\t\t<\/div>\n\t\t<\/div>\n\t\t\t\t\t<\/div>\n\t\t<\/section>\n\t\t\t\t<section class=\"elementor-section elementor-top-section elementor-element elementor-element-7fd3f76 elementor-section-boxed elementor-section-height-default elementor-section-height-default\" data-id=\"7fd3f76\" data-element_type=\"section\">\n\t\t\t\t\t\t<div class=\"elementor-container elementor-column-gap-extended\">\n\t\t\t\t\t<div class=\"elementor-column elementor-col-100 elementor-top-column elementor-element elementor-element-fdfb41a sc_layouts_column_icons_position_left\" data-id=\"fdfb41a\" data-element_type=\"column\">\n\t\t\t<div class=\"elementor-widget-wrap elementor-element-populated\">\n\t\t\t\t\t\t<div class=\"elementor-element elementor-element-d6e0bca elementor-widget elementor-widget-spacer\" data-id=\"d6e0bca\" data-element_type=\"widget\" data-widget_type=\"spacer.default\">\n\t\t\t\t<div class=\"elementor-widget-container\">\n\t\t\t\t\t\t\t<div class=\"elementor-spacer\">\n\t\t\t<div class=\"elementor-spacer-inner\"><\/div>\n\t\t<\/div>\n\t\t\t\t\t\t<\/div>\n\t\t\t\t<\/div>\n\t\t\t\t\t<\/div>\n\t\t<\/div>\n\t\t\t\t\t<\/div>\n\t\t<\/section>\n\t\t\t\t<section class=\"elementor-section elementor-top-section elementor-element elementor-element-5691772 elementor-section-stretched elementor-hidden-tablet elementor-section-boxed elementor-section-height-default elementor-section-height-default\" data-id=\"5691772\" data-element_type=\"section\" data-settings=\"{&quot;stretch_section&quot;:&quot;section-stretched&quot;}\">\n\t\t\t\t\t\t<div class=\"elementor-container elementor-column-gap-extended\">\n\t\t\t\t\t<div class=\"elementor-column elementor-col-50 elementor-top-column elementor-element elementor-element-3a5f393 sc_layouts_column_icons_position_left\" data-id=\"3a5f393\" data-element_type=\"column\">\n\t\t\t<div class=\"elementor-widget-wrap elementor-element-populated\">\n\t\t\t\t\t\t<div class=\"elementor-element elementor-element-a3039a0 elementor-widget elementor-widget-heading\" data-id=\"a3039a0\" data-element_type=\"widget\" data-widget_type=\"heading.default\">\n\t\t\t\t<div class=\"elementor-widget-container\">\n\t\t\t\t\t<h1 class=\"elementor-heading-title elementor-size-default\"><a href=\"https:\/\/fb.watch\/owpZ0j23lN\/\">La missione dell\u2019Associazione culturale Calamus<\/a><\/h1>\t\t\t\t<\/div>\n\t\t\t\t<\/div>\n\t\t\t\t<div class=\"elementor-element elementor-element-90e8e41 elementor-widget-divider--view-line elementor-widget elementor-widget-divider\" data-id=\"90e8e41\" data-element_type=\"widget\" data-widget_type=\"divider.default\">\n\t\t\t\t<div class=\"elementor-widget-container\">\n\t\t\t\t\t\t\t<div class=\"elementor-divider\">\n\t\t\t<span class=\"elementor-divider-separator\">\n\t\t\t\t\t\t<\/span>\n\t\t<\/div>\n\t\t\t\t\t\t<\/div>\n\t\t\t\t<\/div>\n\t\t\t\t<div class=\"elementor-element elementor-element-ff5fd4e elementor-widget elementor-widget-spacer\" data-id=\"ff5fd4e\" data-element_type=\"widget\" data-widget_type=\"spacer.default\">\n\t\t\t\t<div class=\"elementor-widget-container\">\n\t\t\t\t\t\t\t<div class=\"elementor-spacer\">\n\t\t\t<div class=\"elementor-spacer-inner\"><\/div>\n\t\t<\/div>\n\t\t\t\t\t\t<\/div>\n\t\t\t\t<\/div>\n\t\t\t\t<div class=\"elementor-element elementor-element-c92c61f elementor-widget elementor-widget-text-editor\" data-id=\"c92c61f\" data-element_type=\"widget\" data-widget_type=\"text-editor.default\">\n\t\t\t\t<div class=\"elementor-widget-container\">\n\t\t\t\t\t\t\t\t\t<p><span style=\"font-weight: 400;\">L&#8217;<\/span><b><a href=\"http:\/\/www.calamus.it\" target=\"_blank\" rel=\"noopener\">Associazione culturale &#8220;Calamus&#8221;<\/a><\/b><span style=\"font-weight: 400;\">, nata con l&#8217;obiettivo di promuovere, studiare e valorizzare le attivit\u00e0 legate all&#8217;antico strumento musicale della zampogna, svolge un ruolo chiave nella rinascita di questo simbolo della tradizione che ancora oggi rappresenta un <\/span><b>forte elemento di identit\u00e0 della Valle di Comino<\/b><span style=\"font-weight: 400;\">.<\/span><\/p><p><span style=\"font-weight: 400;\">Oltre all\u2019organizzazione di numerose concerti e iniziative per promuovere la cultura musicale tradizionale del territorio, l\u2019associazione si \u00e8 posta la missione di <\/span><b>preservare le antiche memorie e testimonianze storiche, culturali, artistiche e tecniche legate alla zampogna<\/b><span style=\"font-weight: 400;\">.\u00a0<\/span><\/p><p><span style=\"font-weight: 400;\">Un focus importante \u00e8 stato dedicato al recupero delle antiche tecniche costruttive, con l&#8217;obiettivo di istruire e formare nuovi giovani costruttori di zampogne.\u00a0\u00a0<\/span><\/p><p><span style=\"font-weight: 400;\">Oggi l\u2019associazione, con il suo forte impegno e profondo interesse, \u00e8 diventata un punto di riferimento internazionale\u00a0 per appassionati e studiosi, contribuendo significativamente alla valorizzazione e diffusione della cultura legata alla zampogna a livello nazionale e internazionale. <\/span><\/p>\t\t\t\t\t\t\t\t<\/div>\n\t\t\t\t<\/div>\n\t\t\t\t\t<\/div>\n\t\t<\/div>\n\t\t\t\t<div class=\"elementor-column elementor-col-50 elementor-top-column elementor-element elementor-element-7007dd0 sc_layouts_column_icons_position_left\" data-id=\"7007dd0\" data-element_type=\"column\" data-settings=\"{&quot;background_background&quot;:&quot;classic&quot;}\">\n\t\t\t<div class=\"elementor-widget-wrap elementor-element-populated\">\n\t\t\t\t\t\t<div class=\"elementor-element elementor-element-d8c40b1 elementor-widget elementor-widget-spacer\" data-id=\"d8c40b1\" data-element_type=\"widget\" data-widget_type=\"spacer.default\">\n\t\t\t\t<div class=\"elementor-widget-container\">\n\t\t\t\t\t\t\t<div class=\"elementor-spacer\">\n\t\t\t<div class=\"elementor-spacer-inner\"><\/div>\n\t\t<\/div>\n\t\t\t\t\t\t<\/div>\n\t\t\t\t<\/div>\n\t\t\t\t<div class=\"elementor-element elementor-element-6d2d503 elementor-widget elementor-widget-image\" data-id=\"6d2d503\" data-element_type=\"widget\" data-widget_type=\"image.default\">\n\t\t\t\t<div class=\"elementor-widget-container\">\n\t\t\t\t\t\t\t\t\t\t\t\t\t\t\t<img decoding=\"async\" width=\"720\" height=\"540\" src=\"https:\/\/www.dmociociariavalledicomino.it\/wp-content\/uploads\/2023\/11\/calamaus1_.jpg\" class=\"attachment-large size-large wp-image-11857\" alt=\"\" srcset=\"https:\/\/www.dmociociariavalledicomino.it\/wp-content\/uploads\/2023\/11\/calamaus1_.jpg 720w, https:\/\/www.dmociociariavalledicomino.it\/wp-content\/uploads\/2023\/11\/calamaus1_-300x225.jpg 300w, https:\/\/www.dmociociariavalledicomino.it\/wp-content\/uploads\/2023\/11\/calamaus1_-16x12.jpg 16w, https:\/\/www.dmociociariavalledicomino.it\/wp-content\/uploads\/2023\/11\/calamaus1_-370x278.jpg 370w, https:\/\/www.dmociociariavalledicomino.it\/wp-content\/uploads\/2023\/11\/calamaus1_-390x293.jpg 390w, https:\/\/www.dmociociariavalledicomino.it\/wp-content\/uploads\/2023\/11\/calamaus1_-600x450.jpg 600w\" sizes=\"(max-width: 720px) 100vw, 720px\" \/>\t\t\t\t\t\t\t\t\t\t\t\t\t\t\t<\/div>\n\t\t\t\t<\/div>\n\t\t\t\t<div class=\"elementor-element elementor-element-b811230 elementor-widget elementor-widget-spacer\" data-id=\"b811230\" data-element_type=\"widget\" data-widget_type=\"spacer.default\">\n\t\t\t\t<div class=\"elementor-widget-container\">\n\t\t\t\t\t\t\t<div class=\"elementor-spacer\">\n\t\t\t<div class=\"elementor-spacer-inner\"><\/div>\n\t\t<\/div>\n\t\t\t\t\t\t<\/div>\n\t\t\t\t<\/div>\n\t\t\t\t\t<\/div>\n\t\t<\/div>\n\t\t\t\t\t<\/div>\n\t\t<\/section>\n\t\t\t\t<section class=\"elementor-section elementor-top-section elementor-element elementor-element-0a04dcd elementor-section-stretched elementor-hidden-desktop elementor-hidden-mobile elementor-section-boxed elementor-section-height-default elementor-section-height-default\" data-id=\"0a04dcd\" data-element_type=\"section\" data-settings=\"{&quot;stretch_section&quot;:&quot;section-stretched&quot;}\">\n\t\t\t\t\t\t<div class=\"elementor-container elementor-column-gap-extended\">\n\t\t\t\t\t<div class=\"elementor-column elementor-col-100 elementor-top-column elementor-element elementor-element-d1c034c sc_layouts_column_icons_position_left\" data-id=\"d1c034c\" data-element_type=\"column\">\n\t\t\t<div class=\"elementor-widget-wrap elementor-element-populated\">\n\t\t\t\t\t\t<div class=\"elementor-element elementor-element-69ddf36 elementor-widget elementor-widget-heading\" data-id=\"69ddf36\" data-element_type=\"widget\" data-widget_type=\"heading.default\">\n\t\t\t\t<div class=\"elementor-widget-container\">\n\t\t\t\t\t<h1 class=\"elementor-heading-title elementor-size-default\"><a href=\"https:\/\/fb.watch\/owpZ0j23lN\/\">La missione dell\u2019Associazione culturale Calamus<\/a><\/h1>\t\t\t\t<\/div>\n\t\t\t\t<\/div>\n\t\t\t\t<div class=\"elementor-element elementor-element-530629d elementor-widget-divider--view-line elementor-widget elementor-widget-divider\" data-id=\"530629d\" data-element_type=\"widget\" data-widget_type=\"divider.default\">\n\t\t\t\t<div class=\"elementor-widget-container\">\n\t\t\t\t\t\t\t<div class=\"elementor-divider\">\n\t\t\t<span class=\"elementor-divider-separator\">\n\t\t\t\t\t\t<\/span>\n\t\t<\/div>\n\t\t\t\t\t\t<\/div>\n\t\t\t\t<\/div>\n\t\t\t\t<div class=\"elementor-element elementor-element-430574f elementor-widget elementor-widget-spacer\" data-id=\"430574f\" data-element_type=\"widget\" data-widget_type=\"spacer.default\">\n\t\t\t\t<div class=\"elementor-widget-container\">\n\t\t\t\t\t\t\t<div class=\"elementor-spacer\">\n\t\t\t<div class=\"elementor-spacer-inner\"><\/div>\n\t\t<\/div>\n\t\t\t\t\t\t<\/div>\n\t\t\t\t<\/div>\n\t\t\t\t<div class=\"elementor-element elementor-element-f55b37c elementor-widget elementor-widget-text-editor\" data-id=\"f55b37c\" data-element_type=\"widget\" data-widget_type=\"text-editor.default\">\n\t\t\t\t<div class=\"elementor-widget-container\">\n\t\t\t\t\t\t\t\t\t<p><span style=\"font-weight: 400;\">L&#8217;<\/span><b><a href=\"http:\/\/www.calamus.it\" target=\"_blank\" rel=\"noopener\">Associazione culturale &#8220;Calamus&#8221;<\/a><\/b><span style=\"font-weight: 400;\">, nata con l&#8217;obiettivo di promuovere, studiare e valorizzare le attivit\u00e0 legate all&#8217;antico strumento musicale della zampogna, svolge un ruolo chiave nella rinascita di questo simbolo della tradizione che ancora oggi rappresenta un <\/span><b>forte elemento di identit\u00e0 della Valle di Comino<\/b><span style=\"font-weight: 400;\">.<\/span><\/p><p><span style=\"font-weight: 400;\">Oltre all\u2019organizzazione di numerose concerti e iniziative per promuovere la cultura musicale tradizionale del territorio, l\u2019associazione si \u00e8 posta la missione di <\/span><b>preservare le antiche memorie e testimonianze storiche, culturali, artistiche e tecniche legate alla zampogna<\/b><span style=\"font-weight: 400;\">.\u00a0<\/span><\/p><p><span style=\"font-weight: 400;\">Un focus importante \u00e8 stato dedicato al recupero delle antiche tecniche costruttive, con l&#8217;obiettivo di istruire e formare nuovi giovani costruttori di zampogne.\u00a0\u00a0<\/span><\/p><p><span style=\"font-weight: 400;\">Oggi l\u2019associazione, con il suo forte impegno e profondo interesse, \u00e8 diventata un punto di riferimento internazionale\u00a0 per appassionati e studiosi, contribuendo significativamente alla valorizzazione e diffusione della cultura legata alla zampogna a livello nazionale e internazionale. <\/span><\/p>\t\t\t\t\t\t\t\t<\/div>\n\t\t\t\t<\/div>\n\t\t\t\t<div class=\"elementor-element elementor-element-6da5d82 elementor-widget elementor-widget-spacer\" data-id=\"6da5d82\" data-element_type=\"widget\" data-widget_type=\"spacer.default\">\n\t\t\t\t<div class=\"elementor-widget-container\">\n\t\t\t\t\t\t\t<div class=\"elementor-spacer\">\n\t\t\t<div class=\"elementor-spacer-inner\"><\/div>\n\t\t<\/div>\n\t\t\t\t\t\t<\/div>\n\t\t\t\t<\/div>\n\t\t\t\t<div class=\"elementor-element elementor-element-f98b640 elementor-widget elementor-widget-image\" data-id=\"f98b640\" data-element_type=\"widget\" data-widget_type=\"image.default\">\n\t\t\t\t<div class=\"elementor-widget-container\">\n\t\t\t\t\t\t\t\t\t\t\t\t\t\t\t<img decoding=\"async\" width=\"720\" height=\"540\" src=\"https:\/\/www.dmociociariavalledicomino.it\/wp-content\/uploads\/2023\/11\/calamaus1_.jpg\" class=\"attachment-large size-large wp-image-11857\" alt=\"\" srcset=\"https:\/\/www.dmociociariavalledicomino.it\/wp-content\/uploads\/2023\/11\/calamaus1_.jpg 720w, https:\/\/www.dmociociariavalledicomino.it\/wp-content\/uploads\/2023\/11\/calamaus1_-300x225.jpg 300w, https:\/\/www.dmociociariavalledicomino.it\/wp-content\/uploads\/2023\/11\/calamaus1_-16x12.jpg 16w, https:\/\/www.dmociociariavalledicomino.it\/wp-content\/uploads\/2023\/11\/calamaus1_-370x278.jpg 370w, https:\/\/www.dmociociariavalledicomino.it\/wp-content\/uploads\/2023\/11\/calamaus1_-390x293.jpg 390w, https:\/\/www.dmociociariavalledicomino.it\/wp-content\/uploads\/2023\/11\/calamaus1_-600x450.jpg 600w\" sizes=\"(max-width: 720px) 100vw, 720px\" \/>\t\t\t\t\t\t\t\t\t\t\t\t\t\t\t<\/div>\n\t\t\t\t<\/div>\n\t\t\t\t<div class=\"elementor-element elementor-element-af446e1 elementor-widget elementor-widget-spacer\" data-id=\"af446e1\" data-element_type=\"widget\" data-widget_type=\"spacer.default\">\n\t\t\t\t<div class=\"elementor-widget-container\">\n\t\t\t\t\t\t\t<div class=\"elementor-spacer\">\n\t\t\t<div class=\"elementor-spacer-inner\"><\/div>\n\t\t<\/div>\n\t\t\t\t\t\t<\/div>\n\t\t\t\t<\/div>\n\t\t\t\t\t<\/div>\n\t\t<\/div>\n\t\t\t\t\t<\/div>\n\t\t<\/section>\n\t\t\t\t<section class=\"elementor-section elementor-top-section elementor-element elementor-element-13f0f10 elementor-section-boxed elementor-section-height-default elementor-section-height-default\" data-id=\"13f0f10\" data-element_type=\"section\">\n\t\t\t\t\t\t<div class=\"elementor-container elementor-column-gap-extended\">\n\t\t\t\t\t<div class=\"elementor-column elementor-col-100 elementor-top-column elementor-element elementor-element-81ac3fa sc_layouts_column_icons_position_left\" data-id=\"81ac3fa\" data-element_type=\"column\">\n\t\t\t<div class=\"elementor-widget-wrap elementor-element-populated\">\n\t\t\t\t\t\t<div class=\"elementor-element elementor-element-a173126 elementor-widget elementor-widget-spacer\" data-id=\"a173126\" data-element_type=\"widget\" data-widget_type=\"spacer.default\">\n\t\t\t\t<div class=\"elementor-widget-container\">\n\t\t\t\t\t\t\t<div class=\"elementor-spacer\">\n\t\t\t<div class=\"elementor-spacer-inner\"><\/div>\n\t\t<\/div>\n\t\t\t\t\t\t<\/div>\n\t\t\t\t<\/div>\n\t\t\t\t\t<\/div>\n\t\t<\/div>\n\t\t\t\t\t<\/div>\n\t\t<\/section>\n\t\t\t\t<section class=\"elementor-section elementor-top-section elementor-element elementor-element-7b189bd elementor-section-stretched elementor-hidden-tablet elementor-section-boxed elementor-section-height-default elementor-section-height-default\" data-id=\"7b189bd\" data-element_type=\"section\" data-settings=\"{&quot;stretch_section&quot;:&quot;section-stretched&quot;}\">\n\t\t\t\t\t\t<div class=\"elementor-container elementor-column-gap-extended\">\n\t\t\t\t\t<div class=\"elementor-column elementor-col-50 elementor-top-column elementor-element elementor-element-80427f2 sc_layouts_column_icons_position_left\" data-id=\"80427f2\" data-element_type=\"column\">\n\t\t\t<div class=\"elementor-widget-wrap elementor-element-populated\">\n\t\t\t\t\t\t<div class=\"elementor-element elementor-element-7669fd1 elementor-widget elementor-widget-heading\" data-id=\"7669fd1\" data-element_type=\"widget\" data-widget_type=\"heading.default\">\n\t\t\t\t<div class=\"elementor-widget-container\">\n\t\t\t\t\t<h1 class=\"elementor-heading-title elementor-size-default\"><a href=\"https:\/\/www.facebook.com\/Echinelvento.VillaLatina\">Echi nel Vento, l\u2019appuntamento con la tradizione <\/a><\/h1>\t\t\t\t<\/div>\n\t\t\t\t<\/div>\n\t\t\t\t<div class=\"elementor-element elementor-element-d7d5644 elementor-widget-divider--view-line elementor-widget elementor-widget-divider\" data-id=\"d7d5644\" data-element_type=\"widget\" data-widget_type=\"divider.default\">\n\t\t\t\t<div class=\"elementor-widget-container\">\n\t\t\t\t\t\t\t<div class=\"elementor-divider\">\n\t\t\t<span class=\"elementor-divider-separator\">\n\t\t\t\t\t\t<\/span>\n\t\t<\/div>\n\t\t\t\t\t\t<\/div>\n\t\t\t\t<\/div>\n\t\t\t\t<div class=\"elementor-element elementor-element-214202e elementor-widget elementor-widget-spacer\" data-id=\"214202e\" data-element_type=\"widget\" data-widget_type=\"spacer.default\">\n\t\t\t\t<div class=\"elementor-widget-container\">\n\t\t\t\t\t\t\t<div class=\"elementor-spacer\">\n\t\t\t<div class=\"elementor-spacer-inner\"><\/div>\n\t\t<\/div>\n\t\t\t\t\t\t<\/div>\n\t\t\t\t<\/div>\n\t\t\t\t<div class=\"elementor-element elementor-element-f3a8f0a elementor-widget elementor-widget-text-editor\" data-id=\"f3a8f0a\" data-element_type=\"widget\" data-widget_type=\"text-editor.default\">\n\t\t\t\t<div class=\"elementor-widget-container\">\n\t\t\t\t\t\t\t\t\t<p><span style=\"font-weight: 400;\">Echi nel Vento \u00e8 la <\/span><b>rassegna internazionale di strumenti aerofoni a riserva d&#8217;aria <\/b><span style=\"font-weight: 400;\">che da alcuni anni consente di apprezzare appieno la bellezza delle zampogne e degli altri strumenti della tradizione musicale locale.\u00a0<\/span><\/p><p><span style=\"font-weight: 400;\">Un viaggio culturale alla scoperta di un mondo straordinario con un programma di appuntamenti incentrati sull&#8217;importanza della tradizione legata a questi antichissimi strumenti musicali, che fanno parte a pieno titolo del patrimonio storico della Valle di Comino.<\/span><\/p>\t\t\t\t\t\t\t\t<\/div>\n\t\t\t\t<\/div>\n\t\t\t\t\t<\/div>\n\t\t<\/div>\n\t\t\t\t<div class=\"elementor-column elementor-col-50 elementor-top-column elementor-element elementor-element-d1abc5e sc_layouts_column_icons_position_left\" data-id=\"d1abc5e\" data-element_type=\"column\" data-settings=\"{&quot;background_background&quot;:&quot;classic&quot;}\">\n\t\t\t<div class=\"elementor-widget-wrap elementor-element-populated\">\n\t\t\t\t\t\t<div class=\"elementor-element elementor-element-f2c75c4 elementor-widget elementor-widget-spacer\" data-id=\"f2c75c4\" data-element_type=\"widget\" data-widget_type=\"spacer.default\">\n\t\t\t\t<div class=\"elementor-widget-container\">\n\t\t\t\t\t\t\t<div class=\"elementor-spacer\">\n\t\t\t<div class=\"elementor-spacer-inner\"><\/div>\n\t\t<\/div>\n\t\t\t\t\t\t<\/div>\n\t\t\t\t<\/div>\n\t\t\t\t<div class=\"elementor-element elementor-element-b72b64c elementor-widget elementor-widget-image\" data-id=\"b72b64c\" data-element_type=\"widget\" data-widget_type=\"image.default\">\n\t\t\t\t<div class=\"elementor-widget-container\">\n\t\t\t\t\t\t\t\t\t\t\t\t\t\t\t<img decoding=\"async\" width=\"720\" height=\"540\" src=\"https:\/\/www.dmociociariavalledicomino.it\/wp-content\/uploads\/2023\/11\/echi-nel-vento.png\" class=\"attachment-large size-large wp-image-11859\" alt=\"\" srcset=\"https:\/\/www.dmociociariavalledicomino.it\/wp-content\/uploads\/2023\/11\/echi-nel-vento.png 720w, https:\/\/www.dmociociariavalledicomino.it\/wp-content\/uploads\/2023\/11\/echi-nel-vento-300x225.png 300w, https:\/\/www.dmociociariavalledicomino.it\/wp-content\/uploads\/2023\/11\/echi-nel-vento-16x12.png 16w, https:\/\/www.dmociociariavalledicomino.it\/wp-content\/uploads\/2023\/11\/echi-nel-vento-370x278.png 370w, https:\/\/www.dmociociariavalledicomino.it\/wp-content\/uploads\/2023\/11\/echi-nel-vento-390x293.png 390w, https:\/\/www.dmociociariavalledicomino.it\/wp-content\/uploads\/2023\/11\/echi-nel-vento-600x450.png 600w\" sizes=\"(max-width: 720px) 100vw, 720px\" \/>\t\t\t\t\t\t\t\t\t\t\t\t\t\t\t<\/div>\n\t\t\t\t<\/div>\n\t\t\t\t<div class=\"elementor-element elementor-element-cd6f2c1 elementor-widget elementor-widget-spacer\" data-id=\"cd6f2c1\" data-element_type=\"widget\" data-widget_type=\"spacer.default\">\n\t\t\t\t<div class=\"elementor-widget-container\">\n\t\t\t\t\t\t\t<div class=\"elementor-spacer\">\n\t\t\t<div class=\"elementor-spacer-inner\"><\/div>\n\t\t<\/div>\n\t\t\t\t\t\t<\/div>\n\t\t\t\t<\/div>\n\t\t\t\t\t<\/div>\n\t\t<\/div>\n\t\t\t\t\t<\/div>\n\t\t<\/section>\n\t\t\t\t<section class=\"elementor-section elementor-top-section elementor-element elementor-element-bf46bee elementor-section-stretched elementor-hidden-desktop elementor-hidden-mobile elementor-section-boxed elementor-section-height-default elementor-section-height-default\" data-id=\"bf46bee\" data-element_type=\"section\" data-settings=\"{&quot;stretch_section&quot;:&quot;section-stretched&quot;}\">\n\t\t\t\t\t\t<div class=\"elementor-container elementor-column-gap-extended\">\n\t\t\t\t\t<div class=\"elementor-column elementor-col-100 elementor-top-column elementor-element elementor-element-5e1d8bf sc_layouts_column_icons_position_left\" data-id=\"5e1d8bf\" data-element_type=\"column\">\n\t\t\t<div class=\"elementor-widget-wrap elementor-element-populated\">\n\t\t\t\t\t\t<div class=\"elementor-element elementor-element-1a7eabf elementor-widget elementor-widget-heading\" data-id=\"1a7eabf\" data-element_type=\"widget\" data-widget_type=\"heading.default\">\n\t\t\t\t<div class=\"elementor-widget-container\">\n\t\t\t\t\t<h1 class=\"elementor-heading-title elementor-size-default\"><a href=\"https:\/\/www.facebook.com\/Echinelvento.VillaLatina\">Echi nel Vento, l\u2019appuntamento con la tradizione <\/a><\/h1>\t\t\t\t<\/div>\n\t\t\t\t<\/div>\n\t\t\t\t<div class=\"elementor-element elementor-element-e49de14 elementor-widget-divider--view-line elementor-widget elementor-widget-divider\" data-id=\"e49de14\" data-element_type=\"widget\" data-widget_type=\"divider.default\">\n\t\t\t\t<div class=\"elementor-widget-container\">\n\t\t\t\t\t\t\t<div class=\"elementor-divider\">\n\t\t\t<span class=\"elementor-divider-separator\">\n\t\t\t\t\t\t<\/span>\n\t\t<\/div>\n\t\t\t\t\t\t<\/div>\n\t\t\t\t<\/div>\n\t\t\t\t<div class=\"elementor-element elementor-element-67b2fb3 elementor-widget elementor-widget-spacer\" data-id=\"67b2fb3\" data-element_type=\"widget\" data-widget_type=\"spacer.default\">\n\t\t\t\t<div class=\"elementor-widget-container\">\n\t\t\t\t\t\t\t<div class=\"elementor-spacer\">\n\t\t\t<div class=\"elementor-spacer-inner\"><\/div>\n\t\t<\/div>\n\t\t\t\t\t\t<\/div>\n\t\t\t\t<\/div>\n\t\t\t\t<div class=\"elementor-element elementor-element-b24a966 elementor-widget elementor-widget-text-editor\" data-id=\"b24a966\" data-element_type=\"widget\" data-widget_type=\"text-editor.default\">\n\t\t\t\t<div class=\"elementor-widget-container\">\n\t\t\t\t\t\t\t\t\t<p><span style=\"font-weight: 400;\">Echi nel Vento \u00e8 la <\/span><b>rassegna internazionale di strumenti aerofoni a riserva d&#8217;aria <\/b><span style=\"font-weight: 400;\">che da alcuni anni consente di apprezzare appieno la bellezza delle zampogne e degli altri strumenti della tradizione musicale locale.\u00a0<\/span><\/p><p><span style=\"font-weight: 400;\">Un viaggio culturale alla scoperta di un mondo straordinario con un programma di appuntamenti incentrati sull&#8217;importanza della tradizione legata a questi antichissimi strumenti musicali, che fanno parte a pieno titolo del patrimonio storico della Valle di Comino.<\/span><\/p>\t\t\t\t\t\t\t\t<\/div>\n\t\t\t\t<\/div>\n\t\t\t\t<div class=\"elementor-element elementor-element-d73ec07 elementor-widget elementor-widget-spacer\" data-id=\"d73ec07\" data-element_type=\"widget\" data-widget_type=\"spacer.default\">\n\t\t\t\t<div class=\"elementor-widget-container\">\n\t\t\t\t\t\t\t<div class=\"elementor-spacer\">\n\t\t\t<div class=\"elementor-spacer-inner\"><\/div>\n\t\t<\/div>\n\t\t\t\t\t\t<\/div>\n\t\t\t\t<\/div>\n\t\t\t\t<div class=\"elementor-element elementor-element-acd15a7 elementor-widget elementor-widget-image\" data-id=\"acd15a7\" data-element_type=\"widget\" data-widget_type=\"image.default\">\n\t\t\t\t<div class=\"elementor-widget-container\">\n\t\t\t\t\t\t\t\t\t\t\t\t\t\t\t<img decoding=\"async\" width=\"720\" height=\"540\" src=\"https:\/\/www.dmociociariavalledicomino.it\/wp-content\/uploads\/2023\/11\/echi-nel-vento.png\" class=\"attachment-large size-large wp-image-11859\" alt=\"\" srcset=\"https:\/\/www.dmociociariavalledicomino.it\/wp-content\/uploads\/2023\/11\/echi-nel-vento.png 720w, https:\/\/www.dmociociariavalledicomino.it\/wp-content\/uploads\/2023\/11\/echi-nel-vento-300x225.png 300w, https:\/\/www.dmociociariavalledicomino.it\/wp-content\/uploads\/2023\/11\/echi-nel-vento-16x12.png 16w, https:\/\/www.dmociociariavalledicomino.it\/wp-content\/uploads\/2023\/11\/echi-nel-vento-370x278.png 370w, https:\/\/www.dmociociariavalledicomino.it\/wp-content\/uploads\/2023\/11\/echi-nel-vento-390x293.png 390w, https:\/\/www.dmociociariavalledicomino.it\/wp-content\/uploads\/2023\/11\/echi-nel-vento-600x450.png 600w\" sizes=\"(max-width: 720px) 100vw, 720px\" \/>\t\t\t\t\t\t\t\t\t\t\t\t\t\t\t<\/div>\n\t\t\t\t<\/div>\n\t\t\t\t<div class=\"elementor-element elementor-element-a6717c0 elementor-widget elementor-widget-spacer\" data-id=\"a6717c0\" data-element_type=\"widget\" data-widget_type=\"spacer.default\">\n\t\t\t\t<div class=\"elementor-widget-container\">\n\t\t\t\t\t\t\t<div class=\"elementor-spacer\">\n\t\t\t<div class=\"elementor-spacer-inner\"><\/div>\n\t\t<\/div>\n\t\t\t\t\t\t<\/div>\n\t\t\t\t<\/div>\n\t\t\t\t\t<\/div>\n\t\t<\/div>\n\t\t\t\t\t<\/div>\n\t\t<\/section>\n\t\t\t\t<section class=\"elementor-section elementor-top-section elementor-element elementor-element-f287aec elementor-section-boxed elementor-section-height-default elementor-section-height-default\" data-id=\"f287aec\" data-element_type=\"section\">\n\t\t\t\t\t\t<div class=\"elementor-container elementor-column-gap-extended\">\n\t\t\t\t\t<div class=\"elementor-column elementor-col-100 elementor-top-column elementor-element elementor-element-f17ec29 sc_layouts_column_icons_position_left\" data-id=\"f17ec29\" data-element_type=\"column\">\n\t\t\t<div class=\"elementor-widget-wrap elementor-element-populated\">\n\t\t\t\t\t\t<div class=\"elementor-element elementor-element-22b16c4 elementor-widget elementor-widget-spacer\" data-id=\"22b16c4\" data-element_type=\"widget\" data-widget_type=\"spacer.default\">\n\t\t\t\t<div class=\"elementor-widget-container\">\n\t\t\t\t\t\t\t<div class=\"elementor-spacer\">\n\t\t\t<div class=\"elementor-spacer-inner\"><\/div>\n\t\t<\/div>\n\t\t\t\t\t\t<\/div>\n\t\t\t\t<\/div>\n\t\t\t\t\t<\/div>\n\t\t<\/div>\n\t\t\t\t\t<\/div>\n\t\t<\/section>\n\t\t\t\t<section class=\"elementor-section elementor-top-section elementor-element elementor-element-16f09c8 elementor-section-boxed elementor-section-height-default elementor-section-height-default\" data-id=\"16f09c8\" data-element_type=\"section\" data-settings=\"{&quot;background_background&quot;:&quot;classic&quot;}\">\n\t\t\t\t\t\t<div class=\"elementor-container elementor-column-gap-extended\">\n\t\t\t\t\t<div class=\"elementor-column elementor-col-100 elementor-top-column elementor-element elementor-element-2310f4c sc_layouts_column_icons_position_left\" data-id=\"2310f4c\" data-element_type=\"column\">\n\t\t\t<div class=\"elementor-widget-wrap elementor-element-populated\">\n\t\t\t\t\t\t<div class=\"elementor-element elementor-element-f606b69 elementor-widget elementor-widget-spacer\" data-id=\"f606b69\" data-element_type=\"widget\" data-widget_type=\"spacer.default\">\n\t\t\t\t<div class=\"elementor-widget-container\">\n\t\t\t\t\t\t\t<div class=\"elementor-spacer\">\n\t\t\t<div class=\"elementor-spacer-inner\"><\/div>\n\t\t<\/div>\n\t\t\t\t\t\t<\/div>\n\t\t\t\t<\/div>\n\t\t\t\t<div class=\"elementor-element elementor-element-193e33a elementor-view-stacked elementor-shape-circle elementor-widget elementor-widget-icon\" data-id=\"193e33a\" data-element_type=\"widget\" data-widget_type=\"icon.default\">\n\t\t\t\t<div class=\"elementor-widget-container\">\n\t\t\t\t\t\t\t<div class=\"elementor-icon-wrapper\">\n\t\t\t<div class=\"elementor-icon\">\n\t\t\t<i aria-hidden=\"true\" class=\"far fa-calendar-check\"><\/i>\t\t\t<\/div>\n\t\t<\/div>\n\t\t\t\t\t\t<\/div>\n\t\t\t\t<\/div>\n\t\t\t\t<div class=\"elementor-element elementor-element-cacbb94 elementor-widget elementor-widget-spacer\" data-id=\"cacbb94\" data-element_type=\"widget\" data-widget_type=\"spacer.default\">\n\t\t\t\t<div class=\"elementor-widget-container\">\n\t\t\t\t\t\t\t<div class=\"elementor-spacer\">\n\t\t\t<div class=\"elementor-spacer-inner\"><\/div>\n\t\t<\/div>\n\t\t\t\t\t\t<\/div>\n\t\t\t\t<\/div>\n\t\t\t\t\t<\/div>\n\t\t<\/div>\n\t\t\t\t\t<\/div>\n\t\t<\/section>\n\t\t\t\t<section class=\"elementor-section elementor-top-section elementor-element elementor-element-e2a9b90 elementor-section-boxed elementor-section-height-default elementor-section-height-default\" data-id=\"e2a9b90\" data-element_type=\"section\" data-settings=\"{&quot;background_background&quot;:&quot;classic&quot;}\">\n\t\t\t\t\t\t<div class=\"elementor-container elementor-column-gap-extended\">\n\t\t\t\t\t<div class=\"elementor-column elementor-col-100 elementor-top-column elementor-element elementor-element-62bb7d2 sc_layouts_column_icons_position_left\" data-id=\"62bb7d2\" data-element_type=\"column\">\n\t\t\t<div class=\"elementor-widget-wrap elementor-element-populated\">\n\t\t\t\t\t\t<div class=\"elementor-element elementor-element-b88dd7f elementor-widget elementor-widget-text-editor\" data-id=\"b88dd7f\" data-element_type=\"widget\" data-widget_type=\"text-editor.default\">\n\t\t\t\t<div class=\"elementor-widget-container\">\n\t\t\t\t\t\t\t\t\t<p><b>Due appuntamenti imperdibili<\/b><span style=\"font-weight: 400;\"> in programma per chi desidera immergersi nelle affascinanti melodie delle zampogne<\/span><\/p>\n<ul>\n<li style=\"font-weight: 400;\" aria-level=\"1\"><b>3 dicembre<\/b><span style=\"font-weight: 400;\">, h.10 &#8211; Palazzo Ducale di Atina<\/span><\/li>\n<li style=\"font-weight: 400;\" aria-level=\"1\"><b>10 dicembre<\/b><span style=\"font-weight: 400;\">, h. 18 &#8211; San Donato Val Comino, Chiesa di Santo Stefano<\/span><\/li>\n<\/ul>\n<p><span style=\"font-weight: 400;\">In definitiva, la zampogna e l&#8217;impegno profuso dall&#8217;Associazione Calamus emergono come tessere fondamentali nel ricco mosaico culturale della Valle di Comino, contribuendo a preservare l\u2019autenticit\u00e0 e a trasmettere la bellezza di questo territorio con la sua tradizione musicale a livello nazionale e internazionale.<\/span><\/p>\t\t\t\t\t\t\t\t<\/div>\n\t\t\t\t<\/div>\n\t\t\t\t<div class=\"elementor-element elementor-element-f46e2de elementor-widget elementor-widget-spacer\" data-id=\"f46e2de\" data-element_type=\"widget\" data-widget_type=\"spacer.default\">\n\t\t\t\t<div class=\"elementor-widget-container\">\n\t\t\t\t\t\t\t<div class=\"elementor-spacer\">\n\t\t\t<div class=\"elementor-spacer-inner\"><\/div>\n\t\t<\/div>\n\t\t\t\t\t\t<\/div>\n\t\t\t\t<\/div>\n\t\t\t\t<div class=\"elementor-element elementor-element-66195c3 elementor-widget elementor-widget-spacer\" data-id=\"66195c3\" data-element_type=\"widget\" data-widget_type=\"spacer.default\">\n\t\t\t\t<div class=\"elementor-widget-container\">\n\t\t\t\t\t\t\t<div class=\"elementor-spacer\">\n\t\t\t<div class=\"elementor-spacer-inner\"><\/div>\n\t\t<\/div>\n\t\t\t\t\t\t<\/div>\n\t\t\t\t<\/div>\n\t\t\t\t\t<\/div>\n\t\t<\/div>\n\t\t\t\t\t<\/div>\n\t\t<\/section>\n\t\t\t\t<section class=\"elementor-section elementor-top-section elementor-element elementor-element-bee16b4 elementor-section-boxed elementor-section-height-default elementor-section-height-default\" data-id=\"bee16b4\" data-element_type=\"section\">\n\t\t\t\t\t\t<div class=\"elementor-container elementor-column-gap-extended\">\n\t\t\t\t\t<div class=\"elementor-column elementor-col-100 elementor-top-column elementor-element elementor-element-58d42aa sc_layouts_column_icons_position_left\" data-id=\"58d42aa\" data-element_type=\"column\">\n\t\t\t<div class=\"elementor-widget-wrap elementor-element-populated\">\n\t\t\t\t\t\t<div class=\"elementor-element elementor-element-c06380e elementor-widget elementor-widget-spacer\" data-id=\"c06380e\" data-element_type=\"widget\" data-widget_type=\"spacer.default\">\n\t\t\t\t<div class=\"elementor-widget-container\">\n\t\t\t\t\t\t\t<div class=\"elementor-spacer\">\n\t\t\t<div class=\"elementor-spacer-inner\"><\/div>\n\t\t<\/div>\n\t\t\t\t\t\t<\/div>\n\t\t\t\t<\/div>\n\t\t\t\t\t<\/div>\n\t\t<\/div>\n\t\t\t\t\t<\/div>\n\t\t<\/section>\n\t\t\t\t<\/div>","protected":false},"excerpt":{"rendered":"<p>La Zampogna: simbolo della Valle di Comino tra tradizioni natalizie e modernit\u00e0 La zampogna, con la sua magia intrinseca e la connessione radicata nelle tradizioni natalizie, si erge come il simbolo per eccellenza della Valle di Comino e della ricca tradizione musicale del Centro Italia. Nel periodo natalizio il suo suono caratteristico risuona tra i borghi di questo piccolo angolo&hellip;<\/p>","protected":false},"author":1,"featured_media":11871,"comment_status":"closed","ping_status":"closed","sticky":false,"template":"","format":"standard","meta":{"footnotes":""},"categories":[75],"tags":[268,267,274,279,269,278,276,271,281,266,280,275,168,272,270,282,283,277],"class_list":["post-11842","post","type-post","status-publish","format-standard","has-post-thumbnail","hentry","category-blog","tag-atina","tag-borghi-ditalia","tag-casa-lawrence","tag-centri-storici","tag-d-h-lawrence","tag-dimore-storiche-del-lazio","tag-festival-del-folklore","tag-formaggio-locale","tag-italia-rurale","tag-la-via-romantica","tag-letteratura-e-viaggi","tag-novecento-letterario","tag-parco-nazionale-dabruzzo","tag-pecorino-di-picinisco-dop","tag-picinisco","tag-romanzo","tag-the-lost-girl","tag-tradizioni-montane"],"acf":[],"yoast_head":"<!-- This site is optimized with the Yoast SEO plugin v24.6 - https:\/\/yoast.com\/wordpress\/plugins\/seo\/ -->\n<title>La Zampogna: simbolo della Valle di Comino tra tradizioni natalizie e modernit\u00e0<\/title>\n<meta name=\"description\" content=\"Scopri la magia del Natale in Valle di Comino con la zampogna e l&#039;impegno dell&#039;Associazione Calamus nel preservarne la tradizione, un viaggio tra antiche melodie e nuovi accordi.\" \/>\n<meta name=\"robots\" content=\"index, follow, max-snippet:-1, max-image-preview:large, max-video-preview:-1\" \/>\n<link rel=\"canonical\" href=\"https:\/\/www.dmociociariavalledicomino.it\/en\/la-zampogna-simbolo-della-valle-di-comino-tra-tradizioni-natalizie-e-modernita\/\" \/>\n<meta property=\"og:locale\" content=\"en_GB\" \/>\n<meta property=\"og:type\" content=\"article\" \/>\n<meta property=\"og:title\" content=\"La Zampogna: simbolo della Valle di Comino tra tradizioni natalizie e modernit\u00e0\" \/>\n<meta property=\"og:description\" content=\"Scopri la magia del Natale in Valle di Comino con la zampogna e l&#039;impegno dell&#039;Associazione Calamus nel preservarne la tradizione, un viaggio tra antiche melodie e nuovi accordi.\" \/>\n<meta property=\"og:url\" content=\"https:\/\/www.dmociociariavalledicomino.it\/en\/la-zampogna-simbolo-della-valle-di-comino-tra-tradizioni-natalizie-e-modernita\/\" \/>\n<meta property=\"og:site_name\" content=\"DMO Ciociaria Valle di Comino\" \/>\n<meta property=\"article:published_time\" content=\"2023-11-28T07:30:00+00:00\" \/>\n<meta property=\"article:modified_time\" content=\"2023-12-29T17:21:30+00:00\" \/>\n<meta property=\"og:image\" content=\"https:\/\/www.dmociociariavalledicomino.it\/wp-content\/uploads\/2023\/11\/copertina-blog-dmo_c.jpg\" \/>\n\t<meta property=\"og:image:width\" content=\"920\" \/>\n\t<meta property=\"og:image:height\" content=\"614\" \/>\n\t<meta property=\"og:image:type\" content=\"image\/jpeg\" \/>\n<meta name=\"author\" content=\"admin\" \/>\n<meta name=\"twitter:card\" content=\"summary_large_image\" \/>\n<meta name=\"twitter:label1\" content=\"Written by\" \/>\n\t<meta name=\"twitter:data1\" content=\"admin\" \/>\n\t<meta name=\"twitter:label2\" content=\"Estimated reading time\" \/>\n\t<meta name=\"twitter:data2\" content=\"6 minutes\" \/>\n<script type=\"application\/ld+json\" class=\"yoast-schema-graph\">{\"@context\":\"https:\/\/schema.org\",\"@graph\":[{\"@type\":\"Article\",\"@id\":\"https:\/\/www.dmociociariavalledicomino.it\/la-zampogna-simbolo-della-valle-di-comino-tra-tradizioni-natalizie-e-modernita\/#article\",\"isPartOf\":{\"@id\":\"https:\/\/www.dmociociariavalledicomino.it\/la-zampogna-simbolo-della-valle-di-comino-tra-tradizioni-natalizie-e-modernita\/\"},\"author\":{\"name\":\"admin\",\"@id\":\"https:\/\/www.dmociociariavalledicomino.it\/#\/schema\/person\/3bf46154fba3deea98d7bd5acb562c6e\"},\"headline\":\"La Zampogna: simbolo della Valle di Comino tra tradizioni natalizie e modernit\u00e0\",\"datePublished\":\"2023-11-28T07:30:00+00:00\",\"dateModified\":\"2023-12-29T17:21:30+00:00\",\"mainEntityOfPage\":{\"@id\":\"https:\/\/www.dmociociariavalledicomino.it\/la-zampogna-simbolo-della-valle-di-comino-tra-tradizioni-natalizie-e-modernita\/\"},\"wordCount\":855,\"publisher\":{\"@id\":\"https:\/\/www.dmociociariavalledicomino.it\/#organization\"},\"image\":{\"@id\":\"https:\/\/www.dmociociariavalledicomino.it\/la-zampogna-simbolo-della-valle-di-comino-tra-tradizioni-natalizie-e-modernita\/#primaryimage\"},\"thumbnailUrl\":\"https:\/\/www.dmociociariavalledicomino.it\/wp-content\/uploads\/2023\/11\/copertina-blog-dmo_c.jpg\",\"keywords\":[\"Atina\",\"Borghi d\u2019Italia\",\"Casa Lawrence\",\"centri storici\",\"D.H. Lawrence\",\"dimore storiche del Lazio\",\"Festival del Folklore\",\"Formaggio locale\",\"Italia rurale\",\"La Via Romantica\",\"Letteratura e viaggi\",\"Novecento letterario\",\"Parco nazionale d\u2019Abruzzo\",\"Pecorino di Picinisco DOP\",\"Picinisco\",\"romanzo\",\"The lost Girl\",\"Tradizioni montane\"],\"articleSection\":[\"Blog\"],\"inLanguage\":\"en-GB\"},{\"@type\":\"WebPage\",\"@id\":\"https:\/\/www.dmociociariavalledicomino.it\/la-zampogna-simbolo-della-valle-di-comino-tra-tradizioni-natalizie-e-modernita\/\",\"url\":\"https:\/\/www.dmociociariavalledicomino.it\/la-zampogna-simbolo-della-valle-di-comino-tra-tradizioni-natalizie-e-modernita\/\",\"name\":\"La Zampogna: simbolo della Valle di Comino tra tradizioni natalizie e modernit\u00e0\",\"isPartOf\":{\"@id\":\"https:\/\/www.dmociociariavalledicomino.it\/#website\"},\"primaryImageOfPage\":{\"@id\":\"https:\/\/www.dmociociariavalledicomino.it\/la-zampogna-simbolo-della-valle-di-comino-tra-tradizioni-natalizie-e-modernita\/#primaryimage\"},\"image\":{\"@id\":\"https:\/\/www.dmociociariavalledicomino.it\/la-zampogna-simbolo-della-valle-di-comino-tra-tradizioni-natalizie-e-modernita\/#primaryimage\"},\"thumbnailUrl\":\"https:\/\/www.dmociociariavalledicomino.it\/wp-content\/uploads\/2023\/11\/copertina-blog-dmo_c.jpg\",\"datePublished\":\"2023-11-28T07:30:00+00:00\",\"dateModified\":\"2023-12-29T17:21:30+00:00\",\"description\":\"Scopri la magia del Natale in Valle di Comino con la zampogna e l'impegno dell'Associazione Calamus nel preservarne la tradizione, un viaggio tra antiche melodie e nuovi accordi.\",\"breadcrumb\":{\"@id\":\"https:\/\/www.dmociociariavalledicomino.it\/la-zampogna-simbolo-della-valle-di-comino-tra-tradizioni-natalizie-e-modernita\/#breadcrumb\"},\"inLanguage\":\"en-GB\",\"potentialAction\":[{\"@type\":\"ReadAction\",\"target\":[\"https:\/\/www.dmociociariavalledicomino.it\/la-zampogna-simbolo-della-valle-di-comino-tra-tradizioni-natalizie-e-modernita\/\"]}]},{\"@type\":\"ImageObject\",\"inLanguage\":\"en-GB\",\"@id\":\"https:\/\/www.dmociociariavalledicomino.it\/la-zampogna-simbolo-della-valle-di-comino-tra-tradizioni-natalizie-e-modernita\/#primaryimage\",\"url\":\"https:\/\/www.dmociociariavalledicomino.it\/wp-content\/uploads\/2023\/11\/copertina-blog-dmo_c.jpg\",\"contentUrl\":\"https:\/\/www.dmociociariavalledicomino.it\/wp-content\/uploads\/2023\/11\/copertina-blog-dmo_c.jpg\",\"width\":920,\"height\":614},{\"@type\":\"BreadcrumbList\",\"@id\":\"https:\/\/www.dmociociariavalledicomino.it\/la-zampogna-simbolo-della-valle-di-comino-tra-tradizioni-natalizie-e-modernita\/#breadcrumb\",\"itemListElement\":[{\"@type\":\"ListItem\",\"position\":1,\"name\":\"Home\",\"item\":\"https:\/\/www.dmociociariavalledicomino.it\/\"},{\"@type\":\"ListItem\",\"position\":2,\"name\":\"La Zampogna: simbolo della Valle di Comino tra tradizioni natalizie e modernit\u00e0\"}]},{\"@type\":\"WebSite\",\"@id\":\"https:\/\/www.dmociociariavalledicomino.it\/#website\",\"url\":\"https:\/\/www.dmociociariavalledicomino.it\/\",\"name\":\"DMO Ciociaria Valle di Comino\",\"description\":\"La destinazione che non c'era\",\"publisher\":{\"@id\":\"https:\/\/www.dmociociariavalledicomino.it\/#organization\"},\"potentialAction\":[{\"@type\":\"SearchAction\",\"target\":{\"@type\":\"EntryPoint\",\"urlTemplate\":\"https:\/\/www.dmociociariavalledicomino.it\/?s={search_term_string}\"},\"query-input\":{\"@type\":\"PropertyValueSpecification\",\"valueRequired\":true,\"valueName\":\"search_term_string\"}}],\"inLanguage\":\"en-GB\"},{\"@type\":\"Organization\",\"@id\":\"https:\/\/www.dmociociariavalledicomino.it\/#organization\",\"name\":\"DMO Ciociaria Valle di Comino\",\"url\":\"https:\/\/www.dmociociariavalledicomino.it\/\",\"logo\":{\"@type\":\"ImageObject\",\"inLanguage\":\"en-GB\",\"@id\":\"https:\/\/www.dmociociariavalledicomino.it\/#\/schema\/logo\/image\/\",\"url\":\"https:\/\/www.dmociociariavalledicomino.it\/wp-content\/uploads\/2022\/03\/logo-1x-1.png\",\"contentUrl\":\"https:\/\/www.dmociociariavalledicomino.it\/wp-content\/uploads\/2022\/03\/logo-1x-1.png\",\"width\":435,\"height\":100,\"caption\":\"DMO Ciociaria Valle di Comino\"},\"image\":{\"@id\":\"https:\/\/www.dmociociariavalledicomino.it\/#\/schema\/logo\/image\/\"}},{\"@type\":\"Person\",\"@id\":\"https:\/\/www.dmociociariavalledicomino.it\/#\/schema\/person\/3bf46154fba3deea98d7bd5acb562c6e\",\"name\":\"admin\",\"image\":{\"@type\":\"ImageObject\",\"inLanguage\":\"en-GB\",\"@id\":\"https:\/\/www.dmociociariavalledicomino.it\/#\/schema\/person\/image\/\",\"url\":\"https:\/\/secure.gravatar.com\/avatar\/1fbb3f445cf77d4b14505985324155bdee1cc76aba31ffb5d872bb89773bcb48?s=96&d=mm&r=g\",\"contentUrl\":\"https:\/\/secure.gravatar.com\/avatar\/1fbb3f445cf77d4b14505985324155bdee1cc76aba31ffb5d872bb89773bcb48?s=96&d=mm&r=g\",\"caption\":\"admin\"},\"url\":\"https:\/\/www.dmociociariavalledicomino.it\/en\/author\/admin\/\"}]}<\/script>\n<!-- \/ Yoast SEO plugin. -->","yoast_head_json":{"title":"La Zampogna: simbolo della Valle di Comino tra tradizioni natalizie e modernit\u00e0","description":"Scopri la magia del Natale in Valle di Comino con la zampogna e l'impegno dell'Associazione Calamus nel preservarne la tradizione, un viaggio tra antiche melodie e nuovi accordi.","robots":{"index":"index","follow":"follow","max-snippet":"max-snippet:-1","max-image-preview":"max-image-preview:large","max-video-preview":"max-video-preview:-1"},"canonical":"https:\/\/www.dmociociariavalledicomino.it\/en\/la-zampogna-simbolo-della-valle-di-comino-tra-tradizioni-natalizie-e-modernita\/","og_locale":"en_GB","og_type":"article","og_title":"La Zampogna: simbolo della Valle di Comino tra tradizioni natalizie e modernit\u00e0","og_description":"Scopri la magia del Natale in Valle di Comino con la zampogna e l'impegno dell'Associazione Calamus nel preservarne la tradizione, un viaggio tra antiche melodie e nuovi accordi.","og_url":"https:\/\/www.dmociociariavalledicomino.it\/en\/la-zampogna-simbolo-della-valle-di-comino-tra-tradizioni-natalizie-e-modernita\/","og_site_name":"DMO Ciociaria Valle di Comino","article_published_time":"2023-11-28T07:30:00+00:00","article_modified_time":"2023-12-29T17:21:30+00:00","og_image":[{"width":920,"height":614,"url":"https:\/\/www.dmociociariavalledicomino.it\/wp-content\/uploads\/2023\/11\/copertina-blog-dmo_c.jpg","type":"image\/jpeg"}],"author":"admin","twitter_card":"summary_large_image","twitter_misc":{"Written by":"admin","Estimated reading time":"6 minutes"},"schema":{"@context":"https:\/\/schema.org","@graph":[{"@type":"Article","@id":"https:\/\/www.dmociociariavalledicomino.it\/la-zampogna-simbolo-della-valle-di-comino-tra-tradizioni-natalizie-e-modernita\/#article","isPartOf":{"@id":"https:\/\/www.dmociociariavalledicomino.it\/la-zampogna-simbolo-della-valle-di-comino-tra-tradizioni-natalizie-e-modernita\/"},"author":{"name":"admin","@id":"https:\/\/www.dmociociariavalledicomino.it\/#\/schema\/person\/3bf46154fba3deea98d7bd5acb562c6e"},"headline":"La Zampogna: simbolo della Valle di Comino tra tradizioni natalizie e modernit\u00e0","datePublished":"2023-11-28T07:30:00+00:00","dateModified":"2023-12-29T17:21:30+00:00","mainEntityOfPage":{"@id":"https:\/\/www.dmociociariavalledicomino.it\/la-zampogna-simbolo-della-valle-di-comino-tra-tradizioni-natalizie-e-modernita\/"},"wordCount":855,"publisher":{"@id":"https:\/\/www.dmociociariavalledicomino.it\/#organization"},"image":{"@id":"https:\/\/www.dmociociariavalledicomino.it\/la-zampogna-simbolo-della-valle-di-comino-tra-tradizioni-natalizie-e-modernita\/#primaryimage"},"thumbnailUrl":"https:\/\/www.dmociociariavalledicomino.it\/wp-content\/uploads\/2023\/11\/copertina-blog-dmo_c.jpg","keywords":["Atina","Borghi d\u2019Italia","Casa Lawrence","centri storici","D.H. Lawrence","dimore storiche del Lazio","Festival del Folklore","Formaggio locale","Italia rurale","La Via Romantica","Letteratura e viaggi","Novecento letterario","Parco nazionale d\u2019Abruzzo","Pecorino di Picinisco DOP","Picinisco","romanzo","The lost Girl","Tradizioni montane"],"articleSection":["Blog"],"inLanguage":"en-GB"},{"@type":"WebPage","@id":"https:\/\/www.dmociociariavalledicomino.it\/la-zampogna-simbolo-della-valle-di-comino-tra-tradizioni-natalizie-e-modernita\/","url":"https:\/\/www.dmociociariavalledicomino.it\/la-zampogna-simbolo-della-valle-di-comino-tra-tradizioni-natalizie-e-modernita\/","name":"La Zampogna: simbolo della Valle di Comino tra tradizioni natalizie e modernit\u00e0","isPartOf":{"@id":"https:\/\/www.dmociociariavalledicomino.it\/#website"},"primaryImageOfPage":{"@id":"https:\/\/www.dmociociariavalledicomino.it\/la-zampogna-simbolo-della-valle-di-comino-tra-tradizioni-natalizie-e-modernita\/#primaryimage"},"image":{"@id":"https:\/\/www.dmociociariavalledicomino.it\/la-zampogna-simbolo-della-valle-di-comino-tra-tradizioni-natalizie-e-modernita\/#primaryimage"},"thumbnailUrl":"https:\/\/www.dmociociariavalledicomino.it\/wp-content\/uploads\/2023\/11\/copertina-blog-dmo_c.jpg","datePublished":"2023-11-28T07:30:00+00:00","dateModified":"2023-12-29T17:21:30+00:00","description":"Scopri la magia del Natale in Valle di Comino con la zampogna e l'impegno dell'Associazione Calamus nel preservarne la tradizione, un viaggio tra antiche melodie e nuovi accordi.","breadcrumb":{"@id":"https:\/\/www.dmociociariavalledicomino.it\/la-zampogna-simbolo-della-valle-di-comino-tra-tradizioni-natalizie-e-modernita\/#breadcrumb"},"inLanguage":"en-GB","potentialAction":[{"@type":"ReadAction","target":["https:\/\/www.dmociociariavalledicomino.it\/la-zampogna-simbolo-della-valle-di-comino-tra-tradizioni-natalizie-e-modernita\/"]}]},{"@type":"ImageObject","inLanguage":"en-GB","@id":"https:\/\/www.dmociociariavalledicomino.it\/la-zampogna-simbolo-della-valle-di-comino-tra-tradizioni-natalizie-e-modernita\/#primaryimage","url":"https:\/\/www.dmociociariavalledicomino.it\/wp-content\/uploads\/2023\/11\/copertina-blog-dmo_c.jpg","contentUrl":"https:\/\/www.dmociociariavalledicomino.it\/wp-content\/uploads\/2023\/11\/copertina-blog-dmo_c.jpg","width":920,"height":614},{"@type":"BreadcrumbList","@id":"https:\/\/www.dmociociariavalledicomino.it\/la-zampogna-simbolo-della-valle-di-comino-tra-tradizioni-natalizie-e-modernita\/#breadcrumb","itemListElement":[{"@type":"ListItem","position":1,"name":"Home","item":"https:\/\/www.dmociociariavalledicomino.it\/"},{"@type":"ListItem","position":2,"name":"La Zampogna: simbolo della Valle di Comino tra tradizioni natalizie e modernit\u00e0"}]},{"@type":"WebSite","@id":"https:\/\/www.dmociociariavalledicomino.it\/#website","url":"https:\/\/www.dmociociariavalledicomino.it\/","name":"DMO Ciociaria Valle di Comino","description":"La destinazione che non c'era","publisher":{"@id":"https:\/\/www.dmociociariavalledicomino.it\/#organization"},"potentialAction":[{"@type":"SearchAction","target":{"@type":"EntryPoint","urlTemplate":"https:\/\/www.dmociociariavalledicomino.it\/?s={search_term_string}"},"query-input":{"@type":"PropertyValueSpecification","valueRequired":true,"valueName":"search_term_string"}}],"inLanguage":"en-GB"},{"@type":"Organization","@id":"https:\/\/www.dmociociariavalledicomino.it\/#organization","name":"DMO Ciociaria Valle di Comino","url":"https:\/\/www.dmociociariavalledicomino.it\/","logo":{"@type":"ImageObject","inLanguage":"en-GB","@id":"https:\/\/www.dmociociariavalledicomino.it\/#\/schema\/logo\/image\/","url":"https:\/\/www.dmociociariavalledicomino.it\/wp-content\/uploads\/2022\/03\/logo-1x-1.png","contentUrl":"https:\/\/www.dmociociariavalledicomino.it\/wp-content\/uploads\/2022\/03\/logo-1x-1.png","width":435,"height":100,"caption":"DMO Ciociaria Valle di Comino"},"image":{"@id":"https:\/\/www.dmociociariavalledicomino.it\/#\/schema\/logo\/image\/"}},{"@type":"Person","@id":"https:\/\/www.dmociociariavalledicomino.it\/#\/schema\/person\/3bf46154fba3deea98d7bd5acb562c6e","name":"admin","image":{"@type":"ImageObject","inLanguage":"en-GB","@id":"https:\/\/www.dmociociariavalledicomino.it\/#\/schema\/person\/image\/","url":"https:\/\/secure.gravatar.com\/avatar\/1fbb3f445cf77d4b14505985324155bdee1cc76aba31ffb5d872bb89773bcb48?s=96&d=mm&r=g","contentUrl":"https:\/\/secure.gravatar.com\/avatar\/1fbb3f445cf77d4b14505985324155bdee1cc76aba31ffb5d872bb89773bcb48?s=96&d=mm&r=g","caption":"admin"},"url":"https:\/\/www.dmociociariavalledicomino.it\/en\/author\/admin\/"}]}},"_links":{"self":[{"href":"https:\/\/www.dmociociariavalledicomino.it\/en\/wp-json\/wp\/v2\/posts\/11842","targetHints":{"allow":["GET"]}}],"collection":[{"href":"https:\/\/www.dmociociariavalledicomino.it\/en\/wp-json\/wp\/v2\/posts"}],"about":[{"href":"https:\/\/www.dmociociariavalledicomino.it\/en\/wp-json\/wp\/v2\/types\/post"}],"author":[{"embeddable":true,"href":"https:\/\/www.dmociociariavalledicomino.it\/en\/wp-json\/wp\/v2\/users\/1"}],"replies":[{"embeddable":true,"href":"https:\/\/www.dmociociariavalledicomino.it\/en\/wp-json\/wp\/v2\/comments?post=11842"}],"version-history":[{"count":41,"href":"https:\/\/www.dmociociariavalledicomino.it\/en\/wp-json\/wp\/v2\/posts\/11842\/revisions"}],"predecessor-version":[{"id":11969,"href":"https:\/\/www.dmociociariavalledicomino.it\/en\/wp-json\/wp\/v2\/posts\/11842\/revisions\/11969"}],"wp:featuredmedia":[{"embeddable":true,"href":"https:\/\/www.dmociociariavalledicomino.it\/en\/wp-json\/wp\/v2\/media\/11871"}],"wp:attachment":[{"href":"https:\/\/www.dmociociariavalledicomino.it\/en\/wp-json\/wp\/v2\/media?parent=11842"}],"wp:term":[{"taxonomy":"category","embeddable":true,"href":"https:\/\/www.dmociociariavalledicomino.it\/en\/wp-json\/wp\/v2\/categories?post=11842"},{"taxonomy":"post_tag","embeddable":true,"href":"https:\/\/www.dmociociariavalledicomino.it\/en\/wp-json\/wp\/v2\/tags?post=11842"}],"curies":[{"name":"wp","href":"https:\/\/api.w.org\/{rel}","templated":true}]}}