{"id":11773,"date":"2023-11-02T08:30:00","date_gmt":"2023-11-02T07:30:00","guid":{"rendered":"https:\/\/www.dmociociariavalledicomino.it\/?p=11773"},"modified":"2023-11-27T09:37:35","modified_gmt":"2023-11-27T08:37:35","slug":"la-via-romantica-sulle-orme-di-d-h-lawrence-in-valle-di-comino-un-viaggio-nel-tempo","status":"publish","type":"post","link":"https:\/\/www.dmociociariavalledicomino.it\/en\/la-via-romantica-sulle-orme-di-d-h-lawrence-in-valle-di-comino-un-viaggio-nel-tempo\/","title":{"rendered":"La Via Romantica sulle orme di D.H. Lawrence in Valle di Comino: Un Viaggio nel Tempo"},"content":{"rendered":"<div data-elementor-type=\"wp-post\" data-elementor-id=\"11773\" class=\"elementor elementor-11773\" data-elementor-post-type=\"post\">\n\t\t\t\t\t\t<section class=\"elementor-section elementor-top-section elementor-element elementor-element-6197ef4 elementor-section-stretched elementor-section-boxed elementor-section-height-default elementor-section-height-default\" data-id=\"6197ef4\" data-element_type=\"section\" data-settings=\"{&quot;stretch_section&quot;:&quot;section-stretched&quot;}\">\n\t\t\t\t\t\t<div class=\"elementor-container elementor-column-gap-extended\">\n\t\t\t\t\t<div class=\"elementor-column elementor-col-100 elementor-top-column elementor-element elementor-element-ec9577d sc_layouts_column_icons_position_left\" data-id=\"ec9577d\" data-element_type=\"column\">\n\t\t\t<div class=\"elementor-widget-wrap elementor-element-populated\">\n\t\t\t\t\t\t<div class=\"elementor-element elementor-element-0511354 elementor-widget elementor-widget-spacer\" data-id=\"0511354\" data-element_type=\"widget\" data-widget_type=\"spacer.default\">\n\t\t\t\t<div class=\"elementor-widget-container\">\n\t\t\t\t\t\t\t<div class=\"elementor-spacer\">\n\t\t\t<div class=\"elementor-spacer-inner\"><\/div>\n\t\t<\/div>\n\t\t\t\t\t\t<\/div>\n\t\t\t\t<\/div>\n\t\t\t\t<div class=\"elementor-element elementor-element-437b099 elementor-widget elementor-widget-heading\" data-id=\"437b099\" data-element_type=\"widget\" data-widget_type=\"heading.default\">\n\t\t\t\t<div class=\"elementor-widget-container\">\n\t\t\t\t\t<h1 class=\"elementor-heading-title elementor-size-default\">La Via Romantica sulle orme di D.H. Lawrence in Valle di Comino: Un Viaggio nel Tempo<\/h1>\t\t\t\t<\/div>\n\t\t\t\t<\/div>\n\t\t\t\t<div class=\"elementor-element elementor-element-14dc43d elementor-widget-divider--view-line elementor-widget elementor-widget-divider\" data-id=\"14dc43d\" data-element_type=\"widget\" data-widget_type=\"divider.default\">\n\t\t\t\t<div class=\"elementor-widget-container\">\n\t\t\t\t\t\t\t<div class=\"elementor-divider\">\n\t\t\t<span class=\"elementor-divider-separator\">\n\t\t\t\t\t\t<\/span>\n\t\t<\/div>\n\t\t\t\t\t\t<\/div>\n\t\t\t\t<\/div>\n\t\t\t\t<section class=\"elementor-section elementor-inner-section elementor-element elementor-element-f719bcb elementor-section-boxed elementor-section-height-default elementor-section-height-default\" data-id=\"f719bcb\" data-element_type=\"section\">\n\t\t\t\t\t\t<div class=\"elementor-container elementor-column-gap-extended\">\n\t\t\t\t\t<div class=\"elementor-column elementor-col-100 elementor-inner-column elementor-element elementor-element-3feaf5c sc_layouts_column_icons_position_left\" data-id=\"3feaf5c\" data-element_type=\"column\">\n\t\t\t<div class=\"elementor-widget-wrap elementor-element-populated\">\n\t\t\t\t\t\t<div class=\"elementor-element elementor-element-50c16c7 elementor-hidden-mobile elementor-widget elementor-widget-spacer\" data-id=\"50c16c7\" data-element_type=\"widget\" data-widget_type=\"spacer.default\">\n\t\t\t\t<div class=\"elementor-widget-container\">\n\t\t\t\t\t\t\t<div class=\"elementor-spacer\">\n\t\t\t<div class=\"elementor-spacer-inner\"><\/div>\n\t\t<\/div>\n\t\t\t\t\t\t<\/div>\n\t\t\t\t<\/div>\n\t\t\t\t\t<\/div>\n\t\t<\/div>\n\t\t\t\t\t<\/div>\n\t\t<\/section>\n\t\t\t\t\t<\/div>\n\t\t<\/div>\n\t\t\t\t\t<\/div>\n\t\t<\/section>\n\t\t\t\t<section class=\"elementor-section elementor-top-section elementor-element elementor-element-3037cf1 elementor-section-stretched elementor-section-boxed elementor-section-height-default elementor-section-height-default\" data-id=\"3037cf1\" data-element_type=\"section\" data-settings=\"{&quot;stretch_section&quot;:&quot;section-stretched&quot;}\">\n\t\t\t\t\t\t<div class=\"elementor-container elementor-column-gap-extended\">\n\t\t\t\t\t<div class=\"elementor-column elementor-col-100 elementor-top-column elementor-element elementor-element-5dbdc07 sc_layouts_column_icons_position_left\" data-id=\"5dbdc07\" data-element_type=\"column\">\n\t\t\t<div class=\"elementor-widget-wrap elementor-element-populated\">\n\t\t\t\t\t\t<div class=\"elementor-element elementor-element-c91b868 elementor-widget elementor-widget-text-editor\" data-id=\"c91b868\" data-element_type=\"widget\" data-widget_type=\"text-editor.default\">\n\t\t\t\t<div class=\"elementor-widget-container\">\n\t\t\t\t\t\t\t\t\t<p><span style=\"font-weight: 400;\">Non molti sanno che, nel suo peregrinare per il mondo, lo <\/span><b>scrittore inglese D.H. Lawrence<\/b><span style=\"font-weight: 400;\">, icona della letteratura del XX secolo e famoso per la sua opera \u201c<\/span><i><span style=\"font-weight: 400;\">Amante di Lady Chatterley<\/span><\/i><span style=\"font-weight: 400;\">\u201d, si ritrov\u00f2 immerso nella <\/span><b>bellezza incontaminata della Valle di Comino<\/b><span style=\"font-weight: 400;\">, in quella che \u00e8 stata poi definita <\/span><b>\u201cLa Via Romantica\u201d<\/b><span style=\"font-weight: 400;\">.\u00a0<\/span><\/p><p><span style=\"font-weight: 400;\">Un soggiorno breve, ma intenso, nonostante il tempo invernale (Lawrence rest\u00f2 in Valle di Comino tra il dicembre 1919 e il gennaio 1920), che port\u00f2 lo scrittore ad conoscere la semplice vita contadina di <\/span><strong><a href=\"https:\/\/www.dmociociariavalledicomino.it\/en\/picinisco-il-turismo-lento-della-valle-di-comino\/\">Picinisco<\/a><\/strong><span style=\"font-weight: 400;\">, ma anche a visitare <\/span><strong><a href=\"https:\/\/www.dmociociariavalledicomino.it\/en\/atina-il-turismo-lento-della-valcomino\/\">Atina<\/a><\/strong><span style=\"font-weight: 400;\">, con il suo allegro e variopinto mercato settimanale, e <\/span><b>Villa Latina<\/b><span style=\"font-weight: 400;\">. <\/span><\/p>\t\t\t\t\t\t\t\t<\/div>\n\t\t\t\t<\/div>\n\t\t\t\t\t<\/div>\n\t\t<\/div>\n\t\t\t\t\t<\/div>\n\t\t<\/section>\n\t\t\t\t<section class=\"elementor-section elementor-top-section elementor-element elementor-element-717e6f2 elementor-section-boxed elementor-section-height-default elementor-section-height-default\" data-id=\"717e6f2\" data-element_type=\"section\">\n\t\t\t\t\t\t<div class=\"elementor-container elementor-column-gap-extended\">\n\t\t\t\t\t<div class=\"elementor-column elementor-col-100 elementor-top-column elementor-element elementor-element-ab8436f sc_layouts_column_icons_position_left\" data-id=\"ab8436f\" data-element_type=\"column\">\n\t\t\t<div class=\"elementor-widget-wrap elementor-element-populated\">\n\t\t\t\t\t\t<div class=\"elementor-element elementor-element-d368501 elementor-widget elementor-widget-spacer\" data-id=\"d368501\" data-element_type=\"widget\" data-widget_type=\"spacer.default\">\n\t\t\t\t<div class=\"elementor-widget-container\">\n\t\t\t\t\t\t\t<div class=\"elementor-spacer\">\n\t\t\t<div class=\"elementor-spacer-inner\"><\/div>\n\t\t<\/div>\n\t\t\t\t\t\t<\/div>\n\t\t\t\t<\/div>\n\t\t\t\t\t<\/div>\n\t\t<\/div>\n\t\t\t\t\t<\/div>\n\t\t<\/section>\n\t\t\t\t<section class=\"elementor-section elementor-top-section elementor-element elementor-element-a4b5248 elementor-section-stretched elementor-hidden-tablet elementor-section-boxed elementor-section-height-default elementor-section-height-default\" data-id=\"a4b5248\" data-element_type=\"section\" data-settings=\"{&quot;stretch_section&quot;:&quot;section-stretched&quot;}\">\n\t\t\t\t\t\t<div class=\"elementor-container elementor-column-gap-extended\">\n\t\t\t\t\t<div class=\"elementor-column elementor-col-50 elementor-top-column elementor-element elementor-element-7df66ae sc_layouts_column_icons_position_left\" data-id=\"7df66ae\" data-element_type=\"column\">\n\t\t\t<div class=\"elementor-widget-wrap elementor-element-populated\">\n\t\t\t\t\t\t<div class=\"elementor-element elementor-element-5dba291 elementor-widget elementor-widget-text-editor\" data-id=\"5dba291\" data-element_type=\"widget\" data-widget_type=\"text-editor.default\">\n\t\t\t\t<div class=\"elementor-widget-container\">\n\t\t\t\t\t\t\t\t\t<p><span style=\"font-weight: 400;\">\u00ab<\/span><i><span style=\"font-weight: 400;\">Il villaggio era meraviglioso, costruito sul ciglio d\u2019una altura nel mezzo dell\u2019ampia vallata. Sotto la strada maestra si stendeva la valle con le sue colline accavallate e i due fiumi chiusi tra le pareti delle montagne in uno spazio abbastanza ampio e tuttavia prigionieri. La neve luccicava al sole. Ma le cavit\u00e0 pi\u00f9 profonde erano scure<\/span><\/i><span style=\"font-weight: 400;\">\u00bb: cos\u00ec nelle pagine del suo romanzo, \u201c<\/span><b><i>La Ragazza Perduta<\/i><\/b><span style=\"font-weight: 400;\">\u201d (The Lost Girl), Picinisco, trasformato in Pescocalascio, appare agli occhi della protagonista, e non \u00e8 difficile immaginare lo stesso scrittore ammirare la vista dalla piazza panoramica del borgo, una terrazza sulla Valle di Comino, che tuttavia gli appare cos\u00ec rurale, un mondo quasi mitico, dove la natura e persino gli uomini hanno mantenuto un non so che di selvaggio\u00a0 e brigantesco, che non di meno lo affascina e che lo ispirer\u00e0 a completare quel romanzo iniziato anni prima.<\/span><\/p><p><span style=\"font-weight: 400;\">Gi\u00e0 nella lettera all\u2019amica Rosalind Bayne Lawrence aveva tratteggiato i luoghi visitati e le sue impressioni:<\/span><span style=\"font-weight: 400;\"> \u00ab<\/span><i><span style=\"font-weight: 400;\">Si tratta di luoghi incredibilmente primitivi. Attraversi il grande letto di pietra di un fiume, poi, su una tavola, un fiume ghiacciato, quindi scali sentieri impraticabili, mentre l\u2019asino arranca dietro con il tuo bagaglio<\/span><\/i><span style=\"font-weight: 400;\">\u00bb (<\/span><span style=\"font-weight: 400;\">Lettera a Rosalind Baynes del 16 dicembre 1919).<\/span><\/p><p><span style=\"font-weight: 400;\">Luoghi che diventeranno lo scenario ideale per la sua storia, a cavallo tra romanticismo e realismo, dove tutto ci\u00f2 che lo circonda assume nuova vita attraverso la sua penna, immortalato su quelle pagine in cui ritroviamo volti, tradizioni e storia di questo angolo del Lazio, all\u2019epoca ancora Alta Terra di Lavoro e territorio della Provincia di Caserta. <\/span><\/p>\t\t\t\t\t\t\t\t<\/div>\n\t\t\t\t<\/div>\n\t\t\t\t\t<\/div>\n\t\t<\/div>\n\t\t\t\t<div class=\"elementor-column elementor-col-50 elementor-top-column elementor-element elementor-element-617284f sc_layouts_column_icons_position_left\" data-id=\"617284f\" data-element_type=\"column\" data-settings=\"{&quot;background_background&quot;:&quot;classic&quot;}\">\n\t\t\t<div class=\"elementor-widget-wrap elementor-element-populated\">\n\t\t\t\t\t\t<div class=\"elementor-element elementor-element-e61021a elementor-widget elementor-widget-spacer\" data-id=\"e61021a\" data-element_type=\"widget\" data-widget_type=\"spacer.default\">\n\t\t\t\t<div class=\"elementor-widget-container\">\n\t\t\t\t\t\t\t<div class=\"elementor-spacer\">\n\t\t\t<div class=\"elementor-spacer-inner\"><\/div>\n\t\t<\/div>\n\t\t\t\t\t\t<\/div>\n\t\t\t\t<\/div>\n\t\t\t\t<div class=\"elementor-element elementor-element-0adb674 elementor-widget elementor-widget-image\" data-id=\"0adb674\" data-element_type=\"widget\" data-widget_type=\"image.default\">\n\t\t\t\t<div class=\"elementor-widget-container\">\n\t\t\t\t\t\t\t\t\t\t\t\t\t\t\t<img fetchpriority=\"high\" decoding=\"async\" width=\"1024\" height=\"576\" src=\"https:\/\/www.dmociociariavalledicomino.it\/wp-content\/uploads\/2023\/10\/Veduta-panoramica-da-Picinisco.jpg\" class=\"attachment-full size-full wp-image-11785\" alt=\"\" srcset=\"https:\/\/www.dmociociariavalledicomino.it\/wp-content\/uploads\/2023\/10\/Veduta-panoramica-da-Picinisco.jpg 1024w, https:\/\/www.dmociociariavalledicomino.it\/wp-content\/uploads\/2023\/10\/Veduta-panoramica-da-Picinisco-300x169.jpg 300w, https:\/\/www.dmociociariavalledicomino.it\/wp-content\/uploads\/2023\/10\/Veduta-panoramica-da-Picinisco-768x432.jpg 768w, https:\/\/www.dmociociariavalledicomino.it\/wp-content\/uploads\/2023\/10\/Veduta-panoramica-da-Picinisco-18x10.jpg 18w, https:\/\/www.dmociociariavalledicomino.it\/wp-content\/uploads\/2023\/10\/Veduta-panoramica-da-Picinisco-370x208.jpg 370w, https:\/\/www.dmociociariavalledicomino.it\/wp-content\/uploads\/2023\/10\/Veduta-panoramica-da-Picinisco-850x478.jpg 850w, https:\/\/www.dmociociariavalledicomino.it\/wp-content\/uploads\/2023\/10\/Veduta-panoramica-da-Picinisco-390x219.jpg 390w, https:\/\/www.dmociociariavalledicomino.it\/wp-content\/uploads\/2023\/10\/Veduta-panoramica-da-Picinisco-780x439.jpg 780w, https:\/\/www.dmociociariavalledicomino.it\/wp-content\/uploads\/2023\/10\/Veduta-panoramica-da-Picinisco-600x338.jpg 600w, https:\/\/www.dmociociariavalledicomino.it\/wp-content\/uploads\/2023\/10\/Veduta-panoramica-da-Picinisco-740x416.jpg 740w, https:\/\/www.dmociociariavalledicomino.it\/wp-content\/uploads\/2023\/10\/Veduta-panoramica-da-Picinisco-270x152.jpg 270w, https:\/\/www.dmociociariavalledicomino.it\/wp-content\/uploads\/2023\/10\/Veduta-panoramica-da-Picinisco-540x304.jpg 540w\" sizes=\"(max-width: 1024px) 100vw, 1024px\" \/>\t\t\t\t\t\t\t\t\t\t\t\t\t\t\t<\/div>\n\t\t\t\t<\/div>\n\t\t\t\t<div class=\"elementor-element elementor-element-eafcd57 elementor-widget elementor-widget-spacer\" data-id=\"eafcd57\" data-element_type=\"widget\" data-widget_type=\"spacer.default\">\n\t\t\t\t<div class=\"elementor-widget-container\">\n\t\t\t\t\t\t\t<div class=\"elementor-spacer\">\n\t\t\t<div class=\"elementor-spacer-inner\"><\/div>\n\t\t<\/div>\n\t\t\t\t\t\t<\/div>\n\t\t\t\t<\/div>\n\t\t\t\t<div class=\"elementor-element elementor-element-5c41280 elementor-align-center elementor-widget elementor-widget-button\" data-id=\"5c41280\" data-element_type=\"widget\" data-widget_type=\"button.default\">\n\t\t\t\t<div class=\"elementor-widget-container\">\n\t\t\t\t\t\t\t\t\t<div class=\"elementor-button-wrapper\">\n\t\t\t\t\t<a class=\"elementor-button elementor-button-link elementor-size-sm\" href=\"#\">\n\t\t\t\t\t\t<span class=\"elementor-button-content-wrapper\">\n\t\t\t\t\t\t\t\t\t<span class=\"elementor-button-text\">Veduta panoramica da Picinisco<\/span>\n\t\t\t\t\t<\/span>\n\t\t\t\t\t<\/a>\n\t\t\t\t<\/div>\n\t\t\t\t\t\t\t\t<\/div>\n\t\t\t\t<\/div>\n\t\t\t\t\t<\/div>\n\t\t<\/div>\n\t\t\t\t\t<\/div>\n\t\t<\/section>\n\t\t\t\t<section class=\"elementor-section elementor-top-section elementor-element elementor-element-8ea5858 elementor-section-stretched elementor-hidden-desktop elementor-hidden-mobile elementor-section-boxed elementor-section-height-default elementor-section-height-default\" data-id=\"8ea5858\" data-element_type=\"section\" data-settings=\"{&quot;stretch_section&quot;:&quot;section-stretched&quot;}\">\n\t\t\t\t\t\t<div class=\"elementor-container elementor-column-gap-extended\">\n\t\t\t\t\t<div class=\"elementor-column elementor-col-100 elementor-top-column elementor-element elementor-element-a83d214 sc_layouts_column_icons_position_left\" data-id=\"a83d214\" data-element_type=\"column\">\n\t\t\t<div class=\"elementor-widget-wrap elementor-element-populated\">\n\t\t\t\t\t\t<div class=\"elementor-element elementor-element-ca1573d elementor-widget elementor-widget-text-editor\" data-id=\"ca1573d\" data-element_type=\"widget\" data-widget_type=\"text-editor.default\">\n\t\t\t\t<div class=\"elementor-widget-container\">\n\t\t\t\t\t\t\t\t\t<p><span style=\"font-weight: 400;\">\u00ab<\/span><i><span style=\"font-weight: 400;\">Il villaggio era meraviglioso, costruito sul ciglio d\u2019una altura nel mezzo dell\u2019ampia vallata. Sotto la strada maestra si stendeva la valle con le sue colline accavallate e i due fiumi chiusi tra le pareti delle montagne in uno spazio abbastanza ampio e tuttavia prigionieri. La neve luccicava al sole. Ma le cavit\u00e0 pi\u00f9 profonde erano scure<\/span><\/i><span style=\"font-weight: 400;\">\u00bb: cos\u00ec nelle pagine del suo romanzo, \u201c<\/span><b><i>La Ragazza Perduta<\/i><\/b><span style=\"font-weight: 400;\">\u201d (The Lost Girl), Picinisco, trasformato in Pescocalascio, appare agli occhi della protagonista, e non \u00e8 difficile immaginare lo stesso scrittore ammirare la vista dalla piazza panoramica del borgo, una terrazza sulla Valle di Comino, che tuttavia gli appare cos\u00ec rurale, un mondo quasi mitico, dove la natura e persino gli uomini hanno mantenuto un non so che di selvaggio\u00a0 e brigantesco, che non di meno lo affascina e che lo ispirer\u00e0 a completare quel romanzo iniziato anni prima.<\/span><\/p><p><span style=\"font-weight: 400;\">Gi\u00e0 nella lettera all\u2019amica Rosalind Bayne Lawrence aveva tratteggiato i luoghi visitati e le sue impressioni:<\/span><span style=\"font-weight: 400;\"> \u00ab<\/span><i><span style=\"font-weight: 400;\">Si tratta di luoghi incredibilmente primitivi. Attraversi il grande letto di pietra di un fiume, poi, su una tavola, un fiume ghiacciato, quindi scali sentieri impraticabili, mentre l\u2019asino arranca dietro con il tuo bagaglio<\/span><\/i><span style=\"font-weight: 400;\">\u00bb (<\/span><span style=\"font-weight: 400;\">Lettera a Rosalind Baynes del 16 dicembre 1919).<\/span><\/p><p><span style=\"font-weight: 400;\">Luoghi che diventeranno lo scenario ideale per la sua storia, a cavallo tra romanticismo e realismo, dove tutto ci\u00f2 che lo circonda assume nuova vita attraverso la sua penna, immortalato su quelle pagine in cui ritroviamo volti, tradizioni e storia di questo angolo del Lazio, all\u2019epoca ancora Alta Terra di Lavoro e territorio della Provincia di Caserta. <\/span><\/p>\t\t\t\t\t\t\t\t<\/div>\n\t\t\t\t<\/div>\n\t\t\t\t<div class=\"elementor-element elementor-element-e963648 elementor-widget elementor-widget-spacer\" data-id=\"e963648\" data-element_type=\"widget\" data-widget_type=\"spacer.default\">\n\t\t\t\t<div class=\"elementor-widget-container\">\n\t\t\t\t\t\t\t<div class=\"elementor-spacer\">\n\t\t\t<div class=\"elementor-spacer-inner\"><\/div>\n\t\t<\/div>\n\t\t\t\t\t\t<\/div>\n\t\t\t\t<\/div>\n\t\t\t\t<div class=\"elementor-element elementor-element-a198e45 elementor-widget elementor-widget-image\" data-id=\"a198e45\" data-element_type=\"widget\" data-widget_type=\"image.default\">\n\t\t\t\t<div class=\"elementor-widget-container\">\n\t\t\t\t\t\t\t\t\t\t\t\t\t\t\t<img fetchpriority=\"high\" decoding=\"async\" width=\"1024\" height=\"576\" src=\"https:\/\/www.dmociociariavalledicomino.it\/wp-content\/uploads\/2023\/10\/Veduta-panoramica-da-Picinisco.jpg\" class=\"attachment-full size-full wp-image-11785\" alt=\"\" srcset=\"https:\/\/www.dmociociariavalledicomino.it\/wp-content\/uploads\/2023\/10\/Veduta-panoramica-da-Picinisco.jpg 1024w, https:\/\/www.dmociociariavalledicomino.it\/wp-content\/uploads\/2023\/10\/Veduta-panoramica-da-Picinisco-300x169.jpg 300w, https:\/\/www.dmociociariavalledicomino.it\/wp-content\/uploads\/2023\/10\/Veduta-panoramica-da-Picinisco-768x432.jpg 768w, https:\/\/www.dmociociariavalledicomino.it\/wp-content\/uploads\/2023\/10\/Veduta-panoramica-da-Picinisco-18x10.jpg 18w, https:\/\/www.dmociociariavalledicomino.it\/wp-content\/uploads\/2023\/10\/Veduta-panoramica-da-Picinisco-370x208.jpg 370w, https:\/\/www.dmociociariavalledicomino.it\/wp-content\/uploads\/2023\/10\/Veduta-panoramica-da-Picinisco-850x478.jpg 850w, https:\/\/www.dmociociariavalledicomino.it\/wp-content\/uploads\/2023\/10\/Veduta-panoramica-da-Picinisco-390x219.jpg 390w, https:\/\/www.dmociociariavalledicomino.it\/wp-content\/uploads\/2023\/10\/Veduta-panoramica-da-Picinisco-780x439.jpg 780w, https:\/\/www.dmociociariavalledicomino.it\/wp-content\/uploads\/2023\/10\/Veduta-panoramica-da-Picinisco-600x338.jpg 600w, https:\/\/www.dmociociariavalledicomino.it\/wp-content\/uploads\/2023\/10\/Veduta-panoramica-da-Picinisco-740x416.jpg 740w, https:\/\/www.dmociociariavalledicomino.it\/wp-content\/uploads\/2023\/10\/Veduta-panoramica-da-Picinisco-270x152.jpg 270w, https:\/\/www.dmociociariavalledicomino.it\/wp-content\/uploads\/2023\/10\/Veduta-panoramica-da-Picinisco-540x304.jpg 540w\" sizes=\"(max-width: 1024px) 100vw, 1024px\" \/>\t\t\t\t\t\t\t\t\t\t\t\t\t\t\t<\/div>\n\t\t\t\t<\/div>\n\t\t\t\t<div class=\"elementor-element elementor-element-140d1eb elementor-widget elementor-widget-spacer\" data-id=\"140d1eb\" data-element_type=\"widget\" data-widget_type=\"spacer.default\">\n\t\t\t\t<div class=\"elementor-widget-container\">\n\t\t\t\t\t\t\t<div class=\"elementor-spacer\">\n\t\t\t<div class=\"elementor-spacer-inner\"><\/div>\n\t\t<\/div>\n\t\t\t\t\t\t<\/div>\n\t\t\t\t<\/div>\n\t\t\t\t<div class=\"elementor-element elementor-element-143d0dc elementor-align-center elementor-widget elementor-widget-button\" data-id=\"143d0dc\" data-element_type=\"widget\" data-widget_type=\"button.default\">\n\t\t\t\t<div class=\"elementor-widget-container\">\n\t\t\t\t\t\t\t\t\t<div class=\"elementor-button-wrapper\">\n\t\t\t\t\t<a class=\"elementor-button elementor-button-link elementor-size-sm\" href=\"#\">\n\t\t\t\t\t\t<span class=\"elementor-button-content-wrapper\">\n\t\t\t\t\t\t\t\t\t<span class=\"elementor-button-text\">Veduta panoramica da Picinisco<\/span>\n\t\t\t\t\t<\/span>\n\t\t\t\t\t<\/a>\n\t\t\t\t<\/div>\n\t\t\t\t\t\t\t\t<\/div>\n\t\t\t\t<\/div>\n\t\t\t\t\t<\/div>\n\t\t<\/div>\n\t\t\t\t\t<\/div>\n\t\t<\/section>\n\t\t\t\t<section class=\"elementor-section elementor-top-section elementor-element elementor-element-7fd3f76 elementor-section-boxed elementor-section-height-default elementor-section-height-default\" data-id=\"7fd3f76\" data-element_type=\"section\">\n\t\t\t\t\t\t<div class=\"elementor-container elementor-column-gap-extended\">\n\t\t\t\t\t<div class=\"elementor-column elementor-col-100 elementor-top-column elementor-element elementor-element-fdfb41a sc_layouts_column_icons_position_left\" data-id=\"fdfb41a\" data-element_type=\"column\">\n\t\t\t<div class=\"elementor-widget-wrap elementor-element-populated\">\n\t\t\t\t\t\t<div class=\"elementor-element elementor-element-d6e0bca elementor-widget elementor-widget-spacer\" data-id=\"d6e0bca\" data-element_type=\"widget\" data-widget_type=\"spacer.default\">\n\t\t\t\t<div class=\"elementor-widget-container\">\n\t\t\t\t\t\t\t<div class=\"elementor-spacer\">\n\t\t\t<div class=\"elementor-spacer-inner\"><\/div>\n\t\t<\/div>\n\t\t\t\t\t\t<\/div>\n\t\t\t\t<\/div>\n\t\t\t\t\t<\/div>\n\t\t<\/div>\n\t\t\t\t\t<\/div>\n\t\t<\/section>\n\t\t\t\t<section class=\"elementor-section elementor-top-section elementor-element elementor-element-5691772 elementor-section-stretched elementor-hidden-tablet elementor-section-boxed elementor-section-height-default elementor-section-height-default\" data-id=\"5691772\" data-element_type=\"section\" data-settings=\"{&quot;stretch_section&quot;:&quot;section-stretched&quot;}\">\n\t\t\t\t\t\t<div class=\"elementor-container elementor-column-gap-extended\">\n\t\t\t\t\t<div class=\"elementor-column elementor-col-50 elementor-top-column elementor-element elementor-element-7dd30ee sc_layouts_column_icons_position_left\" data-id=\"7dd30ee\" data-element_type=\"column\">\n\t\t\t<div class=\"elementor-widget-wrap elementor-element-populated\">\n\t\t\t\t\t\t<div class=\"elementor-element elementor-element-9bb572c elementor-widget elementor-widget-text-editor\" data-id=\"9bb572c\" data-element_type=\"widget\" data-widget_type=\"text-editor.default\">\n\t\t\t\t<div class=\"elementor-widget-container\">\n\t\t\t\t\t\t\t\t\t<p><span style=\"font-weight: 400;\">Seguire le sue tracce offre un&#8217;esperienza emozionante per scoprire i luoghi da lui visitati e che, in alcuni casi, poco hanno cambiato nel loro aspetto a cento anni di distanza.\u00a0<\/span><\/p><p><span style=\"font-weight: 400;\">A partire dalla <\/span><b>villa che lo ospit\u00f2<\/b><span style=\"font-weight: 400;\">, restaurata e trasformata in una <strong><a href=\"https:\/\/www.dmociociariavalledicomino.it\/videodmo\/casalawrence_di_alessandrozaccaro.mp4\" target=\"_blank\" rel=\"noopener\">casa-museo<\/a><\/strong>\u00a0(<\/span><span style=\"font-size: 20px; font-weight: 400;\">Video &#8211; <\/span><span style=\"font-size: 20px; font-weight: 400;\">Casa Lawrence | Credit: Alessandro Zaccaro<\/span><span style=\"font-size: 20px; font-weight: 400;\">) e dove la tradizione gastronomica e culturale locale viene celebrata. Si tratta di <\/span><strong style=\"font-size: 20px;\"><a href=\"https:\/\/www.casalawrence.it\">\u201cCasa Lawrence\u201d<\/a><\/strong><span style=\"font-size: 20px; font-weight: 400;\">, dal nome del suo illustre ospite, oggi un agriturismo gestito dalla famiglia Pacitti che da generazioni produce il famoso formaggio <\/span><strong style=\"font-size: 20px;\"><a href=\"https:\/\/www.dmociociariavalledicomino.it\/en\/il-gusto\/\">Pecorino di Picinisco PDO<\/a><\/strong><b style=\"font-family: inherit; font-style: inherit;\">,<\/b><span style=\"font-size: 20px; font-weight: 400;\"> un\u2019eccellenza locale frutto del lavoro dei pastori che da secoli curano e allevano le greggi in Valle di Comino.\u00a0<\/span><\/p><p><span style=\"font-weight: 400;\">Risalente alla fine dell\u2019800 e costruita per volere di <\/span><b>Orazio Cervi<\/b><span style=\"font-weight: 400;\">, l\u2019italiano che ospit\u00f2 Lawrence e sua moglie Frida, si potrebbe dire che questo grazioso edificio di ispirazione anglosassone custodisca tra le sue mura non solo la storia del soggiorno dello scrittore inglese ma un po\u2019 quella che ha accomunato gli abitanti di questo piccolo angolo di paradiso nascosto tra le montagne del <\/span><strong><a href=\"https:\/\/www.parcoabruzzo.it\/\">Parco Nazionale d\u2019Abruzzo, Lazio e Molise<\/a><\/strong><span style=\"font-weight: 400;\">. Cervi faceva parte infatti di quella <\/span><strong><a href=\"https:\/\/www.dmociociariavalledicomino.it\/en\/blog\/2023\/05\/11\/alla-ricerca-delle-proprie-radici-con-italia-gens\/\">schiera di emigrati<\/a><\/strong> <span style=\"font-weight: 400;\">che avevano lasciato il proprio Paese per cercare maggiore fortuna all\u2019estero, alcuni dei quali poi ritornati in patria.\u00a0<\/span><\/p><p><span style=\"font-weight: 400;\">Un luogo che offre <\/span><b>un\u2019atmosfera suggestiva, autentica, con gli ambienti riprodotti come lo stesso scrittore li descrive nelle proprie pagine<\/b><span style=\"font-weight: 400;\">, uno spartano casolare di inizio Novecento, dove oggi gustare i sapori della tradizione locale o visitare il laboratorio dove vengono i prodotti i formaggi, ineabriandosi dell\u2019odore che aleggia e richiama l\u2019arte antica dei pastori.<\/span><\/p>\t\t\t\t\t\t\t\t<\/div>\n\t\t\t\t<\/div>\n\t\t\t\t<div class=\"elementor-element elementor-element-7828c72 elementor-widget elementor-widget-spacer\" data-id=\"7828c72\" data-element_type=\"widget\" data-widget_type=\"spacer.default\">\n\t\t\t\t<div class=\"elementor-widget-container\">\n\t\t\t\t\t\t\t<div class=\"elementor-spacer\">\n\t\t\t<div class=\"elementor-spacer-inner\"><\/div>\n\t\t<\/div>\n\t\t\t\t\t\t<\/div>\n\t\t\t\t<\/div>\n\t\t\t\t\t<\/div>\n\t\t<\/div>\n\t\t\t\t<div class=\"elementor-column elementor-col-50 elementor-top-column elementor-element elementor-element-7007dd0 sc_layouts_column_icons_position_left\" data-id=\"7007dd0\" data-element_type=\"column\" data-settings=\"{&quot;background_background&quot;:&quot;classic&quot;}\">\n\t\t\t<div class=\"elementor-widget-wrap elementor-element-populated\">\n\t\t\t\t\t\t<div class=\"elementor-element elementor-element-20f0032 elementor-widget elementor-widget-spacer\" data-id=\"20f0032\" data-element_type=\"widget\" data-widget_type=\"spacer.default\">\n\t\t\t\t<div class=\"elementor-widget-container\">\n\t\t\t\t\t\t\t<div class=\"elementor-spacer\">\n\t\t\t<div class=\"elementor-spacer-inner\"><\/div>\n\t\t<\/div>\n\t\t\t\t\t\t<\/div>\n\t\t\t\t<\/div>\n\t\t\t\t<div class=\"elementor-element elementor-element-6d2d503 elementor-widget elementor-widget-image\" data-id=\"6d2d503\" data-element_type=\"widget\" data-widget_type=\"image.default\">\n\t\t\t\t<div class=\"elementor-widget-container\">\n\t\t\t\t\t\t\t\t\t\t\t\t\t\t\t<img decoding=\"async\" width=\"950\" height=\"470\" src=\"https:\/\/www.dmociociariavalledicomino.it\/wp-content\/uploads\/2023\/10\/David_Herbert_Lawrence__Frieda_von_Richthofen_1914.jpg\" class=\"attachment-large size-large wp-image-11781\" alt=\"\" srcset=\"https:\/\/www.dmociociariavalledicomino.it\/wp-content\/uploads\/2023\/10\/David_Herbert_Lawrence__Frieda_von_Richthofen_1914.jpg 950w, https:\/\/www.dmociociariavalledicomino.it\/wp-content\/uploads\/2023\/10\/David_Herbert_Lawrence__Frieda_von_Richthofen_1914-300x148.jpg 300w, https:\/\/www.dmociociariavalledicomino.it\/wp-content\/uploads\/2023\/10\/David_Herbert_Lawrence__Frieda_von_Richthofen_1914-768x380.jpg 768w, https:\/\/www.dmociociariavalledicomino.it\/wp-content\/uploads\/2023\/10\/David_Herbert_Lawrence__Frieda_von_Richthofen_1914-18x9.jpg 18w, https:\/\/www.dmociociariavalledicomino.it\/wp-content\/uploads\/2023\/10\/David_Herbert_Lawrence__Frieda_von_Richthofen_1914-370x183.jpg 370w, https:\/\/www.dmociociariavalledicomino.it\/wp-content\/uploads\/2023\/10\/David_Herbert_Lawrence__Frieda_von_Richthofen_1914-850x421.jpg 850w, https:\/\/www.dmociociariavalledicomino.it\/wp-content\/uploads\/2023\/10\/David_Herbert_Lawrence__Frieda_von_Richthofen_1914-390x193.jpg 390w, https:\/\/www.dmociociariavalledicomino.it\/wp-content\/uploads\/2023\/10\/David_Herbert_Lawrence__Frieda_von_Richthofen_1914-780x386.jpg 780w, https:\/\/www.dmociociariavalledicomino.it\/wp-content\/uploads\/2023\/10\/David_Herbert_Lawrence__Frieda_von_Richthofen_1914-600x297.jpg 600w\" sizes=\"(max-width: 950px) 100vw, 950px\" \/>\t\t\t\t\t\t\t\t\t\t\t\t\t\t\t<\/div>\n\t\t\t\t<\/div>\n\t\t\t\t<div class=\"elementor-element elementor-element-c976f9a elementor-widget elementor-widget-spacer\" data-id=\"c976f9a\" data-element_type=\"widget\" data-widget_type=\"spacer.default\">\n\t\t\t\t<div class=\"elementor-widget-container\">\n\t\t\t\t\t\t\t<div class=\"elementor-spacer\">\n\t\t\t<div class=\"elementor-spacer-inner\"><\/div>\n\t\t<\/div>\n\t\t\t\t\t\t<\/div>\n\t\t\t\t<\/div>\n\t\t\t\t<div class=\"elementor-element elementor-element-4b62463 elementor-align-center elementor-widget elementor-widget-button\" data-id=\"4b62463\" data-element_type=\"widget\" data-widget_type=\"button.default\">\n\t\t\t\t<div class=\"elementor-widget-container\">\n\t\t\t\t\t\t\t\t\t<div class=\"elementor-button-wrapper\">\n\t\t\t\t\t<a class=\"elementor-button elementor-button-link elementor-size-sm\" href=\"#\">\n\t\t\t\t\t\t<span class=\"elementor-button-content-wrapper\">\n\t\t\t\t\t\t\t\t\t<span class=\"elementor-button-text\">D. H. Lawrence e sua moglie Frida<\/span>\n\t\t\t\t\t<\/span>\n\t\t\t\t\t<\/a>\n\t\t\t\t<\/div>\n\t\t\t\t\t\t\t\t<\/div>\n\t\t\t\t<\/div>\n\t\t\t\t\t<\/div>\n\t\t<\/div>\n\t\t\t\t\t<\/div>\n\t\t<\/section>\n\t\t\t\t<section class=\"elementor-section elementor-top-section elementor-element elementor-element-8d9399b elementor-section-stretched elementor-hidden-desktop elementor-hidden-mobile elementor-section-boxed elementor-section-height-default elementor-section-height-default\" data-id=\"8d9399b\" data-element_type=\"section\" data-settings=\"{&quot;stretch_section&quot;:&quot;section-stretched&quot;}\">\n\t\t\t\t\t\t<div class=\"elementor-container elementor-column-gap-extended\">\n\t\t\t\t\t<div class=\"elementor-column elementor-col-100 elementor-top-column elementor-element elementor-element-359149a sc_layouts_column_icons_position_left\" data-id=\"359149a\" data-element_type=\"column\">\n\t\t\t<div class=\"elementor-widget-wrap elementor-element-populated\">\n\t\t\t\t\t\t<div class=\"elementor-element elementor-element-fce4288 elementor-widget elementor-widget-text-editor\" data-id=\"fce4288\" data-element_type=\"widget\" data-widget_type=\"text-editor.default\">\n\t\t\t\t<div class=\"elementor-widget-container\">\n\t\t\t\t\t\t\t\t\t<p><span style=\"font-weight: 400;\">Seguire le sue tracce offre un&#8217;esperienza emozionante per scoprire i luoghi da lui visitati e che, in alcuni casi, poco hanno cambiato nel loro aspetto a cento anni di distanza.\u00a0<\/span><\/p><p><span style=\"font-weight: 400;\">A partire dalla <\/span><b>villa che lo ospit\u00f2<\/b><span style=\"font-weight: 400;\">, restaurata e trasformata in una\u00a0<\/span><span style=\"font-family: Abel, sans-serif; font-size: 20px; font-weight: 400; font-style: normal;\"><strong><a href=\"https:\/\/www.dmociociariavalledicomino.it\/videodmo\/casalawrence_di_alessandrozaccaro.mp4\">casa-museo<\/a><\/strong>\u00a0(<\/span><span style=\"font-family: Abel, sans-serif; font-size: 20px; font-weight: 400; font-style: normal;\">Video &#8211;\u00a0<\/span><span style=\"font-family: Abel, sans-serif; font-size: 20px; font-weight: 400; font-style: normal;\">Casa Lawrence | Credit: Alessandro Zaccaro<\/span><span style=\"font-family: Abel, sans-serif; font-size: 20px; font-weight: 400; font-style: normal;\">)<\/span><span style=\"font-weight: 400;\">\u00a0e dove la tradizione gastronomica e culturale locale viene celebrata. Si tratta di <\/span><strong><a href=\"https:\/\/www.casalawrence.it\">\u201cCasa Lawrence\u201d<\/a><\/strong><span style=\"font-weight: 400;\">, dal nome del suo illustre ospite, oggi un agriturismo gestito dalla famiglia Pacitti che da generazioni produce il famoso formaggio <\/span><strong><a href=\"https:\/\/www.dmociociariavalledicomino.it\/en\/il-gusto\/\">Pecorino di Picinisco PDO<\/a><\/strong><b>,<\/b><span style=\"font-weight: 400;\"> un\u2019eccellenza locale frutto del lavoro dei pastori che da secoli curano e allevano le greggi in Valle di Comino.\u00a0<\/span><\/p><p><span style=\"font-weight: 400;\">Risalente alla fine dell\u2019800 e costruita per volere di <\/span><b>Orazio Cervi<\/b><span style=\"font-weight: 400;\">, l\u2019italiano che ospit\u00f2 Lawrence e sua moglie Frida, si potrebbe dire che questo grazioso edificio di ispirazione anglosassone custodisca tra le sue mura non solo la storia del soggiorno dello scrittore inglese ma un po\u2019 quella che ha accomunato gli abitanti di questo piccolo angolo di paradiso nascosto tra le montagne del <\/span><strong><a href=\"https:\/\/www.parcoabruzzo.it\/\">Parco Nazionale d\u2019Abruzzo, Lazio e Molise<\/a><\/strong><span style=\"font-weight: 400;\">. Cervi faceva parte infatti di quella <\/span><strong><a href=\"https:\/\/www.dmociociariavalledicomino.it\/en\/blog\/2023\/05\/11\/alla-ricerca-delle-proprie-radici-con-italia-gens\/\">schiera di emigrati<\/a><\/strong> <span style=\"font-weight: 400;\">che avevano lasciato il proprio Paese per cercare maggiore fortuna all\u2019estero, alcuni dei quali poi ritornati in patria.\u00a0<\/span><\/p><p><span style=\"font-weight: 400;\">Un luogo che offre <\/span><b>un\u2019atmosfera suggestiva, autentica, con gli ambienti riprodotti come lo stesso scrittore li descrive nelle proprie pagine<\/b><span style=\"font-weight: 400;\">, uno spartano casolare di inizio Novecento, dove oggi gustare i sapori della tradizione locale o visitare il laboratorio dove vengono i prodotti i formaggi, ineabriandosi dell\u2019odore che aleggia e richiama l\u2019arte antica dei pastori.<\/span><\/p>\t\t\t\t\t\t\t\t<\/div>\n\t\t\t\t<\/div>\n\t\t\t\t<div class=\"elementor-element elementor-element-2a6f87c elementor-widget elementor-widget-spacer\" data-id=\"2a6f87c\" data-element_type=\"widget\" data-widget_type=\"spacer.default\">\n\t\t\t\t<div class=\"elementor-widget-container\">\n\t\t\t\t\t\t\t<div class=\"elementor-spacer\">\n\t\t\t<div class=\"elementor-spacer-inner\"><\/div>\n\t\t<\/div>\n\t\t\t\t\t\t<\/div>\n\t\t\t\t<\/div>\n\t\t\t\t<div class=\"elementor-element elementor-element-1288726 elementor-widget elementor-widget-image\" data-id=\"1288726\" data-element_type=\"widget\" data-widget_type=\"image.default\">\n\t\t\t\t<div class=\"elementor-widget-container\">\n\t\t\t\t\t\t\t\t\t\t\t\t\t\t\t<img decoding=\"async\" width=\"950\" height=\"470\" src=\"https:\/\/www.dmociociariavalledicomino.it\/wp-content\/uploads\/2023\/10\/David_Herbert_Lawrence__Frieda_von_Richthofen_1914.jpg\" class=\"attachment-large size-large wp-image-11781\" alt=\"\" srcset=\"https:\/\/www.dmociociariavalledicomino.it\/wp-content\/uploads\/2023\/10\/David_Herbert_Lawrence__Frieda_von_Richthofen_1914.jpg 950w, https:\/\/www.dmociociariavalledicomino.it\/wp-content\/uploads\/2023\/10\/David_Herbert_Lawrence__Frieda_von_Richthofen_1914-300x148.jpg 300w, https:\/\/www.dmociociariavalledicomino.it\/wp-content\/uploads\/2023\/10\/David_Herbert_Lawrence__Frieda_von_Richthofen_1914-768x380.jpg 768w, https:\/\/www.dmociociariavalledicomino.it\/wp-content\/uploads\/2023\/10\/David_Herbert_Lawrence__Frieda_von_Richthofen_1914-18x9.jpg 18w, https:\/\/www.dmociociariavalledicomino.it\/wp-content\/uploads\/2023\/10\/David_Herbert_Lawrence__Frieda_von_Richthofen_1914-370x183.jpg 370w, https:\/\/www.dmociociariavalledicomino.it\/wp-content\/uploads\/2023\/10\/David_Herbert_Lawrence__Frieda_von_Richthofen_1914-850x421.jpg 850w, https:\/\/www.dmociociariavalledicomino.it\/wp-content\/uploads\/2023\/10\/David_Herbert_Lawrence__Frieda_von_Richthofen_1914-390x193.jpg 390w, https:\/\/www.dmociociariavalledicomino.it\/wp-content\/uploads\/2023\/10\/David_Herbert_Lawrence__Frieda_von_Richthofen_1914-780x386.jpg 780w, https:\/\/www.dmociociariavalledicomino.it\/wp-content\/uploads\/2023\/10\/David_Herbert_Lawrence__Frieda_von_Richthofen_1914-600x297.jpg 600w\" sizes=\"(max-width: 950px) 100vw, 950px\" \/>\t\t\t\t\t\t\t\t\t\t\t\t\t\t\t<\/div>\n\t\t\t\t<\/div>\n\t\t\t\t<div class=\"elementor-element elementor-element-174b7bc elementor-widget elementor-widget-spacer\" data-id=\"174b7bc\" data-element_type=\"widget\" data-widget_type=\"spacer.default\">\n\t\t\t\t<div class=\"elementor-widget-container\">\n\t\t\t\t\t\t\t<div class=\"elementor-spacer\">\n\t\t\t<div class=\"elementor-spacer-inner\"><\/div>\n\t\t<\/div>\n\t\t\t\t\t\t<\/div>\n\t\t\t\t<\/div>\n\t\t\t\t<div class=\"elementor-element elementor-element-7db4fff elementor-align-center elementor-widget elementor-widget-button\" data-id=\"7db4fff\" data-element_type=\"widget\" data-widget_type=\"button.default\">\n\t\t\t\t<div class=\"elementor-widget-container\">\n\t\t\t\t\t\t\t\t\t<div class=\"elementor-button-wrapper\">\n\t\t\t\t\t<a class=\"elementor-button elementor-button-link elementor-size-sm\" href=\"#\">\n\t\t\t\t\t\t<span class=\"elementor-button-content-wrapper\">\n\t\t\t\t\t\t\t\t\t<span class=\"elementor-button-text\">D. H. Lawrence e sua moglie Frida<\/span>\n\t\t\t\t\t<\/span>\n\t\t\t\t\t<\/a>\n\t\t\t\t<\/div>\n\t\t\t\t\t\t\t\t<\/div>\n\t\t\t\t<\/div>\n\t\t\t\t\t<\/div>\n\t\t<\/div>\n\t\t\t\t\t<\/div>\n\t\t<\/section>\n\t\t\t\t<section class=\"elementor-section elementor-top-section elementor-element elementor-element-13f0f10 elementor-section-boxed elementor-section-height-default elementor-section-height-default\" data-id=\"13f0f10\" data-element_type=\"section\">\n\t\t\t\t\t\t<div class=\"elementor-container elementor-column-gap-extended\">\n\t\t\t\t\t<div class=\"elementor-column elementor-col-100 elementor-top-column elementor-element elementor-element-81ac3fa sc_layouts_column_icons_position_left\" data-id=\"81ac3fa\" data-element_type=\"column\">\n\t\t\t<div class=\"elementor-widget-wrap elementor-element-populated\">\n\t\t\t\t\t\t<div class=\"elementor-element elementor-element-a173126 elementor-widget elementor-widget-spacer\" data-id=\"a173126\" data-element_type=\"widget\" data-widget_type=\"spacer.default\">\n\t\t\t\t<div class=\"elementor-widget-container\">\n\t\t\t\t\t\t\t<div class=\"elementor-spacer\">\n\t\t\t<div class=\"elementor-spacer-inner\"><\/div>\n\t\t<\/div>\n\t\t\t\t\t\t<\/div>\n\t\t\t\t<\/div>\n\t\t\t\t\t<\/div>\n\t\t<\/div>\n\t\t\t\t\t<\/div>\n\t\t<\/section>\n\t\t\t\t<section class=\"elementor-section elementor-top-section elementor-element elementor-element-16f09c8 elementor-section-boxed elementor-section-height-default elementor-section-height-default\" data-id=\"16f09c8\" data-element_type=\"section\" data-settings=\"{&quot;background_background&quot;:&quot;classic&quot;}\">\n\t\t\t\t\t\t<div class=\"elementor-container elementor-column-gap-extended\">\n\t\t\t\t\t<div class=\"elementor-column elementor-col-100 elementor-top-column elementor-element elementor-element-2310f4c sc_layouts_column_icons_position_left\" data-id=\"2310f4c\" data-element_type=\"column\">\n\t\t\t<div class=\"elementor-widget-wrap elementor-element-populated\">\n\t\t\t\t\t\t<div class=\"elementor-element elementor-element-f606b69 elementor-widget elementor-widget-spacer\" data-id=\"f606b69\" data-element_type=\"widget\" data-widget_type=\"spacer.default\">\n\t\t\t\t<div class=\"elementor-widget-container\">\n\t\t\t\t\t\t\t<div class=\"elementor-spacer\">\n\t\t\t<div class=\"elementor-spacer-inner\"><\/div>\n\t\t<\/div>\n\t\t\t\t\t\t<\/div>\n\t\t\t\t<\/div>\n\t\t\t\t<div class=\"elementor-element elementor-element-193e33a elementor-view-stacked elementor-shape-circle elementor-widget elementor-widget-icon\" data-id=\"193e33a\" data-element_type=\"widget\" data-widget_type=\"icon.default\">\n\t\t\t\t<div class=\"elementor-widget-container\">\n\t\t\t\t\t\t\t<div class=\"elementor-icon-wrapper\">\n\t\t\t<div class=\"elementor-icon\">\n\t\t\t<i aria-hidden=\"true\" class=\"fas fa-quote-left\"><\/i>\t\t\t<\/div>\n\t\t<\/div>\n\t\t\t\t\t\t<\/div>\n\t\t\t\t<\/div>\n\t\t\t\t<div class=\"elementor-element elementor-element-cacbb94 elementor-widget elementor-widget-spacer\" data-id=\"cacbb94\" data-element_type=\"widget\" data-widget_type=\"spacer.default\">\n\t\t\t\t<div class=\"elementor-widget-container\">\n\t\t\t\t\t\t\t<div class=\"elementor-spacer\">\n\t\t\t<div class=\"elementor-spacer-inner\"><\/div>\n\t\t<\/div>\n\t\t\t\t\t\t<\/div>\n\t\t\t\t<\/div>\n\t\t\t\t\t<\/div>\n\t\t<\/div>\n\t\t\t\t\t<\/div>\n\t\t<\/section>\n\t\t\t\t<section class=\"elementor-section elementor-top-section elementor-element elementor-element-e2a9b90 elementor-section-boxed elementor-section-height-default elementor-section-height-default\" data-id=\"e2a9b90\" data-element_type=\"section\" data-settings=\"{&quot;background_background&quot;:&quot;classic&quot;}\">\n\t\t\t\t\t\t<div class=\"elementor-container elementor-column-gap-extended\">\n\t\t\t\t\t<div class=\"elementor-column elementor-col-100 elementor-top-column elementor-element elementor-element-62bb7d2 sc_layouts_column_icons_position_left\" data-id=\"62bb7d2\" data-element_type=\"column\">\n\t\t\t<div class=\"elementor-widget-wrap elementor-element-populated\">\n\t\t\t\t\t\t<div class=\"elementor-element elementor-element-b88dd7f elementor-widget elementor-widget-text-editor\" data-id=\"b88dd7f\" data-element_type=\"widget\" data-widget_type=\"text-editor.default\">\n\t\t\t\t<div class=\"elementor-widget-container\">\n\t\t\t\t\t\t\t\t\t<p><em>\u00abLa casa \u00e8 composta al piano terreno da una cucina che sembra una spelonca;&nbsp;<\/em><\/p><p><em>gli altri vani sono una cantina per il vino, un locale per il grano ed un altro locale ancora;&nbsp;<\/em><\/p><p><em>al piano di sopra ci sono tre camere, ed un piccolo granaio per le pannocchie di granturco\u00bb<\/em><\/p>\t\t\t\t\t\t\t\t<\/div>\n\t\t\t\t<\/div>\n\t\t\t\t<div class=\"elementor-element elementor-element-66195c3 elementor-widget elementor-widget-spacer\" data-id=\"66195c3\" data-element_type=\"widget\" data-widget_type=\"spacer.default\">\n\t\t\t\t<div class=\"elementor-widget-container\">\n\t\t\t\t\t\t\t<div class=\"elementor-spacer\">\n\t\t\t<div class=\"elementor-spacer-inner\"><\/div>\n\t\t<\/div>\n\t\t\t\t\t\t<\/div>\n\t\t\t\t<\/div>\n\t\t\t\t\t<\/div>\n\t\t<\/div>\n\t\t\t\t\t<\/div>\n\t\t<\/section>\n\t\t\t\t<section class=\"elementor-section elementor-top-section elementor-element elementor-element-accbfba elementor-section-boxed elementor-section-height-default elementor-section-height-default\" data-id=\"accbfba\" data-element_type=\"section\">\n\t\t\t\t\t\t<div class=\"elementor-container elementor-column-gap-extended\">\n\t\t\t\t\t<div class=\"elementor-column elementor-col-100 elementor-top-column elementor-element elementor-element-6613e9d sc_layouts_column_icons_position_left\" data-id=\"6613e9d\" data-element_type=\"column\">\n\t\t\t<div class=\"elementor-widget-wrap elementor-element-populated\">\n\t\t\t\t\t\t<div class=\"elementor-element elementor-element-5681c53 elementor-widget elementor-widget-spacer\" data-id=\"5681c53\" data-element_type=\"widget\" data-widget_type=\"spacer.default\">\n\t\t\t\t<div class=\"elementor-widget-container\">\n\t\t\t\t\t\t\t<div class=\"elementor-spacer\">\n\t\t\t<div class=\"elementor-spacer-inner\"><\/div>\n\t\t<\/div>\n\t\t\t\t\t\t<\/div>\n\t\t\t\t<\/div>\n\t\t\t\t\t<\/div>\n\t\t<\/div>\n\t\t\t\t\t<\/div>\n\t\t<\/section>\n\t\t\t\t<section class=\"elementor-section elementor-top-section elementor-element elementor-element-92ed00f elementor-hidden-tablet elementor-section-boxed elementor-section-height-default elementor-section-height-default\" data-id=\"92ed00f\" data-element_type=\"section\">\n\t\t\t\t\t\t<div class=\"elementor-container elementor-column-gap-extended\">\n\t\t\t\t\t<div class=\"elementor-column elementor-col-50 elementor-top-column elementor-element elementor-element-e25f9df sc_layouts_column_icons_position_left\" data-id=\"e25f9df\" data-element_type=\"column\">\n\t\t\t<div class=\"elementor-widget-wrap elementor-element-populated\">\n\t\t\t\t\t\t<section class=\"elementor-section elementor-inner-section elementor-element elementor-element-adfc2d9 elementor-section-boxed elementor-section-height-default elementor-section-height-default\" data-id=\"adfc2d9\" data-element_type=\"section\">\n\t\t\t\t\t\t<div class=\"elementor-container elementor-column-gap-extended\">\n\t\t\t\t\t<div class=\"elementor-column elementor-col-100 elementor-inner-column elementor-element elementor-element-777385c sc_layouts_column_icons_position_left\" data-id=\"777385c\" data-element_type=\"column\">\n\t\t\t<div class=\"elementor-widget-wrap elementor-element-populated\">\n\t\t\t\t\t\t<div class=\"elementor-element elementor-element-9ca41c8 elementor-widget elementor-widget-spacer\" data-id=\"9ca41c8\" data-element_type=\"widget\" data-widget_type=\"spacer.default\">\n\t\t\t\t<div class=\"elementor-widget-container\">\n\t\t\t\t\t\t\t<div class=\"elementor-spacer\">\n\t\t\t<div class=\"elementor-spacer-inner\"><\/div>\n\t\t<\/div>\n\t\t\t\t\t\t<\/div>\n\t\t\t\t<\/div>\n\t\t\t\t\t<\/div>\n\t\t<\/div>\n\t\t\t\t\t<\/div>\n\t\t<\/section>\n\t\t\t\t<div class=\"elementor-element elementor-element-fbbe088 elementor-widget elementor-widget-text-editor\" data-id=\"fbbe088\" data-element_type=\"widget\" data-widget_type=\"text-editor.default\">\n\t\t\t\t<div class=\"elementor-widget-container\">\n\t\t\t\t\t\t\t\t\t<p><span style=\"font-weight: 400;\">Lawrence si trov\u00f2 in Valle di Comino proprio nel periodo natalizio, quando tradizione vuole che gli <\/span><b><a href=\"http:\/\/www.calamus.it\/index.php?lang=it\">zampognari<\/a><\/b><b>\u00a0<\/b><span style=\"font-weight: 400;\">visitino i borghi, <\/span><b>con zampogne e organetti<\/b><span style=\"font-weight: 400;\">, per portare con i loro canti e musiche la \u201cbuona novella\u201d del Natale: <\/span><span style=\"font-weight: 400;\">\u00ab<\/span><i><span style=\"font-weight: 400;\">Al momento c\u2019\u00e8 un gran trambusto di cornamuse sotto la finestra, una specie di ballata selvaggia ululata, assolutamente astrusa: \u00e8 la serenata di Natale. Adesso ci sar\u00e0 tutti i giorni, fino a Natale<\/span><\/i><span style=\"font-weight: 400;\">\u00bb (<\/span><span style=\"font-weight: 400;\">Lettera a Rosalind Baynes del 16 dicembre 1919).\u00a0<\/span><\/p><p><span style=\"font-weight: 400;\">Un mondo a tratti ancestrale, dove le montagne intorno, come giganti, si stagliano a guardia di un tempo rimasto quasi immobile. \u00c8 quello che osserva, quando, descrivendo nel suo romanzo <\/span><b>il mercato di Ossona, quasi sicuramente ispirato da quello del borgo di Atina<\/b><span style=\"font-weight: 400;\"> che aveva avuto modo di visitare, scrive: <\/span><span style=\"font-weight: 400;\">\u00ab<\/span><i><span style=\"font-weight: 400;\">Nella luce dell\u2019alba le montagne erano meravigliose, color verde cupo e malva e rosa, e il terreno duro di gelo risonava sotto i passi. [&#8230;] In cima al passo, nel mezzo dell\u2019antica cittadina, il mercato era bello, in quella gelida mattina soleggiata. Tra gli alberelli nudi che rizzavano sulla radura, alta sopra la valle profonda, stavano sparsi i buoi, le mucche, le pecore, i maiali, le capre, alcuni in piedi, altri sdraiati. Qualcuno aveva acceso grandi fuochi di sterpi, e gli uomini vi si affollavano intorno per sfuggire alla fredda aria azzurrina. I somari carichi venivano alleggeriti delle verdure, dai minuscoli carretti usciva ogni specie di merce, stivali, pentole, utensili di stagno, cappelli, dolciumi e mucchi di grano, fagioli e sementi. Alle otto di quel mattino di dicembre il mercato era nel suo pieno fervore, e vi era una gran folla di robusti montanari, tutti contadini e quasi tutti in costume, con cappelli e acconciature d\u2019ogni foggia<\/span><\/i><span style=\"font-weight: 400;\">\u00bb<\/span><span style=\"font-weight: 400;\"> (La Ragazza Perduta).<\/span><\/p>\t\t\t\t\t\t\t\t<\/div>\n\t\t\t\t<\/div>\n\t\t\t\t\t<\/div>\n\t\t<\/div>\n\t\t\t\t<div class=\"elementor-column elementor-col-50 elementor-top-column elementor-element elementor-element-1570588 sc_layouts_column_icons_position_left\" data-id=\"1570588\" data-element_type=\"column\" data-settings=\"{&quot;background_background&quot;:&quot;classic&quot;}\">\n\t\t\t<div class=\"elementor-widget-wrap elementor-element-populated\">\n\t\t\t\t\t\t<div class=\"elementor-element elementor-element-42468da elementor-widget elementor-widget-spacer\" data-id=\"42468da\" data-element_type=\"widget\" data-widget_type=\"spacer.default\">\n\t\t\t\t<div class=\"elementor-widget-container\">\n\t\t\t\t\t\t\t<div class=\"elementor-spacer\">\n\t\t\t<div class=\"elementor-spacer-inner\"><\/div>\n\t\t<\/div>\n\t\t\t\t\t\t<\/div>\n\t\t\t\t<\/div>\n\t\t\t\t<div class=\"elementor-element elementor-element-62bc8e6 elementor-widget elementor-widget-image\" data-id=\"62bc8e6\" data-element_type=\"widget\" data-widget_type=\"image.default\">\n\t\t\t\t<div class=\"elementor-widget-container\">\n\t\t\t\t\t\t\t\t\t\t\t\t\t\t\t<img decoding=\"async\" width=\"297\" height=\"500\" src=\"https:\/\/www.dmociociariavalledicomino.it\/wp-content\/uploads\/2023\/10\/Laragazzaperduta.jpg\" class=\"attachment-full size-full wp-image-11780\" alt=\"\" srcset=\"https:\/\/www.dmociociariavalledicomino.it\/wp-content\/uploads\/2023\/10\/Laragazzaperduta.jpg 297w, https:\/\/www.dmociociariavalledicomino.it\/wp-content\/uploads\/2023\/10\/Laragazzaperduta-178x300.jpg 178w, https:\/\/www.dmociociariavalledicomino.it\/wp-content\/uploads\/2023\/10\/Laragazzaperduta-7x12.jpg 7w\" sizes=\"(max-width: 297px) 100vw, 297px\" \/>\t\t\t\t\t\t\t\t\t\t\t\t\t\t\t<\/div>\n\t\t\t\t<\/div>\n\t\t\t\t<div class=\"elementor-element elementor-element-f6a3fac elementor-widget elementor-widget-spacer\" data-id=\"f6a3fac\" data-element_type=\"widget\" data-widget_type=\"spacer.default\">\n\t\t\t\t<div class=\"elementor-widget-container\">\n\t\t\t\t\t\t\t<div class=\"elementor-spacer\">\n\t\t\t<div class=\"elementor-spacer-inner\"><\/div>\n\t\t<\/div>\n\t\t\t\t\t\t<\/div>\n\t\t\t\t<\/div>\n\t\t\t\t<div class=\"elementor-element elementor-element-2d80fde elementor-align-center elementor-widget elementor-widget-button\" data-id=\"2d80fde\" data-element_type=\"widget\" data-widget_type=\"button.default\">\n\t\t\t\t<div class=\"elementor-widget-container\">\n\t\t\t\t\t\t\t\t\t<div class=\"elementor-button-wrapper\">\n\t\t\t\t\t<a class=\"elementor-button elementor-button-link elementor-size-sm\" href=\"#\">\n\t\t\t\t\t\t<span class=\"elementor-button-content-wrapper\">\n\t\t\t\t\t\t\t\t\t<span class=\"elementor-button-text\">La Ragazza Perduta di D. H. Lawrence<\/span>\n\t\t\t\t\t<\/span>\n\t\t\t\t\t<\/a>\n\t\t\t\t<\/div>\n\t\t\t\t\t\t\t\t<\/div>\n\t\t\t\t<\/div>\n\t\t\t\t\t<\/div>\n\t\t<\/div>\n\t\t\t\t\t<\/div>\n\t\t<\/section>\n\t\t\t\t<section class=\"elementor-section elementor-top-section elementor-element elementor-element-f4ade9c elementor-hidden-desktop elementor-hidden-mobile elementor-section-boxed elementor-section-height-default elementor-section-height-default\" data-id=\"f4ade9c\" data-element_type=\"section\">\n\t\t\t\t\t\t<div class=\"elementor-container elementor-column-gap-extended\">\n\t\t\t\t\t<div class=\"elementor-column elementor-col-100 elementor-top-column elementor-element elementor-element-09d279e sc_layouts_column_icons_position_left\" data-id=\"09d279e\" data-element_type=\"column\">\n\t\t\t<div class=\"elementor-widget-wrap elementor-element-populated\">\n\t\t\t\t\t\t<div class=\"elementor-element elementor-element-9a52b59 elementor-widget elementor-widget-text-editor\" data-id=\"9a52b59\" data-element_type=\"widget\" data-widget_type=\"text-editor.default\">\n\t\t\t\t<div class=\"elementor-widget-container\">\n\t\t\t\t\t\t\t\t\t<p><span style=\"font-weight: 400;\">Lawrence si trov\u00f2 in Valle di Comino proprio nel periodo natalizio, quando tradizione vuole che gli <\/span><b><a href=\"http:\/\/www.calamus.it\/index.php?lang=it\">zampognari<\/a><\/b><b>\u00a0<\/b><span style=\"font-weight: 400;\">visitino i borghi, <\/span><b>con zampogne e organetti<\/b><span style=\"font-weight: 400;\">, per portare con i loro canti e musiche la \u201cbuona novella\u201d del Natale: <\/span><span style=\"font-weight: 400;\">\u00ab<\/span><i><span style=\"font-weight: 400;\">Al momento c\u2019\u00e8 un gran trambusto di cornamuse sotto la finestra, una specie di ballata selvaggia ululata, assolutamente astrusa: \u00e8 la serenata di Natale. Adesso ci sar\u00e0 tutti i giorni, fino a Natale<\/span><\/i><span style=\"font-weight: 400;\">\u00bb (<\/span><span style=\"font-weight: 400;\">Lettera a Rosalind Baynes del 16 dicembre 1919).\u00a0<\/span><\/p><p><span style=\"font-weight: 400;\">Un mondo a tratti ancestrale, dove le montagne intorno, come giganti, si stagliano a guardia di un tempo rimasto quasi immobile. \u00c8 quello che osserva, quando, descrivendo nel suo romanzo <\/span><b>il mercato di Ossona, quasi sicuramente ispirato da quello del borgo di Atina<\/b><span style=\"font-weight: 400;\"> che aveva avuto modo di visitare, scrive: <\/span><span style=\"font-weight: 400;\">\u00ab<\/span><i><span style=\"font-weight: 400;\">Nella luce dell\u2019alba le montagne erano meravigliose, color verde cupo e malva e rosa, e il terreno duro di gelo risonava sotto i passi. [&#8230;] In cima al passo, nel mezzo dell\u2019antica cittadina, il mercato era bello, in quella gelida mattina soleggiata. Tra gli alberelli nudi che rizzavano sulla radura, alta sopra la valle profonda, stavano sparsi i buoi, le mucche, le pecore, i maiali, le capre, alcuni in piedi, altri sdraiati. Qualcuno aveva acceso grandi fuochi di sterpi, e gli uomini vi si affollavano intorno per sfuggire alla fredda aria azzurrina. I somari carichi venivano alleggeriti delle verdure, dai minuscoli carretti usciva ogni specie di merce, stivali, pentole, utensili di stagno, cappelli, dolciumi e mucchi di grano, fagioli e sementi. Alle otto di quel mattino di dicembre il mercato era nel suo pieno fervore, e vi era una gran folla di robusti montanari, tutti contadini e quasi tutti in costume, con cappelli e acconciature d\u2019ogni foggia<\/span><\/i><span style=\"font-weight: 400;\">\u00bb<\/span><span style=\"font-weight: 400;\"> (La Ragazza Perduta).<\/span><\/p>\t\t\t\t\t\t\t\t<\/div>\n\t\t\t\t<\/div>\n\t\t\t\t<div class=\"elementor-element elementor-element-dde3c1f elementor-widget elementor-widget-spacer\" data-id=\"dde3c1f\" data-element_type=\"widget\" data-widget_type=\"spacer.default\">\n\t\t\t\t<div class=\"elementor-widget-container\">\n\t\t\t\t\t\t\t<div class=\"elementor-spacer\">\n\t\t\t<div class=\"elementor-spacer-inner\"><\/div>\n\t\t<\/div>\n\t\t\t\t\t\t<\/div>\n\t\t\t\t<\/div>\n\t\t\t\t<div class=\"elementor-element elementor-element-5ce5bab elementor-widget elementor-widget-image\" data-id=\"5ce5bab\" data-element_type=\"widget\" data-widget_type=\"image.default\">\n\t\t\t\t<div class=\"elementor-widget-container\">\n\t\t\t\t\t\t\t\t\t\t\t\t\t\t\t<img decoding=\"async\" width=\"297\" height=\"500\" src=\"https:\/\/www.dmociociariavalledicomino.it\/wp-content\/uploads\/2023\/10\/Laragazzaperduta.jpg\" class=\"attachment-full size-full wp-image-11780\" alt=\"\" srcset=\"https:\/\/www.dmociociariavalledicomino.it\/wp-content\/uploads\/2023\/10\/Laragazzaperduta.jpg 297w, https:\/\/www.dmociociariavalledicomino.it\/wp-content\/uploads\/2023\/10\/Laragazzaperduta-178x300.jpg 178w, https:\/\/www.dmociociariavalledicomino.it\/wp-content\/uploads\/2023\/10\/Laragazzaperduta-7x12.jpg 7w\" sizes=\"(max-width: 297px) 100vw, 297px\" \/>\t\t\t\t\t\t\t\t\t\t\t\t\t\t\t<\/div>\n\t\t\t\t<\/div>\n\t\t\t\t<div class=\"elementor-element elementor-element-933dc89 elementor-widget elementor-widget-spacer\" data-id=\"933dc89\" data-element_type=\"widget\" data-widget_type=\"spacer.default\">\n\t\t\t\t<div class=\"elementor-widget-container\">\n\t\t\t\t\t\t\t<div class=\"elementor-spacer\">\n\t\t\t<div class=\"elementor-spacer-inner\"><\/div>\n\t\t<\/div>\n\t\t\t\t\t\t<\/div>\n\t\t\t\t<\/div>\n\t\t\t\t<div class=\"elementor-element elementor-element-c0d27e2 elementor-align-center elementor-widget elementor-widget-button\" data-id=\"c0d27e2\" data-element_type=\"widget\" data-widget_type=\"button.default\">\n\t\t\t\t<div class=\"elementor-widget-container\">\n\t\t\t\t\t\t\t\t\t<div class=\"elementor-button-wrapper\">\n\t\t\t\t\t<a class=\"elementor-button elementor-button-link elementor-size-sm\" href=\"#\">\n\t\t\t\t\t\t<span class=\"elementor-button-content-wrapper\">\n\t\t\t\t\t\t\t\t\t<span class=\"elementor-button-text\">La Ragazza Perduta di D. H. Lawrence<\/span>\n\t\t\t\t\t<\/span>\n\t\t\t\t\t<\/a>\n\t\t\t\t<\/div>\n\t\t\t\t\t\t\t\t<\/div>\n\t\t\t\t<\/div>\n\t\t\t\t\t<\/div>\n\t\t<\/div>\n\t\t\t\t\t<\/div>\n\t\t<\/section>\n\t\t\t\t<section class=\"elementor-section elementor-top-section elementor-element elementor-element-c7b439b elementor-section-boxed elementor-section-height-default elementor-section-height-default\" data-id=\"c7b439b\" data-element_type=\"section\">\n\t\t\t\t\t\t<div class=\"elementor-container elementor-column-gap-extended\">\n\t\t\t\t\t<div class=\"elementor-column elementor-col-100 elementor-top-column elementor-element elementor-element-04cec3b sc_layouts_column_icons_position_left\" data-id=\"04cec3b\" data-element_type=\"column\">\n\t\t\t<div class=\"elementor-widget-wrap elementor-element-populated\">\n\t\t\t\t\t\t<section class=\"elementor-section elementor-inner-section elementor-element elementor-element-d60b422 elementor-section-boxed elementor-section-height-default elementor-section-height-default\" data-id=\"d60b422\" data-element_type=\"section\">\n\t\t\t\t\t\t<div class=\"elementor-container elementor-column-gap-extended\">\n\t\t\t\t\t<div class=\"elementor-column elementor-col-100 elementor-inner-column elementor-element elementor-element-ee99447 sc_layouts_column_icons_position_left\" data-id=\"ee99447\" data-element_type=\"column\">\n\t\t\t<div class=\"elementor-widget-wrap elementor-element-populated\">\n\t\t\t\t\t\t<div class=\"elementor-element elementor-element-e6564fb elementor-widget elementor-widget-spacer\" data-id=\"e6564fb\" data-element_type=\"widget\" data-widget_type=\"spacer.default\">\n\t\t\t\t<div class=\"elementor-widget-container\">\n\t\t\t\t\t\t\t<div class=\"elementor-spacer\">\n\t\t\t<div class=\"elementor-spacer-inner\"><\/div>\n\t\t<\/div>\n\t\t\t\t\t\t<\/div>\n\t\t\t\t<\/div>\n\t\t\t\t\t<\/div>\n\t\t<\/div>\n\t\t\t\t\t<\/div>\n\t\t<\/section>\n\t\t\t\t<div class=\"elementor-element elementor-element-c87f598 elementor-widget elementor-widget-text-editor\" data-id=\"c87f598\" data-element_type=\"widget\" data-widget_type=\"text-editor.default\">\n\t\t\t\t<div class=\"elementor-widget-container\">\n\t\t\t\t\t\t\t\t\t<p><span style=\"font-size: 20px; font-weight: 400;\">I locali con i loro abiti tipici diventano anch\u2019essi protagonisti del romanzo, davanti agli occhi di Alvina, la giovane inglese di buona famiglia che per amore aveva seguito il suo amato italiano al paese natale di quest\u2019ultimo: <\/span><span style=\"font-size: 20px; font-weight: 400;\">\u00ab<\/span><i style=\"font-family: inherit; font-weight: inherit;\"><span style=\"font-weight: 400;\">Da tutte le strade scendevano a frotte i contadini diretti al mercato, le donne coi loro abiti migliori, alcuni di seta grossa e pesante, i corpetti dalle maniche bianche arricciate, le gonne verdi, lavanda, rosso scuro, e i fazzoletti variopinti in capo; gli uomini ravvolti nei mantelli, silenziosamente calzati con sandali di pelle dalla punta sottile; e asinelli carichi, carri pieni di gente, una mucca ritardataria<\/span><\/i><span style=\"font-size: 20px; font-weight: 400;\">\u00bb <\/span><span style=\"font-size: 20px; font-weight: 400;\">(La Ragazza Perduta)<\/span><span style=\"font-size: 20px; font-weight: 400;\">.<\/span><\/p><p><span style=\"font-weight: 400;\">Sembra di poterla immaginare ancora oggi\u00a0 la scena, quando nella piccola citt\u00e0 di Saturno i colori degli abiti tradizionali animano le strade e la piazza in occasione del Festival Internazionale del Foklore.\u00a0<\/span><\/p><p><span style=\"font-weight: 400;\">Rileggere le pagine di quest&#8217;opera permette di rivivere le emozioni di Lawrence di fronte alla bellezza e alla storia di questi borghi che sono immersi in scenari paesaggistici senza eguali.\u00a0<\/span><\/p><p><b>Una \u201cVia Romantica\u201d da percorrere sulle orme di un grande scrittore del Novecento<\/b><span style=\"font-weight: 400;\">, che dipinge con le parole l&#8217;autenticit\u00e0 della Valle di Comino, con Alvina che ammira e impara ad amare una terra che ancora oggi ha il sapore di cento anni fa.\u00a0<\/span><\/p>\t\t\t\t\t\t\t\t<\/div>\n\t\t\t\t<\/div>\n\t\t\t\t\t<\/div>\n\t\t<\/div>\n\t\t\t\t\t<\/div>\n\t\t<\/section>\n\t\t\t\t<section class=\"elementor-section elementor-top-section elementor-element elementor-element-bee16b4 elementor-section-boxed elementor-section-height-default elementor-section-height-default\" data-id=\"bee16b4\" data-element_type=\"section\">\n\t\t\t\t\t\t<div class=\"elementor-container elementor-column-gap-extended\">\n\t\t\t\t\t<div class=\"elementor-column elementor-col-100 elementor-top-column elementor-element elementor-element-58d42aa sc_layouts_column_icons_position_left\" data-id=\"58d42aa\" data-element_type=\"column\">\n\t\t\t<div class=\"elementor-widget-wrap elementor-element-populated\">\n\t\t\t\t\t\t<div class=\"elementor-element elementor-element-c06380e elementor-widget elementor-widget-spacer\" data-id=\"c06380e\" data-element_type=\"widget\" data-widget_type=\"spacer.default\">\n\t\t\t\t<div class=\"elementor-widget-container\">\n\t\t\t\t\t\t\t<div class=\"elementor-spacer\">\n\t\t\t<div class=\"elementor-spacer-inner\"><\/div>\n\t\t<\/div>\n\t\t\t\t\t\t<\/div>\n\t\t\t\t<\/div>\n\t\t\t\t\t<\/div>\n\t\t<\/div>\n\t\t\t\t\t<\/div>\n\t\t<\/section>\n\t\t\t\t<section class=\"elementor-section elementor-top-section elementor-element elementor-element-42f0102 elementor-section-boxed elementor-section-height-default elementor-section-height-default\" data-id=\"42f0102\" data-element_type=\"section\" data-settings=\"{&quot;background_background&quot;:&quot;classic&quot;}\">\n\t\t\t\t\t\t<div class=\"elementor-container elementor-column-gap-extended\">\n\t\t\t\t\t<div class=\"elementor-column elementor-col-100 elementor-top-column elementor-element elementor-element-8f4887b sc_layouts_column_icons_position_left\" data-id=\"8f4887b\" data-element_type=\"column\">\n\t\t\t<div class=\"elementor-widget-wrap elementor-element-populated\">\n\t\t\t\t\t\t<div class=\"elementor-element elementor-element-1ae87da elementor-widget elementor-widget-spacer\" data-id=\"1ae87da\" data-element_type=\"widget\" data-widget_type=\"spacer.default\">\n\t\t\t\t<div class=\"elementor-widget-container\">\n\t\t\t\t\t\t\t<div class=\"elementor-spacer\">\n\t\t\t<div class=\"elementor-spacer-inner\"><\/div>\n\t\t<\/div>\n\t\t\t\t\t\t<\/div>\n\t\t\t\t<\/div>\n\t\t\t\t\t<\/div>\n\t\t<\/div>\n\t\t\t\t\t<\/div>\n\t\t<\/section>\n\t\t\t\t<section class=\"elementor-section elementor-top-section elementor-element elementor-element-9193925 elementor-section-boxed elementor-section-height-default elementor-section-height-default\" data-id=\"9193925\" data-element_type=\"section\" data-settings=\"{&quot;background_background&quot;:&quot;classic&quot;}\">\n\t\t\t\t\t\t<div class=\"elementor-container elementor-column-gap-extended\">\n\t\t\t\t\t<div class=\"elementor-column elementor-col-100 elementor-top-column elementor-element elementor-element-874e60c sc_layouts_column_icons_position_left\" data-id=\"874e60c\" data-element_type=\"column\">\n\t\t\t<div class=\"elementor-widget-wrap elementor-element-populated\">\n\t\t\t\t\t\t<div class=\"elementor-element elementor-element-60b5aa1 elementor-view-stacked elementor-shape-circle elementor-position-top elementor-mobile-position-top elementor-widget elementor-widget-icon-box\" data-id=\"60b5aa1\" data-element_type=\"widget\" data-widget_type=\"icon-box.default\">\n\t\t\t\t<div class=\"elementor-widget-container\">\n\t\t\t\t\t\t\t<div class=\"elementor-icon-box-wrapper\">\n\n\t\t\t\t\t\t<div class=\"elementor-icon-box-icon\">\n\t\t\t\t<span  class=\"elementor-icon\">\n\t\t\t\t<i aria-hidden=\"true\" class=\"fas fa-book\"><\/i>\t\t\t\t<\/span>\n\t\t\t<\/div>\n\t\t\t\n\t\t\t\t\t\t<div class=\"elementor-icon-box-content\">\n\n\t\t\t\t\t\t\t\t\t<h3 class=\"elementor-icon-box-title\">\n\t\t\t\t\t\t<span  >\n\t\t\t\t\t\t\tBibliografia\t\t\t\t\t\t<\/span>\n\t\t\t\t\t<\/h3>\n\t\t\t\t\n\t\t\t\t\n\t\t\t<\/div>\n\t\t\t\n\t\t<\/div>\n\t\t\t\t\t\t<\/div>\n\t\t\t\t<\/div>\n\t\t\t\t<div class=\"elementor-element elementor-element-4b0ee09 elementor-widget elementor-widget-spacer\" data-id=\"4b0ee09\" data-element_type=\"widget\" data-widget_type=\"spacer.default\">\n\t\t\t\t<div class=\"elementor-widget-container\">\n\t\t\t\t\t\t\t<div class=\"elementor-spacer\">\n\t\t\t<div class=\"elementor-spacer-inner\"><\/div>\n\t\t<\/div>\n\t\t\t\t\t\t<\/div>\n\t\t\t\t<\/div>\n\t\t\t\t<div class=\"elementor-element elementor-element-1bd20f9 elementor-widget elementor-widget-text-editor\" data-id=\"1bd20f9\" data-element_type=\"widget\" data-widget_type=\"text-editor.default\">\n\t\t\t\t<div class=\"elementor-widget-container\">\n\t\t\t\t\t\t\t\t\t<p><span style=\"font-weight: 400;\">Lawrence D. H., <\/span><i><b>La ragazza perduta<\/b><\/i><span style=\"font-weight: 400;\">, Oscar Mondadori, Milano 1980<\/span><\/p><p><i><b>Letter from D.H. Lawrence<\/b><span style=\"font-weight: 400;\">, presso Orazio Cervi, Picinisco, Prov. di Caserta, Italy to Rosalind Baynes<\/span><\/i><span style=\"font-weight: 400;\">; 16 Dec. 1919, <strong><a href=\"https:\/\/mss-cat.nottingham.ac.uk\/dserve\/Record.aspx?src=CalmView.Catalog&amp;id=La%2FC%2F7-13%2F7\">University of Nottingham<\/a><\/strong><\/span><br \/><i><b><\/b><\/i><\/p><p><i><b>Da \u2018Pescolocascio\u2019\u2026 a Montecassino con David Herbert Lawrence<\/b><\/i><span style=\"font-weight: 400;\">, C. Jadecola, da <strong><a href=\"https:\/\/www.cdsconlus.it\/index.php\/2018\/02\/18\/10408\/\">Studi Cassinati<\/a><\/strong>, anno 2017, n. 4<\/span><\/p>\t\t\t\t\t\t\t\t<\/div>\n\t\t\t\t<\/div>\n\t\t\t\t<div class=\"elementor-element elementor-element-9beb98f elementor-widget elementor-widget-spacer\" data-id=\"9beb98f\" data-element_type=\"widget\" data-widget_type=\"spacer.default\">\n\t\t\t\t<div class=\"elementor-widget-container\">\n\t\t\t\t\t\t\t<div class=\"elementor-spacer\">\n\t\t\t<div class=\"elementor-spacer-inner\"><\/div>\n\t\t<\/div>\n\t\t\t\t\t\t<\/div>\n\t\t\t\t<\/div>\n\t\t\t\t\t<\/div>\n\t\t<\/div>\n\t\t\t\t\t<\/div>\n\t\t<\/section>\n\t\t\t\t<section class=\"elementor-section elementor-top-section elementor-element elementor-element-fa445ff elementor-section-boxed elementor-section-height-default elementor-section-height-default\" data-id=\"fa445ff\" data-element_type=\"section\">\n\t\t\t\t\t\t<div class=\"elementor-container elementor-column-gap-extended\">\n\t\t\t\t\t<div class=\"elementor-column elementor-col-100 elementor-top-column elementor-element elementor-element-cefe2a5 sc_layouts_column_icons_position_left\" data-id=\"cefe2a5\" data-element_type=\"column\">\n\t\t\t<div class=\"elementor-widget-wrap elementor-element-populated\">\n\t\t\t\t\t\t<div class=\"elementor-element elementor-element-a7b656d elementor-widget elementor-widget-spacer\" data-id=\"a7b656d\" data-element_type=\"widget\" data-widget_type=\"spacer.default\">\n\t\t\t\t<div class=\"elementor-widget-container\">\n\t\t\t\t\t\t\t<div class=\"elementor-spacer\">\n\t\t\t<div class=\"elementor-spacer-inner\"><\/div>\n\t\t<\/div>\n\t\t\t\t\t\t<\/div>\n\t\t\t\t<\/div>\n\t\t\t\t\t<\/div>\n\t\t<\/div>\n\t\t\t\t\t<\/div>\n\t\t<\/section>\n\t\t\t\t<\/div>","protected":false},"excerpt":{"rendered":"<p>La Via Romantica sulle orme di D.H. Lawrence in Valle di Comino: Un Viaggio nel Tempo Non molti sanno che, nel suo peregrinare per il mondo, lo scrittore inglese D.H. Lawrence, icona della letteratura del XX secolo e famoso per la sua opera \u201cAmante di Lady Chatterley\u201d, si ritrov\u00f2 immerso nella bellezza incontaminata della Valle di Comino, in quella che&hellip;<\/p>","protected":false},"author":1,"featured_media":11798,"comment_status":"closed","ping_status":"closed","sticky":false,"template":"","format":"standard","meta":{"footnotes":""},"categories":[75],"tags":[268,267,274,279,269,278,276,271,281,266,280,275,168,272,270,282,283,277,76,273],"class_list":["post-11773","post","type-post","status-publish","format-standard","has-post-thumbnail","hentry","category-blog","tag-atina","tag-borghi-ditalia","tag-casa-lawrence","tag-centri-storici","tag-d-h-lawrence","tag-dimore-storiche-del-lazio","tag-festival-del-folklore","tag-formaggio-locale","tag-italia-rurale","tag-la-via-romantica","tag-letteratura-e-viaggi","tag-novecento-letterario","tag-parco-nazionale-dabruzzo","tag-pecorino-di-picinisco-dop","tag-picinisco","tag-romanzo","tag-the-lost-girl","tag-tradizioni-montane","tag-valle-di-comino","tag-villa-latina"],"acf":[],"yoast_head":"<!-- This site is optimized with the Yoast SEO plugin v24.6 - https:\/\/yoast.com\/wordpress\/plugins\/seo\/ -->\n<title>La Via Romantica sulle orme di D.H. Lawrence in Valle di Comino: Un Viaggio nel Tempo<\/title>\n<meta name=\"description\" content=\"Segui le tracce di D.H. Lawrence in un emozionante viaggio in Valle di Comino, esplorando i borghi e le tradizioni immortalati nel suo romanzo \u201cLa Ragazza Perduta\u201d.\" \/>\n<meta name=\"robots\" content=\"index, follow, max-snippet:-1, max-image-preview:large, max-video-preview:-1\" \/>\n<link rel=\"canonical\" href=\"https:\/\/www.dmociociariavalledicomino.it\/en\/la-via-romantica-sulle-orme-di-d-h-lawrence-in-valle-di-comino-un-viaggio-nel-tempo\/\" \/>\n<meta property=\"og:locale\" content=\"en_GB\" \/>\n<meta property=\"og:type\" content=\"article\" \/>\n<meta property=\"og:title\" content=\"La Via Romantica sulle orme di D.H. Lawrence in Valle di Comino: Un Viaggio nel Tempo\" \/>\n<meta property=\"og:description\" content=\"Segui le tracce di D.H. Lawrence in un emozionante viaggio in Valle di Comino, esplorando i borghi e le tradizioni immortalati nel suo romanzo \u201cLa Ragazza Perduta\u201d.\" \/>\n<meta property=\"og:url\" content=\"https:\/\/www.dmociociariavalledicomino.it\/en\/la-via-romantica-sulle-orme-di-d-h-lawrence-in-valle-di-comino-un-viaggio-nel-tempo\/\" \/>\n<meta property=\"og:site_name\" content=\"DMO Ciociaria Valle di Comino\" \/>\n<meta property=\"article:published_time\" content=\"2023-11-02T07:30:00+00:00\" \/>\n<meta property=\"article:modified_time\" content=\"2023-11-27T08:37:35+00:00\" \/>\n<meta property=\"og:image\" content=\"https:\/\/www.dmociociariavalledicomino.it\/wp-content\/uploads\/2023\/10\/copertina-1.jpg\" \/>\n\t<meta property=\"og:image:width\" content=\"800\" \/>\n\t<meta property=\"og:image:height\" content=\"600\" \/>\n\t<meta property=\"og:image:type\" content=\"image\/jpeg\" \/>\n<meta name=\"author\" content=\"admin\" \/>\n<meta name=\"twitter:card\" content=\"summary_large_image\" \/>\n<meta name=\"twitter:label1\" content=\"Written by\" \/>\n\t<meta name=\"twitter:data1\" content=\"admin\" \/>\n\t<meta name=\"twitter:label2\" content=\"Estimated reading time\" \/>\n\t<meta name=\"twitter:data2\" content=\"13 minutes\" \/>\n<script type=\"application\/ld+json\" class=\"yoast-schema-graph\">{\"@context\":\"https:\/\/schema.org\",\"@graph\":[{\"@type\":\"Article\",\"@id\":\"https:\/\/www.dmociociariavalledicomino.it\/la-via-romantica-sulle-orme-di-d-h-lawrence-in-valle-di-comino-un-viaggio-nel-tempo\/#article\",\"isPartOf\":{\"@id\":\"https:\/\/www.dmociociariavalledicomino.it\/la-via-romantica-sulle-orme-di-d-h-lawrence-in-valle-di-comino-un-viaggio-nel-tempo\/\"},\"author\":{\"name\":\"admin\",\"@id\":\"https:\/\/www.dmociociariavalledicomino.it\/#\/schema\/person\/3bf46154fba3deea98d7bd5acb562c6e\"},\"headline\":\"La Via Romantica sulle orme di D.H. Lawrence in Valle di Comino: Un Viaggio nel Tempo\",\"datePublished\":\"2023-11-02T07:30:00+00:00\",\"dateModified\":\"2023-11-27T08:37:35+00:00\",\"mainEntityOfPage\":{\"@id\":\"https:\/\/www.dmociociariavalledicomino.it\/la-via-romantica-sulle-orme-di-d-h-lawrence-in-valle-di-comino-un-viaggio-nel-tempo\/\"},\"wordCount\":2105,\"publisher\":{\"@id\":\"https:\/\/www.dmociociariavalledicomino.it\/#organization\"},\"image\":{\"@id\":\"https:\/\/www.dmociociariavalledicomino.it\/la-via-romantica-sulle-orme-di-d-h-lawrence-in-valle-di-comino-un-viaggio-nel-tempo\/#primaryimage\"},\"thumbnailUrl\":\"https:\/\/www.dmociociariavalledicomino.it\/wp-content\/uploads\/2023\/10\/copertina-1.jpg\",\"keywords\":[\"Atina\",\"Borghi d\u2019Italia\",\"Casa Lawrence\",\"centri storici\",\"D.H. Lawrence\",\"dimore storiche del Lazio\",\"Festival del Folklore\",\"Formaggio locale\",\"Italia rurale\",\"La Via Romantica\",\"Letteratura e viaggi\",\"Novecento letterario\",\"Parco nazionale d\u2019Abruzzo\",\"Pecorino di Picinisco DOP\",\"Picinisco\",\"romanzo\",\"The lost Girl\",\"Tradizioni montane\",\"valle di comino\",\"Villa Latina\"],\"articleSection\":[\"Blog\"],\"inLanguage\":\"en-GB\"},{\"@type\":\"WebPage\",\"@id\":\"https:\/\/www.dmociociariavalledicomino.it\/la-via-romantica-sulle-orme-di-d-h-lawrence-in-valle-di-comino-un-viaggio-nel-tempo\/\",\"url\":\"https:\/\/www.dmociociariavalledicomino.it\/la-via-romantica-sulle-orme-di-d-h-lawrence-in-valle-di-comino-un-viaggio-nel-tempo\/\",\"name\":\"La Via Romantica sulle orme di D.H. Lawrence in Valle di Comino: Un Viaggio nel Tempo\",\"isPartOf\":{\"@id\":\"https:\/\/www.dmociociariavalledicomino.it\/#website\"},\"primaryImageOfPage\":{\"@id\":\"https:\/\/www.dmociociariavalledicomino.it\/la-via-romantica-sulle-orme-di-d-h-lawrence-in-valle-di-comino-un-viaggio-nel-tempo\/#primaryimage\"},\"image\":{\"@id\":\"https:\/\/www.dmociociariavalledicomino.it\/la-via-romantica-sulle-orme-di-d-h-lawrence-in-valle-di-comino-un-viaggio-nel-tempo\/#primaryimage\"},\"thumbnailUrl\":\"https:\/\/www.dmociociariavalledicomino.it\/wp-content\/uploads\/2023\/10\/copertina-1.jpg\",\"datePublished\":\"2023-11-02T07:30:00+00:00\",\"dateModified\":\"2023-11-27T08:37:35+00:00\",\"description\":\"Segui le tracce di D.H. Lawrence in un emozionante viaggio in Valle di Comino, esplorando i borghi e le tradizioni immortalati nel suo romanzo \u201cLa Ragazza Perduta\u201d.\",\"breadcrumb\":{\"@id\":\"https:\/\/www.dmociociariavalledicomino.it\/la-via-romantica-sulle-orme-di-d-h-lawrence-in-valle-di-comino-un-viaggio-nel-tempo\/#breadcrumb\"},\"inLanguage\":\"en-GB\",\"potentialAction\":[{\"@type\":\"ReadAction\",\"target\":[\"https:\/\/www.dmociociariavalledicomino.it\/la-via-romantica-sulle-orme-di-d-h-lawrence-in-valle-di-comino-un-viaggio-nel-tempo\/\"]}]},{\"@type\":\"ImageObject\",\"inLanguage\":\"en-GB\",\"@id\":\"https:\/\/www.dmociociariavalledicomino.it\/la-via-romantica-sulle-orme-di-d-h-lawrence-in-valle-di-comino-un-viaggio-nel-tempo\/#primaryimage\",\"url\":\"https:\/\/www.dmociociariavalledicomino.it\/wp-content\/uploads\/2023\/10\/copertina-1.jpg\",\"contentUrl\":\"https:\/\/www.dmociociariavalledicomino.it\/wp-content\/uploads\/2023\/10\/copertina-1.jpg\",\"width\":800,\"height\":600},{\"@type\":\"BreadcrumbList\",\"@id\":\"https:\/\/www.dmociociariavalledicomino.it\/la-via-romantica-sulle-orme-di-d-h-lawrence-in-valle-di-comino-un-viaggio-nel-tempo\/#breadcrumb\",\"itemListElement\":[{\"@type\":\"ListItem\",\"position\":1,\"name\":\"Home\",\"item\":\"https:\/\/www.dmociociariavalledicomino.it\/\"},{\"@type\":\"ListItem\",\"position\":2,\"name\":\"La Via Romantica sulle orme di D.H. Lawrence in Valle di Comino: Un Viaggio nel Tempo\"}]},{\"@type\":\"WebSite\",\"@id\":\"https:\/\/www.dmociociariavalledicomino.it\/#website\",\"url\":\"https:\/\/www.dmociociariavalledicomino.it\/\",\"name\":\"DMO Ciociaria Valle di Comino\",\"description\":\"La destinazione che non c'era\",\"publisher\":{\"@id\":\"https:\/\/www.dmociociariavalledicomino.it\/#organization\"},\"potentialAction\":[{\"@type\":\"SearchAction\",\"target\":{\"@type\":\"EntryPoint\",\"urlTemplate\":\"https:\/\/www.dmociociariavalledicomino.it\/?s={search_term_string}\"},\"query-input\":{\"@type\":\"PropertyValueSpecification\",\"valueRequired\":true,\"valueName\":\"search_term_string\"}}],\"inLanguage\":\"en-GB\"},{\"@type\":\"Organization\",\"@id\":\"https:\/\/www.dmociociariavalledicomino.it\/#organization\",\"name\":\"DMO Ciociaria Valle di Comino\",\"url\":\"https:\/\/www.dmociociariavalledicomino.it\/\",\"logo\":{\"@type\":\"ImageObject\",\"inLanguage\":\"en-GB\",\"@id\":\"https:\/\/www.dmociociariavalledicomino.it\/#\/schema\/logo\/image\/\",\"url\":\"https:\/\/www.dmociociariavalledicomino.it\/wp-content\/uploads\/2022\/03\/logo-1x-1.png\",\"contentUrl\":\"https:\/\/www.dmociociariavalledicomino.it\/wp-content\/uploads\/2022\/03\/logo-1x-1.png\",\"width\":435,\"height\":100,\"caption\":\"DMO Ciociaria Valle di Comino\"},\"image\":{\"@id\":\"https:\/\/www.dmociociariavalledicomino.it\/#\/schema\/logo\/image\/\"}},{\"@type\":\"Person\",\"@id\":\"https:\/\/www.dmociociariavalledicomino.it\/#\/schema\/person\/3bf46154fba3deea98d7bd5acb562c6e\",\"name\":\"admin\",\"image\":{\"@type\":\"ImageObject\",\"inLanguage\":\"en-GB\",\"@id\":\"https:\/\/www.dmociociariavalledicomino.it\/#\/schema\/person\/image\/\",\"url\":\"https:\/\/secure.gravatar.com\/avatar\/1fbb3f445cf77d4b14505985324155bdee1cc76aba31ffb5d872bb89773bcb48?s=96&d=mm&r=g\",\"contentUrl\":\"https:\/\/secure.gravatar.com\/avatar\/1fbb3f445cf77d4b14505985324155bdee1cc76aba31ffb5d872bb89773bcb48?s=96&d=mm&r=g\",\"caption\":\"admin\"},\"url\":\"https:\/\/www.dmociociariavalledicomino.it\/en\/author\/admin\/\"}]}<\/script>\n<!-- \/ Yoast SEO plugin. -->","yoast_head_json":{"title":"La Via Romantica sulle orme di D.H. Lawrence in Valle di Comino: Un Viaggio nel Tempo","description":"Segui le tracce di D.H. Lawrence in un emozionante viaggio in Valle di Comino, esplorando i borghi e le tradizioni immortalati nel suo romanzo \u201cLa Ragazza Perduta\u201d.","robots":{"index":"index","follow":"follow","max-snippet":"max-snippet:-1","max-image-preview":"max-image-preview:large","max-video-preview":"max-video-preview:-1"},"canonical":"https:\/\/www.dmociociariavalledicomino.it\/en\/la-via-romantica-sulle-orme-di-d-h-lawrence-in-valle-di-comino-un-viaggio-nel-tempo\/","og_locale":"en_GB","og_type":"article","og_title":"La Via Romantica sulle orme di D.H. Lawrence in Valle di Comino: Un Viaggio nel Tempo","og_description":"Segui le tracce di D.H. Lawrence in un emozionante viaggio in Valle di Comino, esplorando i borghi e le tradizioni immortalati nel suo romanzo \u201cLa Ragazza Perduta\u201d.","og_url":"https:\/\/www.dmociociariavalledicomino.it\/en\/la-via-romantica-sulle-orme-di-d-h-lawrence-in-valle-di-comino-un-viaggio-nel-tempo\/","og_site_name":"DMO Ciociaria Valle di Comino","article_published_time":"2023-11-02T07:30:00+00:00","article_modified_time":"2023-11-27T08:37:35+00:00","og_image":[{"width":800,"height":600,"url":"https:\/\/www.dmociociariavalledicomino.it\/wp-content\/uploads\/2023\/10\/copertina-1.jpg","type":"image\/jpeg"}],"author":"admin","twitter_card":"summary_large_image","twitter_misc":{"Written by":"admin","Estimated reading time":"13 minutes"},"schema":{"@context":"https:\/\/schema.org","@graph":[{"@type":"Article","@id":"https:\/\/www.dmociociariavalledicomino.it\/la-via-romantica-sulle-orme-di-d-h-lawrence-in-valle-di-comino-un-viaggio-nel-tempo\/#article","isPartOf":{"@id":"https:\/\/www.dmociociariavalledicomino.it\/la-via-romantica-sulle-orme-di-d-h-lawrence-in-valle-di-comino-un-viaggio-nel-tempo\/"},"author":{"name":"admin","@id":"https:\/\/www.dmociociariavalledicomino.it\/#\/schema\/person\/3bf46154fba3deea98d7bd5acb562c6e"},"headline":"La Via Romantica sulle orme di D.H. Lawrence in Valle di Comino: Un Viaggio nel Tempo","datePublished":"2023-11-02T07:30:00+00:00","dateModified":"2023-11-27T08:37:35+00:00","mainEntityOfPage":{"@id":"https:\/\/www.dmociociariavalledicomino.it\/la-via-romantica-sulle-orme-di-d-h-lawrence-in-valle-di-comino-un-viaggio-nel-tempo\/"},"wordCount":2105,"publisher":{"@id":"https:\/\/www.dmociociariavalledicomino.it\/#organization"},"image":{"@id":"https:\/\/www.dmociociariavalledicomino.it\/la-via-romantica-sulle-orme-di-d-h-lawrence-in-valle-di-comino-un-viaggio-nel-tempo\/#primaryimage"},"thumbnailUrl":"https:\/\/www.dmociociariavalledicomino.it\/wp-content\/uploads\/2023\/10\/copertina-1.jpg","keywords":["Atina","Borghi d\u2019Italia","Casa Lawrence","centri storici","D.H. Lawrence","dimore storiche del Lazio","Festival del Folklore","Formaggio locale","Italia rurale","La Via Romantica","Letteratura e viaggi","Novecento letterario","Parco nazionale d\u2019Abruzzo","Pecorino di Picinisco DOP","Picinisco","romanzo","The lost Girl","Tradizioni montane","valle di comino","Villa Latina"],"articleSection":["Blog"],"inLanguage":"en-GB"},{"@type":"WebPage","@id":"https:\/\/www.dmociociariavalledicomino.it\/la-via-romantica-sulle-orme-di-d-h-lawrence-in-valle-di-comino-un-viaggio-nel-tempo\/","url":"https:\/\/www.dmociociariavalledicomino.it\/la-via-romantica-sulle-orme-di-d-h-lawrence-in-valle-di-comino-un-viaggio-nel-tempo\/","name":"La Via Romantica sulle orme di D.H. Lawrence in Valle di Comino: Un Viaggio nel Tempo","isPartOf":{"@id":"https:\/\/www.dmociociariavalledicomino.it\/#website"},"primaryImageOfPage":{"@id":"https:\/\/www.dmociociariavalledicomino.it\/la-via-romantica-sulle-orme-di-d-h-lawrence-in-valle-di-comino-un-viaggio-nel-tempo\/#primaryimage"},"image":{"@id":"https:\/\/www.dmociociariavalledicomino.it\/la-via-romantica-sulle-orme-di-d-h-lawrence-in-valle-di-comino-un-viaggio-nel-tempo\/#primaryimage"},"thumbnailUrl":"https:\/\/www.dmociociariavalledicomino.it\/wp-content\/uploads\/2023\/10\/copertina-1.jpg","datePublished":"2023-11-02T07:30:00+00:00","dateModified":"2023-11-27T08:37:35+00:00","description":"Segui le tracce di D.H. Lawrence in un emozionante viaggio in Valle di Comino, esplorando i borghi e le tradizioni immortalati nel suo romanzo \u201cLa Ragazza Perduta\u201d.","breadcrumb":{"@id":"https:\/\/www.dmociociariavalledicomino.it\/la-via-romantica-sulle-orme-di-d-h-lawrence-in-valle-di-comino-un-viaggio-nel-tempo\/#breadcrumb"},"inLanguage":"en-GB","potentialAction":[{"@type":"ReadAction","target":["https:\/\/www.dmociociariavalledicomino.it\/la-via-romantica-sulle-orme-di-d-h-lawrence-in-valle-di-comino-un-viaggio-nel-tempo\/"]}]},{"@type":"ImageObject","inLanguage":"en-GB","@id":"https:\/\/www.dmociociariavalledicomino.it\/la-via-romantica-sulle-orme-di-d-h-lawrence-in-valle-di-comino-un-viaggio-nel-tempo\/#primaryimage","url":"https:\/\/www.dmociociariavalledicomino.it\/wp-content\/uploads\/2023\/10\/copertina-1.jpg","contentUrl":"https:\/\/www.dmociociariavalledicomino.it\/wp-content\/uploads\/2023\/10\/copertina-1.jpg","width":800,"height":600},{"@type":"BreadcrumbList","@id":"https:\/\/www.dmociociariavalledicomino.it\/la-via-romantica-sulle-orme-di-d-h-lawrence-in-valle-di-comino-un-viaggio-nel-tempo\/#breadcrumb","itemListElement":[{"@type":"ListItem","position":1,"name":"Home","item":"https:\/\/www.dmociociariavalledicomino.it\/"},{"@type":"ListItem","position":2,"name":"La Via Romantica sulle orme di D.H. Lawrence in Valle di Comino: Un Viaggio nel Tempo"}]},{"@type":"WebSite","@id":"https:\/\/www.dmociociariavalledicomino.it\/#website","url":"https:\/\/www.dmociociariavalledicomino.it\/","name":"DMO Ciociaria Valle di Comino","description":"La destinazione che non c'era","publisher":{"@id":"https:\/\/www.dmociociariavalledicomino.it\/#organization"},"potentialAction":[{"@type":"SearchAction","target":{"@type":"EntryPoint","urlTemplate":"https:\/\/www.dmociociariavalledicomino.it\/?s={search_term_string}"},"query-input":{"@type":"PropertyValueSpecification","valueRequired":true,"valueName":"search_term_string"}}],"inLanguage":"en-GB"},{"@type":"Organization","@id":"https:\/\/www.dmociociariavalledicomino.it\/#organization","name":"DMO Ciociaria Valle di Comino","url":"https:\/\/www.dmociociariavalledicomino.it\/","logo":{"@type":"ImageObject","inLanguage":"en-GB","@id":"https:\/\/www.dmociociariavalledicomino.it\/#\/schema\/logo\/image\/","url":"https:\/\/www.dmociociariavalledicomino.it\/wp-content\/uploads\/2022\/03\/logo-1x-1.png","contentUrl":"https:\/\/www.dmociociariavalledicomino.it\/wp-content\/uploads\/2022\/03\/logo-1x-1.png","width":435,"height":100,"caption":"DMO Ciociaria Valle di Comino"},"image":{"@id":"https:\/\/www.dmociociariavalledicomino.it\/#\/schema\/logo\/image\/"}},{"@type":"Person","@id":"https:\/\/www.dmociociariavalledicomino.it\/#\/schema\/person\/3bf46154fba3deea98d7bd5acb562c6e","name":"admin","image":{"@type":"ImageObject","inLanguage":"en-GB","@id":"https:\/\/www.dmociociariavalledicomino.it\/#\/schema\/person\/image\/","url":"https:\/\/secure.gravatar.com\/avatar\/1fbb3f445cf77d4b14505985324155bdee1cc76aba31ffb5d872bb89773bcb48?s=96&d=mm&r=g","contentUrl":"https:\/\/secure.gravatar.com\/avatar\/1fbb3f445cf77d4b14505985324155bdee1cc76aba31ffb5d872bb89773bcb48?s=96&d=mm&r=g","caption":"admin"},"url":"https:\/\/www.dmociociariavalledicomino.it\/en\/author\/admin\/"}]}},"_links":{"self":[{"href":"https:\/\/www.dmociociariavalledicomino.it\/en\/wp-json\/wp\/v2\/posts\/11773","targetHints":{"allow":["GET"]}}],"collection":[{"href":"https:\/\/www.dmociociariavalledicomino.it\/en\/wp-json\/wp\/v2\/posts"}],"about":[{"href":"https:\/\/www.dmociociariavalledicomino.it\/en\/wp-json\/wp\/v2\/types\/post"}],"author":[{"embeddable":true,"href":"https:\/\/www.dmociociariavalledicomino.it\/en\/wp-json\/wp\/v2\/users\/1"}],"replies":[{"embeddable":true,"href":"https:\/\/www.dmociociariavalledicomino.it\/en\/wp-json\/wp\/v2\/comments?post=11773"}],"version-history":[{"count":61,"href":"https:\/\/www.dmociociariavalledicomino.it\/en\/wp-json\/wp\/v2\/posts\/11773\/revisions"}],"predecessor-version":[{"id":11840,"href":"https:\/\/www.dmociociariavalledicomino.it\/en\/wp-json\/wp\/v2\/posts\/11773\/revisions\/11840"}],"wp:featuredmedia":[{"embeddable":true,"href":"https:\/\/www.dmociociariavalledicomino.it\/en\/wp-json\/wp\/v2\/media\/11798"}],"wp:attachment":[{"href":"https:\/\/www.dmociociariavalledicomino.it\/en\/wp-json\/wp\/v2\/media?parent=11773"}],"wp:term":[{"taxonomy":"category","embeddable":true,"href":"https:\/\/www.dmociociariavalledicomino.it\/en\/wp-json\/wp\/v2\/categories?post=11773"},{"taxonomy":"post_tag","embeddable":true,"href":"https:\/\/www.dmociociariavalledicomino.it\/en\/wp-json\/wp\/v2\/tags?post=11773"}],"curies":[{"name":"wp","href":"https:\/\/api.w.org\/{rel}","templated":true}]}}