{"id":11582,"date":"2023-10-05T08:30:00","date_gmt":"2023-10-05T06:30:00","guid":{"rendered":"https:\/\/www.dmociociariavalledicomino.it\/?p=11582"},"modified":"2023-10-26T12:53:11","modified_gmt":"2023-10-26T10:53:11","slug":"estate-in-valle-di-comino-il-calendario-degli-eventi","status":"publish","type":"post","link":"https:\/\/www.dmociociariavalledicomino.it\/en\/estate-in-valle-di-comino-il-calendario-degli-eventi\/","title":{"rendered":"Eventi: autunno e inverno in Valle di Comino tra natura, cultura e tradizione"},"content":{"rendered":"<div data-elementor-type=\"wp-post\" data-elementor-id=\"11582\" class=\"elementor elementor-11582\" data-elementor-post-type=\"post\">\n\t\t\t\t\t\t<section class=\"elementor-section elementor-top-section elementor-element elementor-element-bee3787 elementor-section-stretched elementor-section-boxed elementor-section-height-default elementor-section-height-default\" data-id=\"bee3787\" data-element_type=\"section\" data-settings=\"{&quot;stretch_section&quot;:&quot;section-stretched&quot;}\">\n\t\t\t\t\t\t<div class=\"elementor-container elementor-column-gap-no\">\n\t\t\t\t\t<div class=\"elementor-column elementor-col-100 elementor-top-column elementor-element elementor-element-29e45c1 sc_layouts_column_icons_position_left\" data-id=\"29e45c1\" data-element_type=\"column\">\n\t\t\t<div class=\"elementor-widget-wrap elementor-element-populated\">\n\t\t\t\t\t\t<div class=\"elementor-element elementor-element-51aa978 elementor-widget elementor-widget-spacer\" data-id=\"51aa978\" data-element_type=\"widget\" data-widget_type=\"spacer.default\">\n\t\t\t\t<div class=\"elementor-widget-container\">\n\t\t\t\t\t\t\t<div class=\"elementor-spacer\">\n\t\t\t<div class=\"elementor-spacer-inner\"><\/div>\n\t\t<\/div>\n\t\t\t\t\t\t<\/div>\n\t\t\t\t<\/div>\n\t\t\t\t<div class=\"elementor-element elementor-element-f8f4d50 elementor-hidden-mobile elementor-widget elementor-widget-heading\" data-id=\"f8f4d50\" data-element_type=\"widget\" data-widget_type=\"heading.default\">\n\t\t\t\t<div class=\"elementor-widget-container\">\n\t\t\t\t\t<h1 class=\"elementor-heading-title elementor-size-default\">Eventi: autunno e inverno in Valle di Comino tra natura, cultura e tradizione\n<\/h1>\t\t\t\t<\/div>\n\t\t\t\t<\/div>\n\t\t\t\t<div class=\"elementor-element elementor-element-0bba2d2 elementor-hidden-desktop elementor-hidden-tablet elementor-widget elementor-widget-heading\" data-id=\"0bba2d2\" data-element_type=\"widget\" data-widget_type=\"heading.default\">\n\t\t\t\t<div class=\"elementor-widget-container\">\n\t\t\t\t\t<h1 class=\"elementor-heading-title elementor-size-default\">Eventi: autunno e inverno in Valle di Comino tra natura, cultura e tradizione\n<\/h1>\t\t\t\t<\/div>\n\t\t\t\t<\/div>\n\t\t\t\t<div class=\"elementor-element elementor-element-b59ad8f elementor-widget-divider--view-line elementor-widget elementor-widget-divider\" data-id=\"b59ad8f\" data-element_type=\"widget\" data-widget_type=\"divider.default\">\n\t\t\t\t<div class=\"elementor-widget-container\">\n\t\t\t\t\t\t\t<div class=\"elementor-divider\">\n\t\t\t<span class=\"elementor-divider-separator\">\n\t\t\t\t\t\t<\/span>\n\t\t<\/div>\n\t\t\t\t\t\t<\/div>\n\t\t\t\t<\/div>\n\t\t\t\t\t<\/div>\n\t\t<\/div>\n\t\t\t\t\t<\/div>\n\t\t<\/section>\n\t\t\t\t<section class=\"elementor-section elementor-top-section elementor-element elementor-element-03765ec elementor-section-stretched elementor-section-boxed elementor-section-height-default elementor-section-height-default\" data-id=\"03765ec\" data-element_type=\"section\" data-settings=\"{&quot;stretch_section&quot;:&quot;section-stretched&quot;}\">\n\t\t\t\t\t\t<div class=\"elementor-container elementor-column-gap-extended\">\n\t\t\t\t\t<div class=\"elementor-column elementor-col-100 elementor-top-column elementor-element elementor-element-64fc270 sc_layouts_column_icons_position_left\" data-id=\"64fc270\" data-element_type=\"column\">\n\t\t\t<div class=\"elementor-widget-wrap elementor-element-populated\">\n\t\t\t\t\t\t<div class=\"elementor-element elementor-element-7c1b786 elementor-widget elementor-widget-spacer\" data-id=\"7c1b786\" data-element_type=\"widget\" data-widget_type=\"spacer.default\">\n\t\t\t\t<div class=\"elementor-widget-container\">\n\t\t\t\t\t\t\t<div class=\"elementor-spacer\">\n\t\t\t<div class=\"elementor-spacer-inner\"><\/div>\n\t\t<\/div>\n\t\t\t\t\t\t<\/div>\n\t\t\t\t<\/div>\n\t\t\t\t<div class=\"elementor-element elementor-element-425b146 elementor-widget elementor-widget-text-editor\" data-id=\"425b146\" data-element_type=\"widget\" data-widget_type=\"text-editor.default\">\n\t\t\t\t<div class=\"elementor-widget-container\">\n\t\t\t\t\t\t\t\t\t<p><span style=\"font-weight: 400;\">L&#8217;autunno e l&#8217;inverno in Valle di Comino sono le stagioni pi\u00f9 affascinanti dell&#8217;anno, in cui le sfumature di colori e le atmosfere avvolgenti creano <\/span><b>uno scenario incantevole per i preziosi borghi e paesaggi di questa zona<\/b><span style=\"font-weight: 400;\">.\u00a0<\/span><\/p><p><span style=\"font-weight: 400;\">Un periodo ricco di eventi da non perdere, che permettono di godere appieno delle meraviglie che caratterizzano questo piccolo angolo nel sud del Lazio, <\/span><b>assaporando le prelibatezze della tradizione e i prodotti genuini di questa terra<\/b><span style=\"font-weight: 400;\">.\u00a0<\/span><\/p><p><b>Eventi culturali e gastronomici, musica, escursioni e molto altro<\/b><span style=\"font-weight: 400;\"> da scoprire ogni anno in questi centri storici immersi nel Parco Nazionale d\u2019Abruzzo, Lazio e Molise.<\/span><\/p>\t\t\t\t\t\t\t\t<\/div>\n\t\t\t\t<\/div>\n\t\t\t\t\t<\/div>\n\t\t<\/div>\n\t\t\t\t\t<\/div>\n\t\t<\/section>\n\t\t\t\t<section class=\"elementor-section elementor-top-section elementor-element elementor-element-edf6265 elementor-section-stretched elementor-section-boxed elementor-section-height-default elementor-section-height-default\" data-id=\"edf6265\" data-element_type=\"section\" data-settings=\"{&quot;stretch_section&quot;:&quot;section-stretched&quot;}\">\n\t\t\t\t\t\t<div class=\"elementor-container elementor-column-gap-extended\">\n\t\t\t\t\t<div class=\"elementor-column elementor-col-100 elementor-top-column elementor-element elementor-element-2dee162 sc_layouts_column_icons_position_left\" data-id=\"2dee162\" data-element_type=\"column\">\n\t\t\t<div class=\"elementor-widget-wrap elementor-element-populated\">\n\t\t\t\t\t\t<div class=\"elementor-element elementor-element-2abd8dd elementor-widget elementor-widget-spacer\" data-id=\"2abd8dd\" data-element_type=\"widget\" data-widget_type=\"spacer.default\">\n\t\t\t\t<div class=\"elementor-widget-container\">\n\t\t\t\t\t\t\t<div class=\"elementor-spacer\">\n\t\t\t<div class=\"elementor-spacer-inner\"><\/div>\n\t\t<\/div>\n\t\t\t\t\t\t<\/div>\n\t\t\t\t<\/div>\n\t\t\t\t<div class=\"elementor-element elementor-element-522758f elementor-widget elementor-widget-heading\" data-id=\"522758f\" data-element_type=\"widget\" data-widget_type=\"heading.default\">\n\t\t\t\t<div class=\"elementor-widget-container\">\n\t\t\t\t\t<h3 class=\"elementor-heading-title elementor-size-default\">Sapori della terra<\/h3>\t\t\t\t<\/div>\n\t\t\t\t<\/div>\n\t\t\t\t<div class=\"elementor-element elementor-element-3169c74 elementor-widget elementor-widget-spacer\" data-id=\"3169c74\" data-element_type=\"widget\" data-widget_type=\"spacer.default\">\n\t\t\t\t<div class=\"elementor-widget-container\">\n\t\t\t\t\t\t\t<div class=\"elementor-spacer\">\n\t\t\t<div class=\"elementor-spacer-inner\"><\/div>\n\t\t<\/div>\n\t\t\t\t\t\t<\/div>\n\t\t\t\t<\/div>\n\t\t\t\t<div class=\"elementor-element elementor-element-1e75f43 elementor-widget elementor-widget-text-editor\" data-id=\"1e75f43\" data-element_type=\"widget\" data-widget_type=\"text-editor.default\">\n\t\t\t\t<div class=\"elementor-widget-container\">\n\t\t\t\t\t\t\t\t\t<p><span style=\"font-weight: 400;\">Il <\/span><b>vino <\/b><span style=\"font-weight: 400;\">\u00e8 uno dei protagonisti dell\u2019autunno in Valle di Comino, da degustare nelle cantine locali tra gli splendidi vigneti, a partire dal <\/span><strong><a href=\"https:\/\/www.dmociociariavalledicomino.it\/en\/il-gusto\/\">Atina Cabernet DOC Wine<\/a><\/strong><span style=\"font-weight: 400;\">, o nelle manifestazioni gastronomiche che animano i piccoli borghi.\u00a0<\/span><\/p><p><span style=\"font-weight: 400;\">Il perfetto accompagnamento al <\/span><b>Pecorino di Picinisco<\/b><span style=\"font-weight: 400;\">, al<\/span><b> The Truffle of Campoli Appennino<\/b><span style=\"font-weight: 400;\"> o un piatto che ha per protagonista il <\/span><b>Fagiolo Cannellino di Atina<\/b><span style=\"font-weight: 400;\">.\u00a0\u00a0<\/span><\/p><p><span style=\"font-weight: 400;\">Autenticit\u00e0 e genuinit\u00e0 sono il \u201cmarchio\u201d dei prodotti tipici locali che rendono straordinaria l\u2019esperienza sensoriale e culturale da fare in Valle di Comino.<\/span><\/p>\t\t\t\t\t\t\t\t<\/div>\n\t\t\t\t<\/div>\n\t\t\t\t\t<\/div>\n\t\t<\/div>\n\t\t\t\t\t<\/div>\n\t\t<\/section>\n\t\t\t\t<section class=\"elementor-section elementor-top-section elementor-element elementor-element-1a75954 elementor-section-stretched elementor-section-boxed elementor-section-height-default elementor-section-height-default\" data-id=\"1a75954\" data-element_type=\"section\" data-settings=\"{&quot;stretch_section&quot;:&quot;section-stretched&quot;}\">\n\t\t\t\t\t\t<div class=\"elementor-container elementor-column-gap-extended\">\n\t\t\t\t\t<div class=\"elementor-column elementor-col-100 elementor-top-column elementor-element elementor-element-d494ea4 sc_layouts_column_icons_position_left\" data-id=\"d494ea4\" data-element_type=\"column\">\n\t\t\t<div class=\"elementor-widget-wrap elementor-element-populated\">\n\t\t\t\t\t\t<div class=\"elementor-element elementor-element-9152c8b elementor-widget elementor-widget-spacer\" data-id=\"9152c8b\" data-element_type=\"widget\" data-widget_type=\"spacer.default\">\n\t\t\t\t<div class=\"elementor-widget-container\">\n\t\t\t\t\t\t\t<div class=\"elementor-spacer\">\n\t\t\t<div class=\"elementor-spacer-inner\"><\/div>\n\t\t<\/div>\n\t\t\t\t\t\t<\/div>\n\t\t\t\t<\/div>\n\t\t\t\t<div class=\"elementor-element elementor-element-5335e22 elementor-widget elementor-widget-heading\" data-id=\"5335e22\" data-element_type=\"widget\" data-widget_type=\"heading.default\">\n\t\t\t\t<div class=\"elementor-widget-container\">\n\t\t\t\t\t<h3 class=\"elementor-heading-title elementor-size-default\">La bellezza dell\u2019autunno nel Parco Nazionale d\u2019Abruzzo, Lazio e Molise\n<\/h3>\t\t\t\t<\/div>\n\t\t\t\t<\/div>\n\t\t\t\t<div class=\"elementor-element elementor-element-02feb9d elementor-widget elementor-widget-spacer\" data-id=\"02feb9d\" data-element_type=\"widget\" data-widget_type=\"spacer.default\">\n\t\t\t\t<div class=\"elementor-widget-container\">\n\t\t\t\t\t\t\t<div class=\"elementor-spacer\">\n\t\t\t<div class=\"elementor-spacer-inner\"><\/div>\n\t\t<\/div>\n\t\t\t\t\t\t<\/div>\n\t\t\t\t<\/div>\n\t\t\t\t<div class=\"elementor-element elementor-element-f280286 elementor-widget elementor-widget-text-editor\" data-id=\"f280286\" data-element_type=\"widget\" data-widget_type=\"text-editor.default\">\n\t\t\t\t<div class=\"elementor-widget-container\">\n\t\t\t\t\t\t\t\t\t<p><span style=\"font-weight: 400;\">Per gli amanti della natura, la Valle di Comino offre <\/span><strong><a href=\"https:\/\/www.facebook.com\/naturaloci.it\">escursioni guidate<\/a><\/strong><span style=\"font-weight: 400;\">\u00a0per ammirare i meravigliosi paesaggi autunnali della valle. Queste attivit\u00e0 permettono di <\/span><b>immergersi completamente nella bellezza della natura circostante<\/b><span style=\"font-weight: 400;\"> e di godere della tranquillit\u00e0 e della serenit\u00e0 che essa offre. Le escursioni sono un&#8217;opportunit\u00e0 per scoprire i segreti nascosti della valle e per apprezzare la sua ricchezza paesaggistica.<\/span><\/p><p><span style=\"font-weight: 400;\">Ma non \u00e8 solo l&#8217;autunno a rendere speciale la Valle Comino: anche l&#8217;inverno offre numerose attivit\u00e0 e intrattenimenti che animano questa zona. L&#8217;apertura degli <\/span><b>impianti sciistici <\/b><span style=\"font-weight: 400;\">e la neve che imbianca i centri storici creano un&#8217;atmosfera incantevole. Gli amanti dello sci possono godere delle <\/span><b>piste innevate<\/b><span style=\"font-weight: 400;\">, mentre chi preferisce una passeggiata pu\u00f2 ammirare i borghi avvolti dalla neve<\/span><\/p>\t\t\t\t\t\t\t\t<\/div>\n\t\t\t\t<\/div>\n\t\t\t\t<div class=\"elementor-element elementor-element-e99b6e0 elementor-widget elementor-widget-spacer\" data-id=\"e99b6e0\" data-element_type=\"widget\" data-widget_type=\"spacer.default\">\n\t\t\t\t<div class=\"elementor-widget-container\">\n\t\t\t\t\t\t\t<div class=\"elementor-spacer\">\n\t\t\t<div class=\"elementor-spacer-inner\"><\/div>\n\t\t<\/div>\n\t\t\t\t\t\t<\/div>\n\t\t\t\t<\/div>\n\t\t\t\t\t<\/div>\n\t\t<\/div>\n\t\t\t\t\t<\/div>\n\t\t<\/section>\n\t\t\t\t<section class=\"elementor-section elementor-top-section elementor-element elementor-element-de53a53 elementor-section-stretched elementor-section-boxed elementor-section-height-default elementor-section-height-default\" data-id=\"de53a53\" data-element_type=\"section\" data-settings=\"{&quot;stretch_section&quot;:&quot;section-stretched&quot;}\">\n\t\t\t\t\t\t<div class=\"elementor-container elementor-column-gap-extended\">\n\t\t\t\t\t<div class=\"elementor-column elementor-col-16 elementor-top-column elementor-element elementor-element-4899858 sc_layouts_column_icons_position_left\" data-id=\"4899858\" data-element_type=\"column\">\n\t\t\t<div class=\"elementor-widget-wrap elementor-element-populated\">\n\t\t\t\t\t\t<div class=\"elementor-element elementor-element-67b587d elementor-widget elementor-widget-spacer\" data-id=\"67b587d\" data-element_type=\"widget\" data-widget_type=\"spacer.default\">\n\t\t\t\t<div class=\"elementor-widget-container\">\n\t\t\t\t\t\t\t<div class=\"elementor-spacer\">\n\t\t\t<div class=\"elementor-spacer-inner\"><\/div>\n\t\t<\/div>\n\t\t\t\t\t\t<\/div>\n\t\t\t\t<\/div>\n\t\t\t\t\t<\/div>\n\t\t<\/div>\n\t\t\t\t<div class=\"elementor-column elementor-col-66 elementor-top-column elementor-element elementor-element-7c9df69 sc_layouts_column_icons_position_left elementor-invisible\" data-id=\"7c9df69\" data-element_type=\"column\" data-settings=\"{&quot;background_background&quot;:&quot;classic&quot;,&quot;animation&quot;:&quot;fadeInLeft&quot;}\">\n\t\t\t<div class=\"elementor-widget-wrap elementor-element-populated\">\n\t\t\t\t\t\t<div class=\"elementor-element elementor-element-cb4c3d2 elementor-widget elementor-widget-spacer\" data-id=\"cb4c3d2\" data-element_type=\"widget\" data-widget_type=\"spacer.default\">\n\t\t\t\t<div class=\"elementor-widget-container\">\n\t\t\t\t\t\t\t<div class=\"elementor-spacer\">\n\t\t\t<div class=\"elementor-spacer-inner\"><\/div>\n\t\t<\/div>\n\t\t\t\t\t\t<\/div>\n\t\t\t\t<\/div>\n\t\t\t\t<div class=\"elementor-element elementor-element-75b15c6 elementor-view-default elementor-widget elementor-widget-icon\" data-id=\"75b15c6\" data-element_type=\"widget\" data-widget_type=\"icon.default\">\n\t\t\t\t<div class=\"elementor-widget-container\">\n\t\t\t\t\t\t\t<div class=\"elementor-icon-wrapper\">\n\t\t\t<div class=\"elementor-icon\">\n\t\t\t<i aria-hidden=\"true\" class=\"fas fa-file-signature\"><\/i>\t\t\t<\/div>\n\t\t<\/div>\n\t\t\t\t\t\t<\/div>\n\t\t\t\t<\/div>\n\t\t\t\t<div class=\"elementor-element elementor-element-4d55aba elementor-widget elementor-widget-spacer\" data-id=\"4d55aba\" data-element_type=\"widget\" data-widget_type=\"spacer.default\">\n\t\t\t\t<div class=\"elementor-widget-container\">\n\t\t\t\t\t\t\t<div class=\"elementor-spacer\">\n\t\t\t<div class=\"elementor-spacer-inner\"><\/div>\n\t\t<\/div>\n\t\t\t\t\t\t<\/div>\n\t\t\t\t<\/div>\n\t\t\t\t<div class=\"elementor-element elementor-element-f8e0a86 elementor-widget elementor-widget-heading\" data-id=\"f8e0a86\" data-element_type=\"widget\" data-widget_type=\"heading.default\">\n\t\t\t\t<div class=\"elementor-widget-container\">\n\t\t\t\t\t<h4 class=\"elementor-heading-title elementor-size-default\">Gli eventi autunno\/inverno in Valle di Comino da segnare sul calendario<\/h4>\t\t\t\t<\/div>\n\t\t\t\t<\/div>\n\t\t\t\t<div class=\"elementor-element elementor-element-ded9dbd elementor-widget elementor-widget-spacer\" data-id=\"ded9dbd\" data-element_type=\"widget\" data-widget_type=\"spacer.default\">\n\t\t\t\t<div class=\"elementor-widget-container\">\n\t\t\t\t\t\t\t<div class=\"elementor-spacer\">\n\t\t\t<div class=\"elementor-spacer-inner\"><\/div>\n\t\t<\/div>\n\t\t\t\t\t\t<\/div>\n\t\t\t\t<\/div>\n\t\t\t\t\t<\/div>\n\t\t<\/div>\n\t\t\t\t<div class=\"elementor-column elementor-col-16 elementor-top-column elementor-element elementor-element-29ec48b sc_layouts_column_icons_position_left\" data-id=\"29ec48b\" data-element_type=\"column\">\n\t\t\t<div class=\"elementor-widget-wrap elementor-element-populated\">\n\t\t\t\t\t\t<div class=\"elementor-element elementor-element-a51af32 elementor-widget elementor-widget-spacer\" data-id=\"a51af32\" data-element_type=\"widget\" data-widget_type=\"spacer.default\">\n\t\t\t\t<div class=\"elementor-widget-container\">\n\t\t\t\t\t\t\t<div class=\"elementor-spacer\">\n\t\t\t<div class=\"elementor-spacer-inner\"><\/div>\n\t\t<\/div>\n\t\t\t\t\t\t<\/div>\n\t\t\t\t<\/div>\n\t\t\t\t\t<\/div>\n\t\t<\/div>\n\t\t\t\t\t<\/div>\n\t\t<\/section>\n\t\t\t\t<section class=\"elementor-section elementor-top-section elementor-element elementor-element-b397b42 elementor-section-stretched elementor-section-boxed elementor-section-height-default elementor-section-height-default\" data-id=\"b397b42\" data-element_type=\"section\" data-settings=\"{&quot;stretch_section&quot;:&quot;section-stretched&quot;}\">\n\t\t\t\t\t\t<div class=\"elementor-container elementor-column-gap-extended\">\n\t\t\t\t\t<div class=\"elementor-column elementor-col-100 elementor-top-column elementor-element elementor-element-4008f20 sc_layouts_column_icons_position_left\" data-id=\"4008f20\" data-element_type=\"column\">\n\t\t\t<div class=\"elementor-widget-wrap elementor-element-populated\">\n\t\t\t\t\t\t<div class=\"elementor-element elementor-element-f65c640 elementor-widget elementor-widget-spacer\" data-id=\"f65c640\" data-element_type=\"widget\" data-widget_type=\"spacer.default\">\n\t\t\t\t<div class=\"elementor-widget-container\">\n\t\t\t\t\t\t\t<div class=\"elementor-spacer\">\n\t\t\t<div class=\"elementor-spacer-inner\"><\/div>\n\t\t<\/div>\n\t\t\t\t\t\t<\/div>\n\t\t\t\t<\/div>\n\t\t\t\t\t<\/div>\n\t\t<\/div>\n\t\t\t\t\t<\/div>\n\t\t<\/section>\n\t\t\t\t<section class=\"elementor-section elementor-top-section elementor-element elementor-element-07f3f79 elementor-hidden-tablet elementor-section-stretched elementor-section-boxed elementor-section-height-default elementor-section-height-default elementor-invisible\" data-id=\"07f3f79\" data-element_type=\"section\" data-settings=\"{&quot;stretch_section&quot;:&quot;section-stretched&quot;,&quot;animation&quot;:&quot;fadeInLeft&quot;}\">\n\t\t\t\t\t\t<div class=\"elementor-container elementor-column-gap-extended\">\n\t\t\t\t\t<div class=\"elementor-column elementor-col-50 elementor-top-column elementor-element elementor-element-68a6618 sc_layouts_column_icons_position_left\" data-id=\"68a6618\" data-element_type=\"column\">\n\t\t\t<div class=\"elementor-widget-wrap elementor-element-populated\">\n\t\t\t\t\t\t<div class=\"elementor-element elementor-element-b683cc5 elementor-widget elementor-widget-heading\" data-id=\"b683cc5\" data-element_type=\"widget\" data-widget_type=\"heading.default\">\n\t\t\t\t<div class=\"elementor-widget-container\">\n\t\t\t\t\t<h3 class=\"elementor-heading-title elementor-size-default\"><a href=\"http:\/\/www.pastoriziainfestival.it\/index.php\">Pastorizia in Festival edizione autunnale - Picinisco<\/a><\/h3>\t\t\t\t<\/div>\n\t\t\t\t<\/div>\n\t\t\t\t<div class=\"elementor-element elementor-element-5153edb elementor-widget elementor-widget-icon-box\" data-id=\"5153edb\" data-element_type=\"widget\" data-widget_type=\"icon-box.default\">\n\t\t\t\t<div class=\"elementor-widget-container\">\n\t\t\t\t\t\t\t<div class=\"elementor-icon-box-wrapper\">\n\n\t\t\t\n\t\t\t\t\t\t<div class=\"elementor-icon-box-content\">\n\n\t\t\t\t\t\t\t\t\t<h3 class=\"elementor-icon-box-title\">\n\t\t\t\t\t\t<span  >\n\t\t\t\t\t\t\t8 Ottobre \t\t\t\t\t\t<\/span>\n\t\t\t\t\t<\/h3>\n\t\t\t\t\n\t\t\t\t\n\t\t\t<\/div>\n\t\t\t\n\t\t<\/div>\n\t\t\t\t\t\t<\/div>\n\t\t\t\t<\/div>\n\t\t\t\t<div class=\"elementor-element elementor-element-16c0a99 elementor-widget elementor-widget-text-editor\" data-id=\"16c0a99\" data-element_type=\"widget\" data-widget_type=\"text-editor.default\">\n\t\t\t\t<div class=\"elementor-widget-container\">\n\t\t\t\t\t\t\t\t\t<p><span style=\"font-weight: 400;\">La <\/span><b>tradizione pastorale della Valle di Comino<\/b><span style=\"font-weight: 400;\">, delle sue montagne e dei suoi pascoli, diventa protagonista di <\/span><b>una mostra-mercato nazionale <\/b><span style=\"font-weight: 400;\">delle eccellenze casearie legate al pascolo, con percorsi gastronomici e musicali imperdibili.\u00a0<\/span><\/p><p><span style=\"font-weight: 400;\">Sar\u00e0 possibile visitare le aziende del territorio con navette o partecipare a <\/span><strong><a href=\"https:\/\/www.facebook.com\/photo?fbid=332590012681810&amp;set=a.206303458643800\">Biciclettando<\/a><\/strong><span style=\"font-weight: 400;\">, la visita in mountain bike a cura dell\u2019associazione Asd Fun Bike.\u00a0<\/span><\/p><p><span style=\"font-weight: 400;\">Non perderti poi l\u2019<\/span><b>Angolo del Pastore<\/b><span style=\"font-weight: 400;\">, dove assistere alle attivit\u00e0 di mungitura e preparazione dei formaggi, e gli stand dei cibi della tradizione.\u00a0<\/span><\/p>\t\t\t\t\t\t\t\t<\/div>\n\t\t\t\t<\/div>\n\t\t\t\t<div class=\"elementor-element elementor-element-e399879 elementor-widget elementor-widget-spacer\" data-id=\"e399879\" data-element_type=\"widget\" data-widget_type=\"spacer.default\">\n\t\t\t\t<div class=\"elementor-widget-container\">\n\t\t\t\t\t\t\t<div class=\"elementor-spacer\">\n\t\t\t<div class=\"elementor-spacer-inner\"><\/div>\n\t\t<\/div>\n\t\t\t\t\t\t<\/div>\n\t\t\t\t<\/div>\n\t\t\t\t\t<\/div>\n\t\t<\/div>\n\t\t\t\t<div class=\"elementor-column elementor-col-50 elementor-top-column elementor-element elementor-element-0c9df67 sc_layouts_column_icons_position_left\" data-id=\"0c9df67\" data-element_type=\"column\">\n\t\t\t<div class=\"elementor-widget-wrap elementor-element-populated\">\n\t\t\t\t\t\t<div class=\"elementor-element elementor-element-6a5e372 elementor-widget elementor-widget-image\" data-id=\"6a5e372\" data-element_type=\"widget\" data-widget_type=\"image.default\">\n\t\t\t\t<div class=\"elementor-widget-container\">\n\t\t\t\t\t\t\t\t\t\t\t\t\t\t\t<img fetchpriority=\"high\" decoding=\"async\" width=\"720\" height=\"540\" src=\"https:\/\/www.dmociociariavalledicomino.it\/wp-content\/uploads\/2023\/10\/pastorizia-in-festival.png\" class=\"attachment-large size-large wp-image-11606\" alt=\"pastorizia-in-festival\" srcset=\"https:\/\/www.dmociociariavalledicomino.it\/wp-content\/uploads\/2023\/10\/pastorizia-in-festival.png 720w, https:\/\/www.dmociociariavalledicomino.it\/wp-content\/uploads\/2023\/10\/pastorizia-in-festival-300x225.png 300w, https:\/\/www.dmociociariavalledicomino.it\/wp-content\/uploads\/2023\/10\/pastorizia-in-festival-16x12.png 16w, https:\/\/www.dmociociariavalledicomino.it\/wp-content\/uploads\/2023\/10\/pastorizia-in-festival-370x278.png 370w, https:\/\/www.dmociociariavalledicomino.it\/wp-content\/uploads\/2023\/10\/pastorizia-in-festival-390x293.png 390w, https:\/\/www.dmociociariavalledicomino.it\/wp-content\/uploads\/2023\/10\/pastorizia-in-festival-600x450.png 600w\" sizes=\"(max-width: 720px) 100vw, 720px\" \/>\t\t\t\t\t\t\t\t\t\t\t\t\t\t\t<\/div>\n\t\t\t\t<\/div>\n\t\t\t\t\t<\/div>\n\t\t<\/div>\n\t\t\t\t\t<\/div>\n\t\t<\/section>\n\t\t\t\t<section class=\"elementor-section elementor-top-section elementor-element elementor-element-96e39aa elementor-section-stretched elementor-hidden-desktop elementor-hidden-mobile elementor-section-boxed elementor-section-height-default elementor-section-height-default elementor-invisible\" data-id=\"96e39aa\" data-element_type=\"section\" data-settings=\"{&quot;stretch_section&quot;:&quot;section-stretched&quot;,&quot;animation&quot;:&quot;fadeInLeft&quot;}\">\n\t\t\t\t\t\t<div class=\"elementor-container elementor-column-gap-extended\">\n\t\t\t\t\t<div class=\"elementor-column elementor-col-100 elementor-top-column elementor-element elementor-element-5bb8db2 sc_layouts_column_icons_position_left\" data-id=\"5bb8db2\" data-element_type=\"column\">\n\t\t\t<div class=\"elementor-widget-wrap elementor-element-populated\">\n\t\t\t\t\t\t<div class=\"elementor-element elementor-element-2593bfd elementor-widget elementor-widget-heading\" data-id=\"2593bfd\" data-element_type=\"widget\" data-widget_type=\"heading.default\">\n\t\t\t\t<div class=\"elementor-widget-container\">\n\t\t\t\t\t<h3 class=\"elementor-heading-title elementor-size-default\"><a href=\"http:\/\/www.pastoriziainfestival.it\/index.php\">Pastorizia in Festival edizione autunnale - Picinisco<\/a><\/h3>\t\t\t\t<\/div>\n\t\t\t\t<\/div>\n\t\t\t\t<div class=\"elementor-element elementor-element-250ab0b elementor-widget elementor-widget-icon-box\" data-id=\"250ab0b\" data-element_type=\"widget\" data-widget_type=\"icon-box.default\">\n\t\t\t\t<div class=\"elementor-widget-container\">\n\t\t\t\t\t\t\t<div class=\"elementor-icon-box-wrapper\">\n\n\t\t\t\n\t\t\t\t\t\t<div class=\"elementor-icon-box-content\">\n\n\t\t\t\t\t\t\t\t\t<h3 class=\"elementor-icon-box-title\">\n\t\t\t\t\t\t<span  >\n\t\t\t\t\t\t\t8 Ottobre \t\t\t\t\t\t<\/span>\n\t\t\t\t\t<\/h3>\n\t\t\t\t\n\t\t\t\t\n\t\t\t<\/div>\n\t\t\t\n\t\t<\/div>\n\t\t\t\t\t\t<\/div>\n\t\t\t\t<\/div>\n\t\t\t\t<div class=\"elementor-element elementor-element-003fe20 elementor-widget elementor-widget-text-editor\" data-id=\"003fe20\" data-element_type=\"widget\" data-widget_type=\"text-editor.default\">\n\t\t\t\t<div class=\"elementor-widget-container\">\n\t\t\t\t\t\t\t\t\t<p><span style=\"font-weight: 400;\">La <\/span><b>tradizione pastorale della Valle di Comino<\/b><span style=\"font-weight: 400;\">, delle sue montagne e dei suoi pascoli, diventa protagonista di <\/span><b>una mostra-mercato nazionale <\/b><span style=\"font-weight: 400;\">delle eccellenze casearie legate al pascolo, con percorsi gastronomici e musicali imperdibili.\u00a0<\/span><\/p><p><span style=\"font-weight: 400;\">Sar\u00e0 possibile visitare le aziende del territorio con navette o partecipare a <\/span><strong><a href=\"https:\/\/www.facebook.com\/photo?fbid=332590012681810&amp;set=a.206303458643800\">Biciclettando<\/a><\/strong><span style=\"font-weight: 400;\">, la visita in mountain bike a cura dell\u2019associazione Asd Fun Bike.\u00a0<\/span><\/p><p><span style=\"font-weight: 400;\">Non perderti poi l\u2019<\/span><b>Angolo del Pastore<\/b><span style=\"font-weight: 400;\">, dove assistere alle attivit\u00e0 di mungitura e preparazione dei formaggi, e gli stand dei cibi della tradizione.\u00a0<\/span><\/p>\t\t\t\t\t\t\t\t<\/div>\n\t\t\t\t<\/div>\n\t\t\t\t<div class=\"elementor-element elementor-element-995e317 elementor-widget elementor-widget-spacer\" data-id=\"995e317\" data-element_type=\"widget\" data-widget_type=\"spacer.default\">\n\t\t\t\t<div class=\"elementor-widget-container\">\n\t\t\t\t\t\t\t<div class=\"elementor-spacer\">\n\t\t\t<div class=\"elementor-spacer-inner\"><\/div>\n\t\t<\/div>\n\t\t\t\t\t\t<\/div>\n\t\t\t\t<\/div>\n\t\t\t\t<div class=\"elementor-element elementor-element-f5b5959 elementor-widget elementor-widget-image\" data-id=\"f5b5959\" data-element_type=\"widget\" data-widget_type=\"image.default\">\n\t\t\t\t<div class=\"elementor-widget-container\">\n\t\t\t\t\t\t\t\t\t\t\t\t\t\t\t<img fetchpriority=\"high\" decoding=\"async\" width=\"720\" height=\"540\" src=\"https:\/\/www.dmociociariavalledicomino.it\/wp-content\/uploads\/2023\/10\/pastorizia-in-festival.png\" class=\"attachment-large size-large wp-image-11606\" alt=\"pastorizia-in-festival\" srcset=\"https:\/\/www.dmociociariavalledicomino.it\/wp-content\/uploads\/2023\/10\/pastorizia-in-festival.png 720w, https:\/\/www.dmociociariavalledicomino.it\/wp-content\/uploads\/2023\/10\/pastorizia-in-festival-300x225.png 300w, https:\/\/www.dmociociariavalledicomino.it\/wp-content\/uploads\/2023\/10\/pastorizia-in-festival-16x12.png 16w, https:\/\/www.dmociociariavalledicomino.it\/wp-content\/uploads\/2023\/10\/pastorizia-in-festival-370x278.png 370w, https:\/\/www.dmociociariavalledicomino.it\/wp-content\/uploads\/2023\/10\/pastorizia-in-festival-390x293.png 390w, https:\/\/www.dmociociariavalledicomino.it\/wp-content\/uploads\/2023\/10\/pastorizia-in-festival-600x450.png 600w\" sizes=\"(max-width: 720px) 100vw, 720px\" \/>\t\t\t\t\t\t\t\t\t\t\t\t\t\t\t<\/div>\n\t\t\t\t<\/div>\n\t\t\t\t\t<\/div>\n\t\t<\/div>\n\t\t\t\t\t<\/div>\n\t\t<\/section>\n\t\t\t\t<section class=\"elementor-section elementor-top-section elementor-element elementor-element-59488e4 elementor-section-boxed elementor-section-height-default elementor-section-height-default\" data-id=\"59488e4\" data-element_type=\"section\">\n\t\t\t\t\t\t<div class=\"elementor-container elementor-column-gap-extended\">\n\t\t\t\t\t<div class=\"elementor-column elementor-col-100 elementor-top-column elementor-element elementor-element-7503c3c sc_layouts_column_icons_position_left\" data-id=\"7503c3c\" data-element_type=\"column\">\n\t\t\t<div class=\"elementor-widget-wrap elementor-element-populated\">\n\t\t\t\t\t\t<div class=\"elementor-element elementor-element-682f4cf elementor-widget elementor-widget-spacer\" data-id=\"682f4cf\" data-element_type=\"widget\" data-widget_type=\"spacer.default\">\n\t\t\t\t<div class=\"elementor-widget-container\">\n\t\t\t\t\t\t\t<div class=\"elementor-spacer\">\n\t\t\t<div class=\"elementor-spacer-inner\"><\/div>\n\t\t<\/div>\n\t\t\t\t\t\t<\/div>\n\t\t\t\t<\/div>\n\t\t\t\t\t<\/div>\n\t\t<\/div>\n\t\t\t\t\t<\/div>\n\t\t<\/section>\n\t\t\t\t<section class=\"elementor-section elementor-top-section elementor-element elementor-element-a2289cf elementor-hidden-tablet elementor-section-stretched elementor-reverse-mobile elementor-section-boxed elementor-section-height-default elementor-section-height-default elementor-invisible\" data-id=\"a2289cf\" data-element_type=\"section\" data-settings=\"{&quot;stretch_section&quot;:&quot;section-stretched&quot;,&quot;animation&quot;:&quot;fadeInRight&quot;}\">\n\t\t\t\t\t\t<div class=\"elementor-container elementor-column-gap-extended\">\n\t\t\t\t\t<div class=\"elementor-column elementor-col-50 elementor-top-column elementor-element elementor-element-481fed4 sc_layouts_column_icons_position_left\" data-id=\"481fed4\" data-element_type=\"column\">\n\t\t\t<div class=\"elementor-widget-wrap elementor-element-populated\">\n\t\t\t\t\t\t<div class=\"elementor-element elementor-element-0cb524f elementor-widget elementor-widget-image\" data-id=\"0cb524f\" data-element_type=\"widget\" data-widget_type=\"image.default\">\n\t\t\t\t<div class=\"elementor-widget-container\">\n\t\t\t\t\t\t\t\t\t\t\t\t\t\t\t<img decoding=\"async\" width=\"720\" height=\"540\" src=\"https:\/\/www.dmociociariavalledicomino.it\/wp-content\/uploads\/2023\/10\/castello-vicalvi.png\" class=\"attachment-large size-large wp-image-11608\" alt=\"\" srcset=\"https:\/\/www.dmociociariavalledicomino.it\/wp-content\/uploads\/2023\/10\/castello-vicalvi.png 720w, https:\/\/www.dmociociariavalledicomino.it\/wp-content\/uploads\/2023\/10\/castello-vicalvi-300x225.png 300w, https:\/\/www.dmociociariavalledicomino.it\/wp-content\/uploads\/2023\/10\/castello-vicalvi-16x12.png 16w, https:\/\/www.dmociociariavalledicomino.it\/wp-content\/uploads\/2023\/10\/castello-vicalvi-370x278.png 370w, https:\/\/www.dmociociariavalledicomino.it\/wp-content\/uploads\/2023\/10\/castello-vicalvi-390x293.png 390w, https:\/\/www.dmociociariavalledicomino.it\/wp-content\/uploads\/2023\/10\/castello-vicalvi-600x450.png 600w\" sizes=\"(max-width: 720px) 100vw, 720px\" \/>\t\t\t\t\t\t\t\t\t\t\t\t\t\t\t<\/div>\n\t\t\t\t<\/div>\n\t\t\t\t\t<\/div>\n\t\t<\/div>\n\t\t\t\t<div class=\"elementor-column elementor-col-50 elementor-top-column elementor-element elementor-element-ccfa2ac sc_layouts_column_icons_position_left\" data-id=\"ccfa2ac\" data-element_type=\"column\">\n\t\t\t<div class=\"elementor-widget-wrap elementor-element-populated\">\n\t\t\t\t\t\t<div class=\"elementor-element elementor-element-d318751 elementor-widget elementor-widget-heading\" data-id=\"d318751\" data-element_type=\"widget\" data-widget_type=\"heading.default\">\n\t\t\t\t<div class=\"elementor-widget-container\">\n\t\t\t\t\t<h3 class=\"elementor-heading-title elementor-size-default\">Ghost Tour - Castello di Vicalvi<\/h3>\t\t\t\t<\/div>\n\t\t\t\t<\/div>\n\t\t\t\t<div class=\"elementor-element elementor-element-dc9f7fa elementor-vertical-align-middle elementor-widget elementor-widget-icon-box\" data-id=\"dc9f7fa\" data-element_type=\"widget\" data-widget_type=\"icon-box.default\">\n\t\t\t\t<div class=\"elementor-widget-container\">\n\t\t\t\t\t\t\t<div class=\"elementor-icon-box-wrapper\">\n\n\t\t\t\n\t\t\t\t\t\t<div class=\"elementor-icon-box-content\">\n\n\t\t\t\t\t\t\t\t\t<h3 class=\"elementor-icon-box-title\">\n\t\t\t\t\t\t<span  >\n\t\t\t\t\t\t\t14 Ottobre\u00a0\t\t\t\t\t\t<\/span>\n\t\t\t\t\t<\/h3>\n\t\t\t\t\n\t\t\t\t\n\t\t\t<\/div>\n\t\t\t\n\t\t<\/div>\n\t\t\t\t\t\t<\/div>\n\t\t\t\t<\/div>\n\t\t\t\t<div class=\"elementor-element elementor-element-2309564 elementor-widget elementor-widget-text-editor\" data-id=\"2309564\" data-element_type=\"widget\" data-widget_type=\"text-editor.default\">\n\t\t\t\t<div class=\"elementor-widget-container\">\n\t\t\t\t\t\t\t\t\t<p><b>Ghost Tour &#8211; Castello di Vicalvi<\/b><\/p><p><span style=\"font-weight: 400;\">Gli attori di<\/span> <strong><a href=\"https:\/\/www.facebook.com\/ItalianGhostStory\">ITALIAN GHOST STORY<\/a><\/strong><span style=\"font-weight: 400;\">, in collaborazione con la <\/span><strong><a href=\"https:\/\/www.facebook.com\/profile.php?id=100087848416407\">Proloco di Vicalvi<\/a><\/strong><span style=\"font-weight: 400;\">, vi condurranno nel <\/span><b>Castello di Vicalvi<\/b><span style=\"font-weight: 400;\"> per il <\/span><b>primo, attesissimo GHOST TOUR della Ciociaria<\/b><span style=\"font-weight: 400;\">. Uno spettacolo teatrale itinerante in cui vi verranno narrate storie di fantasmi e leggende nella suggestiva cornice dell\u2019antico castello, alla ricerca del fantasma della signora incatenata&#8230;<\/span><\/p><ol><li>Primo turno ore 18 con inizio 18.30;<\/li><li>Secondo turno ore 21 con inizio alle 21.30.<\/li><\/ol><p><b>Posti limitati e prenotazione obbligatoria al numero 3406749216<\/b><\/p>\t\t\t\t\t\t\t\t<\/div>\n\t\t\t\t<\/div>\n\t\t\t\t<div class=\"elementor-element elementor-element-af4270e elementor-widget elementor-widget-spacer\" data-id=\"af4270e\" data-element_type=\"widget\" data-widget_type=\"spacer.default\">\n\t\t\t\t<div class=\"elementor-widget-container\">\n\t\t\t\t\t\t\t<div class=\"elementor-spacer\">\n\t\t\t<div class=\"elementor-spacer-inner\"><\/div>\n\t\t<\/div>\n\t\t\t\t\t\t<\/div>\n\t\t\t\t<\/div>\n\t\t\t\t<div class=\"elementor-element elementor-element-605fc4b elementor-widget elementor-widget-spacer\" data-id=\"605fc4b\" data-element_type=\"widget\" data-widget_type=\"spacer.default\">\n\t\t\t\t<div class=\"elementor-widget-container\">\n\t\t\t\t\t\t\t<div class=\"elementor-spacer\">\n\t\t\t<div class=\"elementor-spacer-inner\"><\/div>\n\t\t<\/div>\n\t\t\t\t\t\t<\/div>\n\t\t\t\t<\/div>\n\t\t\t\t\t<\/div>\n\t\t<\/div>\n\t\t\t\t\t<\/div>\n\t\t<\/section>\n\t\t\t\t<section class=\"elementor-section elementor-top-section elementor-element elementor-element-7e5deca elementor-section-stretched elementor-reverse-mobile elementor-hidden-desktop elementor-hidden-mobile elementor-section-boxed elementor-section-height-default elementor-section-height-default elementor-invisible\" data-id=\"7e5deca\" data-element_type=\"section\" data-settings=\"{&quot;stretch_section&quot;:&quot;section-stretched&quot;,&quot;animation&quot;:&quot;fadeInRight&quot;}\">\n\t\t\t\t\t\t<div class=\"elementor-container elementor-column-gap-extended\">\n\t\t\t\t\t<div class=\"elementor-column elementor-col-100 elementor-top-column elementor-element elementor-element-29d4003 sc_layouts_column_icons_position_left\" data-id=\"29d4003\" data-element_type=\"column\">\n\t\t\t<div class=\"elementor-widget-wrap elementor-element-populated\">\n\t\t\t\t\t\t<div class=\"elementor-element elementor-element-80da87e elementor-widget elementor-widget-heading\" data-id=\"80da87e\" data-element_type=\"widget\" data-widget_type=\"heading.default\">\n\t\t\t\t<div class=\"elementor-widget-container\">\n\t\t\t\t\t<h3 class=\"elementor-heading-title elementor-size-default\">Ghost Tour - Castello di Vicalvi<\/h3>\t\t\t\t<\/div>\n\t\t\t\t<\/div>\n\t\t\t\t<div class=\"elementor-element elementor-element-a04bb21 elementor-vertical-align-middle elementor-widget elementor-widget-icon-box\" data-id=\"a04bb21\" data-element_type=\"widget\" data-widget_type=\"icon-box.default\">\n\t\t\t\t<div class=\"elementor-widget-container\">\n\t\t\t\t\t\t\t<div class=\"elementor-icon-box-wrapper\">\n\n\t\t\t\n\t\t\t\t\t\t<div class=\"elementor-icon-box-content\">\n\n\t\t\t\t\t\t\t\t\t<h3 class=\"elementor-icon-box-title\">\n\t\t\t\t\t\t<span  >\n\t\t\t\t\t\t\t14 Ottobre\u00a0\t\t\t\t\t\t<\/span>\n\t\t\t\t\t<\/h3>\n\t\t\t\t\n\t\t\t\t\n\t\t\t<\/div>\n\t\t\t\n\t\t<\/div>\n\t\t\t\t\t\t<\/div>\n\t\t\t\t<\/div>\n\t\t\t\t<div class=\"elementor-element elementor-element-ad15871 elementor-widget elementor-widget-text-editor\" data-id=\"ad15871\" data-element_type=\"widget\" data-widget_type=\"text-editor.default\">\n\t\t\t\t<div class=\"elementor-widget-container\">\n\t\t\t\t\t\t\t\t\t<p><b>Ghost Tour &#8211; Castello di Vicalvi<\/b><\/p><p><span style=\"font-weight: 400;\">Gli attori di<\/span> <strong><a href=\"https:\/\/www.facebook.com\/ItalianGhostStory\">ITALIAN GHOST STORY<\/a><\/strong><span style=\"font-weight: 400;\">, in collaborazione con la <\/span><strong><a href=\"https:\/\/www.facebook.com\/profile.php?id=100087848416407\">Proloco di Vicalvi<\/a><\/strong><span style=\"font-weight: 400;\">, vi condurranno nel <\/span><b>Castello di Vicalvi<\/b><span style=\"font-weight: 400;\"> per il <\/span><b>primo, attesissimo GHOST TOUR della Ciociaria<\/b><span style=\"font-weight: 400;\">. Uno spettacolo teatrale itinerante in cui vi verranno narrate storie di fantasmi e leggende nella suggestiva cornice dell\u2019antico castello, alla ricerca del fantasma della signora incatenata&#8230;<\/span><\/p><ol><li>Primo turno ore 18 con inizio 18.30;<\/li><li>Secondo turno ore 21 con inizio alle 21.30.<\/li><\/ol><p><b>Posti limitati e prenotazione obbligatoria al numero 3406749216<\/b><\/p>\t\t\t\t\t\t\t\t<\/div>\n\t\t\t\t<\/div>\n\t\t\t\t<div class=\"elementor-element elementor-element-f163e3f elementor-widget elementor-widget-spacer\" data-id=\"f163e3f\" data-element_type=\"widget\" data-widget_type=\"spacer.default\">\n\t\t\t\t<div class=\"elementor-widget-container\">\n\t\t\t\t\t\t\t<div class=\"elementor-spacer\">\n\t\t\t<div class=\"elementor-spacer-inner\"><\/div>\n\t\t<\/div>\n\t\t\t\t\t\t<\/div>\n\t\t\t\t<\/div>\n\t\t\t\t<div class=\"elementor-element elementor-element-5dee2e9 elementor-widget elementor-widget-image\" data-id=\"5dee2e9\" data-element_type=\"widget\" data-widget_type=\"image.default\">\n\t\t\t\t<div class=\"elementor-widget-container\">\n\t\t\t\t\t\t\t\t\t\t\t\t\t\t\t<img decoding=\"async\" width=\"720\" height=\"540\" src=\"https:\/\/www.dmociociariavalledicomino.it\/wp-content\/uploads\/2023\/10\/castello-vicalvi.png\" class=\"attachment-large size-large wp-image-11608\" alt=\"\" srcset=\"https:\/\/www.dmociociariavalledicomino.it\/wp-content\/uploads\/2023\/10\/castello-vicalvi.png 720w, https:\/\/www.dmociociariavalledicomino.it\/wp-content\/uploads\/2023\/10\/castello-vicalvi-300x225.png 300w, https:\/\/www.dmociociariavalledicomino.it\/wp-content\/uploads\/2023\/10\/castello-vicalvi-16x12.png 16w, https:\/\/www.dmociociariavalledicomino.it\/wp-content\/uploads\/2023\/10\/castello-vicalvi-370x278.png 370w, https:\/\/www.dmociociariavalledicomino.it\/wp-content\/uploads\/2023\/10\/castello-vicalvi-390x293.png 390w, https:\/\/www.dmociociariavalledicomino.it\/wp-content\/uploads\/2023\/10\/castello-vicalvi-600x450.png 600w\" sizes=\"(max-width: 720px) 100vw, 720px\" \/>\t\t\t\t\t\t\t\t\t\t\t\t\t\t\t<\/div>\n\t\t\t\t<\/div>\n\t\t\t\t<div class=\"elementor-element elementor-element-eaa8bd6 elementor-widget elementor-widget-spacer\" data-id=\"eaa8bd6\" data-element_type=\"widget\" data-widget_type=\"spacer.default\">\n\t\t\t\t<div class=\"elementor-widget-container\">\n\t\t\t\t\t\t\t<div class=\"elementor-spacer\">\n\t\t\t<div class=\"elementor-spacer-inner\"><\/div>\n\t\t<\/div>\n\t\t\t\t\t\t<\/div>\n\t\t\t\t<\/div>\n\t\t\t\t\t<\/div>\n\t\t<\/div>\n\t\t\t\t\t<\/div>\n\t\t<\/section>\n\t\t\t\t<section class=\"elementor-section elementor-top-section elementor-element elementor-element-973ca74 elementor-section-boxed elementor-section-height-default elementor-section-height-default\" data-id=\"973ca74\" data-element_type=\"section\">\n\t\t\t\t\t\t<div class=\"elementor-container elementor-column-gap-extended\">\n\t\t\t\t\t<div class=\"elementor-column elementor-col-100 elementor-top-column elementor-element elementor-element-e0f3340 sc_layouts_column_icons_position_left\" data-id=\"e0f3340\" data-element_type=\"column\">\n\t\t\t<div class=\"elementor-widget-wrap elementor-element-populated\">\n\t\t\t\t\t\t<div class=\"elementor-element elementor-element-318aea8 elementor-widget elementor-widget-spacer\" data-id=\"318aea8\" data-element_type=\"widget\" data-widget_type=\"spacer.default\">\n\t\t\t\t<div class=\"elementor-widget-container\">\n\t\t\t\t\t\t\t<div class=\"elementor-spacer\">\n\t\t\t<div class=\"elementor-spacer-inner\"><\/div>\n\t\t<\/div>\n\t\t\t\t\t\t<\/div>\n\t\t\t\t<\/div>\n\t\t\t\t\t<\/div>\n\t\t<\/div>\n\t\t\t\t\t<\/div>\n\t\t<\/section>\n\t\t\t\t<section class=\"elementor-section elementor-top-section elementor-element elementor-element-f85bd46 elementor-hidden-tablet elementor-section-stretched elementor-section-boxed elementor-section-height-default elementor-section-height-default\" data-id=\"f85bd46\" data-element_type=\"section\" data-settings=\"{&quot;stretch_section&quot;:&quot;section-stretched&quot;}\">\n\t\t\t\t\t\t<div class=\"elementor-container elementor-column-gap-extended\">\n\t\t\t\t\t<div class=\"elementor-column elementor-col-100 elementor-top-column elementor-element elementor-element-63a1620 sc_layouts_column_icons_position_left\" data-id=\"63a1620\" data-element_type=\"column\">\n\t\t\t<div class=\"elementor-widget-wrap elementor-element-populated\">\n\t\t\t\t\t\t<div class=\"elementor-element elementor-element-9dfec40 elementor-widget elementor-widget-heading\" data-id=\"9dfec40\" data-element_type=\"widget\" data-widget_type=\"heading.default\">\n\t\t\t\t<div class=\"elementor-widget-container\">\n\t\t\t\t\t<h3 class=\"elementor-heading-title elementor-size-default\"><a href=\"https:\/\/www.facebook.com\/photo\/?fbid=325483473386678&#038;set=pcb.325483586720000\">\"Il Gusto Dell\u2019Autunno\"  San Donato Val Comino<\/a><\/h3>\t\t\t\t<\/div>\n\t\t\t\t<\/div>\n\t\t\t\t<div class=\"elementor-element elementor-element-df18684 elementor-widget elementor-widget-icon-box\" data-id=\"df18684\" data-element_type=\"widget\" data-widget_type=\"icon-box.default\">\n\t\t\t\t<div class=\"elementor-widget-container\">\n\t\t\t\t\t\t\t<div class=\"elementor-icon-box-wrapper\">\n\n\t\t\t\n\t\t\t\t\t\t<div class=\"elementor-icon-box-content\">\n\n\t\t\t\t\t\t\t\t\t<h3 class=\"elementor-icon-box-title\">\n\t\t\t\t\t\t<span  >\n\t\t\t\t\t\t\t28-29 Ottobre \t\t\t\t\t\t<\/span>\n\t\t\t\t\t<\/h3>\n\t\t\t\t\n\t\t\t\t\n\t\t\t<\/div>\n\t\t\t\n\t\t<\/div>\n\t\t\t\t\t\t<\/div>\n\t\t\t\t<\/div>\n\t\t\t\t<div class=\"elementor-element elementor-element-61018c4 elementor-widget elementor-widget-text-editor\" data-id=\"61018c4\" data-element_type=\"widget\" data-widget_type=\"text-editor.default\">\n\t\t\t\t<div class=\"elementor-widget-container\">\n\t\t\t\t\t\t\t\t\t<p><span style=\"font-weight: 400;\">Il <\/span><b>28 ottobre, dalle 19 alle 24<\/b><span style=\"font-weight: 400;\">, e il <\/span><b>29 ottobre, dalle 11 alle 15<\/b><span style=\"font-weight: 400;\">, i vicoli del<\/span><b> borgo di San Donato Val di Comino<\/b><span style=\"font-weight: 400;\">, <strong><a href=\"https:\/\/www.bandierearancioni.it\/borgo\/san-donato-val-di-comino\">Borgo Bandiera Arancione del Touring Club Italiano<\/a><\/strong>, diventano un tripudio di odori e sapori. <\/span><\/p><p><span style=\"font-weight: 400;\">Un percorso alla scoperta dei piatti e delle tradizioni di un tempo. <\/span><\/p>\t\t\t\t\t\t\t\t<\/div>\n\t\t\t\t<\/div>\n\t\t\t\t<div class=\"elementor-element elementor-element-cf9ebee elementor-widget elementor-widget-spacer\" data-id=\"cf9ebee\" data-element_type=\"widget\" data-widget_type=\"spacer.default\">\n\t\t\t\t<div class=\"elementor-widget-container\">\n\t\t\t\t\t\t\t<div class=\"elementor-spacer\">\n\t\t\t<div class=\"elementor-spacer-inner\"><\/div>\n\t\t<\/div>\n\t\t\t\t\t\t<\/div>\n\t\t\t\t<\/div>\n\t\t\t\t\t<\/div>\n\t\t<\/div>\n\t\t\t\t\t<\/div>\n\t\t<\/section>\n\t\t\t\t<section class=\"elementor-section elementor-top-section elementor-element elementor-element-15916cd elementor-section-stretched elementor-section-boxed elementor-section-height-default elementor-section-height-default\" data-id=\"15916cd\" data-element_type=\"section\" data-settings=\"{&quot;stretch_section&quot;:&quot;section-stretched&quot;}\">\n\t\t\t\t\t\t<div class=\"elementor-container elementor-column-gap-extended\">\n\t\t\t\t\t<div class=\"elementor-column elementor-col-100 elementor-top-column elementor-element elementor-element-89494bb sc_layouts_column_icons_position_left\" data-id=\"89494bb\" data-element_type=\"column\">\n\t\t\t<div class=\"elementor-widget-wrap elementor-element-populated\">\n\t\t\t\t\t\t<div class=\"elementor-element elementor-element-226ad77 elementor-widget elementor-widget-spacer\" data-id=\"226ad77\" data-element_type=\"widget\" data-widget_type=\"spacer.default\">\n\t\t\t\t<div class=\"elementor-widget-container\">\n\t\t\t\t\t\t\t<div class=\"elementor-spacer\">\n\t\t\t<div class=\"elementor-spacer-inner\"><\/div>\n\t\t<\/div>\n\t\t\t\t\t\t<\/div>\n\t\t\t\t<\/div>\n\t\t\t\t\t<\/div>\n\t\t<\/div>\n\t\t\t\t\t<\/div>\n\t\t<\/section>\n\t\t\t\t<section class=\"elementor-section elementor-top-section elementor-element elementor-element-3f7f916 elementor-hidden-tablet elementor-section-stretched elementor-section-boxed elementor-section-height-default elementor-section-height-default elementor-invisible\" data-id=\"3f7f916\" data-element_type=\"section\" data-settings=\"{&quot;stretch_section&quot;:&quot;section-stretched&quot;,&quot;animation&quot;:&quot;fadeInLeft&quot;}\">\n\t\t\t\t\t\t<div class=\"elementor-container elementor-column-gap-extended\">\n\t\t\t\t\t<div class=\"elementor-column elementor-col-50 elementor-top-column elementor-element elementor-element-ebd3116 sc_layouts_column_icons_position_left\" data-id=\"ebd3116\" data-element_type=\"column\">\n\t\t\t<div class=\"elementor-widget-wrap elementor-element-populated\">\n\t\t\t\t\t\t<div class=\"elementor-element elementor-element-b70eba5 elementor-widget elementor-widget-heading\" data-id=\"b70eba5\" data-element_type=\"widget\" data-widget_type=\"heading.default\">\n\t\t\t\t<div class=\"elementor-widget-container\">\n\t\t\t\t\t<h3 class=\"elementor-heading-title elementor-size-default\"><a href=\"https:\/\/www.facebook.com\/Viadibanda\/?locale=it_IT\">36^ Festa del Tartufo Bianco e Nero Pregiato di Campoli Appennino\n<\/a><\/h3>\t\t\t\t<\/div>\n\t\t\t\t<\/div>\n\t\t\t\t<div class=\"elementor-element elementor-element-02e696e elementor-vertical-align-middle elementor-widget elementor-widget-icon-box\" data-id=\"02e696e\" data-element_type=\"widget\" data-widget_type=\"icon-box.default\">\n\t\t\t\t<div class=\"elementor-widget-container\">\n\t\t\t\t\t\t\t<div class=\"elementor-icon-box-wrapper\">\n\n\t\t\t\n\t\t\t\t\t\t<div class=\"elementor-icon-box-content\">\n\n\t\t\t\t\t\t\t\t\t<h3 class=\"elementor-icon-box-title\">\n\t\t\t\t\t\t<span  >\n\t\t\t\t\t\t\t11-12 & 18-19 Novembre\t\t\t\t\t\t<\/span>\n\t\t\t\t\t<\/h3>\n\t\t\t\t\n\t\t\t\t\n\t\t\t<\/div>\n\t\t\t\n\t\t<\/div>\n\t\t\t\t\t\t<\/div>\n\t\t\t\t<\/div>\n\t\t\t\t<div class=\"elementor-element elementor-element-bed632f elementor-widget elementor-widget-text-editor\" data-id=\"bed632f\" data-element_type=\"widget\" data-widget_type=\"text-editor.default\">\n\t\t\t\t<div class=\"elementor-widget-container\">\n\t\t\t\t\t\t\t\t\t<p><span style=\"font-weight: 400;\">Uno degli appuntamenti irrinunciabili di questo periodo, che richiama migliaia di persone ogni anno, alla scoperta di una delle eccellenze gastronomiche della Valle di Comino.<\/span><\/p><p><b>Due fine settimana durante i quali si potr\u00e0 gustare il Tartufo di Campoli Appennino<\/b><span style=\"font-weight: 400;\">, ammirare l\u2019artigianato locale e conoscere il folklore e le eccellenze prodotte dalle aziende agricole che operano sul territorio. <\/span><\/p><p><span style=\"font-weight: 400;\">Da non perdere anche una <\/span><strong><a href=\"https:\/\/www.facebook.com\/Caspita4.0\">visita all\u2019Area Faunistica dell&#8217;orso<\/a><\/strong><span style=\"font-weight: 400;\">\u00a0e al borgo di Campoli Appennino, con la sua Torre Medievale. <\/span><\/p>\t\t\t\t\t\t\t\t<\/div>\n\t\t\t\t<\/div>\n\t\t\t\t<div class=\"elementor-element elementor-element-3883670 elementor-widget elementor-widget-spacer\" data-id=\"3883670\" data-element_type=\"widget\" data-widget_type=\"spacer.default\">\n\t\t\t\t<div class=\"elementor-widget-container\">\n\t\t\t\t\t\t\t<div class=\"elementor-spacer\">\n\t\t\t<div class=\"elementor-spacer-inner\"><\/div>\n\t\t<\/div>\n\t\t\t\t\t\t<\/div>\n\t\t\t\t<\/div>\n\t\t\t\t\t<\/div>\n\t\t<\/div>\n\t\t\t\t<div class=\"elementor-column elementor-col-50 elementor-top-column elementor-element elementor-element-3b58562 sc_layouts_column_icons_position_left\" data-id=\"3b58562\" data-element_type=\"column\">\n\t\t\t<div class=\"elementor-widget-wrap elementor-element-populated\">\n\t\t\t\t\t\t<div class=\"elementor-element elementor-element-6b78e9c elementor-widget elementor-widget-image\" data-id=\"6b78e9c\" data-element_type=\"widget\" data-widget_type=\"image.default\">\n\t\t\t\t<div class=\"elementor-widget-container\">\n\t\t\t\t\t\t\t\t\t\t\t\t\t\t\t<img decoding=\"async\" width=\"720\" height=\"540\" src=\"https:\/\/www.dmociociariavalledicomino.it\/wp-content\/uploads\/2023\/10\/fiera-tartufo-campoli-appennino.png\" class=\"attachment-large size-large wp-image-11607\" alt=\"\" srcset=\"https:\/\/www.dmociociariavalledicomino.it\/wp-content\/uploads\/2023\/10\/fiera-tartufo-campoli-appennino.png 720w, https:\/\/www.dmociociariavalledicomino.it\/wp-content\/uploads\/2023\/10\/fiera-tartufo-campoli-appennino-300x225.png 300w, https:\/\/www.dmociociariavalledicomino.it\/wp-content\/uploads\/2023\/10\/fiera-tartufo-campoli-appennino-16x12.png 16w, https:\/\/www.dmociociariavalledicomino.it\/wp-content\/uploads\/2023\/10\/fiera-tartufo-campoli-appennino-370x278.png 370w, https:\/\/www.dmociociariavalledicomino.it\/wp-content\/uploads\/2023\/10\/fiera-tartufo-campoli-appennino-390x293.png 390w, https:\/\/www.dmociociariavalledicomino.it\/wp-content\/uploads\/2023\/10\/fiera-tartufo-campoli-appennino-600x450.png 600w\" sizes=\"(max-width: 720px) 100vw, 720px\" \/>\t\t\t\t\t\t\t\t\t\t\t\t\t\t\t<\/div>\n\t\t\t\t<\/div>\n\t\t\t\t\t<\/div>\n\t\t<\/div>\n\t\t\t\t\t<\/div>\n\t\t<\/section>\n\t\t\t\t<section class=\"elementor-section elementor-top-section elementor-element elementor-element-0000717 elementor-section-stretched elementor-hidden-desktop elementor-hidden-mobile elementor-section-boxed elementor-section-height-default elementor-section-height-default elementor-invisible\" data-id=\"0000717\" data-element_type=\"section\" data-settings=\"{&quot;stretch_section&quot;:&quot;section-stretched&quot;,&quot;animation&quot;:&quot;fadeInLeft&quot;}\">\n\t\t\t\t\t\t<div class=\"elementor-container elementor-column-gap-extended\">\n\t\t\t\t\t<div class=\"elementor-column elementor-col-100 elementor-top-column elementor-element elementor-element-a18d02e sc_layouts_column_icons_position_left\" data-id=\"a18d02e\" data-element_type=\"column\">\n\t\t\t<div class=\"elementor-widget-wrap elementor-element-populated\">\n\t\t\t\t\t\t<div class=\"elementor-element elementor-element-c4cd46c elementor-widget elementor-widget-heading\" data-id=\"c4cd46c\" data-element_type=\"widget\" data-widget_type=\"heading.default\">\n\t\t\t\t<div class=\"elementor-widget-container\">\n\t\t\t\t\t<h3 class=\"elementor-heading-title elementor-size-default\"><a href=\"https:\/\/www.facebook.com\/Viadibanda\/?locale=it_IT\">36^ Festa del Tartufo Bianco e Nero Pregiato di Campoli Appennino\n<\/a><\/h3>\t\t\t\t<\/div>\n\t\t\t\t<\/div>\n\t\t\t\t<div class=\"elementor-element elementor-element-1f5016f elementor-vertical-align-middle elementor-widget elementor-widget-icon-box\" data-id=\"1f5016f\" data-element_type=\"widget\" data-widget_type=\"icon-box.default\">\n\t\t\t\t<div class=\"elementor-widget-container\">\n\t\t\t\t\t\t\t<div class=\"elementor-icon-box-wrapper\">\n\n\t\t\t\n\t\t\t\t\t\t<div class=\"elementor-icon-box-content\">\n\n\t\t\t\t\t\t\t\t\t<h3 class=\"elementor-icon-box-title\">\n\t\t\t\t\t\t<span  >\n\t\t\t\t\t\t\t11-12 & 18-19 Novembre\t\t\t\t\t\t<\/span>\n\t\t\t\t\t<\/h3>\n\t\t\t\t\n\t\t\t\t\n\t\t\t<\/div>\n\t\t\t\n\t\t<\/div>\n\t\t\t\t\t\t<\/div>\n\t\t\t\t<\/div>\n\t\t\t\t<div class=\"elementor-element elementor-element-4d2ac72 elementor-widget elementor-widget-text-editor\" data-id=\"4d2ac72\" data-element_type=\"widget\" data-widget_type=\"text-editor.default\">\n\t\t\t\t<div class=\"elementor-widget-container\">\n\t\t\t\t\t\t\t\t\t<p><span style=\"font-weight: 400;\">Uno degli appuntamenti irrinunciabili di questo periodo, che richiama migliaia di persone ogni anno, alla scoperta di una delle eccellenze gastronomiche della Valle di Comino.<\/span><\/p><p><b>Due fine settimana durante i quali si potr\u00e0 gustare il Tartufo di Campoli Appennino<\/b><span style=\"font-weight: 400;\">, ammirare l\u2019artigianato locale e conoscere il folklore e le eccellenze prodotte dalle aziende agricole che operano sul territorio. <\/span><\/p><p><span style=\"font-weight: 400;\">Da non perdere anche una <\/span><strong><a href=\"https:\/\/www.facebook.com\/Caspita4.0\">visita all\u2019Area Faunistica dell&#8217;orso<\/a><\/strong><span style=\"font-weight: 400;\">\u00a0e al borgo di Campoli Appennino, con la sua Torre Medievale. <\/span><\/p>\t\t\t\t\t\t\t\t<\/div>\n\t\t\t\t<\/div>\n\t\t\t\t<div class=\"elementor-element elementor-element-ff4fc75 elementor-widget elementor-widget-spacer\" data-id=\"ff4fc75\" data-element_type=\"widget\" data-widget_type=\"spacer.default\">\n\t\t\t\t<div class=\"elementor-widget-container\">\n\t\t\t\t\t\t\t<div class=\"elementor-spacer\">\n\t\t\t<div class=\"elementor-spacer-inner\"><\/div>\n\t\t<\/div>\n\t\t\t\t\t\t<\/div>\n\t\t\t\t<\/div>\n\t\t\t\t<div class=\"elementor-element elementor-element-59395a5 elementor-widget elementor-widget-image\" data-id=\"59395a5\" data-element_type=\"widget\" data-widget_type=\"image.default\">\n\t\t\t\t<div class=\"elementor-widget-container\">\n\t\t\t\t\t\t\t\t\t\t\t\t\t\t\t<img decoding=\"async\" width=\"720\" height=\"540\" src=\"https:\/\/www.dmociociariavalledicomino.it\/wp-content\/uploads\/2023\/10\/fiera-tartufo-campoli-appennino.png\" class=\"attachment-large size-large wp-image-11607\" alt=\"\" srcset=\"https:\/\/www.dmociociariavalledicomino.it\/wp-content\/uploads\/2023\/10\/fiera-tartufo-campoli-appennino.png 720w, https:\/\/www.dmociociariavalledicomino.it\/wp-content\/uploads\/2023\/10\/fiera-tartufo-campoli-appennino-300x225.png 300w, https:\/\/www.dmociociariavalledicomino.it\/wp-content\/uploads\/2023\/10\/fiera-tartufo-campoli-appennino-16x12.png 16w, https:\/\/www.dmociociariavalledicomino.it\/wp-content\/uploads\/2023\/10\/fiera-tartufo-campoli-appennino-370x278.png 370w, https:\/\/www.dmociociariavalledicomino.it\/wp-content\/uploads\/2023\/10\/fiera-tartufo-campoli-appennino-390x293.png 390w, https:\/\/www.dmociociariavalledicomino.it\/wp-content\/uploads\/2023\/10\/fiera-tartufo-campoli-appennino-600x450.png 600w\" sizes=\"(max-width: 720px) 100vw, 720px\" \/>\t\t\t\t\t\t\t\t\t\t\t\t\t\t\t<\/div>\n\t\t\t\t<\/div>\n\t\t\t\t\t<\/div>\n\t\t<\/div>\n\t\t\t\t\t<\/div>\n\t\t<\/section>\n\t\t\t\t<section class=\"elementor-section elementor-top-section elementor-element elementor-element-8d1b455 elementor-section-stretched elementor-section-boxed elementor-section-height-default elementor-section-height-default\" data-id=\"8d1b455\" data-element_type=\"section\" data-settings=\"{&quot;stretch_section&quot;:&quot;section-stretched&quot;}\">\n\t\t\t\t\t\t<div class=\"elementor-container elementor-column-gap-extended\">\n\t\t\t\t\t<div class=\"elementor-column elementor-col-100 elementor-top-column elementor-element elementor-element-899051a sc_layouts_column_icons_position_left\" data-id=\"899051a\" data-element_type=\"column\">\n\t\t\t<div class=\"elementor-widget-wrap elementor-element-populated\">\n\t\t\t\t\t\t<div class=\"elementor-element elementor-element-6cf7b4d elementor-widget elementor-widget-spacer\" data-id=\"6cf7b4d\" data-element_type=\"widget\" data-widget_type=\"spacer.default\">\n\t\t\t\t<div class=\"elementor-widget-container\">\n\t\t\t\t\t\t\t<div class=\"elementor-spacer\">\n\t\t\t<div class=\"elementor-spacer-inner\"><\/div>\n\t\t<\/div>\n\t\t\t\t\t\t<\/div>\n\t\t\t\t<\/div>\n\t\t\t\t\t<\/div>\n\t\t<\/div>\n\t\t\t\t\t<\/div>\n\t\t<\/section>\n\t\t\t\t<section class=\"elementor-section elementor-top-section elementor-element elementor-element-e9a4b70 elementor-hidden-tablet elementor-section-stretched elementor-reverse-mobile elementor-section-boxed elementor-section-height-default elementor-section-height-default\" data-id=\"e9a4b70\" data-element_type=\"section\" data-settings=\"{&quot;stretch_section&quot;:&quot;section-stretched&quot;}\">\n\t\t\t\t\t\t<div class=\"elementor-container elementor-column-gap-extended\">\n\t\t\t\t\t<div class=\"elementor-column elementor-col-100 elementor-top-column elementor-element elementor-element-b42ace8 sc_layouts_column_icons_position_left\" data-id=\"b42ace8\" data-element_type=\"column\">\n\t\t\t<div class=\"elementor-widget-wrap elementor-element-populated\">\n\t\t\t\t\t\t<div class=\"elementor-element elementor-element-1cbb64e elementor-widget elementor-widget-heading\" data-id=\"1cbb64e\" data-element_type=\"widget\" data-widget_type=\"heading.default\">\n\t\t\t\t<div class=\"elementor-widget-container\">\n\t\t\t\t\t<h3 class=\"elementor-heading-title elementor-size-default\"><a href=\"https:\/\/www.facebook.com\/atinajazzofficial\">AtinaJazz Winter Festival<\/a><\/h3>\t\t\t\t<\/div>\n\t\t\t\t<\/div>\n\t\t\t\t<div class=\"elementor-element elementor-element-1002df2 elementor-vertical-align-middle elementor-widget elementor-widget-icon-box\" data-id=\"1002df2\" data-element_type=\"widget\" data-widget_type=\"icon-box.default\">\n\t\t\t\t<div class=\"elementor-widget-container\">\n\t\t\t\t\t\t\t<div class=\"elementor-icon-box-wrapper\">\n\n\t\t\t\n\t\t\t\t\t\t<div class=\"elementor-icon-box-content\">\n\n\t\t\t\t\t\t\t\t\t<h3 class=\"elementor-icon-box-title\">\n\t\t\t\t\t\t<span  >\n\t\t\t\t\t\t\tNovembre 2023 - Gennaio 2024\t\t\t\t\t\t<\/span>\n\t\t\t\t\t<\/h3>\n\t\t\t\t\n\t\t\t\t\n\t\t\t<\/div>\n\t\t\t\n\t\t<\/div>\n\t\t\t\t\t\t<\/div>\n\t\t\t\t<\/div>\n\t\t\t\t<div class=\"elementor-element elementor-element-a617b85 elementor-widget elementor-widget-text-editor\" data-id=\"a617b85\" data-element_type=\"widget\" data-widget_type=\"text-editor.default\">\n\t\t\t\t<div class=\"elementor-widget-container\">\n\t\t\t\t\t\t\t\t\t<p><span style=\"font-weight: 400;\">Arriva la <\/span><b>prima edizione invernale di AtinaJazz<\/b><span style=\"font-weight: 400;\">! Un calendario di appuntamenti con i migliori artisti locali, nazionali e internazionali nella migliore tradizione di AtinaJazz. <\/span><\/p><p><span style=\"font-weight: 400;\">A partire dalla suggestiva location del Palazzo Ducale, da sempre sede dei principali concerti, il <\/span><b>festival jazz della Valle di Comino riproporr\u00e0 gli \u201cAperitivi in Jazz\u201d dal mese di novembre<\/b><span style=\"font-weight: 400;\">, che animeranno un&#8217;edizione invernale all&#8217;insegna della buona musica Jazz, e <\/span><b>una serie di concerti a dicembre e gennaio<\/b><span style=\"font-weight: 400;\">, a fare da sfondo al periodo natalizio.<\/span><\/p>\t\t\t\t\t\t\t\t<\/div>\n\t\t\t\t<\/div>\n\t\t\t\t<div class=\"elementor-element elementor-element-b436840 elementor-widget elementor-widget-spacer\" data-id=\"b436840\" data-element_type=\"widget\" data-widget_type=\"spacer.default\">\n\t\t\t\t<div class=\"elementor-widget-container\">\n\t\t\t\t\t\t\t<div class=\"elementor-spacer\">\n\t\t\t<div class=\"elementor-spacer-inner\"><\/div>\n\t\t<\/div>\n\t\t\t\t\t\t<\/div>\n\t\t\t\t<\/div>\n\t\t\t\t\t<\/div>\n\t\t<\/div>\n\t\t\t\t\t<\/div>\n\t\t<\/section>\n\t\t\t\t<section class=\"elementor-section elementor-top-section elementor-element elementor-element-e70836e elementor-section-stretched elementor-section-boxed elementor-section-height-default elementor-section-height-default\" data-id=\"e70836e\" data-element_type=\"section\" data-settings=\"{&quot;stretch_section&quot;:&quot;section-stretched&quot;}\">\n\t\t\t\t\t\t<div class=\"elementor-container elementor-column-gap-extended\">\n\t\t\t\t\t<div class=\"elementor-column elementor-col-100 elementor-top-column elementor-element elementor-element-72d459e sc_layouts_column_icons_position_left\" data-id=\"72d459e\" data-element_type=\"column\">\n\t\t\t<div class=\"elementor-widget-wrap elementor-element-populated\">\n\t\t\t\t\t\t<div class=\"elementor-element elementor-element-fa6be4d elementor-widget elementor-widget-spacer\" data-id=\"fa6be4d\" data-element_type=\"widget\" data-widget_type=\"spacer.default\">\n\t\t\t\t<div class=\"elementor-widget-container\">\n\t\t\t\t\t\t\t<div class=\"elementor-spacer\">\n\t\t\t<div class=\"elementor-spacer-inner\"><\/div>\n\t\t<\/div>\n\t\t\t\t\t\t<\/div>\n\t\t\t\t<\/div>\n\t\t\t\t\t<\/div>\n\t\t<\/div>\n\t\t\t\t\t<\/div>\n\t\t<\/section>\n\t\t\t\t<section class=\"elementor-section elementor-top-section elementor-element elementor-element-559109f elementor-hidden-tablet elementor-section-stretched elementor-section-boxed elementor-section-height-default elementor-section-height-default elementor-invisible\" data-id=\"559109f\" data-element_type=\"section\" data-settings=\"{&quot;stretch_section&quot;:&quot;section-stretched&quot;,&quot;animation&quot;:&quot;fadeInRight&quot;}\">\n\t\t\t\t\t\t<div class=\"elementor-container elementor-column-gap-extended\">\n\t\t\t\t\t<div class=\"elementor-column elementor-col-50 elementor-top-column elementor-element elementor-element-33dd5ad sc_layouts_column_icons_position_left\" data-id=\"33dd5ad\" data-element_type=\"column\">\n\t\t\t<div class=\"elementor-widget-wrap elementor-element-populated\">\n\t\t\t\t\t\t<div class=\"elementor-element elementor-element-f392877 elementor-widget elementor-widget-image\" data-id=\"f392877\" data-element_type=\"widget\" data-widget_type=\"image.default\">\n\t\t\t\t<div class=\"elementor-widget-container\">\n\t\t\t\t\t\t\t\t\t\t\t\t\t\t\t\t<a href=\"https:\/\/www.facebook.com\/Echinelvento.VillaLatina\/videos\/699786458338225\/\">\n\t\t\t\t\t\t\t<img loading=\"lazy\" decoding=\"async\" width=\"1024\" height=\"542\" src=\"https:\/\/www.dmociociariavalledicomino.it\/wp-content\/uploads\/2023\/10\/Facebook-1-1024x542.png\" class=\"attachment-large size-large wp-image-11612\" alt=\"ECHI NEL VENTO\" srcset=\"https:\/\/www.dmociociariavalledicomino.it\/wp-content\/uploads\/2023\/10\/Facebook-1-1024x542.png 1024w, https:\/\/www.dmociociariavalledicomino.it\/wp-content\/uploads\/2023\/10\/Facebook-1-300x159.png 300w, https:\/\/www.dmociociariavalledicomino.it\/wp-content\/uploads\/2023\/10\/Facebook-1-768x406.png 768w, https:\/\/www.dmociociariavalledicomino.it\/wp-content\/uploads\/2023\/10\/Facebook-1-18x10.png 18w, https:\/\/www.dmociociariavalledicomino.it\/wp-content\/uploads\/2023\/10\/Facebook-1-370x196.png 370w, https:\/\/www.dmociociariavalledicomino.it\/wp-content\/uploads\/2023\/10\/Facebook-1-850x450.png 850w, https:\/\/www.dmociociariavalledicomino.it\/wp-content\/uploads\/2023\/10\/Facebook-1-390x206.png 390w, https:\/\/www.dmociociariavalledicomino.it\/wp-content\/uploads\/2023\/10\/Facebook-1-780x413.png 780w, https:\/\/www.dmociociariavalledicomino.it\/wp-content\/uploads\/2023\/10\/Facebook-1-600x318.png 600w, https:\/\/www.dmociociariavalledicomino.it\/wp-content\/uploads\/2023\/10\/Facebook-1.png 1506w\" sizes=\"(max-width: 1024px) 100vw, 1024px\" \/>\t\t\t\t\t\t\t\t<\/a>\n\t\t\t\t\t\t\t\t\t\t\t\t\t\t\t<\/div>\n\t\t\t\t<\/div>\n\t\t\t\t\t<\/div>\n\t\t<\/div>\n\t\t\t\t<div class=\"elementor-column elementor-col-50 elementor-top-column elementor-element elementor-element-d738c4a sc_layouts_column_icons_position_left\" data-id=\"d738c4a\" data-element_type=\"column\">\n\t\t\t<div class=\"elementor-widget-wrap elementor-element-populated\">\n\t\t\t\t\t\t<div class=\"elementor-element elementor-element-5e96b1b elementor-widget elementor-widget-spacer\" data-id=\"5e96b1b\" data-element_type=\"widget\" data-widget_type=\"spacer.default\">\n\t\t\t\t<div class=\"elementor-widget-container\">\n\t\t\t\t\t\t\t<div class=\"elementor-spacer\">\n\t\t\t<div class=\"elementor-spacer-inner\"><\/div>\n\t\t<\/div>\n\t\t\t\t\t\t<\/div>\n\t\t\t\t<\/div>\n\t\t\t\t<div class=\"elementor-element elementor-element-dc634ca elementor-widget elementor-widget-heading\" data-id=\"dc634ca\" data-element_type=\"widget\" data-widget_type=\"heading.default\">\n\t\t\t\t<div class=\"elementor-widget-container\">\n\t\t\t\t\t<h3 class=\"elementor-heading-title elementor-size-default\"><a href=\"https:\/\/www.facebook.com\/Echinelvento.VillaLatina\">Echi nel Vento <\/a><\/h3>\t\t\t\t<\/div>\n\t\t\t\t<\/div>\n\t\t\t\t<div class=\"elementor-element elementor-element-b23dc56 elementor-vertical-align-middle elementor-widget elementor-widget-icon-box\" data-id=\"b23dc56\" data-element_type=\"widget\" data-widget_type=\"icon-box.default\">\n\t\t\t\t<div class=\"elementor-widget-container\">\n\t\t\t\t\t\t\t<div class=\"elementor-icon-box-wrapper\">\n\n\t\t\t\n\t\t\t\t\t\t<div class=\"elementor-icon-box-content\">\n\n\t\t\t\t\t\t\t\t\t<h3 class=\"elementor-icon-box-title\">\n\t\t\t\t\t\t<span  >\n\t\t\t\t\t\t\tDicembre\t\t\t\t\t\t<\/span>\n\t\t\t\t\t<\/h3>\n\t\t\t\t\n\t\t\t\t\n\t\t\t<\/div>\n\t\t\t\n\t\t<\/div>\n\t\t\t\t\t\t<\/div>\n\t\t\t\t<\/div>\n\t\t\t\t<div class=\"elementor-element elementor-element-82398bd elementor-widget elementor-widget-text-editor\" data-id=\"82398bd\" data-element_type=\"widget\" data-widget_type=\"text-editor.default\">\n\t\t\t\t<div class=\"elementor-widget-container\">\n\t\t\t\t\t\t\t\t\t<p><span style=\"font-weight: 400;\">Torna la <\/span><b>rassegna internazionale dedicata agli strumenti aerofoni a riserva d\u2019aria<\/b><span style=\"font-weight: 400;\">. A cavallo del periodo natalizio, quello in cui <\/span><b>la musica delle zampogne riecheggia tra i vicoli della Valle di Comino<\/b><span style=\"font-weight: 400;\">, una serie di appuntamenti per conoscere e tramandare una delle tradizioni identitarie pi\u00f9 sentite in Valle di Comino.\u00a0<\/span><\/p><p><span style=\"font-weight: 400;\">Seguite la pagina dell\u2019<\/span><strong><a href=\"https:\/\/www.facebook.com\/AssociazioneCalamus\">Associazione Calamus<\/a><\/strong><span style=\"font-weight: 400;\">\u00a0per non perdere tutti gli appuntamenti e per scoprire la bellezza della musica tradizionale della Valle di Comino!<\/span><\/p>\t\t\t\t\t\t\t\t<\/div>\n\t\t\t\t<\/div>\n\t\t\t\t<div class=\"elementor-element elementor-element-2752302 elementor-widget elementor-widget-spacer\" data-id=\"2752302\" data-element_type=\"widget\" data-widget_type=\"spacer.default\">\n\t\t\t\t<div class=\"elementor-widget-container\">\n\t\t\t\t\t\t\t<div class=\"elementor-spacer\">\n\t\t\t<div class=\"elementor-spacer-inner\"><\/div>\n\t\t<\/div>\n\t\t\t\t\t\t<\/div>\n\t\t\t\t<\/div>\n\t\t\t\t\t<\/div>\n\t\t<\/div>\n\t\t\t\t\t<\/div>\n\t\t<\/section>\n\t\t\t\t<section class=\"elementor-section elementor-top-section elementor-element elementor-element-b50c228 elementor-section-stretched elementor-hidden-desktop elementor-hidden-mobile elementor-section-boxed elementor-section-height-default elementor-section-height-default elementor-invisible\" data-id=\"b50c228\" data-element_type=\"section\" data-settings=\"{&quot;stretch_section&quot;:&quot;section-stretched&quot;,&quot;animation&quot;:&quot;fadeInRight&quot;}\">\n\t\t\t\t\t\t<div class=\"elementor-container elementor-column-gap-extended\">\n\t\t\t\t\t<div class=\"elementor-column elementor-col-100 elementor-top-column elementor-element elementor-element-f18c060 sc_layouts_column_icons_position_left\" data-id=\"f18c060\" data-element_type=\"column\">\n\t\t\t<div class=\"elementor-widget-wrap elementor-element-populated\">\n\t\t\t\t\t\t<div class=\"elementor-element elementor-element-c6beab4 elementor-widget elementor-widget-spacer\" data-id=\"c6beab4\" data-element_type=\"widget\" data-widget_type=\"spacer.default\">\n\t\t\t\t<div class=\"elementor-widget-container\">\n\t\t\t\t\t\t\t<div class=\"elementor-spacer\">\n\t\t\t<div class=\"elementor-spacer-inner\"><\/div>\n\t\t<\/div>\n\t\t\t\t\t\t<\/div>\n\t\t\t\t<\/div>\n\t\t\t\t<div class=\"elementor-element elementor-element-eb7d91b elementor-widget elementor-widget-heading\" data-id=\"eb7d91b\" data-element_type=\"widget\" data-widget_type=\"heading.default\">\n\t\t\t\t<div class=\"elementor-widget-container\">\n\t\t\t\t\t<h3 class=\"elementor-heading-title elementor-size-default\"><a href=\"https:\/\/www.facebook.com\/Echinelvento.VillaLatina\">Echi nel Vento <\/a><\/h3>\t\t\t\t<\/div>\n\t\t\t\t<\/div>\n\t\t\t\t<div class=\"elementor-element elementor-element-a2f8891 elementor-vertical-align-middle elementor-widget elementor-widget-icon-box\" data-id=\"a2f8891\" data-element_type=\"widget\" data-widget_type=\"icon-box.default\">\n\t\t\t\t<div class=\"elementor-widget-container\">\n\t\t\t\t\t\t\t<div class=\"elementor-icon-box-wrapper\">\n\n\t\t\t\n\t\t\t\t\t\t<div class=\"elementor-icon-box-content\">\n\n\t\t\t\t\t\t\t\t\t<h3 class=\"elementor-icon-box-title\">\n\t\t\t\t\t\t<span  >\n\t\t\t\t\t\t\tDicembre\t\t\t\t\t\t<\/span>\n\t\t\t\t\t<\/h3>\n\t\t\t\t\n\t\t\t\t\n\t\t\t<\/div>\n\t\t\t\n\t\t<\/div>\n\t\t\t\t\t\t<\/div>\n\t\t\t\t<\/div>\n\t\t\t\t<div class=\"elementor-element elementor-element-56e9fc3 elementor-widget elementor-widget-text-editor\" data-id=\"56e9fc3\" data-element_type=\"widget\" data-widget_type=\"text-editor.default\">\n\t\t\t\t<div class=\"elementor-widget-container\">\n\t\t\t\t\t\t\t\t\t<p><span style=\"font-weight: 400;\">Torna la <\/span><b>rassegna internazionale dedicata agli strumenti aerofoni a riserva d\u2019aria<\/b><span style=\"font-weight: 400;\">. A cavallo del periodo natalizio, quello in cui <\/span><b>la musica delle zampogne riecheggia tra i vicoli della Valle di Comino<\/b><span style=\"font-weight: 400;\">, una serie di appuntamenti per conoscere e tramandare una delle tradizioni identitarie pi\u00f9 sentite in Valle di Comino.\u00a0<\/span><\/p><p><span style=\"font-weight: 400;\">Seguite la pagina dell\u2019<\/span><strong><a href=\"https:\/\/www.facebook.com\/AssociazioneCalamus\">Associazione Calamus<\/a><\/strong><span style=\"font-weight: 400;\">\u00a0per non perdere tutti gli appuntamenti e per scoprire la bellezza della musica tradizionale della Valle di Comino!<\/span><\/p>\t\t\t\t\t\t\t\t<\/div>\n\t\t\t\t<\/div>\n\t\t\t\t<div class=\"elementor-element elementor-element-b9325a9 elementor-widget elementor-widget-spacer\" data-id=\"b9325a9\" data-element_type=\"widget\" data-widget_type=\"spacer.default\">\n\t\t\t\t<div class=\"elementor-widget-container\">\n\t\t\t\t\t\t\t<div class=\"elementor-spacer\">\n\t\t\t<div class=\"elementor-spacer-inner\"><\/div>\n\t\t<\/div>\n\t\t\t\t\t\t<\/div>\n\t\t\t\t<\/div>\n\t\t\t\t<div class=\"elementor-element elementor-element-9288e68 elementor-widget elementor-widget-image\" data-id=\"9288e68\" data-element_type=\"widget\" data-widget_type=\"image.default\">\n\t\t\t\t<div class=\"elementor-widget-container\">\n\t\t\t\t\t\t\t\t\t\t\t\t\t\t\t\t<a href=\"https:\/\/www.facebook.com\/Echinelvento.VillaLatina\/videos\/699786458338225\/\">\n\t\t\t\t\t\t\t<img loading=\"lazy\" decoding=\"async\" width=\"1024\" height=\"542\" src=\"https:\/\/www.dmociociariavalledicomino.it\/wp-content\/uploads\/2023\/10\/Facebook-1-1024x542.png\" class=\"attachment-large size-large wp-image-11612\" alt=\"ECHI NEL VENTO\" srcset=\"https:\/\/www.dmociociariavalledicomino.it\/wp-content\/uploads\/2023\/10\/Facebook-1-1024x542.png 1024w, https:\/\/www.dmociociariavalledicomino.it\/wp-content\/uploads\/2023\/10\/Facebook-1-300x159.png 300w, https:\/\/www.dmociociariavalledicomino.it\/wp-content\/uploads\/2023\/10\/Facebook-1-768x406.png 768w, https:\/\/www.dmociociariavalledicomino.it\/wp-content\/uploads\/2023\/10\/Facebook-1-18x10.png 18w, https:\/\/www.dmociociariavalledicomino.it\/wp-content\/uploads\/2023\/10\/Facebook-1-370x196.png 370w, https:\/\/www.dmociociariavalledicomino.it\/wp-content\/uploads\/2023\/10\/Facebook-1-850x450.png 850w, https:\/\/www.dmociociariavalledicomino.it\/wp-content\/uploads\/2023\/10\/Facebook-1-390x206.png 390w, https:\/\/www.dmociociariavalledicomino.it\/wp-content\/uploads\/2023\/10\/Facebook-1-780x413.png 780w, https:\/\/www.dmociociariavalledicomino.it\/wp-content\/uploads\/2023\/10\/Facebook-1-600x318.png 600w, https:\/\/www.dmociociariavalledicomino.it\/wp-content\/uploads\/2023\/10\/Facebook-1.png 1506w\" sizes=\"(max-width: 1024px) 100vw, 1024px\" \/>\t\t\t\t\t\t\t\t<\/a>\n\t\t\t\t\t\t\t\t\t\t\t\t\t\t\t<\/div>\n\t\t\t\t<\/div>\n\t\t\t\t\t<\/div>\n\t\t<\/div>\n\t\t\t\t\t<\/div>\n\t\t<\/section>\n\t\t\t\t<section class=\"elementor-section elementor-top-section elementor-element elementor-element-b708812 elementor-section-stretched elementor-section-boxed elementor-section-height-default elementor-section-height-default\" data-id=\"b708812\" data-element_type=\"section\" data-settings=\"{&quot;stretch_section&quot;:&quot;section-stretched&quot;}\">\n\t\t\t\t\t\t<div class=\"elementor-container elementor-column-gap-extended\">\n\t\t\t\t\t<div class=\"elementor-column elementor-col-100 elementor-top-column elementor-element elementor-element-8ec0421 sc_layouts_column_icons_position_left\" data-id=\"8ec0421\" data-element_type=\"column\">\n\t\t\t<div class=\"elementor-widget-wrap elementor-element-populated\">\n\t\t\t\t\t\t<div class=\"elementor-element elementor-element-69a88aa elementor-widget elementor-widget-spacer\" data-id=\"69a88aa\" data-element_type=\"widget\" data-widget_type=\"spacer.default\">\n\t\t\t\t<div class=\"elementor-widget-container\">\n\t\t\t\t\t\t\t<div class=\"elementor-spacer\">\n\t\t\t<div class=\"elementor-spacer-inner\"><\/div>\n\t\t<\/div>\n\t\t\t\t\t\t<\/div>\n\t\t\t\t<\/div>\n\t\t\t\t\t<\/div>\n\t\t<\/div>\n\t\t\t\t\t<\/div>\n\t\t<\/section>\n\t\t\t\t<section class=\"elementor-section elementor-top-section elementor-element elementor-element-0fff176 elementor-section-boxed elementor-section-height-default elementor-section-height-default\" data-id=\"0fff176\" data-element_type=\"section\">\n\t\t\t\t\t\t<div class=\"elementor-container elementor-column-gap-extended\">\n\t\t\t\t\t<div class=\"elementor-column elementor-col-16 elementor-top-column elementor-element elementor-element-566feda sc_layouts_column_icons_position_left\" data-id=\"566feda\" data-element_type=\"column\">\n\t\t\t<div class=\"elementor-widget-wrap\">\n\t\t\t\t\t\t\t<\/div>\n\t\t<\/div>\n\t\t\t\t<div class=\"elementor-column elementor-col-66 elementor-top-column elementor-element elementor-element-a429856 sc_layouts_column_icons_position_left\" data-id=\"a429856\" data-element_type=\"column\" data-settings=\"{&quot;background_background&quot;:&quot;classic&quot;}\">\n\t\t\t<div class=\"elementor-widget-wrap elementor-element-populated\">\n\t\t\t\t\t\t<div class=\"elementor-element elementor-element-58a3ad1 elementor-widget elementor-widget-spacer\" data-id=\"58a3ad1\" data-element_type=\"widget\" data-widget_type=\"spacer.default\">\n\t\t\t\t<div class=\"elementor-widget-container\">\n\t\t\t\t\t\t\t<div class=\"elementor-spacer\">\n\t\t\t<div class=\"elementor-spacer-inner\"><\/div>\n\t\t<\/div>\n\t\t\t\t\t\t<\/div>\n\t\t\t\t<\/div>\n\t\t\t\t<div class=\"elementor-element elementor-element-e7b1698 elementor-widget elementor-widget-heading\" data-id=\"e7b1698\" data-element_type=\"widget\" data-widget_type=\"heading.default\">\n\t\t\t\t<div class=\"elementor-widget-container\">\n\t\t\t\t\t<h3 class=\"elementor-heading-title elementor-size-default\">Segui le pagine social<\/h3>\t\t\t\t<\/div>\n\t\t\t\t<\/div>\n\t\t\t\t<div class=\"elementor-element elementor-element-4c849c2 elementor-widget elementor-widget-spacer\" data-id=\"4c849c2\" data-element_type=\"widget\" data-widget_type=\"spacer.default\">\n\t\t\t\t<div class=\"elementor-widget-container\">\n\t\t\t\t\t\t\t<div class=\"elementor-spacer\">\n\t\t\t<div class=\"elementor-spacer-inner\"><\/div>\n\t\t<\/div>\n\t\t\t\t\t\t<\/div>\n\t\t\t\t<\/div>\n\t\t\t\t<div class=\"elementor-element elementor-element-6b16a35 elementor-widget elementor-widget-text-editor\" data-id=\"6b16a35\" data-element_type=\"widget\" data-widget_type=\"text-editor.default\">\n\t\t\t\t<div class=\"elementor-widget-container\">\n\t\t\t\t\t\t\t\t\t<p><span style=\"font-weight: 400;\">Segui le <\/span><b>pagine social <\/b><strong><a href=\"https:\/\/www.facebook.com\/dmociociariavalledicomino\">Facebook <\/a><\/strong><b>e <\/b><strong><a href=\"https:\/\/www.instagram.com\/dmociociariavalledicomino\/\">Instagram <\/a><\/strong><b>della DMO Ciociaria &#8211; VALLE DI COMINO<\/b><span style=\"font-weight: 400;\"> per conoscere tutti gli eventi, sagre enogastronomiche e manifestazioni culturali e musicali della Valle di Comino!&nbsp;<\/span><\/p>\t\t\t\t\t\t\t\t<\/div>\n\t\t\t\t<\/div>\n\t\t\t\t<div class=\"elementor-element elementor-element-53c24b4 elementor-widget elementor-widget-spacer\" data-id=\"53c24b4\" data-element_type=\"widget\" data-widget_type=\"spacer.default\">\n\t\t\t\t<div class=\"elementor-widget-container\">\n\t\t\t\t\t\t\t<div class=\"elementor-spacer\">\n\t\t\t<div class=\"elementor-spacer-inner\"><\/div>\n\t\t<\/div>\n\t\t\t\t\t\t<\/div>\n\t\t\t\t<\/div>\n\t\t\t\t\t<\/div>\n\t\t<\/div>\n\t\t\t\t<div class=\"elementor-column elementor-col-16 elementor-top-column elementor-element elementor-element-06e6b36 sc_layouts_column_icons_position_left\" data-id=\"06e6b36\" data-element_type=\"column\">\n\t\t\t<div class=\"elementor-widget-wrap\">\n\t\t\t\t\t\t\t<\/div>\n\t\t<\/div>\n\t\t\t\t\t<\/div>\n\t\t<\/section>\n\t\t\t\t<section class=\"elementor-section elementor-top-section elementor-element elementor-element-42566d4 elementor-section-stretched elementor-section-boxed elementor-section-height-default elementor-section-height-default\" data-id=\"42566d4\" data-element_type=\"section\" data-settings=\"{&quot;stretch_section&quot;:&quot;section-stretched&quot;}\">\n\t\t\t\t\t\t<div class=\"elementor-container elementor-column-gap-extended\">\n\t\t\t\t\t<div class=\"elementor-column elementor-col-100 elementor-top-column elementor-element elementor-element-625ba08 sc_layouts_column_icons_position_left\" data-id=\"625ba08\" data-element_type=\"column\">\n\t\t\t<div class=\"elementor-widget-wrap elementor-element-populated\">\n\t\t\t\t\t\t<div class=\"elementor-element elementor-element-446504c elementor-widget elementor-widget-spacer\" data-id=\"446504c\" data-element_type=\"widget\" data-widget_type=\"spacer.default\">\n\t\t\t\t<div class=\"elementor-widget-container\">\n\t\t\t\t\t\t\t<div class=\"elementor-spacer\">\n\t\t\t<div class=\"elementor-spacer-inner\"><\/div>\n\t\t<\/div>\n\t\t\t\t\t\t<\/div>\n\t\t\t\t<\/div>\n\t\t\t\t\t<\/div>\n\t\t<\/div>\n\t\t\t\t\t<\/div>\n\t\t<\/section>\n\t\t\t\t<\/div>","protected":false},"excerpt":{"rendered":"<p>Eventi: autunno e inverno in Valle di Comino tra natura, cultura e tradizione Eventi: autunno e inverno in Valle di Comino tra natura, cultura e tradizione L&#8217;autunno e l&#8217;inverno in Valle di Comino sono le stagioni pi\u00f9 affascinanti dell&#8217;anno, in cui le sfumature di colori e le atmosfere avvolgenti creano uno scenario incantevole per i preziosi borghi e paesaggi di&hellip;<\/p>","protected":false},"author":1,"featured_media":11628,"comment_status":"closed","ping_status":"closed","sticky":false,"template":"","format":"standard","meta":{"footnotes":""},"categories":[75,89],"tags":[129,104,124,108,130,123,128,99,100,105,107,110,102,125,126,106,76,127],"class_list":["post-11582","post","type-post","status-publish","format-standard","has-post-thumbnail","hentry","category-blog","category-eventi","tag-atinajazz","tag-autunno","tag-autunno-in-valle-di-comino","tag-borghi","tag-calamus","tag-eventi-autunnali","tag-festival-musicali","tag-mainarde","tag-mountain-bike","tag-natura","tag-paesaggi","tag-paesaggi-autunnali","tag-parco-nazionale-dabruzzo-lazio-e-molise","tag-sagre-enogastronomiche","tag-tradizioni-valle-di-comino","tag-trekking","tag-valle-di-comino","tag-zampogne"],"acf":[],"yoast_head":"<!-- This site is optimized with the Yoast SEO plugin v24.6 - https:\/\/yoast.com\/wordpress\/plugins\/seo\/ -->\n<title>Valle di Comino, un\u2019estate di eventi ed esperienze<\/title>\n<meta name=\"description\" content=\"Gli eventi e le esperienze da provare in Valle di Comino per l\u2019estate 2023: un calendario ricco per vivere una vacanza tra gusto, natura, tradizioni ma anche tanto divertimento.\" \/>\n<meta name=\"robots\" content=\"index, follow, max-snippet:-1, max-image-preview:large, max-video-preview:-1\" \/>\n<link rel=\"canonical\" href=\"https:\/\/www.dmociociariavalledicomino.it\/en\/estate-in-valle-di-comino-il-calendario-degli-eventi\/\" \/>\n<meta property=\"og:locale\" content=\"en_GB\" \/>\n<meta property=\"og:type\" content=\"article\" \/>\n<meta property=\"og:title\" content=\"Valle di Comino, un\u2019estate di eventi ed esperienze\" \/>\n<meta property=\"og:description\" content=\"Gli eventi e le esperienze da provare in Valle di Comino per l\u2019estate 2023: un calendario ricco per vivere una vacanza tra gusto, natura, tradizioni ma anche tanto divertimento.\" \/>\n<meta property=\"og:url\" content=\"https:\/\/www.dmociociariavalledicomino.it\/en\/estate-in-valle-di-comino-il-calendario-degli-eventi\/\" \/>\n<meta property=\"og:site_name\" content=\"DMO Ciociaria Valle di Comino\" \/>\n<meta property=\"article:published_time\" content=\"2023-10-05T06:30:00+00:00\" \/>\n<meta property=\"article:modified_time\" content=\"2023-10-26T10:53:11+00:00\" \/>\n<meta property=\"og:image\" content=\"https:\/\/www.dmociociariavalledicomino.it\/wp-content\/uploads\/2023\/10\/copertina-blog-dmo_c.jpg\" \/>\n\t<meta property=\"og:image:width\" content=\"920\" \/>\n\t<meta property=\"og:image:height\" content=\"614\" \/>\n\t<meta property=\"og:image:type\" content=\"image\/jpeg\" \/>\n<meta name=\"author\" content=\"admin\" \/>\n<meta name=\"twitter:card\" content=\"summary_large_image\" \/>\n<meta name=\"twitter:label1\" content=\"Written by\" \/>\n\t<meta name=\"twitter:data1\" content=\"admin\" \/>\n\t<meta name=\"twitter:label2\" content=\"Estimated reading time\" \/>\n\t<meta name=\"twitter:data2\" content=\"9 minutes\" \/>\n<script type=\"application\/ld+json\" class=\"yoast-schema-graph\">{\"@context\":\"https:\/\/schema.org\",\"@graph\":[{\"@type\":\"Article\",\"@id\":\"https:\/\/www.dmociociariavalledicomino.it\/estate-in-valle-di-comino-il-calendario-degli-eventi\/#article\",\"isPartOf\":{\"@id\":\"https:\/\/www.dmociociariavalledicomino.it\/estate-in-valle-di-comino-il-calendario-degli-eventi\/\"},\"author\":{\"name\":\"admin\",\"@id\":\"https:\/\/www.dmociociariavalledicomino.it\/#\/schema\/person\/3bf46154fba3deea98d7bd5acb562c6e\"},\"headline\":\"Eventi: autunno e inverno in Valle di Comino tra natura, cultura e tradizione\",\"datePublished\":\"2023-10-05T06:30:00+00:00\",\"dateModified\":\"2023-10-26T10:53:11+00:00\",\"mainEntityOfPage\":{\"@id\":\"https:\/\/www.dmociociariavalledicomino.it\/estate-in-valle-di-comino-il-calendario-degli-eventi\/\"},\"wordCount\":1240,\"publisher\":{\"@id\":\"https:\/\/www.dmociociariavalledicomino.it\/#organization\"},\"image\":{\"@id\":\"https:\/\/www.dmociociariavalledicomino.it\/estate-in-valle-di-comino-il-calendario-degli-eventi\/#primaryimage\"},\"thumbnailUrl\":\"https:\/\/www.dmociociariavalledicomino.it\/wp-content\/uploads\/2023\/10\/copertina-blog-dmo_c.jpg\",\"keywords\":[\"atinajazz\",\"autunno\",\"Autunno in Valle di Comino\",\"borghi\",\"Calamus\",\"eventi autunnali\",\"festival musicali\",\"Mainarde\",\"Mountain Bike\",\"natura\",\"paesaggi\",\"Paesaggi Autunnali\",\"Parco Nazionale d\u2019Abruzzo Lazio e Molise\",\"sagre enogastronomiche\",\"tradizioni valle di comino\",\"trekking\",\"valle di comino\",\"zampogne\"],\"articleSection\":[\"Blog\",\"Eventi\"],\"inLanguage\":\"en-GB\"},{\"@type\":\"WebPage\",\"@id\":\"https:\/\/www.dmociociariavalledicomino.it\/estate-in-valle-di-comino-il-calendario-degli-eventi\/\",\"url\":\"https:\/\/www.dmociociariavalledicomino.it\/estate-in-valle-di-comino-il-calendario-degli-eventi\/\",\"name\":\"Valle di Comino, un\u2019estate di eventi ed esperienze\",\"isPartOf\":{\"@id\":\"https:\/\/www.dmociociariavalledicomino.it\/#website\"},\"primaryImageOfPage\":{\"@id\":\"https:\/\/www.dmociociariavalledicomino.it\/estate-in-valle-di-comino-il-calendario-degli-eventi\/#primaryimage\"},\"image\":{\"@id\":\"https:\/\/www.dmociociariavalledicomino.it\/estate-in-valle-di-comino-il-calendario-degli-eventi\/#primaryimage\"},\"thumbnailUrl\":\"https:\/\/www.dmociociariavalledicomino.it\/wp-content\/uploads\/2023\/10\/copertina-blog-dmo_c.jpg\",\"datePublished\":\"2023-10-05T06:30:00+00:00\",\"dateModified\":\"2023-10-26T10:53:11+00:00\",\"description\":\"Gli eventi e le esperienze da provare in Valle di Comino per l\u2019estate 2023: un calendario ricco per vivere una vacanza tra gusto, natura, tradizioni ma anche tanto divertimento.\",\"breadcrumb\":{\"@id\":\"https:\/\/www.dmociociariavalledicomino.it\/estate-in-valle-di-comino-il-calendario-degli-eventi\/#breadcrumb\"},\"inLanguage\":\"en-GB\",\"potentialAction\":[{\"@type\":\"ReadAction\",\"target\":[\"https:\/\/www.dmociociariavalledicomino.it\/estate-in-valle-di-comino-il-calendario-degli-eventi\/\"]}]},{\"@type\":\"ImageObject\",\"inLanguage\":\"en-GB\",\"@id\":\"https:\/\/www.dmociociariavalledicomino.it\/estate-in-valle-di-comino-il-calendario-degli-eventi\/#primaryimage\",\"url\":\"https:\/\/www.dmociociariavalledicomino.it\/wp-content\/uploads\/2023\/10\/copertina-blog-dmo_c.jpg\",\"contentUrl\":\"https:\/\/www.dmociociariavalledicomino.it\/wp-content\/uploads\/2023\/10\/copertina-blog-dmo_c.jpg\",\"width\":920,\"height\":614},{\"@type\":\"BreadcrumbList\",\"@id\":\"https:\/\/www.dmociociariavalledicomino.it\/estate-in-valle-di-comino-il-calendario-degli-eventi\/#breadcrumb\",\"itemListElement\":[{\"@type\":\"ListItem\",\"position\":1,\"name\":\"Home\",\"item\":\"https:\/\/www.dmociociariavalledicomino.it\/\"},{\"@type\":\"ListItem\",\"position\":2,\"name\":\"Eventi: autunno e inverno in Valle di Comino tra natura, cultura e tradizione\"}]},{\"@type\":\"WebSite\",\"@id\":\"https:\/\/www.dmociociariavalledicomino.it\/#website\",\"url\":\"https:\/\/www.dmociociariavalledicomino.it\/\",\"name\":\"DMO Ciociaria Valle di Comino\",\"description\":\"La destinazione che non c'era\",\"publisher\":{\"@id\":\"https:\/\/www.dmociociariavalledicomino.it\/#organization\"},\"potentialAction\":[{\"@type\":\"SearchAction\",\"target\":{\"@type\":\"EntryPoint\",\"urlTemplate\":\"https:\/\/www.dmociociariavalledicomino.it\/?s={search_term_string}\"},\"query-input\":{\"@type\":\"PropertyValueSpecification\",\"valueRequired\":true,\"valueName\":\"search_term_string\"}}],\"inLanguage\":\"en-GB\"},{\"@type\":\"Organization\",\"@id\":\"https:\/\/www.dmociociariavalledicomino.it\/#organization\",\"name\":\"DMO Ciociaria Valle di Comino\",\"url\":\"https:\/\/www.dmociociariavalledicomino.it\/\",\"logo\":{\"@type\":\"ImageObject\",\"inLanguage\":\"en-GB\",\"@id\":\"https:\/\/www.dmociociariavalledicomino.it\/#\/schema\/logo\/image\/\",\"url\":\"https:\/\/www.dmociociariavalledicomino.it\/wp-content\/uploads\/2022\/03\/logo-1x-1.png\",\"contentUrl\":\"https:\/\/www.dmociociariavalledicomino.it\/wp-content\/uploads\/2022\/03\/logo-1x-1.png\",\"width\":435,\"height\":100,\"caption\":\"DMO Ciociaria Valle di Comino\"},\"image\":{\"@id\":\"https:\/\/www.dmociociariavalledicomino.it\/#\/schema\/logo\/image\/\"}},{\"@type\":\"Person\",\"@id\":\"https:\/\/www.dmociociariavalledicomino.it\/#\/schema\/person\/3bf46154fba3deea98d7bd5acb562c6e\",\"name\":\"admin\",\"image\":{\"@type\":\"ImageObject\",\"inLanguage\":\"en-GB\",\"@id\":\"https:\/\/www.dmociociariavalledicomino.it\/#\/schema\/person\/image\/\",\"url\":\"https:\/\/secure.gravatar.com\/avatar\/1fbb3f445cf77d4b14505985324155bdee1cc76aba31ffb5d872bb89773bcb48?s=96&d=mm&r=g\",\"contentUrl\":\"https:\/\/secure.gravatar.com\/avatar\/1fbb3f445cf77d4b14505985324155bdee1cc76aba31ffb5d872bb89773bcb48?s=96&d=mm&r=g\",\"caption\":\"admin\"},\"url\":\"https:\/\/www.dmociociariavalledicomino.it\/en\/author\/admin\/\"}]}<\/script>\n<!-- \/ Yoast SEO plugin. -->","yoast_head_json":{"title":"Valle di Comino, un\u2019estate di eventi ed esperienze","description":"Gli eventi e le esperienze da provare in Valle di Comino per l\u2019estate 2023: un calendario ricco per vivere una vacanza tra gusto, natura, tradizioni ma anche tanto divertimento.","robots":{"index":"index","follow":"follow","max-snippet":"max-snippet:-1","max-image-preview":"max-image-preview:large","max-video-preview":"max-video-preview:-1"},"canonical":"https:\/\/www.dmociociariavalledicomino.it\/en\/estate-in-valle-di-comino-il-calendario-degli-eventi\/","og_locale":"en_GB","og_type":"article","og_title":"Valle di Comino, un\u2019estate di eventi ed esperienze","og_description":"Gli eventi e le esperienze da provare in Valle di Comino per l\u2019estate 2023: un calendario ricco per vivere una vacanza tra gusto, natura, tradizioni ma anche tanto divertimento.","og_url":"https:\/\/www.dmociociariavalledicomino.it\/en\/estate-in-valle-di-comino-il-calendario-degli-eventi\/","og_site_name":"DMO Ciociaria Valle di Comino","article_published_time":"2023-10-05T06:30:00+00:00","article_modified_time":"2023-10-26T10:53:11+00:00","og_image":[{"width":920,"height":614,"url":"https:\/\/www.dmociociariavalledicomino.it\/wp-content\/uploads\/2023\/10\/copertina-blog-dmo_c.jpg","type":"image\/jpeg"}],"author":"admin","twitter_card":"summary_large_image","twitter_misc":{"Written by":"admin","Estimated reading time":"9 minutes"},"schema":{"@context":"https:\/\/schema.org","@graph":[{"@type":"Article","@id":"https:\/\/www.dmociociariavalledicomino.it\/estate-in-valle-di-comino-il-calendario-degli-eventi\/#article","isPartOf":{"@id":"https:\/\/www.dmociociariavalledicomino.it\/estate-in-valle-di-comino-il-calendario-degli-eventi\/"},"author":{"name":"admin","@id":"https:\/\/www.dmociociariavalledicomino.it\/#\/schema\/person\/3bf46154fba3deea98d7bd5acb562c6e"},"headline":"Eventi: autunno e inverno in Valle di Comino tra natura, cultura e tradizione","datePublished":"2023-10-05T06:30:00+00:00","dateModified":"2023-10-26T10:53:11+00:00","mainEntityOfPage":{"@id":"https:\/\/www.dmociociariavalledicomino.it\/estate-in-valle-di-comino-il-calendario-degli-eventi\/"},"wordCount":1240,"publisher":{"@id":"https:\/\/www.dmociociariavalledicomino.it\/#organization"},"image":{"@id":"https:\/\/www.dmociociariavalledicomino.it\/estate-in-valle-di-comino-il-calendario-degli-eventi\/#primaryimage"},"thumbnailUrl":"https:\/\/www.dmociociariavalledicomino.it\/wp-content\/uploads\/2023\/10\/copertina-blog-dmo_c.jpg","keywords":["atinajazz","autunno","Autunno in Valle di Comino","borghi","Calamus","eventi autunnali","festival musicali","Mainarde","Mountain Bike","natura","paesaggi","Paesaggi Autunnali","Parco Nazionale d\u2019Abruzzo Lazio e Molise","sagre enogastronomiche","tradizioni valle di comino","trekking","valle di comino","zampogne"],"articleSection":["Blog","Eventi"],"inLanguage":"en-GB"},{"@type":"WebPage","@id":"https:\/\/www.dmociociariavalledicomino.it\/estate-in-valle-di-comino-il-calendario-degli-eventi\/","url":"https:\/\/www.dmociociariavalledicomino.it\/estate-in-valle-di-comino-il-calendario-degli-eventi\/","name":"Valle di Comino, un\u2019estate di eventi ed esperienze","isPartOf":{"@id":"https:\/\/www.dmociociariavalledicomino.it\/#website"},"primaryImageOfPage":{"@id":"https:\/\/www.dmociociariavalledicomino.it\/estate-in-valle-di-comino-il-calendario-degli-eventi\/#primaryimage"},"image":{"@id":"https:\/\/www.dmociociariavalledicomino.it\/estate-in-valle-di-comino-il-calendario-degli-eventi\/#primaryimage"},"thumbnailUrl":"https:\/\/www.dmociociariavalledicomino.it\/wp-content\/uploads\/2023\/10\/copertina-blog-dmo_c.jpg","datePublished":"2023-10-05T06:30:00+00:00","dateModified":"2023-10-26T10:53:11+00:00","description":"Gli eventi e le esperienze da provare in Valle di Comino per l\u2019estate 2023: un calendario ricco per vivere una vacanza tra gusto, natura, tradizioni ma anche tanto divertimento.","breadcrumb":{"@id":"https:\/\/www.dmociociariavalledicomino.it\/estate-in-valle-di-comino-il-calendario-degli-eventi\/#breadcrumb"},"inLanguage":"en-GB","potentialAction":[{"@type":"ReadAction","target":["https:\/\/www.dmociociariavalledicomino.it\/estate-in-valle-di-comino-il-calendario-degli-eventi\/"]}]},{"@type":"ImageObject","inLanguage":"en-GB","@id":"https:\/\/www.dmociociariavalledicomino.it\/estate-in-valle-di-comino-il-calendario-degli-eventi\/#primaryimage","url":"https:\/\/www.dmociociariavalledicomino.it\/wp-content\/uploads\/2023\/10\/copertina-blog-dmo_c.jpg","contentUrl":"https:\/\/www.dmociociariavalledicomino.it\/wp-content\/uploads\/2023\/10\/copertina-blog-dmo_c.jpg","width":920,"height":614},{"@type":"BreadcrumbList","@id":"https:\/\/www.dmociociariavalledicomino.it\/estate-in-valle-di-comino-il-calendario-degli-eventi\/#breadcrumb","itemListElement":[{"@type":"ListItem","position":1,"name":"Home","item":"https:\/\/www.dmociociariavalledicomino.it\/"},{"@type":"ListItem","position":2,"name":"Eventi: autunno e inverno in Valle di Comino tra natura, cultura e tradizione"}]},{"@type":"WebSite","@id":"https:\/\/www.dmociociariavalledicomino.it\/#website","url":"https:\/\/www.dmociociariavalledicomino.it\/","name":"DMO Ciociaria Valle di Comino","description":"La destinazione che non c'era","publisher":{"@id":"https:\/\/www.dmociociariavalledicomino.it\/#organization"},"potentialAction":[{"@type":"SearchAction","target":{"@type":"EntryPoint","urlTemplate":"https:\/\/www.dmociociariavalledicomino.it\/?s={search_term_string}"},"query-input":{"@type":"PropertyValueSpecification","valueRequired":true,"valueName":"search_term_string"}}],"inLanguage":"en-GB"},{"@type":"Organization","@id":"https:\/\/www.dmociociariavalledicomino.it\/#organization","name":"DMO Ciociaria Valle di Comino","url":"https:\/\/www.dmociociariavalledicomino.it\/","logo":{"@type":"ImageObject","inLanguage":"en-GB","@id":"https:\/\/www.dmociociariavalledicomino.it\/#\/schema\/logo\/image\/","url":"https:\/\/www.dmociociariavalledicomino.it\/wp-content\/uploads\/2022\/03\/logo-1x-1.png","contentUrl":"https:\/\/www.dmociociariavalledicomino.it\/wp-content\/uploads\/2022\/03\/logo-1x-1.png","width":435,"height":100,"caption":"DMO Ciociaria Valle di Comino"},"image":{"@id":"https:\/\/www.dmociociariavalledicomino.it\/#\/schema\/logo\/image\/"}},{"@type":"Person","@id":"https:\/\/www.dmociociariavalledicomino.it\/#\/schema\/person\/3bf46154fba3deea98d7bd5acb562c6e","name":"admin","image":{"@type":"ImageObject","inLanguage":"en-GB","@id":"https:\/\/www.dmociociariavalledicomino.it\/#\/schema\/person\/image\/","url":"https:\/\/secure.gravatar.com\/avatar\/1fbb3f445cf77d4b14505985324155bdee1cc76aba31ffb5d872bb89773bcb48?s=96&d=mm&r=g","contentUrl":"https:\/\/secure.gravatar.com\/avatar\/1fbb3f445cf77d4b14505985324155bdee1cc76aba31ffb5d872bb89773bcb48?s=96&d=mm&r=g","caption":"admin"},"url":"https:\/\/www.dmociociariavalledicomino.it\/en\/author\/admin\/"}]}},"_links":{"self":[{"href":"https:\/\/www.dmociociariavalledicomino.it\/en\/wp-json\/wp\/v2\/posts\/11582","targetHints":{"allow":["GET"]}}],"collection":[{"href":"https:\/\/www.dmociociariavalledicomino.it\/en\/wp-json\/wp\/v2\/posts"}],"about":[{"href":"https:\/\/www.dmociociariavalledicomino.it\/en\/wp-json\/wp\/v2\/types\/post"}],"author":[{"embeddable":true,"href":"https:\/\/www.dmociociariavalledicomino.it\/en\/wp-json\/wp\/v2\/users\/1"}],"replies":[{"embeddable":true,"href":"https:\/\/www.dmociociariavalledicomino.it\/en\/wp-json\/wp\/v2\/comments?post=11582"}],"version-history":[{"count":45,"href":"https:\/\/www.dmociociariavalledicomino.it\/en\/wp-json\/wp\/v2\/posts\/11582\/revisions"}],"predecessor-version":[{"id":11632,"href":"https:\/\/www.dmociociariavalledicomino.it\/en\/wp-json\/wp\/v2\/posts\/11582\/revisions\/11632"}],"wp:featuredmedia":[{"embeddable":true,"href":"https:\/\/www.dmociociariavalledicomino.it\/en\/wp-json\/wp\/v2\/media\/11628"}],"wp:attachment":[{"href":"https:\/\/www.dmociociariavalledicomino.it\/en\/wp-json\/wp\/v2\/media?parent=11582"}],"wp:term":[{"taxonomy":"category","embeddable":true,"href":"https:\/\/www.dmociociariavalledicomino.it\/en\/wp-json\/wp\/v2\/categories?post=11582"},{"taxonomy":"post_tag","embeddable":true,"href":"https:\/\/www.dmociociariavalledicomino.it\/en\/wp-json\/wp\/v2\/tags?post=11582"}],"curies":[{"name":"wp","href":"https:\/\/api.w.org\/{rel}","templated":true}]}}