{"id":11564,"date":"2023-09-28T08:30:00","date_gmt":"2023-09-28T06:30:00","guid":{"rendered":"https:\/\/www.dmociociariavalledicomino.it\/?p=11564"},"modified":"2023-10-04T12:26:34","modified_gmt":"2023-10-04T10:26:34","slug":"autunno-in-valle-di-comino-paesaggi-incantevoli-e-foliage-mozzafiato","status":"publish","type":"post","link":"https:\/\/www.dmociociariavalledicomino.it\/en\/autunno-in-valle-di-comino-paesaggi-incantevoli-e-foliage-mozzafiato\/","title":{"rendered":"Foliage d\u2019autunno: lo spettacolo delle foglie in Valle di Comino, dove e quando ammirarlo"},"content":{"rendered":"<div data-elementor-type=\"wp-post\" data-elementor-id=\"11564\" class=\"elementor elementor-11564\" data-elementor-post-type=\"post\">\n\t\t\t\t\t\t<section class=\"elementor-section elementor-top-section elementor-element elementor-element-6197ef4 elementor-section-stretched elementor-section-boxed elementor-section-height-default elementor-section-height-default\" data-id=\"6197ef4\" data-element_type=\"section\" data-settings=\"{&quot;stretch_section&quot;:&quot;section-stretched&quot;}\">\n\t\t\t\t\t\t<div class=\"elementor-container elementor-column-gap-extended\">\n\t\t\t\t\t<div class=\"elementor-column elementor-col-100 elementor-top-column elementor-element elementor-element-ec9577d sc_layouts_column_icons_position_left\" data-id=\"ec9577d\" data-element_type=\"column\">\n\t\t\t<div class=\"elementor-widget-wrap elementor-element-populated\">\n\t\t\t\t\t\t<div class=\"elementor-element elementor-element-0511354 elementor-widget elementor-widget-spacer\" data-id=\"0511354\" data-element_type=\"widget\" data-widget_type=\"spacer.default\">\n\t\t\t\t<div class=\"elementor-widget-container\">\n\t\t\t\t\t\t\t<div class=\"elementor-spacer\">\n\t\t\t<div class=\"elementor-spacer-inner\"><\/div>\n\t\t<\/div>\n\t\t\t\t\t\t<\/div>\n\t\t\t\t<\/div>\n\t\t\t\t<div class=\"elementor-element elementor-element-437b099 elementor-widget elementor-widget-heading\" data-id=\"437b099\" data-element_type=\"widget\" data-widget_type=\"heading.default\">\n\t\t\t\t<div class=\"elementor-widget-container\">\n\t\t\t\t\t<h1 class=\"elementor-heading-title elementor-size-default\">Foliage d\u2019autunno: lo spettacolo delle foglie in Valle di Comino, dove e quando ammirarlo<\/h1>\t\t\t\t<\/div>\n\t\t\t\t<\/div>\n\t\t\t\t<div class=\"elementor-element elementor-element-14dc43d elementor-widget-divider--view-line elementor-widget elementor-widget-divider\" data-id=\"14dc43d\" data-element_type=\"widget\" data-widget_type=\"divider.default\">\n\t\t\t\t<div class=\"elementor-widget-container\">\n\t\t\t\t\t\t\t<div class=\"elementor-divider\">\n\t\t\t<span class=\"elementor-divider-separator\">\n\t\t\t\t\t\t<\/span>\n\t\t<\/div>\n\t\t\t\t\t\t<\/div>\n\t\t\t\t<\/div>\n\t\t\t\t<div class=\"elementor-element elementor-element-4b69a85 elementor-widget elementor-widget-spacer\" data-id=\"4b69a85\" data-element_type=\"widget\" data-widget_type=\"spacer.default\">\n\t\t\t\t<div class=\"elementor-widget-container\">\n\t\t\t\t\t\t\t<div class=\"elementor-spacer\">\n\t\t\t<div class=\"elementor-spacer-inner\"><\/div>\n\t\t<\/div>\n\t\t\t\t\t\t<\/div>\n\t\t\t\t<\/div>\n\t\t\t\t\t<\/div>\n\t\t<\/div>\n\t\t\t\t\t<\/div>\n\t\t<\/section>\n\t\t\t\t<section class=\"elementor-section elementor-top-section elementor-element elementor-element-f95e426 elementor-section-stretched elementor-section-boxed elementor-section-height-default elementor-section-height-default\" data-id=\"f95e426\" data-element_type=\"section\" data-settings=\"{&quot;stretch_section&quot;:&quot;section-stretched&quot;}\">\n\t\t\t\t\t\t<div class=\"elementor-container elementor-column-gap-extended\">\n\t\t\t\t\t<div class=\"elementor-column elementor-col-100 elementor-top-column elementor-element elementor-element-922dba7 sc_layouts_column_icons_position_left\" data-id=\"922dba7\" data-element_type=\"column\">\n\t\t\t<div class=\"elementor-widget-wrap elementor-element-populated\">\n\t\t\t\t\t\t<div class=\"elementor-element elementor-element-808b491 elementor-widget elementor-widget-text-editor\" data-id=\"808b491\" data-element_type=\"widget\" data-widget_type=\"text-editor.default\">\n\t\t\t\t<div class=\"elementor-widget-container\">\n\t\t\t\t\t\t\t\t\t<p><b>L&#8217;autunno \u00e8 una stagione magica<\/b><span style=\"font-weight: 400;\">, uno spartiacque tra l&#8217;estate e l&#8217;inverno, e <\/span><b>in Valle di Comino<\/b><span style=\"font-weight: 400;\">, in provincia di Frosinone, \u00e8 sinonimo di <\/span><b>paesaggi mozzafiato, tramonti indimenticabili e sentieri da percorrere a piedi o in bici<\/b><span style=\"font-weight: 400;\">, nello spettacolo delle foglie che durante l\u2019autunno trasformano il panorama in una tavolozza di colori.<\/span><\/p><p><span style=\"font-weight: 400;\">Dal verde brillante del foliage estivo al giallo, all&#8217;arancione e al rosso, il risultato \u00e8<\/span><b> un tappeto variopinto che ricopre colline, montagne e prati<\/b><span style=\"font-weight: 400;\">, dentro cui perdersi per riscoprire il contatto con la natura.<\/span><\/p>\t\t\t\t\t\t\t\t<\/div>\n\t\t\t\t<\/div>\n\t\t\t\t\t<\/div>\n\t\t<\/div>\n\t\t\t\t\t<\/div>\n\t\t<\/section>\n\t\t\t\t<section class=\"elementor-section elementor-top-section elementor-element elementor-element-bde6d7f elementor-section-boxed elementor-section-height-default elementor-section-height-default\" data-id=\"bde6d7f\" data-element_type=\"section\">\n\t\t\t\t\t\t<div class=\"elementor-container elementor-column-gap-extended\">\n\t\t\t\t\t<div class=\"elementor-column elementor-col-100 elementor-top-column elementor-element elementor-element-30ed334 sc_layouts_column_icons_position_left\" data-id=\"30ed334\" data-element_type=\"column\">\n\t\t\t<div class=\"elementor-widget-wrap elementor-element-populated\">\n\t\t\t\t\t\t<div class=\"elementor-element elementor-element-b025387 elementor-widget elementor-widget-spacer\" data-id=\"b025387\" data-element_type=\"widget\" data-widget_type=\"spacer.default\">\n\t\t\t\t<div class=\"elementor-widget-container\">\n\t\t\t\t\t\t\t<div class=\"elementor-spacer\">\n\t\t\t<div class=\"elementor-spacer-inner\"><\/div>\n\t\t<\/div>\n\t\t\t\t\t\t<\/div>\n\t\t\t\t<\/div>\n\t\t\t\t\t<\/div>\n\t\t<\/div>\n\t\t\t\t\t<\/div>\n\t\t<\/section>\n\t\t\t\t<section class=\"elementor-section elementor-top-section elementor-element elementor-element-3560eb2 elementor-section-stretched elementor-section-boxed elementor-section-height-default elementor-section-height-default\" data-id=\"3560eb2\" data-element_type=\"section\" data-settings=\"{&quot;stretch_section&quot;:&quot;section-stretched&quot;}\">\n\t\t\t\t\t\t\t<div class=\"elementor-background-overlay\"><\/div>\n\t\t\t\t\t\t\t<div class=\"elementor-container elementor-column-gap-extended\">\n\t\t\t\t\t<div class=\"elementor-column elementor-col-25 elementor-top-column elementor-element elementor-element-16bdbd1 sc_layouts_column_icons_position_left\" data-id=\"16bdbd1\" data-element_type=\"column\">\n\t\t\t<div class=\"elementor-widget-wrap\">\n\t\t\t\t\t\t\t<\/div>\n\t\t<\/div>\n\t\t\t\t<div class=\"elementor-column elementor-col-50 elementor-top-column elementor-element elementor-element-0fc4da5 sc_layouts_column_icons_position_left\" data-id=\"0fc4da5\" data-element_type=\"column\">\n\t\t\t<div class=\"elementor-widget-wrap elementor-element-populated\">\n\t\t\t\t\t\t<div class=\"elementor-element elementor-element-c6908db elementor-widget elementor-widget-spacer\" data-id=\"c6908db\" data-element_type=\"widget\" data-widget_type=\"spacer.default\">\n\t\t\t\t<div class=\"elementor-widget-container\">\n\t\t\t\t\t\t\t<div class=\"elementor-spacer\">\n\t\t\t<div class=\"elementor-spacer-inner\"><\/div>\n\t\t<\/div>\n\t\t\t\t\t\t<\/div>\n\t\t\t\t<\/div>\n\t\t\t\t<div class=\"elementor-element elementor-element-c22d461 elementor-view-stacked elementor-shape-circle elementor-invisible elementor-widget elementor-widget-icon\" data-id=\"c22d461\" data-element_type=\"widget\" data-settings=\"{&quot;_animation&quot;:&quot;fadeInLeft&quot;}\" data-widget_type=\"icon.default\">\n\t\t\t\t<div class=\"elementor-widget-container\">\n\t\t\t\t\t\t\t<div class=\"elementor-icon-wrapper\">\n\t\t\t<div class=\"elementor-icon\">\n\t\t\t<i aria-hidden=\"true\" class=\"fas fa-question\"><\/i>\t\t\t<\/div>\n\t\t<\/div>\n\t\t\t\t\t\t<\/div>\n\t\t\t\t<\/div>\n\t\t\t\t<div class=\"elementor-element elementor-element-fb3b83f elementor-widget elementor-widget-spacer\" data-id=\"fb3b83f\" data-element_type=\"widget\" data-widget_type=\"spacer.default\">\n\t\t\t\t<div class=\"elementor-widget-container\">\n\t\t\t\t\t\t\t<div class=\"elementor-spacer\">\n\t\t\t<div class=\"elementor-spacer-inner\"><\/div>\n\t\t<\/div>\n\t\t\t\t\t\t<\/div>\n\t\t\t\t<\/div>\n\t\t\t\t<div class=\"elementor-element elementor-element-7de51aa elementor-invisible elementor-widget elementor-widget-heading\" data-id=\"7de51aa\" data-element_type=\"widget\" data-settings=\"{&quot;_animation&quot;:&quot;fadeInRight&quot;}\" data-widget_type=\"heading.default\">\n\t\t\t\t<div class=\"elementor-widget-container\">\n\t\t\t\t\t<h2 class=\"elementor-heading-title elementor-size-default\">Lo sapevi che foliage \u00e8 una parola inglese e non francese (come erroneamente si pensa)? <br>Si pronuncia infatti come \u201cmarriage\u201d e \u201ccarriage\u201d, ma questa \u00e8 un\u2019altra storia. <\/h2>\t\t\t\t<\/div>\n\t\t\t\t<\/div>\n\t\t\t\t<div class=\"elementor-element elementor-element-37077e8 elementor-widget elementor-widget-spacer\" data-id=\"37077e8\" data-element_type=\"widget\" data-widget_type=\"spacer.default\">\n\t\t\t\t<div class=\"elementor-widget-container\">\n\t\t\t\t\t\t\t<div class=\"elementor-spacer\">\n\t\t\t<div class=\"elementor-spacer-inner\"><\/div>\n\t\t<\/div>\n\t\t\t\t\t\t<\/div>\n\t\t\t\t<\/div>\n\t\t\t\t\t<\/div>\n\t\t<\/div>\n\t\t\t\t<div class=\"elementor-column elementor-col-25 elementor-top-column elementor-element elementor-element-a3534c3 sc_layouts_column_icons_position_left\" data-id=\"a3534c3\" data-element_type=\"column\">\n\t\t\t<div class=\"elementor-widget-wrap\">\n\t\t\t\t\t\t\t<\/div>\n\t\t<\/div>\n\t\t\t\t\t<\/div>\n\t\t<\/section>\n\t\t\t\t<section class=\"elementor-section elementor-top-section elementor-element elementor-element-32a4eba elementor-section-boxed elementor-section-height-default elementor-section-height-default\" data-id=\"32a4eba\" data-element_type=\"section\">\n\t\t\t\t\t\t<div class=\"elementor-container elementor-column-gap-extended\">\n\t\t\t\t\t<div class=\"elementor-column elementor-col-100 elementor-top-column elementor-element elementor-element-fd825a6 sc_layouts_column_icons_position_left\" data-id=\"fd825a6\" data-element_type=\"column\">\n\t\t\t<div class=\"elementor-widget-wrap elementor-element-populated\">\n\t\t\t\t\t\t<div class=\"elementor-element elementor-element-1b455de elementor-widget elementor-widget-spacer\" data-id=\"1b455de\" data-element_type=\"widget\" data-widget_type=\"spacer.default\">\n\t\t\t\t<div class=\"elementor-widget-container\">\n\t\t\t\t\t\t\t<div class=\"elementor-spacer\">\n\t\t\t<div class=\"elementor-spacer-inner\"><\/div>\n\t\t<\/div>\n\t\t\t\t\t\t<\/div>\n\t\t\t\t<\/div>\n\t\t\t\t\t<\/div>\n\t\t<\/div>\n\t\t\t\t\t<\/div>\n\t\t<\/section>\n\t\t\t\t<section class=\"elementor-section elementor-top-section elementor-element elementor-element-28002f2 elementor-section-stretched elementor-section-boxed elementor-section-height-default elementor-section-height-default\" data-id=\"28002f2\" data-element_type=\"section\" data-settings=\"{&quot;stretch_section&quot;:&quot;section-stretched&quot;}\">\n\t\t\t\t\t\t<div class=\"elementor-container elementor-column-gap-extended\">\n\t\t\t\t\t<div class=\"elementor-column elementor-col-100 elementor-top-column elementor-element elementor-element-f8eee91 sc_layouts_column_icons_position_left\" data-id=\"f8eee91\" data-element_type=\"column\">\n\t\t\t<div class=\"elementor-widget-wrap elementor-element-populated\">\n\t\t\t\t\t\t<div class=\"elementor-element elementor-element-f65cc1a elementor-widget elementor-widget-text-editor\" data-id=\"f65cc1a\" data-element_type=\"widget\" data-widget_type=\"text-editor.default\">\n\t\t\t\t<div class=\"elementor-widget-container\">\n\t\t\t\t\t\t\t\t\t<p><span style=\"font-weight: 400;\">Ecco <\/span><b>alcuni dei luoghi pi\u00f9 belli dove ammirare il foliage in Valle di Comino<\/b><span style=\"font-weight: 400;\"> e dintorni:<\/span><\/p>\t\t\t\t\t\t\t\t<\/div>\n\t\t\t\t<\/div>\n\t\t\t\t\t<\/div>\n\t\t<\/div>\n\t\t\t\t\t<\/div>\n\t\t<\/section>\n\t\t\t\t<section class=\"elementor-section elementor-top-section elementor-element elementor-element-8225494 elementor-section-boxed elementor-section-height-default elementor-section-height-default\" data-id=\"8225494\" data-element_type=\"section\">\n\t\t\t\t\t\t<div class=\"elementor-container elementor-column-gap-extended\">\n\t\t\t\t\t<div class=\"elementor-column elementor-col-100 elementor-top-column elementor-element elementor-element-41df005 sc_layouts_column_icons_position_left\" data-id=\"41df005\" data-element_type=\"column\">\n\t\t\t<div class=\"elementor-widget-wrap elementor-element-populated\">\n\t\t\t\t\t\t<div class=\"elementor-element elementor-element-a59218c elementor-widget elementor-widget-spacer\" data-id=\"a59218c\" data-element_type=\"widget\" data-widget_type=\"spacer.default\">\n\t\t\t\t<div class=\"elementor-widget-container\">\n\t\t\t\t\t\t\t<div class=\"elementor-spacer\">\n\t\t\t<div class=\"elementor-spacer-inner\"><\/div>\n\t\t<\/div>\n\t\t\t\t\t\t<\/div>\n\t\t\t\t<\/div>\n\t\t\t\t\t<\/div>\n\t\t<\/div>\n\t\t\t\t\t<\/div>\n\t\t<\/section>\n\t\t\t\t<section class=\"elementor-section elementor-top-section elementor-element elementor-element-5d878b4 elementor-section-stretched elementor-section-boxed elementor-section-height-default elementor-section-height-default\" data-id=\"5d878b4\" data-element_type=\"section\" data-settings=\"{&quot;stretch_section&quot;:&quot;section-stretched&quot;}\">\n\t\t\t\t\t\t<div class=\"elementor-container elementor-column-gap-extended\">\n\t\t\t\t\t<div class=\"elementor-column elementor-col-100 elementor-top-column elementor-element elementor-element-bc729c4 sc_layouts_column_icons_position_left\" data-id=\"bc729c4\" data-element_type=\"column\">\n\t\t\t<div class=\"elementor-widget-wrap elementor-element-populated\">\n\t\t\t\t\t\t<div class=\"elementor-element elementor-element-a9edc19 elementor-widget elementor-widget-text-editor\" data-id=\"a9edc19\" data-element_type=\"widget\" data-widget_type=\"text-editor.default\">\n\t\t\t\t<div class=\"elementor-widget-container\">\n\t\t\t\t\t\t\t\t\t<p><b>Passo di Forca d&#8217;Acero<\/b><span style=\"font-weight: 400;\">: valico appenninico a 1.538 m s.l.m., \u00e8 uno dei luoghi pi\u00f9 suggestivi dove osservare lo spettacolo delle foglie autunnali in Italia, tra strade sinuose e sentieri del <strong><a href=\"https:\/\/www.parcoabruzzo.it\/rete-sentieristica.php\">Parco Nazionale d\u2019Abruzzo, Lazio e Molise<\/a><\/strong> <\/span><span style=\"font-weight: 400;\">immersi nella secolare faggeta, al confine tra Lazio e Abruzzo.<\/span><\/p>\t\t\t\t\t\t\t\t<\/div>\n\t\t\t\t<\/div>\n\t\t\t\t\t<\/div>\n\t\t<\/div>\n\t\t\t\t\t<\/div>\n\t\t<\/section>\n\t\t\t\t<section class=\"elementor-section elementor-top-section elementor-element elementor-element-21a6d8d elementor-section-boxed elementor-section-height-default elementor-section-height-default\" data-id=\"21a6d8d\" data-element_type=\"section\">\n\t\t\t\t\t\t<div class=\"elementor-container elementor-column-gap-extended\">\n\t\t\t\t\t<div class=\"elementor-column elementor-col-100 elementor-top-column elementor-element elementor-element-ec1d923 sc_layouts_column_icons_position_left\" data-id=\"ec1d923\" data-element_type=\"column\">\n\t\t\t<div class=\"elementor-widget-wrap elementor-element-populated\">\n\t\t\t\t\t\t<div class=\"elementor-element elementor-element-5468953 elementor-widget elementor-widget-spacer\" data-id=\"5468953\" data-element_type=\"widget\" data-widget_type=\"spacer.default\">\n\t\t\t\t<div class=\"elementor-widget-container\">\n\t\t\t\t\t\t\t<div class=\"elementor-spacer\">\n\t\t\t<div class=\"elementor-spacer-inner\"><\/div>\n\t\t<\/div>\n\t\t\t\t\t\t<\/div>\n\t\t\t\t<\/div>\n\t\t\t\t\t<\/div>\n\t\t<\/div>\n\t\t\t\t\t<\/div>\n\t\t<\/section>\n\t\t\t\t<section class=\"elementor-section elementor-top-section elementor-element elementor-element-4587fbb elementor-section-stretched elementor-section-boxed elementor-section-height-default elementor-section-height-default\" data-id=\"4587fbb\" data-element_type=\"section\" data-settings=\"{&quot;stretch_section&quot;:&quot;section-stretched&quot;}\">\n\t\t\t\t\t\t<div class=\"elementor-container elementor-column-gap-extended\">\n\t\t\t\t\t<div class=\"elementor-column elementor-col-100 elementor-top-column elementor-element elementor-element-b7b9cc2 sc_layouts_column_icons_position_left\" data-id=\"b7b9cc2\" data-element_type=\"column\">\n\t\t\t<div class=\"elementor-widget-wrap elementor-element-populated\">\n\t\t\t\t\t\t<div class=\"elementor-element elementor-element-4997e37 elementor-widget elementor-widget-text-editor\" data-id=\"4997e37\" data-element_type=\"widget\" data-widget_type=\"text-editor.default\">\n\t\t\t\t<div class=\"elementor-widget-container\">\n\t\t\t\t\t\t\t\t\t<p><b>Valle Venafrana<\/b><span style=\"font-weight: 400;\">: per chi ama avventurarsi tra i sentieri di montagna, per godere delle meraviglie della natura. La valle si raggiunge partendo da Prati di Mezzo, nel Comune di Picinisco, fino ad 1758 mt. di quota, un vero e proprio incanto tra le meraviglie del foliage della Valle di Comino.<\/span><\/p><p><b style=\"font-family: inherit; font-style: inherit;\">Valle di Canneto<\/b><span style=\"font-size: 20px; font-weight: 400;\">: con il suo scenario naturalistico che fa da sfondo al Santuario dedicato alla Madonna Bruna, \u00e8 uno dei luoghi della Valle di Comino pi\u00f9 suggestivi in questo periodo dell&#8217;anno. Immersa nel silenzio assoluto, \u00e8 l\u2019ideale per chi vuole disconnettersi da tutto.<\/span><\/p>\t\t\t\t\t\t\t\t<\/div>\n\t\t\t\t<\/div>\n\t\t\t\t\t<\/div>\n\t\t<\/div>\n\t\t\t\t\t<\/div>\n\t\t<\/section>\n\t\t\t\t<section class=\"elementor-section elementor-top-section elementor-element elementor-element-3403c61 elementor-section-boxed elementor-section-height-default elementor-section-height-default\" data-id=\"3403c61\" data-element_type=\"section\">\n\t\t\t\t\t\t<div class=\"elementor-container elementor-column-gap-extended\">\n\t\t\t\t\t<div class=\"elementor-column elementor-col-100 elementor-top-column elementor-element elementor-element-c8ea51a sc_layouts_column_icons_position_left\" data-id=\"c8ea51a\" data-element_type=\"column\">\n\t\t\t<div class=\"elementor-widget-wrap elementor-element-populated\">\n\t\t\t\t\t\t<div class=\"elementor-element elementor-element-55bb875 elementor-widget elementor-widget-spacer\" data-id=\"55bb875\" data-element_type=\"widget\" data-widget_type=\"spacer.default\">\n\t\t\t\t<div class=\"elementor-widget-container\">\n\t\t\t\t\t\t\t<div class=\"elementor-spacer\">\n\t\t\t<div class=\"elementor-spacer-inner\"><\/div>\n\t\t<\/div>\n\t\t\t\t\t\t<\/div>\n\t\t\t\t<\/div>\n\t\t\t\t\t<\/div>\n\t\t<\/div>\n\t\t\t\t\t<\/div>\n\t\t<\/section>\n\t\t\t\t<section class=\"elementor-section elementor-top-section elementor-element elementor-element-84b5c09 elementor-section-stretched elementor-section-boxed elementor-section-height-default elementor-section-height-default\" data-id=\"84b5c09\" data-element_type=\"section\" data-settings=\"{&quot;stretch_section&quot;:&quot;section-stretched&quot;}\">\n\t\t\t\t\t\t<div class=\"elementor-container elementor-column-gap-extended\">\n\t\t\t\t\t<div class=\"elementor-column elementor-col-100 elementor-top-column elementor-element elementor-element-637c7c9 sc_layouts_column_icons_position_left\" data-id=\"637c7c9\" data-element_type=\"column\">\n\t\t\t<div class=\"elementor-widget-wrap elementor-element-populated\">\n\t\t\t\t\t\t<div class=\"elementor-element elementor-element-2501558 elementor-widget elementor-widget-text-editor\" data-id=\"2501558\" data-element_type=\"widget\" data-widget_type=\"text-editor.default\">\n\t\t\t\t<div class=\"elementor-widget-container\">\n\t\t\t\t\t\t\t\t\t<p><b>Rocca Altiera<\/b><span style=\"font-weight: 400;\">: a 2018 mt. di quota, si raggiunge seguendo il <strong><a href=\"https:\/\/www.parcoabruzzo.it\/sentiero.php?id_iti=4215\">sentiero 06<\/a><\/strong> <\/span><span style=\"font-weight: 400;\">del Parco Nazionale d\u2019Abruzzo, Lazio e Molise e offre una veduta davvero spettacolare delle Mainarde immerse in un suggestivo panorama di colori autunnali.\u00a0 <\/span><\/p>\t\t\t\t\t\t\t\t<\/div>\n\t\t\t\t<\/div>\n\t\t\t\t\t<\/div>\n\t\t<\/div>\n\t\t\t\t\t<\/div>\n\t\t<\/section>\n\t\t\t\t<section class=\"elementor-section elementor-top-section elementor-element elementor-element-c31e461 elementor-section-boxed elementor-section-height-default elementor-section-height-default\" data-id=\"c31e461\" data-element_type=\"section\">\n\t\t\t\t\t\t<div class=\"elementor-container elementor-column-gap-extended\">\n\t\t\t\t\t<div class=\"elementor-column elementor-col-100 elementor-top-column elementor-element elementor-element-639f546 sc_layouts_column_icons_position_left\" data-id=\"639f546\" data-element_type=\"column\">\n\t\t\t<div class=\"elementor-widget-wrap elementor-element-populated\">\n\t\t\t\t\t\t<div class=\"elementor-element elementor-element-0251cf4 elementor-widget elementor-widget-spacer\" data-id=\"0251cf4\" data-element_type=\"widget\" data-widget_type=\"spacer.default\">\n\t\t\t\t<div class=\"elementor-widget-container\">\n\t\t\t\t\t\t\t<div class=\"elementor-spacer\">\n\t\t\t<div class=\"elementor-spacer-inner\"><\/div>\n\t\t<\/div>\n\t\t\t\t\t\t<\/div>\n\t\t\t\t<\/div>\n\t\t\t\t\t<\/div>\n\t\t<\/div>\n\t\t\t\t\t<\/div>\n\t\t<\/section>\n\t\t\t\t<section class=\"elementor-section elementor-top-section elementor-element elementor-element-001b234 elementor-section-stretched elementor-section-boxed elementor-section-height-default elementor-section-height-default\" data-id=\"001b234\" data-element_type=\"section\" data-settings=\"{&quot;stretch_section&quot;:&quot;section-stretched&quot;}\">\n\t\t\t\t\t\t<div class=\"elementor-container elementor-column-gap-extended\">\n\t\t\t\t\t<div class=\"elementor-column elementor-col-100 elementor-top-column elementor-element elementor-element-b70047a sc_layouts_column_icons_position_left\" data-id=\"b70047a\" data-element_type=\"column\">\n\t\t\t<div class=\"elementor-widget-wrap elementor-element-populated\">\n\t\t\t\t\t\t<div class=\"elementor-element elementor-element-dcd610d elementor-widget elementor-widget-text-editor\" data-id=\"dcd610d\" data-element_type=\"widget\" data-widget_type=\"text-editor.default\">\n\t\t\t\t<div class=\"elementor-widget-container\">\n\t\t\t\t\t\t\t\t\t<p><b>Sentiero Sipari<\/b><span style=\"font-weight: 400;\">: un sentiero escursionistico che collega Alvito a Pescasseroli e prende il nome da Erminio Sipari, naturalista e ambientalista che fu il primo presidente del Parco Nazionale d\u2019Abruzzo. In autunno, il sentiero \u00e8 un susseguirsi di colori e profumi.<\/span><\/p><p><b>Rifugio Trombetta<\/b><span style=\"font-weight: 400;\">: situato ad un\u2019altitudine di\u00a0 1132 mt s.l.m., nel comune di Sora, \u00e8 circondato dalla faggeta meridionale di Serra Comune, che in autunno si tinge di mille colori. Un punto strategico da cui dove poter ammirare tutto lo splendore del fenomeno del foliage delle aree circostanti.<\/span><\/p>\t\t\t\t\t\t\t\t<\/div>\n\t\t\t\t<\/div>\n\t\t\t\t\t<\/div>\n\t\t<\/div>\n\t\t\t\t\t<\/div>\n\t\t<\/section>\n\t\t\t\t<section class=\"elementor-section elementor-top-section elementor-element elementor-element-7292c6b elementor-section-boxed elementor-section-height-default elementor-section-height-default\" data-id=\"7292c6b\" data-element_type=\"section\">\n\t\t\t\t\t\t<div class=\"elementor-container elementor-column-gap-extended\">\n\t\t\t\t\t<div class=\"elementor-column elementor-col-100 elementor-top-column elementor-element elementor-element-89f9cf0 sc_layouts_column_icons_position_left\" data-id=\"89f9cf0\" data-element_type=\"column\">\n\t\t\t<div class=\"elementor-widget-wrap elementor-element-populated\">\n\t\t\t\t\t\t<div class=\"elementor-element elementor-element-69da1f2 elementor-widget elementor-widget-spacer\" data-id=\"69da1f2\" data-element_type=\"widget\" data-widget_type=\"spacer.default\">\n\t\t\t\t<div class=\"elementor-widget-container\">\n\t\t\t\t\t\t\t<div class=\"elementor-spacer\">\n\t\t\t<div class=\"elementor-spacer-inner\"><\/div>\n\t\t<\/div>\n\t\t\t\t\t\t<\/div>\n\t\t\t\t<\/div>\n\t\t\t\t\t<\/div>\n\t\t<\/div>\n\t\t\t\t\t<\/div>\n\t\t<\/section>\n\t\t\t\t<section class=\"elementor-section elementor-top-section elementor-element elementor-element-a73fed0 elementor-section-stretched elementor-section-boxed elementor-section-height-default elementor-section-height-default\" data-id=\"a73fed0\" data-element_type=\"section\" data-settings=\"{&quot;stretch_section&quot;:&quot;section-stretched&quot;}\">\n\t\t\t\t\t\t\t<div class=\"elementor-background-overlay\"><\/div>\n\t\t\t\t\t\t\t<div class=\"elementor-container elementor-column-gap-extended\">\n\t\t\t\t\t<div class=\"elementor-column elementor-col-25 elementor-top-column elementor-element elementor-element-bd5bca2 sc_layouts_column_icons_position_left\" data-id=\"bd5bca2\" data-element_type=\"column\">\n\t\t\t<div class=\"elementor-widget-wrap\">\n\t\t\t\t\t\t\t<\/div>\n\t\t<\/div>\n\t\t\t\t<div class=\"elementor-column elementor-col-50 elementor-top-column elementor-element elementor-element-77b29cd sc_layouts_column_icons_position_left\" data-id=\"77b29cd\" data-element_type=\"column\">\n\t\t\t<div class=\"elementor-widget-wrap elementor-element-populated\">\n\t\t\t\t\t\t<div class=\"elementor-element elementor-element-d34efa3 elementor-widget elementor-widget-spacer\" data-id=\"d34efa3\" data-element_type=\"widget\" data-widget_type=\"spacer.default\">\n\t\t\t\t<div class=\"elementor-widget-container\">\n\t\t\t\t\t\t\t<div class=\"elementor-spacer\">\n\t\t\t<div class=\"elementor-spacer-inner\"><\/div>\n\t\t<\/div>\n\t\t\t\t\t\t<\/div>\n\t\t\t\t<\/div>\n\t\t\t\t<div class=\"elementor-element elementor-element-b7f97c2 elementor-view-stacked elementor-shape-circle elementor-invisible elementor-widget elementor-widget-icon\" data-id=\"b7f97c2\" data-element_type=\"widget\" data-settings=\"{&quot;_animation&quot;:&quot;fadeInLeft&quot;}\" data-widget_type=\"icon.default\">\n\t\t\t\t<div class=\"elementor-widget-container\">\n\t\t\t\t\t\t\t<div class=\"elementor-icon-wrapper\">\n\t\t\t<div class=\"elementor-icon\">\n\t\t\t<i aria-hidden=\"true\" class=\"fas fa-question\"><\/i>\t\t\t<\/div>\n\t\t<\/div>\n\t\t\t\t\t\t<\/div>\n\t\t\t\t<\/div>\n\t\t\t\t<div class=\"elementor-element elementor-element-6882421 elementor-widget elementor-widget-spacer\" data-id=\"6882421\" data-element_type=\"widget\" data-widget_type=\"spacer.default\">\n\t\t\t\t<div class=\"elementor-widget-container\">\n\t\t\t\t\t\t\t<div class=\"elementor-spacer\">\n\t\t\t<div class=\"elementor-spacer-inner\"><\/div>\n\t\t<\/div>\n\t\t\t\t\t\t<\/div>\n\t\t\t\t<\/div>\n\t\t\t\t<div class=\"elementor-element elementor-element-70b8c15 elementor-invisible elementor-widget elementor-widget-heading\" data-id=\"70b8c15\" data-element_type=\"widget\" data-settings=\"{&quot;_animation&quot;:&quot;fadeInRight&quot;}\" data-widget_type=\"heading.default\">\n\t\t\t\t<div class=\"elementor-widget-container\">\n\t\t\t\t\t<h2 class=\"elementor-heading-title elementor-size-default\">Quale \u00e8 il periodo migliore? <\/h2>\t\t\t\t<\/div>\n\t\t\t\t<\/div>\n\t\t\t\t<div class=\"elementor-element elementor-element-2099e07 elementor-widget elementor-widget-spacer\" data-id=\"2099e07\" data-element_type=\"widget\" data-widget_type=\"spacer.default\">\n\t\t\t\t<div class=\"elementor-widget-container\">\n\t\t\t\t\t\t\t<div class=\"elementor-spacer\">\n\t\t\t<div class=\"elementor-spacer-inner\"><\/div>\n\t\t<\/div>\n\t\t\t\t\t\t<\/div>\n\t\t\t\t<\/div>\n\t\t\t\t\t<\/div>\n\t\t<\/div>\n\t\t\t\t<div class=\"elementor-column elementor-col-25 elementor-top-column elementor-element elementor-element-f8b1875 sc_layouts_column_icons_position_left\" data-id=\"f8b1875\" data-element_type=\"column\">\n\t\t\t<div class=\"elementor-widget-wrap\">\n\t\t\t\t\t\t\t<\/div>\n\t\t<\/div>\n\t\t\t\t\t<\/div>\n\t\t<\/section>\n\t\t\t\t<section class=\"elementor-section elementor-top-section elementor-element elementor-element-cfc16d7 elementor-section-boxed elementor-section-height-default elementor-section-height-default\" data-id=\"cfc16d7\" data-element_type=\"section\">\n\t\t\t\t\t\t<div class=\"elementor-container elementor-column-gap-extended\">\n\t\t\t\t\t<div class=\"elementor-column elementor-col-100 elementor-top-column elementor-element elementor-element-1c32fe7 sc_layouts_column_icons_position_left\" data-id=\"1c32fe7\" data-element_type=\"column\">\n\t\t\t<div class=\"elementor-widget-wrap elementor-element-populated\">\n\t\t\t\t\t\t<div class=\"elementor-element elementor-element-1863759 elementor-widget elementor-widget-spacer\" data-id=\"1863759\" data-element_type=\"widget\" data-widget_type=\"spacer.default\">\n\t\t\t\t<div class=\"elementor-widget-container\">\n\t\t\t\t\t\t\t<div class=\"elementor-spacer\">\n\t\t\t<div class=\"elementor-spacer-inner\"><\/div>\n\t\t<\/div>\n\t\t\t\t\t\t<\/div>\n\t\t\t\t<\/div>\n\t\t\t\t\t<\/div>\n\t\t<\/div>\n\t\t\t\t\t<\/div>\n\t\t<\/section>\n\t\t\t\t<section class=\"elementor-section elementor-top-section elementor-element elementor-element-5dd6cbc elementor-section-stretched elementor-section-boxed elementor-section-height-default elementor-section-height-default\" data-id=\"5dd6cbc\" data-element_type=\"section\" data-settings=\"{&quot;stretch_section&quot;:&quot;section-stretched&quot;}\">\n\t\t\t\t\t\t<div class=\"elementor-container elementor-column-gap-extended\">\n\t\t\t\t\t<div class=\"elementor-column elementor-col-100 elementor-top-column elementor-element elementor-element-5104720 sc_layouts_column_icons_position_left\" data-id=\"5104720\" data-element_type=\"column\">\n\t\t\t<div class=\"elementor-widget-wrap elementor-element-populated\">\n\t\t\t\t\t\t<div class=\"elementor-element elementor-element-5d16aea elementor-widget elementor-widget-text-editor\" data-id=\"5d16aea\" data-element_type=\"widget\" data-widget_type=\"text-editor.default\">\n\t\t\t\t<div class=\"elementor-widget-container\">\n\t\t\t\t\t\t\t\t\t<p><span style=\"font-weight: 400;\">Vieni in Valle di Comino <\/span><b>tra la fine di ottobre e l&#8217;inizio di novembre<\/b><span style=\"font-weight: 400;\"> per ammirare questo spettacolo della natura con le foglie al loro massimo splendore (e non dimenticare la macchina fotografica!).\u00a0<\/span><\/p><p><span style=\"font-weight: 400;\">Per <\/span><b>escursioni guidate<\/b><span style=\"font-weight: 400;\"> puoi contattare una delle <\/span><b>guide naturali ambientalistiche<\/b><span style=\"font-weight: 400;\"> o una delle strutture del luogo, come il <\/span><strong><a href=\"https:\/\/www.facebook.com\/LaCiammarucaAlvito\/\">B&amp;B \u201cLa Ciammaruca\u201d di Alvito<\/a><\/strong><span style=\"font-weight: 400;\">, che organizzano escursioni autunnali per godere della bellezza delle montagne della Valle Di Comino. <\/span><\/p>\t\t\t\t\t\t\t\t<\/div>\n\t\t\t\t<\/div>\n\t\t\t\t\t<\/div>\n\t\t<\/div>\n\t\t\t\t\t<\/div>\n\t\t<\/section>\n\t\t\t\t<section class=\"elementor-section elementor-top-section elementor-element elementor-element-e2286bf elementor-section-boxed elementor-section-height-default elementor-section-height-default\" data-id=\"e2286bf\" data-element_type=\"section\">\n\t\t\t\t\t\t<div class=\"elementor-container elementor-column-gap-extended\">\n\t\t\t\t\t<div class=\"elementor-column elementor-col-100 elementor-top-column elementor-element elementor-element-82e188f sc_layouts_column_icons_position_left\" data-id=\"82e188f\" data-element_type=\"column\">\n\t\t\t<div class=\"elementor-widget-wrap elementor-element-populated\">\n\t\t\t\t\t\t<div class=\"elementor-element elementor-element-7336c62 elementor-widget elementor-widget-spacer\" data-id=\"7336c62\" data-element_type=\"widget\" data-widget_type=\"spacer.default\">\n\t\t\t\t<div class=\"elementor-widget-container\">\n\t\t\t\t\t\t\t<div class=\"elementor-spacer\">\n\t\t\t<div class=\"elementor-spacer-inner\"><\/div>\n\t\t<\/div>\n\t\t\t\t\t\t<\/div>\n\t\t\t\t<\/div>\n\t\t\t\t\t<\/div>\n\t\t<\/div>\n\t\t\t\t\t<\/div>\n\t\t<\/section>\n\t\t\t\t<section class=\"elementor-section elementor-top-section elementor-element elementor-element-015380f elementor-section-stretched elementor-section-boxed elementor-section-height-default elementor-section-height-default\" data-id=\"015380f\" data-element_type=\"section\" data-settings=\"{&quot;stretch_section&quot;:&quot;section-stretched&quot;}\">\n\t\t\t\t\t\t\t<div class=\"elementor-background-overlay\"><\/div>\n\t\t\t\t\t\t\t<div class=\"elementor-container elementor-column-gap-extended\">\n\t\t\t\t\t<div class=\"elementor-column elementor-col-25 elementor-top-column elementor-element elementor-element-f71c7ea sc_layouts_column_icons_position_left\" data-id=\"f71c7ea\" data-element_type=\"column\">\n\t\t\t<div class=\"elementor-widget-wrap\">\n\t\t\t\t\t\t\t<\/div>\n\t\t<\/div>\n\t\t\t\t<div class=\"elementor-column elementor-col-50 elementor-top-column elementor-element elementor-element-4e1dc97 sc_layouts_column_icons_position_left\" data-id=\"4e1dc97\" data-element_type=\"column\">\n\t\t\t<div class=\"elementor-widget-wrap elementor-element-populated\">\n\t\t\t\t\t\t<div class=\"elementor-element elementor-element-0dcf5b6 elementor-widget elementor-widget-spacer\" data-id=\"0dcf5b6\" data-element_type=\"widget\" data-widget_type=\"spacer.default\">\n\t\t\t\t<div class=\"elementor-widget-container\">\n\t\t\t\t\t\t\t<div class=\"elementor-spacer\">\n\t\t\t<div class=\"elementor-spacer-inner\"><\/div>\n\t\t<\/div>\n\t\t\t\t\t\t<\/div>\n\t\t\t\t<\/div>\n\t\t\t\t<div class=\"elementor-element elementor-element-6141584 elementor-view-stacked elementor-shape-circle elementor-invisible elementor-widget elementor-widget-icon\" data-id=\"6141584\" data-element_type=\"widget\" data-settings=\"{&quot;_animation&quot;:&quot;fadeInLeft&quot;}\" data-widget_type=\"icon.default\">\n\t\t\t\t<div class=\"elementor-widget-container\">\n\t\t\t\t\t\t\t<div class=\"elementor-icon-wrapper\">\n\t\t\t<div class=\"elementor-icon\">\n\t\t\t<i aria-hidden=\"true\" class=\"far fa-images\"><\/i>\t\t\t<\/div>\n\t\t<\/div>\n\t\t\t\t\t\t<\/div>\n\t\t\t\t<\/div>\n\t\t\t\t<div class=\"elementor-element elementor-element-da976cb elementor-widget elementor-widget-spacer\" data-id=\"da976cb\" data-element_type=\"widget\" data-widget_type=\"spacer.default\">\n\t\t\t\t<div class=\"elementor-widget-container\">\n\t\t\t\t\t\t\t<div class=\"elementor-spacer\">\n\t\t\t<div class=\"elementor-spacer-inner\"><\/div>\n\t\t<\/div>\n\t\t\t\t\t\t<\/div>\n\t\t\t\t<\/div>\n\t\t\t\t<div class=\"elementor-element elementor-element-0832415 elementor-invisible elementor-widget elementor-widget-heading\" data-id=\"0832415\" data-element_type=\"widget\" data-settings=\"{&quot;_animation&quot;:&quot;fadeInRight&quot;}\" data-widget_type=\"heading.default\">\n\t\t\t\t<div class=\"elementor-widget-container\">\n\t\t\t\t\t<h2 class=\"elementor-heading-title elementor-size-default\">Gallery<\/h2>\t\t\t\t<\/div>\n\t\t\t\t<\/div>\n\t\t\t\t<div class=\"elementor-element elementor-element-65b2be1 elementor-widget elementor-widget-spacer\" data-id=\"65b2be1\" data-element_type=\"widget\" data-widget_type=\"spacer.default\">\n\t\t\t\t<div class=\"elementor-widget-container\">\n\t\t\t\t\t\t\t<div class=\"elementor-spacer\">\n\t\t\t<div class=\"elementor-spacer-inner\"><\/div>\n\t\t<\/div>\n\t\t\t\t\t\t<\/div>\n\t\t\t\t<\/div>\n\t\t\t\t\t<\/div>\n\t\t<\/div>\n\t\t\t\t<div class=\"elementor-column elementor-col-25 elementor-top-column elementor-element elementor-element-05d5597 sc_layouts_column_icons_position_left\" data-id=\"05d5597\" data-element_type=\"column\">\n\t\t\t<div class=\"elementor-widget-wrap\">\n\t\t\t\t\t\t\t<\/div>\n\t\t<\/div>\n\t\t\t\t\t<\/div>\n\t\t<\/section>\n\t\t\t\t<section class=\"elementor-section elementor-top-section elementor-element elementor-element-9adf557 elementor-section-boxed elementor-section-height-default elementor-section-height-default\" data-id=\"9adf557\" data-element_type=\"section\">\n\t\t\t\t\t\t<div class=\"elementor-container elementor-column-gap-extended\">\n\t\t\t\t\t<div class=\"elementor-column elementor-col-100 elementor-top-column elementor-element elementor-element-2d30ef7 sc_layouts_column_icons_position_left\" data-id=\"2d30ef7\" data-element_type=\"column\">\n\t\t\t<div class=\"elementor-widget-wrap elementor-element-populated\">\n\t\t\t\t\t\t<div class=\"elementor-element elementor-element-ab64fe3 elementor-widget elementor-widget-spacer\" data-id=\"ab64fe3\" data-element_type=\"widget\" data-widget_type=\"spacer.default\">\n\t\t\t\t<div class=\"elementor-widget-container\">\n\t\t\t\t\t\t\t<div class=\"elementor-spacer\">\n\t\t\t<div class=\"elementor-spacer-inner\"><\/div>\n\t\t<\/div>\n\t\t\t\t\t\t<\/div>\n\t\t\t\t<\/div>\n\t\t\t\t\t<\/div>\n\t\t<\/div>\n\t\t\t\t\t<\/div>\n\t\t<\/section>\n\t\t\t\t<section class=\"elementor-section elementor-top-section elementor-element elementor-element-496dd97 elementor-section-stretched elementor-section-boxed elementor-section-height-default elementor-section-height-default\" data-id=\"496dd97\" data-element_type=\"section\" data-settings=\"{&quot;stretch_section&quot;:&quot;section-stretched&quot;}\">\n\t\t\t\t\t\t<div class=\"elementor-container elementor-column-gap-extended\">\n\t\t\t\t\t<div class=\"elementor-column elementor-col-100 elementor-top-column elementor-element elementor-element-46cf6fb sc_layouts_column_icons_position_left\" data-id=\"46cf6fb\" data-element_type=\"column\">\n\t\t\t<div class=\"elementor-widget-wrap elementor-element-populated\">\n\t\t\t\t\t\t<div class=\"elementor-element elementor-element-cc8e438 elementor-widget elementor-widget-spacer\" data-id=\"cc8e438\" data-element_type=\"widget\" data-widget_type=\"spacer.default\">\n\t\t\t\t<div class=\"elementor-widget-container\">\n\t\t\t\t\t\t\t<div class=\"elementor-spacer\">\n\t\t\t<div class=\"elementor-spacer-inner\"><\/div>\n\t\t<\/div>\n\t\t\t\t\t\t<\/div>\n\t\t\t\t<\/div>\n\t\t\t\t\t<\/div>\n\t\t<\/div>\n\t\t\t\t\t<\/div>\n\t\t<\/section>\n\t\t\t\t<section class=\"elementor-section elementor-top-section elementor-element elementor-element-c4c7a9f elementor-section-boxed elementor-section-height-default elementor-section-height-default\" data-id=\"c4c7a9f\" data-element_type=\"section\">\n\t\t\t\t\t\t<div class=\"elementor-container elementor-column-gap-extended\">\n\t\t\t\t\t<div class=\"elementor-column elementor-col-50 elementor-top-column elementor-element elementor-element-c72f160 sc_layouts_column_icons_position_left\" data-id=\"c72f160\" data-element_type=\"column\">\n\t\t\t<div class=\"elementor-widget-wrap elementor-element-populated\">\n\t\t\t\t\t\t<div class=\"elementor-element elementor-element-8219b98 elementor-invisible elementor-widget elementor-widget-image\" data-id=\"8219b98\" data-element_type=\"widget\" data-settings=\"{&quot;_animation&quot;:&quot;slideInLeft&quot;}\" data-widget_type=\"image.default\">\n\t\t\t\t<div class=\"elementor-widget-container\">\n\t\t\t\t\t\t\t\t\t\t\t\t<figure class=\"wp-caption\">\n\t\t\t\t\t\t\t\t\t\t<img fetchpriority=\"high\" decoding=\"async\" width=\"720\" height=\"540\" src=\"https:\/\/www.dmociociariavalledicomino.it\/wp-content\/uploads\/2023\/09\/FOLIAGE_FORCADACERO_LACIAMMARUCA2-1.jpg\" class=\"attachment-large size-large wp-image-11566\" alt=\"\" srcset=\"https:\/\/www.dmociociariavalledicomino.it\/wp-content\/uploads\/2023\/09\/FOLIAGE_FORCADACERO_LACIAMMARUCA2-1.jpg 720w, https:\/\/www.dmociociariavalledicomino.it\/wp-content\/uploads\/2023\/09\/FOLIAGE_FORCADACERO_LACIAMMARUCA2-1-300x225.jpg 300w, https:\/\/www.dmociociariavalledicomino.it\/wp-content\/uploads\/2023\/09\/FOLIAGE_FORCADACERO_LACIAMMARUCA2-1-16x12.jpg 16w, https:\/\/www.dmociociariavalledicomino.it\/wp-content\/uploads\/2023\/09\/FOLIAGE_FORCADACERO_LACIAMMARUCA2-1-370x278.jpg 370w, https:\/\/www.dmociociariavalledicomino.it\/wp-content\/uploads\/2023\/09\/FOLIAGE_FORCADACERO_LACIAMMARUCA2-1-390x293.jpg 390w, https:\/\/www.dmociociariavalledicomino.it\/wp-content\/uploads\/2023\/09\/FOLIAGE_FORCADACERO_LACIAMMARUCA2-1-600x450.jpg 600w\" sizes=\"(max-width: 720px) 100vw, 720px\" \/>\t\t\t\t\t\t\t\t\t\t\t<figcaption class=\"widget-image-caption wp-caption-text\">Credit: B&amp;B La Ciammaruca<\/figcaption>\n\t\t\t\t\t\t\t\t\t\t<\/figure>\n\t\t\t\t\t\t\t\t\t<\/div>\n\t\t\t\t<\/div>\n\t\t\t\t\t<\/div>\n\t\t<\/div>\n\t\t\t\t<div class=\"elementor-column elementor-col-50 elementor-top-column elementor-element elementor-element-8d98f03 sc_layouts_column_icons_position_left\" data-id=\"8d98f03\" data-element_type=\"column\">\n\t\t\t<div class=\"elementor-widget-wrap elementor-element-populated\">\n\t\t\t\t\t\t<div class=\"elementor-element elementor-element-9f1ef61 elementor-invisible elementor-widget elementor-widget-image\" data-id=\"9f1ef61\" data-element_type=\"widget\" data-settings=\"{&quot;_animation&quot;:&quot;slideInRight&quot;}\" data-widget_type=\"image.default\">\n\t\t\t\t<div class=\"elementor-widget-container\">\n\t\t\t\t\t\t\t\t\t\t\t\t<figure class=\"wp-caption\">\n\t\t\t\t\t\t\t\t\t\t\t<a href=\"https:\/\/www.facebook.com\/Valeriodb.abruzzo.wild\/photos\/a.179405505555240\/1185582794937501\/?paipv=0&#038;eav=Afa1BRrVQODxwC6IlfApgMkJuiIoIjI-NzyPv2VqFeLa53LtBeP9_IurVNIiVYCzqR4\">\n\t\t\t\t\t\t\t<img decoding=\"async\" width=\"720\" height=\"540\" src=\"https:\/\/www.dmociociariavalledicomino.it\/wp-content\/uploads\/2023\/09\/ROCCALTIERA_TOMVALERIO-1.jpg\" class=\"attachment-large size-large wp-image-11567\" alt=\"\" srcset=\"https:\/\/www.dmociociariavalledicomino.it\/wp-content\/uploads\/2023\/09\/ROCCALTIERA_TOMVALERIO-1.jpg 720w, https:\/\/www.dmociociariavalledicomino.it\/wp-content\/uploads\/2023\/09\/ROCCALTIERA_TOMVALERIO-1-300x225.jpg 300w, https:\/\/www.dmociociariavalledicomino.it\/wp-content\/uploads\/2023\/09\/ROCCALTIERA_TOMVALERIO-1-16x12.jpg 16w, https:\/\/www.dmociociariavalledicomino.it\/wp-content\/uploads\/2023\/09\/ROCCALTIERA_TOMVALERIO-1-370x278.jpg 370w, https:\/\/www.dmociociariavalledicomino.it\/wp-content\/uploads\/2023\/09\/ROCCALTIERA_TOMVALERIO-1-390x293.jpg 390w, https:\/\/www.dmociociariavalledicomino.it\/wp-content\/uploads\/2023\/09\/ROCCALTIERA_TOMVALERIO-1-600x450.jpg 600w\" sizes=\"(max-width: 720px) 100vw, 720px\" \/>\t\t\t\t\t\t\t\t<\/a>\n\t\t\t\t\t\t\t\t\t\t\t<figcaption class=\"widget-image-caption wp-caption-text\">Credit: Tom Valerio Art Photographer Landscape <\/figcaption>\n\t\t\t\t\t\t\t\t\t\t<\/figure>\n\t\t\t\t\t\t\t\t\t<\/div>\n\t\t\t\t<\/div>\n\t\t\t\t\t<\/div>\n\t\t<\/div>\n\t\t\t\t\t<\/div>\n\t\t<\/section>\n\t\t\t\t<section class=\"elementor-section elementor-top-section elementor-element elementor-element-ff1d65b elementor-section-stretched elementor-section-boxed elementor-section-height-default elementor-section-height-default\" data-id=\"ff1d65b\" data-element_type=\"section\" data-settings=\"{&quot;stretch_section&quot;:&quot;section-stretched&quot;}\">\n\t\t\t\t\t\t<div class=\"elementor-container elementor-column-gap-extended\">\n\t\t\t\t\t<div class=\"elementor-column elementor-col-100 elementor-top-column elementor-element elementor-element-a2281e7 sc_layouts_column_icons_position_left\" data-id=\"a2281e7\" data-element_type=\"column\">\n\t\t\t<div class=\"elementor-widget-wrap elementor-element-populated\">\n\t\t\t\t\t\t<div class=\"elementor-element elementor-element-ccb6012 elementor-widget elementor-widget-spacer\" data-id=\"ccb6012\" data-element_type=\"widget\" data-widget_type=\"spacer.default\">\n\t\t\t\t<div class=\"elementor-widget-container\">\n\t\t\t\t\t\t\t<div class=\"elementor-spacer\">\n\t\t\t<div class=\"elementor-spacer-inner\"><\/div>\n\t\t<\/div>\n\t\t\t\t\t\t<\/div>\n\t\t\t\t<\/div>\n\t\t\t\t\t<\/div>\n\t\t<\/div>\n\t\t\t\t\t<\/div>\n\t\t<\/section>\n\t\t\t\t<\/div>","protected":false},"excerpt":{"rendered":"<p>Foliage d\u2019autunno: lo spettacolo delle foglie in Valle di Comino, dove e quando ammirarlo L&#8217;autunno \u00e8 una stagione magica, uno spartiacque tra l&#8217;estate e l&#8217;inverno, e in Valle di Comino, in provincia di Frosinone, \u00e8 sinonimo di paesaggi mozzafiato, tramonti indimenticabili e sentieri da percorrere a piedi o in bici, nello spettacolo delle foglie che durante l\u2019autunno trasformano il panorama&hellip;<\/p>","protected":false},"author":1,"featured_media":11571,"comment_status":"closed","ping_status":"closed","sticky":false,"template":"","format":"standard","meta":{"footnotes":""},"categories":[75,17,89],"tags":[104,122,108,101,121,98,120,103,111,99,100,105,107,110,109,114,119,118,116,112,117,106,115,76,113],"class_list":["post-11564","post","type-post","status-publish","format-standard","has-post-thumbnail","hentry","category-blog","category-enogastronomia","category-eventi","tag-autunno","tag-bb-la-ciammaruca","tag-borghi","tag-cicloturismo","tag-colori-autunnali","tag-e-bike","tag-escursioni-autunnali","tag-foliage","tag-foliage-mozzafiato","tag-mainarde","tag-mountain-bike","tag-natura","tag-paesaggi","tag-paesaggi-autunnali","tag-parco-nazionale-dabruzzo-lazio-e-molise-autunno-in-valle-di-comino","tag-passo-di-forca-dacero","tag-periodo-migliore-per-il-foliage","tag-rifugio-trombetta","tag-rocca-altiera","tag-sentieri-di-montagna","tag-sentiero-sipari","tag-trekking","tag-valle-di-canneto","tag-valle-di-comino","tag-valle-venafrana"],"acf":[],"yoast_head":"<!-- This site is optimized with the Yoast SEO plugin v24.6 - https:\/\/yoast.com\/wordpress\/plugins\/seo\/ -->\n<title>Autunno in Valle di Comino: Paesaggi Incantevoli e Foliage Mozzafiato<\/title>\n<meta name=\"description\" content=\"Scopri la magia dell&#039;autunno in Valle di Comino con paesaggi mozzafiato e colori spettacolari. Esplora sentieri di montagna, ammira il foliage e immergiti nella natura. Pianifica la tua visita tra fine ottobre e inizio novembre!\" \/>\n<meta name=\"robots\" content=\"index, follow, max-snippet:-1, max-image-preview:large, max-video-preview:-1\" \/>\n<link rel=\"canonical\" href=\"https:\/\/www.dmociociariavalledicomino.it\/en\/autunno-in-valle-di-comino-paesaggi-incantevoli-e-foliage-mozzafiato\/\" \/>\n<meta property=\"og:locale\" content=\"en_GB\" \/>\n<meta property=\"og:type\" content=\"article\" \/>\n<meta property=\"og:title\" content=\"Autunno in Valle di Comino: Paesaggi Incantevoli e Foliage Mozzafiato\" \/>\n<meta property=\"og:description\" content=\"Scopri la magia dell&#039;autunno in Valle di Comino con paesaggi mozzafiato e colori spettacolari. Esplora sentieri di montagna, ammira il foliage e immergiti nella natura. Pianifica la tua visita tra fine ottobre e inizio novembre!\" \/>\n<meta property=\"og:url\" content=\"https:\/\/www.dmociociariavalledicomino.it\/en\/autunno-in-valle-di-comino-paesaggi-incantevoli-e-foliage-mozzafiato\/\" \/>\n<meta property=\"og:site_name\" content=\"DMO Ciociaria Valle di Comino\" \/>\n<meta property=\"article:published_time\" content=\"2023-09-28T06:30:00+00:00\" \/>\n<meta property=\"article:modified_time\" content=\"2023-10-04T10:26:34+00:00\" \/>\n<meta property=\"og:image\" content=\"https:\/\/www.dmociociariavalledicomino.it\/wp-content\/uploads\/2023\/09\/copertina-1-1.jpg\" \/>\n\t<meta property=\"og:image:width\" content=\"800\" \/>\n\t<meta property=\"og:image:height\" content=\"600\" \/>\n\t<meta property=\"og:image:type\" content=\"image\/jpeg\" \/>\n<meta name=\"author\" content=\"admin\" \/>\n<meta name=\"twitter:card\" content=\"summary_large_image\" \/>\n<meta name=\"twitter:label1\" content=\"Written by\" \/>\n\t<meta name=\"twitter:data1\" content=\"admin\" \/>\n\t<meta name=\"twitter:label2\" content=\"Estimated reading time\" \/>\n\t<meta name=\"twitter:data2\" content=\"4 minutes\" \/>\n<script type=\"application\/ld+json\" class=\"yoast-schema-graph\">{\"@context\":\"https:\/\/schema.org\",\"@graph\":[{\"@type\":\"Article\",\"@id\":\"https:\/\/www.dmociociariavalledicomino.it\/autunno-in-valle-di-comino-paesaggi-incantevoli-e-foliage-mozzafiato\/#article\",\"isPartOf\":{\"@id\":\"https:\/\/www.dmociociariavalledicomino.it\/autunno-in-valle-di-comino-paesaggi-incantevoli-e-foliage-mozzafiato\/\"},\"author\":{\"name\":\"admin\",\"@id\":\"https:\/\/www.dmociociariavalledicomino.it\/#\/schema\/person\/3bf46154fba3deea98d7bd5acb562c6e\"},\"headline\":\"Foliage d\u2019autunno: lo spettacolo delle foglie in Valle di Comino, dove e quando ammirarlo\",\"datePublished\":\"2023-09-28T06:30:00+00:00\",\"dateModified\":\"2023-10-04T10:26:34+00:00\",\"mainEntityOfPage\":{\"@id\":\"https:\/\/www.dmociociariavalledicomino.it\/autunno-in-valle-di-comino-paesaggi-incantevoli-e-foliage-mozzafiato\/\"},\"wordCount\":514,\"publisher\":{\"@id\":\"https:\/\/www.dmociociariavalledicomino.it\/#organization\"},\"image\":{\"@id\":\"https:\/\/www.dmociociariavalledicomino.it\/autunno-in-valle-di-comino-paesaggi-incantevoli-e-foliage-mozzafiato\/#primaryimage\"},\"thumbnailUrl\":\"https:\/\/www.dmociociariavalledicomino.it\/wp-content\/uploads\/2023\/09\/copertina-1-1.jpg\",\"keywords\":[\"autunno\",\"B&amp;B La Ciammaruca\",\"borghi\",\"Cicloturismo\",\"Colori Autunnali\",\"E-bike\",\"Escursioni Autunnali\",\"Foliage\",\"Foliage Mozzafiato\",\"Mainarde\",\"Mountain Bike\",\"natura\",\"paesaggi\",\"Paesaggi Autunnali\",\"Parco Nazionale d\u2019Abruzzo Lazio e Molise Autunno in Valle di Comino\",\"Passo di Forca d'Acero\",\"Periodo Migliore per il Foliage\",\"Rifugio Trombetta\",\"Rocca Altiera\",\"Sentieri di Montagna\",\"Sentiero Sipari\",\"trekking\",\"Valle di Canneto\",\"valle di comino\",\"Valle Venafrana\"],\"articleSection\":[\"Blog\",\"Enogastronomia\",\"Eventi\"],\"inLanguage\":\"en-GB\"},{\"@type\":\"WebPage\",\"@id\":\"https:\/\/www.dmociociariavalledicomino.it\/autunno-in-valle-di-comino-paesaggi-incantevoli-e-foliage-mozzafiato\/\",\"url\":\"https:\/\/www.dmociociariavalledicomino.it\/autunno-in-valle-di-comino-paesaggi-incantevoli-e-foliage-mozzafiato\/\",\"name\":\"Autunno in Valle di Comino: Paesaggi Incantevoli e Foliage Mozzafiato\",\"isPartOf\":{\"@id\":\"https:\/\/www.dmociociariavalledicomino.it\/#website\"},\"primaryImageOfPage\":{\"@id\":\"https:\/\/www.dmociociariavalledicomino.it\/autunno-in-valle-di-comino-paesaggi-incantevoli-e-foliage-mozzafiato\/#primaryimage\"},\"image\":{\"@id\":\"https:\/\/www.dmociociariavalledicomino.it\/autunno-in-valle-di-comino-paesaggi-incantevoli-e-foliage-mozzafiato\/#primaryimage\"},\"thumbnailUrl\":\"https:\/\/www.dmociociariavalledicomino.it\/wp-content\/uploads\/2023\/09\/copertina-1-1.jpg\",\"datePublished\":\"2023-09-28T06:30:00+00:00\",\"dateModified\":\"2023-10-04T10:26:34+00:00\",\"description\":\"Scopri la magia dell'autunno in Valle di Comino con paesaggi mozzafiato e colori spettacolari. Esplora sentieri di montagna, ammira il foliage e immergiti nella natura. Pianifica la tua visita tra fine ottobre e inizio novembre!\",\"breadcrumb\":{\"@id\":\"https:\/\/www.dmociociariavalledicomino.it\/autunno-in-valle-di-comino-paesaggi-incantevoli-e-foliage-mozzafiato\/#breadcrumb\"},\"inLanguage\":\"en-GB\",\"potentialAction\":[{\"@type\":\"ReadAction\",\"target\":[\"https:\/\/www.dmociociariavalledicomino.it\/autunno-in-valle-di-comino-paesaggi-incantevoli-e-foliage-mozzafiato\/\"]}]},{\"@type\":\"ImageObject\",\"inLanguage\":\"en-GB\",\"@id\":\"https:\/\/www.dmociociariavalledicomino.it\/autunno-in-valle-di-comino-paesaggi-incantevoli-e-foliage-mozzafiato\/#primaryimage\",\"url\":\"https:\/\/www.dmociociariavalledicomino.it\/wp-content\/uploads\/2023\/09\/copertina-1-1.jpg\",\"contentUrl\":\"https:\/\/www.dmociociariavalledicomino.it\/wp-content\/uploads\/2023\/09\/copertina-1-1.jpg\",\"width\":800,\"height\":600},{\"@type\":\"BreadcrumbList\",\"@id\":\"https:\/\/www.dmociociariavalledicomino.it\/autunno-in-valle-di-comino-paesaggi-incantevoli-e-foliage-mozzafiato\/#breadcrumb\",\"itemListElement\":[{\"@type\":\"ListItem\",\"position\":1,\"name\":\"Home\",\"item\":\"https:\/\/www.dmociociariavalledicomino.it\/\"},{\"@type\":\"ListItem\",\"position\":2,\"name\":\"Foliage d\u2019autunno: lo spettacolo delle foglie in Valle di Comino, dove e quando ammirarlo\"}]},{\"@type\":\"WebSite\",\"@id\":\"https:\/\/www.dmociociariavalledicomino.it\/#website\",\"url\":\"https:\/\/www.dmociociariavalledicomino.it\/\",\"name\":\"DMO Ciociaria Valle di Comino\",\"description\":\"La destinazione che non c'era\",\"publisher\":{\"@id\":\"https:\/\/www.dmociociariavalledicomino.it\/#organization\"},\"potentialAction\":[{\"@type\":\"SearchAction\",\"target\":{\"@type\":\"EntryPoint\",\"urlTemplate\":\"https:\/\/www.dmociociariavalledicomino.it\/?s={search_term_string}\"},\"query-input\":{\"@type\":\"PropertyValueSpecification\",\"valueRequired\":true,\"valueName\":\"search_term_string\"}}],\"inLanguage\":\"en-GB\"},{\"@type\":\"Organization\",\"@id\":\"https:\/\/www.dmociociariavalledicomino.it\/#organization\",\"name\":\"DMO Ciociaria Valle di Comino\",\"url\":\"https:\/\/www.dmociociariavalledicomino.it\/\",\"logo\":{\"@type\":\"ImageObject\",\"inLanguage\":\"en-GB\",\"@id\":\"https:\/\/www.dmociociariavalledicomino.it\/#\/schema\/logo\/image\/\",\"url\":\"https:\/\/www.dmociociariavalledicomino.it\/wp-content\/uploads\/2022\/03\/logo-1x-1.png\",\"contentUrl\":\"https:\/\/www.dmociociariavalledicomino.it\/wp-content\/uploads\/2022\/03\/logo-1x-1.png\",\"width\":435,\"height\":100,\"caption\":\"DMO Ciociaria Valle di Comino\"},\"image\":{\"@id\":\"https:\/\/www.dmociociariavalledicomino.it\/#\/schema\/logo\/image\/\"}},{\"@type\":\"Person\",\"@id\":\"https:\/\/www.dmociociariavalledicomino.it\/#\/schema\/person\/3bf46154fba3deea98d7bd5acb562c6e\",\"name\":\"admin\",\"image\":{\"@type\":\"ImageObject\",\"inLanguage\":\"en-GB\",\"@id\":\"https:\/\/www.dmociociariavalledicomino.it\/#\/schema\/person\/image\/\",\"url\":\"https:\/\/secure.gravatar.com\/avatar\/1fbb3f445cf77d4b14505985324155bdee1cc76aba31ffb5d872bb89773bcb48?s=96&d=mm&r=g\",\"contentUrl\":\"https:\/\/secure.gravatar.com\/avatar\/1fbb3f445cf77d4b14505985324155bdee1cc76aba31ffb5d872bb89773bcb48?s=96&d=mm&r=g\",\"caption\":\"admin\"},\"url\":\"https:\/\/www.dmociociariavalledicomino.it\/en\/author\/admin\/\"}]}<\/script>\n<!-- \/ Yoast SEO plugin. -->","yoast_head_json":{"title":"Autunno in Valle di Comino: Paesaggi Incantevoli e Foliage Mozzafiato","description":"Scopri la magia dell'autunno in Valle di Comino con paesaggi mozzafiato e colori spettacolari. Esplora sentieri di montagna, ammira il foliage e immergiti nella natura. Pianifica la tua visita tra fine ottobre e inizio novembre!","robots":{"index":"index","follow":"follow","max-snippet":"max-snippet:-1","max-image-preview":"max-image-preview:large","max-video-preview":"max-video-preview:-1"},"canonical":"https:\/\/www.dmociociariavalledicomino.it\/en\/autunno-in-valle-di-comino-paesaggi-incantevoli-e-foliage-mozzafiato\/","og_locale":"en_GB","og_type":"article","og_title":"Autunno in Valle di Comino: Paesaggi Incantevoli e Foliage Mozzafiato","og_description":"Scopri la magia dell'autunno in Valle di Comino con paesaggi mozzafiato e colori spettacolari. Esplora sentieri di montagna, ammira il foliage e immergiti nella natura. Pianifica la tua visita tra fine ottobre e inizio novembre!","og_url":"https:\/\/www.dmociociariavalledicomino.it\/en\/autunno-in-valle-di-comino-paesaggi-incantevoli-e-foliage-mozzafiato\/","og_site_name":"DMO Ciociaria Valle di Comino","article_published_time":"2023-09-28T06:30:00+00:00","article_modified_time":"2023-10-04T10:26:34+00:00","og_image":[{"width":800,"height":600,"url":"https:\/\/www.dmociociariavalledicomino.it\/wp-content\/uploads\/2023\/09\/copertina-1-1.jpg","type":"image\/jpeg"}],"author":"admin","twitter_card":"summary_large_image","twitter_misc":{"Written by":"admin","Estimated reading time":"4 minutes"},"schema":{"@context":"https:\/\/schema.org","@graph":[{"@type":"Article","@id":"https:\/\/www.dmociociariavalledicomino.it\/autunno-in-valle-di-comino-paesaggi-incantevoli-e-foliage-mozzafiato\/#article","isPartOf":{"@id":"https:\/\/www.dmociociariavalledicomino.it\/autunno-in-valle-di-comino-paesaggi-incantevoli-e-foliage-mozzafiato\/"},"author":{"name":"admin","@id":"https:\/\/www.dmociociariavalledicomino.it\/#\/schema\/person\/3bf46154fba3deea98d7bd5acb562c6e"},"headline":"Foliage d\u2019autunno: lo spettacolo delle foglie in Valle di Comino, dove e quando ammirarlo","datePublished":"2023-09-28T06:30:00+00:00","dateModified":"2023-10-04T10:26:34+00:00","mainEntityOfPage":{"@id":"https:\/\/www.dmociociariavalledicomino.it\/autunno-in-valle-di-comino-paesaggi-incantevoli-e-foliage-mozzafiato\/"},"wordCount":514,"publisher":{"@id":"https:\/\/www.dmociociariavalledicomino.it\/#organization"},"image":{"@id":"https:\/\/www.dmociociariavalledicomino.it\/autunno-in-valle-di-comino-paesaggi-incantevoli-e-foliage-mozzafiato\/#primaryimage"},"thumbnailUrl":"https:\/\/www.dmociociariavalledicomino.it\/wp-content\/uploads\/2023\/09\/copertina-1-1.jpg","keywords":["autunno","B&amp;B La Ciammaruca","borghi","Cicloturismo","Colori Autunnali","E-bike","Escursioni Autunnali","Foliage","Foliage Mozzafiato","Mainarde","Mountain Bike","natura","paesaggi","Paesaggi Autunnali","Parco Nazionale d\u2019Abruzzo Lazio e Molise Autunno in Valle di Comino","Passo di Forca d'Acero","Periodo Migliore per il Foliage","Rifugio Trombetta","Rocca Altiera","Sentieri di Montagna","Sentiero Sipari","trekking","Valle di Canneto","valle di comino","Valle Venafrana"],"articleSection":["Blog","Enogastronomia","Eventi"],"inLanguage":"en-GB"},{"@type":"WebPage","@id":"https:\/\/www.dmociociariavalledicomino.it\/autunno-in-valle-di-comino-paesaggi-incantevoli-e-foliage-mozzafiato\/","url":"https:\/\/www.dmociociariavalledicomino.it\/autunno-in-valle-di-comino-paesaggi-incantevoli-e-foliage-mozzafiato\/","name":"Autunno in Valle di Comino: Paesaggi Incantevoli e Foliage Mozzafiato","isPartOf":{"@id":"https:\/\/www.dmociociariavalledicomino.it\/#website"},"primaryImageOfPage":{"@id":"https:\/\/www.dmociociariavalledicomino.it\/autunno-in-valle-di-comino-paesaggi-incantevoli-e-foliage-mozzafiato\/#primaryimage"},"image":{"@id":"https:\/\/www.dmociociariavalledicomino.it\/autunno-in-valle-di-comino-paesaggi-incantevoli-e-foliage-mozzafiato\/#primaryimage"},"thumbnailUrl":"https:\/\/www.dmociociariavalledicomino.it\/wp-content\/uploads\/2023\/09\/copertina-1-1.jpg","datePublished":"2023-09-28T06:30:00+00:00","dateModified":"2023-10-04T10:26:34+00:00","description":"Scopri la magia dell'autunno in Valle di Comino con paesaggi mozzafiato e colori spettacolari. Esplora sentieri di montagna, ammira il foliage e immergiti nella natura. Pianifica la tua visita tra fine ottobre e inizio novembre!","breadcrumb":{"@id":"https:\/\/www.dmociociariavalledicomino.it\/autunno-in-valle-di-comino-paesaggi-incantevoli-e-foliage-mozzafiato\/#breadcrumb"},"inLanguage":"en-GB","potentialAction":[{"@type":"ReadAction","target":["https:\/\/www.dmociociariavalledicomino.it\/autunno-in-valle-di-comino-paesaggi-incantevoli-e-foliage-mozzafiato\/"]}]},{"@type":"ImageObject","inLanguage":"en-GB","@id":"https:\/\/www.dmociociariavalledicomino.it\/autunno-in-valle-di-comino-paesaggi-incantevoli-e-foliage-mozzafiato\/#primaryimage","url":"https:\/\/www.dmociociariavalledicomino.it\/wp-content\/uploads\/2023\/09\/copertina-1-1.jpg","contentUrl":"https:\/\/www.dmociociariavalledicomino.it\/wp-content\/uploads\/2023\/09\/copertina-1-1.jpg","width":800,"height":600},{"@type":"BreadcrumbList","@id":"https:\/\/www.dmociociariavalledicomino.it\/autunno-in-valle-di-comino-paesaggi-incantevoli-e-foliage-mozzafiato\/#breadcrumb","itemListElement":[{"@type":"ListItem","position":1,"name":"Home","item":"https:\/\/www.dmociociariavalledicomino.it\/"},{"@type":"ListItem","position":2,"name":"Foliage d\u2019autunno: lo spettacolo delle foglie in Valle di Comino, dove e quando ammirarlo"}]},{"@type":"WebSite","@id":"https:\/\/www.dmociociariavalledicomino.it\/#website","url":"https:\/\/www.dmociociariavalledicomino.it\/","name":"DMO Ciociaria Valle di Comino","description":"La destinazione che non c'era","publisher":{"@id":"https:\/\/www.dmociociariavalledicomino.it\/#organization"},"potentialAction":[{"@type":"SearchAction","target":{"@type":"EntryPoint","urlTemplate":"https:\/\/www.dmociociariavalledicomino.it\/?s={search_term_string}"},"query-input":{"@type":"PropertyValueSpecification","valueRequired":true,"valueName":"search_term_string"}}],"inLanguage":"en-GB"},{"@type":"Organization","@id":"https:\/\/www.dmociociariavalledicomino.it\/#organization","name":"DMO Ciociaria Valle di Comino","url":"https:\/\/www.dmociociariavalledicomino.it\/","logo":{"@type":"ImageObject","inLanguage":"en-GB","@id":"https:\/\/www.dmociociariavalledicomino.it\/#\/schema\/logo\/image\/","url":"https:\/\/www.dmociociariavalledicomino.it\/wp-content\/uploads\/2022\/03\/logo-1x-1.png","contentUrl":"https:\/\/www.dmociociariavalledicomino.it\/wp-content\/uploads\/2022\/03\/logo-1x-1.png","width":435,"height":100,"caption":"DMO Ciociaria Valle di Comino"},"image":{"@id":"https:\/\/www.dmociociariavalledicomino.it\/#\/schema\/logo\/image\/"}},{"@type":"Person","@id":"https:\/\/www.dmociociariavalledicomino.it\/#\/schema\/person\/3bf46154fba3deea98d7bd5acb562c6e","name":"admin","image":{"@type":"ImageObject","inLanguage":"en-GB","@id":"https:\/\/www.dmociociariavalledicomino.it\/#\/schema\/person\/image\/","url":"https:\/\/secure.gravatar.com\/avatar\/1fbb3f445cf77d4b14505985324155bdee1cc76aba31ffb5d872bb89773bcb48?s=96&d=mm&r=g","contentUrl":"https:\/\/secure.gravatar.com\/avatar\/1fbb3f445cf77d4b14505985324155bdee1cc76aba31ffb5d872bb89773bcb48?s=96&d=mm&r=g","caption":"admin"},"url":"https:\/\/www.dmociociariavalledicomino.it\/en\/author\/admin\/"}]}},"_links":{"self":[{"href":"https:\/\/www.dmociociariavalledicomino.it\/en\/wp-json\/wp\/v2\/posts\/11564","targetHints":{"allow":["GET"]}}],"collection":[{"href":"https:\/\/www.dmociociariavalledicomino.it\/en\/wp-json\/wp\/v2\/posts"}],"about":[{"href":"https:\/\/www.dmociociariavalledicomino.it\/en\/wp-json\/wp\/v2\/types\/post"}],"author":[{"embeddable":true,"href":"https:\/\/www.dmociociariavalledicomino.it\/en\/wp-json\/wp\/v2\/users\/1"}],"replies":[{"embeddable":true,"href":"https:\/\/www.dmociociariavalledicomino.it\/en\/wp-json\/wp\/v2\/comments?post=11564"}],"version-history":[{"count":14,"href":"https:\/\/www.dmociociariavalledicomino.it\/en\/wp-json\/wp\/v2\/posts\/11564\/revisions"}],"predecessor-version":[{"id":11581,"href":"https:\/\/www.dmociociariavalledicomino.it\/en\/wp-json\/wp\/v2\/posts\/11564\/revisions\/11581"}],"wp:featuredmedia":[{"embeddable":true,"href":"https:\/\/www.dmociociariavalledicomino.it\/en\/wp-json\/wp\/v2\/media\/11571"}],"wp:attachment":[{"href":"https:\/\/www.dmociociariavalledicomino.it\/en\/wp-json\/wp\/v2\/media?parent=11564"}],"wp:term":[{"taxonomy":"category","embeddable":true,"href":"https:\/\/www.dmociociariavalledicomino.it\/en\/wp-json\/wp\/v2\/categories?post=11564"},{"taxonomy":"post_tag","embeddable":true,"href":"https:\/\/www.dmociociariavalledicomino.it\/en\/wp-json\/wp\/v2\/tags?post=11564"}],"curies":[{"name":"wp","href":"https:\/\/api.w.org\/{rel}","templated":true}]}}