{"id":11233,"date":"2023-07-27T08:30:00","date_gmt":"2023-07-27T06:30:00","guid":{"rendered":"https:\/\/www.dmociociariavalledicomino.it\/?p=11233"},"modified":"2023-10-04T12:44:50","modified_gmt":"2023-10-04T10:44:50","slug":"canneto-un-luogo-di-fede-tra-monti-e-oltre-i-monti-nella-valle-di-comino","status":"publish","type":"post","link":"https:\/\/www.dmociociariavalledicomino.it\/en\/canneto-un-luogo-di-fede-tra-monti-e-oltre-i-monti-nella-valle-di-comino\/","title":{"rendered":"Canneto, un luogo di fede tra monti e oltre i monti nella Valle di Comino"},"content":{"rendered":"<div data-elementor-type=\"wp-post\" data-elementor-id=\"11233\" class=\"elementor elementor-11233\" data-elementor-post-type=\"post\">\n\t\t\t\t\t\t<section class=\"elementor-section elementor-top-section elementor-element elementor-element-634d080 elementor-section-stretched elementor-hidden-mobile elementor-section-boxed elementor-section-height-default elementor-section-height-default\" data-id=\"634d080\" data-element_type=\"section\" data-settings=\"{&quot;stretch_section&quot;:&quot;section-stretched&quot;}\">\n\t\t\t\t\t\t<div class=\"elementor-container elementor-column-gap-extended\">\n\t\t\t\t\t<div class=\"elementor-column elementor-col-100 elementor-top-column elementor-element elementor-element-9d77f77 sc_layouts_column_icons_position_left\" data-id=\"9d77f77\" data-element_type=\"column\">\n\t\t\t<div class=\"elementor-widget-wrap elementor-element-populated\">\n\t\t\t\t\t\t<div class=\"elementor-element elementor-element-5c1d9b8 elementor-widget elementor-widget-spacer\" data-id=\"5c1d9b8\" data-element_type=\"widget\" data-widget_type=\"spacer.default\">\n\t\t\t\t<div class=\"elementor-widget-container\">\n\t\t\t\t\t\t\t<div class=\"elementor-spacer\">\n\t\t\t<div class=\"elementor-spacer-inner\"><\/div>\n\t\t<\/div>\n\t\t\t\t\t\t<\/div>\n\t\t\t\t<\/div>\n\t\t\t\t\t<\/div>\n\t\t<\/div>\n\t\t\t\t\t<\/div>\n\t\t<\/section>\n\t\t\t\t<section class=\"elementor-section elementor-top-section elementor-element elementor-element-6197ef4 elementor-section-stretched elementor-section-boxed elementor-section-height-default elementor-section-height-default\" data-id=\"6197ef4\" data-element_type=\"section\" data-settings=\"{&quot;stretch_section&quot;:&quot;section-stretched&quot;}\">\n\t\t\t\t\t\t<div class=\"elementor-container elementor-column-gap-extended\">\n\t\t\t\t\t<div class=\"elementor-column elementor-col-100 elementor-top-column elementor-element elementor-element-ec9577d sc_layouts_column_icons_position_left\" data-id=\"ec9577d\" data-element_type=\"column\">\n\t\t\t<div class=\"elementor-widget-wrap elementor-element-populated\">\n\t\t\t\t\t\t<div class=\"elementor-element elementor-element-437b099 elementor-widget elementor-widget-heading\" data-id=\"437b099\" data-element_type=\"widget\" data-widget_type=\"heading.default\">\n\t\t\t\t<div class=\"elementor-widget-container\">\n\t\t\t\t\t<h1 class=\"elementor-heading-title elementor-size-default\">Canneto, un luogo di fede tra monti e oltre i monti nella Valle di Comino<\/h1>\t\t\t\t<\/div>\n\t\t\t\t<\/div>\n\t\t\t\t<div class=\"elementor-element elementor-element-f10b90c elementor-widget-divider--view-line elementor-widget elementor-widget-divider\" data-id=\"f10b90c\" data-element_type=\"widget\" data-widget_type=\"divider.default\">\n\t\t\t\t<div class=\"elementor-widget-container\">\n\t\t\t\t\t\t\t<div class=\"elementor-divider\">\n\t\t\t<span class=\"elementor-divider-separator\">\n\t\t\t\t\t\t<\/span>\n\t\t<\/div>\n\t\t\t\t\t\t<\/div>\n\t\t\t\t<\/div>\n\t\t\t\t\t<\/div>\n\t\t<\/div>\n\t\t\t\t\t<\/div>\n\t\t<\/section>\n\t\t\t\t<section class=\"elementor-section elementor-top-section elementor-element elementor-element-f1ad111 elementor-section-stretched elementor-section-boxed elementor-section-height-default elementor-section-height-default\" data-id=\"f1ad111\" data-element_type=\"section\" data-settings=\"{&quot;stretch_section&quot;:&quot;section-stretched&quot;}\">\n\t\t\t\t\t\t<div class=\"elementor-container elementor-column-gap-extended\">\n\t\t\t\t\t<div class=\"elementor-column elementor-col-100 elementor-top-column elementor-element elementor-element-ce6e959 sc_layouts_column_icons_position_left\" data-id=\"ce6e959\" data-element_type=\"column\">\n\t\t\t<div class=\"elementor-widget-wrap elementor-element-populated\">\n\t\t\t\t\t\t<div class=\"elementor-element elementor-element-98fdd2c elementor-widget elementor-widget-text-editor\" data-id=\"98fdd2c\" data-element_type=\"widget\" data-widget_type=\"text-editor.default\">\n\t\t\t\t<div class=\"elementor-widget-container\">\n\t\t\t\t\t\t\t\t\t<p>Uno dei luoghi pi\u00f9 suggestivi della Valle di Comino, avvolto da un senso di mistero e religiosit\u00e0, \u00e8 il <strong><a href=\"https:\/\/www.madonnadicanneto.it\/sito\/\">Santuario della Madonna di Canneto<\/a><\/strong>, a Settefrati, riconosciuto Basilica Pontificia Minore dal 22 agosto del 2015 e immerso nella natura incontaminata, a quota 1147 s.l.m. nel cuore del Parco Nazionale d\u2019Abruzzo Lazio e Molise. In uno scenario suggestivo, incorniciato dalle alte e verdeggianti montagne, \u00e8 da tempo un <strong>luogo di fede mariana, dove i devoti si recano, da marzo a novembre, a venerare l\u2019antico simulacro della Madonna Bruna,<\/strong> e godere dell&#8217;atmosfera di serenit\u00e0 e silenzio interrotto solo dallo sciabordio delle fresche acque del fiume Melfa.<\/p>\t\t\t\t\t\t\t\t<\/div>\n\t\t\t\t<\/div>\n\t\t\t\t<div class=\"elementor-element elementor-element-4bb9205 elementor-widget elementor-widget-spacer\" data-id=\"4bb9205\" data-element_type=\"widget\" data-widget_type=\"spacer.default\">\n\t\t\t\t<div class=\"elementor-widget-container\">\n\t\t\t\t\t\t\t<div class=\"elementor-spacer\">\n\t\t\t<div class=\"elementor-spacer-inner\"><\/div>\n\t\t<\/div>\n\t\t\t\t\t\t<\/div>\n\t\t\t\t<\/div>\n\t\t\t\t\t<\/div>\n\t\t<\/div>\n\t\t\t\t\t<\/div>\n\t\t<\/section>\n\t\t\t\t<section class=\"elementor-section elementor-top-section elementor-element elementor-element-816f9c5 elementor-section-stretched elementor-section-boxed elementor-section-height-default elementor-section-height-default\" data-id=\"816f9c5\" data-element_type=\"section\" data-settings=\"{&quot;stretch_section&quot;:&quot;section-stretched&quot;}\">\n\t\t\t\t\t\t<div class=\"elementor-container elementor-column-gap-extended\">\n\t\t\t\t\t<div class=\"elementor-column elementor-col-100 elementor-top-column elementor-element elementor-element-ba93abf sc_layouts_column_icons_position_left\" data-id=\"ba93abf\" data-element_type=\"column\" data-settings=\"{&quot;background_background&quot;:&quot;classic&quot;}\">\n\t\t\t<div class=\"elementor-widget-wrap elementor-element-populated\">\n\t\t\t\t\t\t<div class=\"elementor-element elementor-element-0cb0772 elementor-widget elementor-widget-spacer\" data-id=\"0cb0772\" data-element_type=\"widget\" data-widget_type=\"spacer.default\">\n\t\t\t\t<div class=\"elementor-widget-container\">\n\t\t\t\t\t\t\t<div class=\"elementor-spacer\">\n\t\t\t<div class=\"elementor-spacer-inner\"><\/div>\n\t\t<\/div>\n\t\t\t\t\t\t<\/div>\n\t\t\t\t<\/div>\n\t\t\t\t<div class=\"elementor-element elementor-element-8441b68 elementor-view-stacked elementor-shape-circle elementor-invisible elementor-widget elementor-widget-icon\" data-id=\"8441b68\" data-element_type=\"widget\" data-settings=\"{&quot;_animation&quot;:&quot;fadeInLeft&quot;}\" data-widget_type=\"icon.default\">\n\t\t\t\t<div class=\"elementor-widget-container\">\n\t\t\t\t\t\t\t<div class=\"elementor-icon-wrapper\">\n\t\t\t<div class=\"elementor-icon\">\n\t\t\t<i aria-hidden=\"true\" class=\"far fa-comments\"><\/i>\t\t\t<\/div>\n\t\t<\/div>\n\t\t\t\t\t\t<\/div>\n\t\t\t\t<\/div>\n\t\t\t\t<section class=\"elementor-section elementor-inner-section elementor-element elementor-element-fb3f6f1 elementor-section-boxed elementor-section-height-default elementor-section-height-default\" data-id=\"fb3f6f1\" data-element_type=\"section\">\n\t\t\t\t\t\t<div class=\"elementor-container elementor-column-gap-extended\">\n\t\t\t\t\t<div class=\"elementor-column elementor-col-100 elementor-inner-column elementor-element elementor-element-809ba75 sc_layouts_column_icons_position_left\" data-id=\"809ba75\" data-element_type=\"column\">\n\t\t\t<div class=\"elementor-widget-wrap elementor-element-populated\">\n\t\t\t\t\t\t<div class=\"elementor-element elementor-element-65b6ed8 elementor-invisible elementor-widget elementor-widget-heading\" data-id=\"65b6ed8\" data-element_type=\"widget\" data-settings=\"{&quot;_animation&quot;:&quot;fadeInRight&quot;}\" data-widget_type=\"heading.default\">\n\t\t\t\t<div class=\"elementor-widget-container\">\n\t\t\t\t\t<h2 class=\"elementor-heading-title elementor-size-default\">La leggenda<\/h2>\t\t\t\t<\/div>\n\t\t\t\t<\/div>\n\t\t\t\t<div class=\"elementor-element elementor-element-507bacf elementor-widget elementor-widget-spacer\" data-id=\"507bacf\" data-element_type=\"widget\" data-widget_type=\"spacer.default\">\n\t\t\t\t<div class=\"elementor-widget-container\">\n\t\t\t\t\t\t\t<div class=\"elementor-spacer\">\n\t\t\t<div class=\"elementor-spacer-inner\"><\/div>\n\t\t<\/div>\n\t\t\t\t\t\t<\/div>\n\t\t\t\t<\/div>\n\t\t\t\t\t<\/div>\n\t\t<\/div>\n\t\t\t\t\t<\/div>\n\t\t<\/section>\n\t\t\t\t<div class=\"elementor-element elementor-element-c9cc01e elementor-widget elementor-widget-text-editor\" data-id=\"c9cc01e\" data-element_type=\"widget\" data-widget_type=\"text-editor.default\">\n\t\t\t\t<div class=\"elementor-widget-container\">\n\t\t\t\t\t\t\t\t\t<p>Secondo antiche testimonianze archeologiche, il luogo era dedicato in passato alla dea pagana Mefite, protettrice delle acque, della fertilit\u00e0 e delle donne, nonch\u00e9 intermediaria tra il mondo dei vivi e dei morti. Nel IX secolo, fu costruita una chiesa dedicata a Maria SS.ma di Canneto, legata alla tradizione benedettina con Montecassino e San Vincenzo al Volturno come principali centri di riferimento.<\/p><p>La <strong>leggenda <\/strong>vuole che la Madonna apparve a una giovane pastorella di nome Silvana, nella zona di &#8220;Capodacqua&#8221;, mentre quest\u2019ultima badava al suo gregge: una bianca Signora, avvolta da una raggiante luce, chiese alla piccola di recarsi dall\u2019arciprete di Settefrati e di far costruire una chiesa a lei dedicata in quella Valle, consegnandole anche una lettera e toccando una delle rocce da cui cominci\u00f2 a sgorgare acqua per abbeverare il gregge.<\/p><p>La fanciulla fece quanto le era stato detto e pi\u00f9 tardi, tra quelle acque, venne ritrovata <strong>una statuetta di legno raffigurante la Madonna<\/strong>. Gli abitanti di Settefrati accorsi vollero portare in paese la statua che per\u00f2 divenne pesante durante il tragitto: appoggiata su una roccia, la testa della statua lasci\u00f2 la propria impronta che ancora oggi viene chiamata \u201cCapo della Madonna\u201d.<\/p><p>Come fosse un segno, i portatori chiesero alla Madonna dove volesse essere collocata e rimessa in spalla la statua, tornata leggera, la ricondussero nel luogo dell\u2019apparizione, lo stesso dove oggi sorge il Santuario.<\/p>\t\t\t\t\t\t\t\t<\/div>\n\t\t\t\t<\/div>\n\t\t\t\t<div class=\"elementor-element elementor-element-767f91e elementor-widget elementor-widget-spacer\" data-id=\"767f91e\" data-element_type=\"widget\" data-widget_type=\"spacer.default\">\n\t\t\t\t<div class=\"elementor-widget-container\">\n\t\t\t\t\t\t\t<div class=\"elementor-spacer\">\n\t\t\t<div class=\"elementor-spacer-inner\"><\/div>\n\t\t<\/div>\n\t\t\t\t\t\t<\/div>\n\t\t\t\t<\/div>\n\t\t\t\t\t<\/div>\n\t\t<\/div>\n\t\t\t\t\t<\/div>\n\t\t<\/section>\n\t\t\t\t<section class=\"elementor-section elementor-top-section elementor-element elementor-element-84898ff elementor-section-boxed elementor-section-height-default elementor-section-height-default\" data-id=\"84898ff\" data-element_type=\"section\">\n\t\t\t\t\t\t<div class=\"elementor-container elementor-column-gap-extended\">\n\t\t\t\t\t<div class=\"elementor-column elementor-col-100 elementor-top-column elementor-element elementor-element-8686013 sc_layouts_column_icons_position_left\" data-id=\"8686013\" data-element_type=\"column\">\n\t\t\t<div class=\"elementor-widget-wrap elementor-element-populated\">\n\t\t\t\t\t\t<div class=\"elementor-element elementor-element-cae19b1 elementor-widget elementor-widget-spacer\" data-id=\"cae19b1\" data-element_type=\"widget\" data-widget_type=\"spacer.default\">\n\t\t\t\t<div class=\"elementor-widget-container\">\n\t\t\t\t\t\t\t<div class=\"elementor-spacer\">\n\t\t\t<div class=\"elementor-spacer-inner\"><\/div>\n\t\t<\/div>\n\t\t\t\t\t\t<\/div>\n\t\t\t\t<\/div>\n\t\t\t\t\t<\/div>\n\t\t<\/div>\n\t\t\t\t\t<\/div>\n\t\t<\/section>\n\t\t\t\t<section class=\"elementor-section elementor-top-section elementor-element elementor-element-a15dadc elementor-section-stretched elementor-hidden-tablet elementor-section-boxed elementor-section-height-default elementor-section-height-default\" data-id=\"a15dadc\" data-element_type=\"section\" data-settings=\"{&quot;stretch_section&quot;:&quot;section-stretched&quot;}\">\n\t\t\t\t\t\t<div class=\"elementor-container elementor-column-gap-extended\">\n\t\t\t\t\t<div class=\"elementor-column elementor-col-50 elementor-top-column elementor-element elementor-element-4f4a552 sc_layouts_column_icons_position_left\" data-id=\"4f4a552\" data-element_type=\"column\" data-settings=\"{&quot;background_background&quot;:&quot;classic&quot;}\">\n\t\t\t<div class=\"elementor-widget-wrap elementor-element-populated\">\n\t\t\t\t\t\t<div class=\"elementor-element elementor-element-84254fe elementor-widget elementor-widget-spacer\" data-id=\"84254fe\" data-element_type=\"widget\" data-widget_type=\"spacer.default\">\n\t\t\t\t<div class=\"elementor-widget-container\">\n\t\t\t\t\t\t\t<div class=\"elementor-spacer\">\n\t\t\t<div class=\"elementor-spacer-inner\"><\/div>\n\t\t<\/div>\n\t\t\t\t\t\t<\/div>\n\t\t\t\t<\/div>\n\t\t\t\t<div class=\"elementor-element elementor-element-a8170db elementor-view-stacked elementor-shape-circle elementor-invisible elementor-widget elementor-widget-icon\" data-id=\"a8170db\" data-element_type=\"widget\" data-settings=\"{&quot;_animation&quot;:&quot;fadeInLeft&quot;}\" data-widget_type=\"icon.default\">\n\t\t\t\t<div class=\"elementor-widget-container\">\n\t\t\t\t\t\t\t<div class=\"elementor-icon-wrapper\">\n\t\t\t<div class=\"elementor-icon\">\n\t\t\t<i aria-hidden=\"true\" class=\"fas fa-calendar-check\"><\/i>\t\t\t<\/div>\n\t\t<\/div>\n\t\t\t\t\t\t<\/div>\n\t\t\t\t<\/div>\n\t\t\t\t<div class=\"elementor-element elementor-element-1fdd060 elementor-invisible elementor-widget elementor-widget-heading\" data-id=\"1fdd060\" data-element_type=\"widget\" data-settings=\"{&quot;_animation&quot;:&quot;fadeInRight&quot;}\" data-widget_type=\"heading.default\">\n\t\t\t\t<div class=\"elementor-widget-container\">\n\t\t\t\t\t<h2 class=\"elementor-heading-title elementor-size-default\">I solenni festeggiamenti<\/h2>\t\t\t\t<\/div>\n\t\t\t\t<\/div>\n\t\t\t\t<div class=\"elementor-element elementor-element-654c76b elementor-widget elementor-widget-spacer\" data-id=\"654c76b\" data-element_type=\"widget\" data-widget_type=\"spacer.default\">\n\t\t\t\t<div class=\"elementor-widget-container\">\n\t\t\t\t\t\t\t<div class=\"elementor-spacer\">\n\t\t\t<div class=\"elementor-spacer-inner\"><\/div>\n\t\t<\/div>\n\t\t\t\t\t\t<\/div>\n\t\t\t\t<\/div>\n\t\t\t\t<div class=\"elementor-element elementor-element-4cecc14 elementor-widget elementor-widget-text-editor\" data-id=\"4cecc14\" data-element_type=\"widget\" data-widget_type=\"text-editor.default\">\n\t\t\t\t<div class=\"elementor-widget-container\">\n\t\t\t\t\t\t\t\t\t<p>Ogni anno il Santuario diventa <strong>il centro della pi\u00f9 importante manifestazione religiosa della Valle di Comino<\/strong> e non solo: fortemente sentita da numerosi fedeli, ma anche da turisti di ogni dove,\u00a0 <strong>dal 18 al 22 Agosto numerosi pellegrini, le cosiddette compagnie, si mettono in viaggio <\/strong>di notte e giorno, camminando tra i sentieri per le colline e le montagne, sulle antiche vie e sui tratturi, per raggiungere il Santuario dove rinnovare la loro fede in giornate piene di festa, in un\u2019atmosfera tra sacro e profano, tra inni al suono di zampogne e di fisarmoniche.\u00a0<\/p><p><span style=\"font-size: 20px;\">Le compagnie man mano riempiono la piazza davanti il Santuario ma prima di entrare \u00e8 d\u2019obbligo <\/span><strong style=\"font-size: 20px;\">la tradizionale \u201csanta passata\u201d<\/strong><span style=\"font-size: 20px;\">, ovvero tre giri intorno al santuario al canto dell\u2019inno mariano. C\u2019\u00e8 poi l\u2019arrivo della \u201cMadonna bianca\u201d da Settefrati, il canto delle Verginelle, la processione eucaristica alle sorgenti del Melfa, con la fiaccolata al calar della sera e l&#8217;arrivo e l&#8217;addio delle compagnie: ancora oggi <\/span><strong style=\"font-size: 20px;\">uno spettacolo suggestivo ed unico<\/strong><span style=\"font-size: 20px;\">, a cui si unisce l\u2019allegria dei festeggiamenti con stand di prodotti tipici locali, bancarelle e fuochi d\u2019artificio.\u00a0<\/span><\/p><p><span style=\"font-size: 20px;\">Una curiosit\u00e0 \u00e8 quella de <\/span><strong style=\"font-size: 20px;\">\u201cLa Privilegiata\u201d, cos\u00ec chiamata la Compagnia di Campoli Appenino<\/strong><span style=\"font-size: 20px;\">, che per tradizione \u00e8 insignita dell\u2019onore di ricondurre la \u201cnuova statua\u201d (la Madonna Bianca) nel suo simulacro a Settefrati.<\/span><\/p>\t\t\t\t\t\t\t\t<\/div>\n\t\t\t\t<\/div>\n\t\t\t\t\t<\/div>\n\t\t<\/div>\n\t\t\t\t<div class=\"elementor-column elementor-col-50 elementor-top-column elementor-element elementor-element-ce0d5d1 sc_layouts_column_icons_position_left\" data-id=\"ce0d5d1\" data-element_type=\"column\">\n\t\t\t<div class=\"elementor-widget-wrap elementor-element-populated\">\n\t\t\t\t\t\t<div class=\"elementor-element elementor-element-d67fb0a elementor-widget elementor-widget-spacer\" data-id=\"d67fb0a\" data-element_type=\"widget\" data-widget_type=\"spacer.default\">\n\t\t\t\t<div class=\"elementor-widget-container\">\n\t\t\t\t\t\t\t<div class=\"elementor-spacer\">\n\t\t\t<div class=\"elementor-spacer-inner\"><\/div>\n\t\t<\/div>\n\t\t\t\t\t\t<\/div>\n\t\t\t\t<\/div>\n\t\t\t\t<div class=\"elementor-element elementor-element-7478864 elementor-widget elementor-widget-image\" data-id=\"7478864\" data-element_type=\"widget\" data-widget_type=\"image.default\">\n\t\t\t\t<div class=\"elementor-widget-container\">\n\t\t\t\t\t\t\t\t\t\t\t\t\t\t\t<img fetchpriority=\"high\" decoding=\"async\" width=\"720\" height=\"540\" src=\"https:\/\/www.dmociociariavalledicomino.it\/wp-content\/uploads\/2023\/07\/processione-1.jpg\" class=\"attachment-full size-full wp-image-11251\" alt=\"\" srcset=\"https:\/\/www.dmociociariavalledicomino.it\/wp-content\/uploads\/2023\/07\/processione-1.jpg 720w, https:\/\/www.dmociociariavalledicomino.it\/wp-content\/uploads\/2023\/07\/processione-1-300x225.jpg 300w, https:\/\/www.dmociociariavalledicomino.it\/wp-content\/uploads\/2023\/07\/processione-1-16x12.jpg 16w, https:\/\/www.dmociociariavalledicomino.it\/wp-content\/uploads\/2023\/07\/processione-1-370x278.jpg 370w, https:\/\/www.dmociociariavalledicomino.it\/wp-content\/uploads\/2023\/07\/processione-1-390x293.jpg 390w, https:\/\/www.dmociociariavalledicomino.it\/wp-content\/uploads\/2023\/07\/processione-1-600x450.jpg 600w\" sizes=\"(max-width: 720px) 100vw, 720px\" \/>\t\t\t\t\t\t\t\t\t\t\t\t\t\t\t<\/div>\n\t\t\t\t<\/div>\n\t\t\t\t<div class=\"elementor-element elementor-element-f5521e0 elementor-widget elementor-widget-spacer\" data-id=\"f5521e0\" data-element_type=\"widget\" data-widget_type=\"spacer.default\">\n\t\t\t\t<div class=\"elementor-widget-container\">\n\t\t\t\t\t\t\t<div class=\"elementor-spacer\">\n\t\t\t<div class=\"elementor-spacer-inner\"><\/div>\n\t\t<\/div>\n\t\t\t\t\t\t<\/div>\n\t\t\t\t<\/div>\n\t\t\t\t<div class=\"elementor-element elementor-element-79be687 elementor-align-center elementor-widget elementor-widget-button\" data-id=\"79be687\" data-element_type=\"widget\" data-widget_type=\"button.default\">\n\t\t\t\t<div class=\"elementor-widget-container\">\n\t\t\t\t\t\t\t\t\t<div class=\"elementor-button-wrapper\">\n\t\t\t\t\t<a class=\"elementor-button elementor-size-md\" role=\"button\">\n\t\t\t\t\t\t<span class=\"elementor-button-content-wrapper\">\n\t\t\t\t\t\t\t\t\t<span class=\"elementor-button-text\">\u00a9 Santuario Madonna di Canneto<\/span>\n\t\t\t\t\t<\/span>\n\t\t\t\t\t<\/a>\n\t\t\t\t<\/div>\n\t\t\t\t\t\t\t\t<\/div>\n\t\t\t\t<\/div>\n\t\t\t\t\t<\/div>\n\t\t<\/div>\n\t\t\t\t\t<\/div>\n\t\t<\/section>\n\t\t\t\t<section class=\"elementor-section elementor-top-section elementor-element elementor-element-74008f1 elementor-section-stretched elementor-hidden-desktop elementor-hidden-mobile elementor-section-boxed elementor-section-height-default elementor-section-height-default\" data-id=\"74008f1\" data-element_type=\"section\" data-settings=\"{&quot;stretch_section&quot;:&quot;section-stretched&quot;}\">\n\t\t\t\t\t\t<div class=\"elementor-container elementor-column-gap-extended\">\n\t\t\t\t\t<div class=\"elementor-column elementor-col-100 elementor-top-column elementor-element elementor-element-ca5edc1 sc_layouts_column_icons_position_left\" data-id=\"ca5edc1\" data-element_type=\"column\" data-settings=\"{&quot;background_background&quot;:&quot;classic&quot;}\">\n\t\t\t<div class=\"elementor-widget-wrap elementor-element-populated\">\n\t\t\t\t\t\t<div class=\"elementor-element elementor-element-c984d6e elementor-widget elementor-widget-spacer\" data-id=\"c984d6e\" data-element_type=\"widget\" data-widget_type=\"spacer.default\">\n\t\t\t\t<div class=\"elementor-widget-container\">\n\t\t\t\t\t\t\t<div class=\"elementor-spacer\">\n\t\t\t<div class=\"elementor-spacer-inner\"><\/div>\n\t\t<\/div>\n\t\t\t\t\t\t<\/div>\n\t\t\t\t<\/div>\n\t\t\t\t<div class=\"elementor-element elementor-element-2a05965 elementor-view-stacked elementor-shape-circle elementor-invisible elementor-widget elementor-widget-icon\" data-id=\"2a05965\" data-element_type=\"widget\" data-settings=\"{&quot;_animation&quot;:&quot;fadeInLeft&quot;}\" data-widget_type=\"icon.default\">\n\t\t\t\t<div class=\"elementor-widget-container\">\n\t\t\t\t\t\t\t<div class=\"elementor-icon-wrapper\">\n\t\t\t<div class=\"elementor-icon\">\n\t\t\t<i aria-hidden=\"true\" class=\"fas fa-calendar-check\"><\/i>\t\t\t<\/div>\n\t\t<\/div>\n\t\t\t\t\t\t<\/div>\n\t\t\t\t<\/div>\n\t\t\t\t<div class=\"elementor-element elementor-element-3b9d19b elementor-invisible elementor-widget elementor-widget-heading\" data-id=\"3b9d19b\" data-element_type=\"widget\" data-settings=\"{&quot;_animation&quot;:&quot;fadeInRight&quot;}\" data-widget_type=\"heading.default\">\n\t\t\t\t<div class=\"elementor-widget-container\">\n\t\t\t\t\t<h2 class=\"elementor-heading-title elementor-size-default\">I solenni festeggiamenti<\/h2>\t\t\t\t<\/div>\n\t\t\t\t<\/div>\n\t\t\t\t<div class=\"elementor-element elementor-element-e72919e elementor-widget elementor-widget-spacer\" data-id=\"e72919e\" data-element_type=\"widget\" data-widget_type=\"spacer.default\">\n\t\t\t\t<div class=\"elementor-widget-container\">\n\t\t\t\t\t\t\t<div class=\"elementor-spacer\">\n\t\t\t<div class=\"elementor-spacer-inner\"><\/div>\n\t\t<\/div>\n\t\t\t\t\t\t<\/div>\n\t\t\t\t<\/div>\n\t\t\t\t<div class=\"elementor-element elementor-element-8cc234a elementor-widget elementor-widget-text-editor\" data-id=\"8cc234a\" data-element_type=\"widget\" data-widget_type=\"text-editor.default\">\n\t\t\t\t<div class=\"elementor-widget-container\">\n\t\t\t\t\t\t\t\t\t<p>Ogni anno il Santuario diventa <strong>il centro della pi\u00f9 importante manifestazione religiosa della Valle di Comino<\/strong> e non solo: fortemente sentita da numerosi fedeli, ma anche da turisti di ogni dove,\u00a0 <strong>dal 18 al 22 Agosto numerosi pellegrini, le cosiddette compagnie, si mettono in viaggio <\/strong>di notte e giorno, camminando tra i sentieri per le colline e le montagne, sulle antiche vie e sui tratturi, per raggiungere il Santuario dove rinnovare la loro fede in giornate piene di festa, in un\u2019atmosfera tra sacro e profano, tra inni al suono di zampogne e di fisarmoniche.\u00a0<\/p><p><span style=\"font-size: 20px;\">Le compagnie man mano riempiono la piazza davanti il Santuario ma prima di entrare \u00e8 d\u2019obbligo <\/span><strong style=\"font-size: 20px;\">la tradizionale \u201csanta passata\u201d<\/strong><span style=\"font-size: 20px;\">, ovvero tre giri intorno al santuario al canto dell\u2019inno mariano. C\u2019\u00e8 poi l\u2019arrivo della \u201cMadonna bianca\u201d da Settefrati, il canto delle Verginelle, la processione eucaristica alle sorgenti del Melfa, con la fiaccolata al calar della sera e l&#8217;arrivo e l&#8217;addio delle compagnie: ancora oggi <\/span><strong style=\"font-size: 20px;\">uno spettacolo suggestivo ed unico<\/strong><span style=\"font-size: 20px;\">, a cui si unisce l\u2019allegria dei festeggiamenti con stand di prodotti tipici locali, bancarelle e fuochi d\u2019artificio.\u00a0<\/span><\/p><p><span style=\"font-size: 20px;\">Una curiosit\u00e0 \u00e8 quella de <\/span><strong style=\"font-size: 20px;\">\u201cLa Privilegiata\u201d, cos\u00ec chiamata la Compagnia di Campoli Appenino<\/strong><span style=\"font-size: 20px;\">, che per tradizione \u00e8 insignita dell\u2019onore di ricondurre la \u201cnuova statua\u201d (la Madonna Bianca) nel suo simulacro a Settefrati.<\/span><\/p>\t\t\t\t\t\t\t\t<\/div>\n\t\t\t\t<\/div>\n\t\t\t\t<div class=\"elementor-element elementor-element-a819b76 elementor-widget elementor-widget-spacer\" data-id=\"a819b76\" data-element_type=\"widget\" data-widget_type=\"spacer.default\">\n\t\t\t\t<div class=\"elementor-widget-container\">\n\t\t\t\t\t\t\t<div class=\"elementor-spacer\">\n\t\t\t<div class=\"elementor-spacer-inner\"><\/div>\n\t\t<\/div>\n\t\t\t\t\t\t<\/div>\n\t\t\t\t<\/div>\n\t\t\t\t<div class=\"elementor-element elementor-element-9854326 elementor-widget elementor-widget-image\" data-id=\"9854326\" data-element_type=\"widget\" data-widget_type=\"image.default\">\n\t\t\t\t<div class=\"elementor-widget-container\">\n\t\t\t\t\t\t\t\t\t\t\t\t\t\t\t<img fetchpriority=\"high\" decoding=\"async\" width=\"720\" height=\"540\" src=\"https:\/\/www.dmociociariavalledicomino.it\/wp-content\/uploads\/2023\/07\/processione-1.jpg\" class=\"attachment-full size-full wp-image-11251\" alt=\"\" srcset=\"https:\/\/www.dmociociariavalledicomino.it\/wp-content\/uploads\/2023\/07\/processione-1.jpg 720w, https:\/\/www.dmociociariavalledicomino.it\/wp-content\/uploads\/2023\/07\/processione-1-300x225.jpg 300w, https:\/\/www.dmociociariavalledicomino.it\/wp-content\/uploads\/2023\/07\/processione-1-16x12.jpg 16w, https:\/\/www.dmociociariavalledicomino.it\/wp-content\/uploads\/2023\/07\/processione-1-370x278.jpg 370w, https:\/\/www.dmociociariavalledicomino.it\/wp-content\/uploads\/2023\/07\/processione-1-390x293.jpg 390w, https:\/\/www.dmociociariavalledicomino.it\/wp-content\/uploads\/2023\/07\/processione-1-600x450.jpg 600w\" sizes=\"(max-width: 720px) 100vw, 720px\" \/>\t\t\t\t\t\t\t\t\t\t\t\t\t\t\t<\/div>\n\t\t\t\t<\/div>\n\t\t\t\t<div class=\"elementor-element elementor-element-a6a6406 elementor-widget elementor-widget-spacer\" data-id=\"a6a6406\" data-element_type=\"widget\" data-widget_type=\"spacer.default\">\n\t\t\t\t<div class=\"elementor-widget-container\">\n\t\t\t\t\t\t\t<div class=\"elementor-spacer\">\n\t\t\t<div class=\"elementor-spacer-inner\"><\/div>\n\t\t<\/div>\n\t\t\t\t\t\t<\/div>\n\t\t\t\t<\/div>\n\t\t\t\t<div class=\"elementor-element elementor-element-06f3732 elementor-align-center elementor-widget elementor-widget-button\" data-id=\"06f3732\" data-element_type=\"widget\" data-widget_type=\"button.default\">\n\t\t\t\t<div class=\"elementor-widget-container\">\n\t\t\t\t\t\t\t\t\t<div class=\"elementor-button-wrapper\">\n\t\t\t\t\t<a class=\"elementor-button elementor-size-md\" role=\"button\">\n\t\t\t\t\t\t<span class=\"elementor-button-content-wrapper\">\n\t\t\t\t\t\t\t\t\t<span class=\"elementor-button-text\">\u00a9 Santuario Madonna di Canneto<\/span>\n\t\t\t\t\t<\/span>\n\t\t\t\t\t<\/a>\n\t\t\t\t<\/div>\n\t\t\t\t\t\t\t\t<\/div>\n\t\t\t\t<\/div>\n\t\t\t\t<div class=\"elementor-element elementor-element-152b660 elementor-widget elementor-widget-spacer\" data-id=\"152b660\" data-element_type=\"widget\" data-widget_type=\"spacer.default\">\n\t\t\t\t<div class=\"elementor-widget-container\">\n\t\t\t\t\t\t\t<div class=\"elementor-spacer\">\n\t\t\t<div class=\"elementor-spacer-inner\"><\/div>\n\t\t<\/div>\n\t\t\t\t\t\t<\/div>\n\t\t\t\t<\/div>\n\t\t\t\t\t<\/div>\n\t\t<\/div>\n\t\t\t\t\t<\/div>\n\t\t<\/section>\n\t\t\t\t<section class=\"elementor-section elementor-top-section elementor-element elementor-element-d17dc75 elementor-hidden-mobile elementor-section-boxed elementor-section-height-default elementor-section-height-default\" data-id=\"d17dc75\" data-element_type=\"section\">\n\t\t\t\t\t\t<div class=\"elementor-container elementor-column-gap-extended\">\n\t\t\t\t\t<div class=\"elementor-column elementor-col-100 elementor-top-column elementor-element elementor-element-f3e61f2 sc_layouts_column_icons_position_left\" data-id=\"f3e61f2\" data-element_type=\"column\">\n\t\t\t<div class=\"elementor-widget-wrap elementor-element-populated\">\n\t\t\t\t\t\t<div class=\"elementor-element elementor-element-c38fc3c elementor-widget elementor-widget-spacer\" data-id=\"c38fc3c\" data-element_type=\"widget\" data-widget_type=\"spacer.default\">\n\t\t\t\t<div class=\"elementor-widget-container\">\n\t\t\t\t\t\t\t<div class=\"elementor-spacer\">\n\t\t\t<div class=\"elementor-spacer-inner\"><\/div>\n\t\t<\/div>\n\t\t\t\t\t\t<\/div>\n\t\t\t\t<\/div>\n\t\t\t\t\t<\/div>\n\t\t<\/div>\n\t\t\t\t\t<\/div>\n\t\t<\/section>\n\t\t\t\t<section class=\"elementor-section elementor-top-section elementor-element elementor-element-918b619 elementor-section-stretched elementor-section-boxed elementor-section-height-default elementor-section-height-default\" data-id=\"918b619\" data-element_type=\"section\" data-settings=\"{&quot;stretch_section&quot;:&quot;section-stretched&quot;}\">\n\t\t\t\t\t\t<div class=\"elementor-container elementor-column-gap-extended\">\n\t\t\t\t\t<div class=\"elementor-column elementor-col-100 elementor-top-column elementor-element elementor-element-dc634c9 sc_layouts_column_icons_position_left\" data-id=\"dc634c9\" data-element_type=\"column\">\n\t\t\t<div class=\"elementor-widget-wrap elementor-element-populated\">\n\t\t\t\t\t\t<div class=\"elementor-element elementor-element-df13432 elementor-widget elementor-widget-spacer\" data-id=\"df13432\" data-element_type=\"widget\" data-widget_type=\"spacer.default\">\n\t\t\t\t<div class=\"elementor-widget-container\">\n\t\t\t\t\t\t\t<div class=\"elementor-spacer\">\n\t\t\t<div class=\"elementor-spacer-inner\"><\/div>\n\t\t<\/div>\n\t\t\t\t\t\t<\/div>\n\t\t\t\t<\/div>\n\t\t\t\t<div class=\"elementor-element elementor-element-1876663 elementor-widget elementor-widget-trx_sc_promo\" data-id=\"1876663\" data-element_type=\"widget\" data-widget_type=\"trx_sc_promo.default\">\n\t\t\t\t<div class=\"elementor-widget-container\">\n\t\t\t\t\t<div  id=\"trx_sc_promo_1945431637\" \r\n\tclass=\"sc_promo sc_promo_modern sc_promo_size_large sc_promo_image_position_right\"><div class=\"sc_promo_image_wrap\" style=\"width:50%;right: 0;\"><div class=\"sc_promo_image\" style=\"background-image:url(\/\/www.dmociociariavalledicomino.it\/wp-content\/uploads\/2023\/07\/intervista-presidente-1-1.png);\"><\/div><!-- \/.sc_promo_image --><\/div><!-- \/.sc_promo_image_wrap --><div class=\"sc_promo_text sc_float_center\" style=\"width: 50%;float: left;\">\r\n\t\t\t<div class=\"sc_promo_text_inner sc_align_center trx_addons_inline_1444966128\"><div class=\"sc_promo_icon\" data-icon=\"icon-speech\"><span class=\"icon-speech\"><\/span><\/div><div class=\"sc_item_descr sc_promo_descr sc_align_none\"><p style=\"font-size: 20px; \">La DMO Ciociaria-VALLE DI COMINO, ha intervistato il\u00a0<strong><a href=\"http:\/\/www.cannetotoronto.com\/home.html\" target=\"_blank\" rel=\"noopener\">Presidente della Canneto Society<\/a><\/strong><strong>, Tony Malizia<\/strong>, che spiega di quanto sia stato fondamentale e d\u2019aiuto questo legame con la fede e devozione per loro emigrati.<\/p>\n<\/div><\/div>\r\n\t\t<\/div><!-- \/.sc_promo_text --><\/div><!-- \/.sc_promo -->\t\t\t\t<\/div>\n\t\t\t\t<\/div>\n\t\t\t\t\t<\/div>\n\t\t<\/div>\n\t\t\t\t\t<\/div>\n\t\t<\/section>\n\t\t\t\t<section class=\"elementor-section elementor-top-section elementor-element elementor-element-c15c9ce elementor-hidden-mobile elementor-section-stretched elementor-section-boxed elementor-section-height-default elementor-section-height-default\" data-id=\"c15c9ce\" data-element_type=\"section\" data-settings=\"{&quot;stretch_section&quot;:&quot;section-stretched&quot;}\">\n\t\t\t\t\t\t<div class=\"elementor-container elementor-column-gap-extended\">\n\t\t\t\t\t<div class=\"elementor-column elementor-col-100 elementor-top-column elementor-element elementor-element-43f180a sc_layouts_column_icons_position_left\" data-id=\"43f180a\" data-element_type=\"column\">\n\t\t\t<div class=\"elementor-widget-wrap elementor-element-populated\">\n\t\t\t\t\t\t<div class=\"elementor-element elementor-element-7c8ba9f elementor-widget elementor-widget-spacer\" data-id=\"7c8ba9f\" data-element_type=\"widget\" data-widget_type=\"spacer.default\">\n\t\t\t\t<div class=\"elementor-widget-container\">\n\t\t\t\t\t\t\t<div class=\"elementor-spacer\">\n\t\t\t<div class=\"elementor-spacer-inner\"><\/div>\n\t\t<\/div>\n\t\t\t\t\t\t<\/div>\n\t\t\t\t<\/div>\n\t\t\t\t\t<\/div>\n\t\t<\/div>\n\t\t\t\t\t<\/div>\n\t\t<\/section>\n\t\t\t\t<section class=\"elementor-section elementor-top-section elementor-element elementor-element-1c69cf2 elementor-section-stretched elementor-section-boxed elementor-section-height-default elementor-section-height-default\" data-id=\"1c69cf2\" data-element_type=\"section\" data-settings=\"{&quot;stretch_section&quot;:&quot;section-stretched&quot;}\">\n\t\t\t\t\t\t<div class=\"elementor-container elementor-column-gap-extended\">\n\t\t\t\t\t<div class=\"elementor-column elementor-col-100 elementor-top-column elementor-element elementor-element-a89afdc sc_layouts_column_icons_position_left\" data-id=\"a89afdc\" data-element_type=\"column\" data-settings=\"{&quot;background_background&quot;:&quot;classic&quot;}\">\n\t\t\t<div class=\"elementor-widget-wrap elementor-element-populated\">\n\t\t\t\t\t\t<div class=\"elementor-element elementor-element-6db7626 elementor-position-left elementor-view-stacked elementor-vertical-align-middle elementor-shape-circle elementor-mobile-position-top elementor-invisible elementor-widget elementor-widget-icon-box\" data-id=\"6db7626\" data-element_type=\"widget\" data-settings=\"{&quot;_animation&quot;:&quot;fadeInDown&quot;}\" data-widget_type=\"icon-box.default\">\n\t\t\t\t<div class=\"elementor-widget-container\">\n\t\t\t\t\t\t\t<div class=\"elementor-icon-box-wrapper\">\n\n\t\t\t\t\t\t<div class=\"elementor-icon-box-icon\">\n\t\t\t\t<span  class=\"elementor-icon\">\n\t\t\t\t<i aria-hidden=\"true\" class=\"fas fa-quote-left\"><\/i>\t\t\t\t<\/span>\n\t\t\t<\/div>\n\t\t\t\n\t\t\t\t\t\t<div class=\"elementor-icon-box-content\">\n\n\t\t\t\t\t\t\t\t\t<h5 class=\"elementor-icon-box-title\">\n\t\t\t\t\t\t<span  >\n\t\t\t\t\t\t\tMolti italiani trasferitisi all'estero hanno mantenuto vivo il contatto con la Valle di Comino attraverso la trasmissione di ricette tradizionali o storie che caratterizzano ogni famiglia. Cosa rappresenta la devozione alla Madonna di Canneto in un Paese tanto lontano dall'Italia? \t\t\t\t\t\t<\/span>\n\t\t\t\t\t<\/h5>\n\t\t\t\t\n\t\t\t\t\t\t\t\t\t<p class=\"elementor-icon-box-description\">\n\t\t\t\t\t\tPer noi la fede e la devozione per la Madonna di Canneto sono rimaste vive e ci hanno aiutato a restare uniti, sono un segno di solidariet\u00e0 e ci incoraggiano a proteggere la nostra cultura e le nostre tradizioni. Inoltre sono qualcosa che noi vogliamo restino vive per poterle tramandare alle nuove generazioni, a coloro che non sono nati in Italia ma che non devono perdere il legame con essa. \n<br><b>C\u2019\u00e8 un detto che recita \u201cAma una terra solo chi la nacque\u201d: noi stiamo cercando modi perch\u00e9 si possa dire \u201cAma una terra anche chi ne discende\u201d. <\/b>\n\t\t\t\t\t<\/p>\n\t\t\t\t\n\t\t\t<\/div>\n\t\t\t\n\t\t<\/div>\n\t\t\t\t\t\t<\/div>\n\t\t\t\t<\/div>\n\t\t\t\t<div class=\"elementor-element elementor-element-cdb67ca elementor-widget elementor-widget-spacer\" data-id=\"cdb67ca\" data-element_type=\"widget\" data-widget_type=\"spacer.default\">\n\t\t\t\t<div class=\"elementor-widget-container\">\n\t\t\t\t\t\t\t<div class=\"elementor-spacer\">\n\t\t\t<div class=\"elementor-spacer-inner\"><\/div>\n\t\t<\/div>\n\t\t\t\t\t\t<\/div>\n\t\t\t\t<\/div>\n\t\t\t\t\t<\/div>\n\t\t<\/div>\n\t\t\t\t\t<\/div>\n\t\t<\/section>\n\t\t\t\t<section class=\"elementor-section elementor-top-section elementor-element elementor-element-a76f347 elementor-section-stretched elementor-section-boxed elementor-section-height-default elementor-section-height-default\" data-id=\"a76f347\" data-element_type=\"section\" data-settings=\"{&quot;stretch_section&quot;:&quot;section-stretched&quot;}\">\n\t\t\t\t\t\t<div class=\"elementor-container elementor-column-gap-extended\">\n\t\t\t\t\t<div class=\"elementor-column elementor-col-100 elementor-top-column elementor-element elementor-element-a27fc63 sc_layouts_column_icons_position_left\" data-id=\"a27fc63\" data-element_type=\"column\" data-settings=\"{&quot;background_background&quot;:&quot;classic&quot;}\">\n\t\t\t<div class=\"elementor-widget-wrap elementor-element-populated\">\n\t\t\t\t\t\t<div class=\"elementor-element elementor-element-555f162 elementor-position-left elementor-view-stacked elementor-vertical-align-middle elementor-shape-circle elementor-mobile-position-top elementor-invisible elementor-widget elementor-widget-icon-box\" data-id=\"555f162\" data-element_type=\"widget\" data-settings=\"{&quot;_animation&quot;:&quot;fadeInDown&quot;}\" data-widget_type=\"icon-box.default\">\n\t\t\t\t<div class=\"elementor-widget-container\">\n\t\t\t\t\t\t\t<div class=\"elementor-icon-box-wrapper\">\n\n\t\t\t\t\t\t<div class=\"elementor-icon-box-icon\">\n\t\t\t\t<span  class=\"elementor-icon\">\n\t\t\t\t<i aria-hidden=\"true\" class=\"fas fa-quote-left\"><\/i>\t\t\t\t<\/span>\n\t\t\t<\/div>\n\t\t\t\n\t\t\t\t\t\t<div class=\"elementor-icon-box-content\">\n\n\t\t\t\t\t\t\t\t\t<h5 class=\"elementor-icon-box-title\">\n\t\t\t\t\t\t<span  >\n\t\t\t\t\t\t\tChi pu\u00f2, torna in agosto per partecipare ai tradizionali festeggiamenti della Madonna di Canneto, che attirano fedeli da ogni dove da paesi e regioni confinanti. Ma in Canada avete addirittura ricreato la festa per fare in modo che nessuno possa perderla. Come viene organizzata e quale partecipazione vede?\t\t\t\t\t\t<\/span>\n\t\t\t\t\t<\/h5>\n\t\t\t\t\n\t\t\t\t\t\t\t\t\t<p class=\"elementor-icon-box-description\">\n\t\t\t\t\t\t<b>Noi Settefratesi, unitamente ai Valcominesi e ai Ciociari in generale, siamo riusciti a mantenere accesa la fiaccola culturale della nostra terra natia, ricreando Santuari della Madonna di Canneto in varie citt\u00e0 e regioni, ma senza mai voler mettere in ombra la nostra amata valle ed il nostro Santuario di Canneto a Settefrati. <\/b><br>\nForse questa \u00e8 una cosa che in Italia non \u00e8 stata ben compresa, perch\u00e9 il nostro scopo \u00e8 costruire ponti di amicizia e di cultura per tornare sempre alle nostre radici, potendo per\u00f2 averne anche un pezzettino qui all\u2019estero dove viviamo. \nSperiamo, anche attraverso organizzazioni come la DMO Ciociaria-VALLE DI COMINO, di raggiungere questo obiettivo e di continuare a lavorare insieme ai singoli paesi perch\u00e9 la Valle di Comino si senta un corpo unico, perch\u00e9 sia unita e pronta a valorizzare sempre di pi\u00f9 le proprie bellezze a partire dal nostro carissimo Santuario della Madonna di Canneto e la grande devozione alla Madonna.\t\t\t\t\t<\/p>\n\t\t\t\t\n\t\t\t<\/div>\n\t\t\t\n\t\t<\/div>\n\t\t\t\t\t\t<\/div>\n\t\t\t\t<\/div>\n\t\t\t\t<div class=\"elementor-element elementor-element-b5de240 elementor-widget elementor-widget-spacer\" data-id=\"b5de240\" data-element_type=\"widget\" data-widget_type=\"spacer.default\">\n\t\t\t\t<div class=\"elementor-widget-container\">\n\t\t\t\t\t\t\t<div class=\"elementor-spacer\">\n\t\t\t<div class=\"elementor-spacer-inner\"><\/div>\n\t\t<\/div>\n\t\t\t\t\t\t<\/div>\n\t\t\t\t<\/div>\n\t\t\t\t\t<\/div>\n\t\t<\/div>\n\t\t\t\t\t<\/div>\n\t\t<\/section>\n\t\t\t\t<section class=\"elementor-section elementor-top-section elementor-element elementor-element-e0cefc9 elementor-hidden-mobile elementor-section-boxed elementor-section-height-default elementor-section-height-default\" data-id=\"e0cefc9\" data-element_type=\"section\">\n\t\t\t\t\t\t<div class=\"elementor-container elementor-column-gap-extended\">\n\t\t\t\t\t<div class=\"elementor-column elementor-col-100 elementor-top-column elementor-element elementor-element-f1e10af sc_layouts_column_icons_position_left\" data-id=\"f1e10af\" data-element_type=\"column\">\n\t\t\t<div class=\"elementor-widget-wrap elementor-element-populated\">\n\t\t\t\t\t\t<div class=\"elementor-element elementor-element-d94e379 elementor-widget elementor-widget-spacer\" data-id=\"d94e379\" data-element_type=\"widget\" data-widget_type=\"spacer.default\">\n\t\t\t\t<div class=\"elementor-widget-container\">\n\t\t\t\t\t\t\t<div class=\"elementor-spacer\">\n\t\t\t<div class=\"elementor-spacer-inner\"><\/div>\n\t\t<\/div>\n\t\t\t\t\t\t<\/div>\n\t\t\t\t<\/div>\n\t\t\t\t\t<\/div>\n\t\t<\/div>\n\t\t\t\t\t<\/div>\n\t\t<\/section>\n\t\t\t\t<section class=\"elementor-section elementor-top-section elementor-element elementor-element-97fc99e elementor-section-stretched elementor-section-boxed elementor-section-height-default elementor-section-height-default\" data-id=\"97fc99e\" data-element_type=\"section\" data-settings=\"{&quot;stretch_section&quot;:&quot;section-stretched&quot;}\">\n\t\t\t\t\t\t<div class=\"elementor-container elementor-column-gap-extended\">\n\t\t\t\t\t<div class=\"elementor-column elementor-col-100 elementor-top-column elementor-element elementor-element-da7b1db sc_layouts_column_icons_position_left\" data-id=\"da7b1db\" data-element_type=\"column\">\n\t\t\t<div class=\"elementor-widget-wrap elementor-element-populated\">\n\t\t\t\t\t\t<div class=\"elementor-element elementor-element-6f1ca04 elementor-widget elementor-widget-text-editor\" data-id=\"6f1ca04\" data-element_type=\"widget\" data-widget_type=\"text-editor.default\">\n\t\t\t\t<div class=\"elementor-widget-container\">\n\t\t\t\t\t\t\t\t\t<p>Il Santuario della Madonna di Canneto rappresenta <strong>un legame indissolubile tra il passato e il presente della Valle di Comino<\/strong>, coinvolgendo fedeli e turisti in una straordinaria esperienza di fede, tradizioni antiche e bellezza naturale. Questa storia di devozione e pellegrinaggio attraversa gli oceani, tenendo unite le comunit\u00e0 di emigrati alla loro terra natia. Il Santuario rimane un faro di fede e un ponte di amicizia tra la Valle di Comino e le terre lontane che ha abbracciato.<\/p>\t\t\t\t\t\t\t\t<\/div>\n\t\t\t\t<\/div>\n\t\t\t\t<div class=\"elementor-element elementor-element-4fac1ff elementor-widget elementor-widget-spacer\" data-id=\"4fac1ff\" data-element_type=\"widget\" data-widget_type=\"spacer.default\">\n\t\t\t\t<div class=\"elementor-widget-container\">\n\t\t\t\t\t\t\t<div class=\"elementor-spacer\">\n\t\t\t<div class=\"elementor-spacer-inner\"><\/div>\n\t\t<\/div>\n\t\t\t\t\t\t<\/div>\n\t\t\t\t<\/div>\n\t\t\t\t\t<\/div>\n\t\t<\/div>\n\t\t\t\t\t<\/div>\n\t\t<\/section>\n\t\t\t\t<\/div>","protected":false},"excerpt":{"rendered":"<p>Canneto, un luogo di fede tra monti e oltre i monti nella Valle di Comino Uno dei luoghi pi\u00f9 suggestivi della Valle di Comino, avvolto da un senso di mistero e religiosit\u00e0, \u00e8 il Santuario della Madonna di Canneto, a Settefrati, riconosciuto Basilica Pontificia Minore dal 22 agosto del 2015 e immerso nella natura incontaminata, a quota 1147 s.l.m. nel&hellip;<\/p>","protected":false},"author":1,"featured_media":11247,"comment_status":"closed","ping_status":"closed","sticky":false,"template":"","format":"standard","meta":{"footnotes":""},"categories":[75,89],"tags":[251,256,255,253,254,102,157,252,76],"class_list":["post-11233","post","type-post","status-publish","format-standard","has-post-thumbnail","hentry","category-blog","category-eventi","tag-canneto","tag-canneto-society-canada","tag-emigrati-italiani","tag-festeggiamenti-religiosi","tag-leggende","tag-parco-nazionale-dabruzzo-lazio-e-molise","tag-santuario-della-madonna-di-canneto","tag-settefrati","tag-valle-di-comino"],"acf":[],"yoast_head":"<!-- This site is optimized with the Yoast SEO plugin v24.6 - https:\/\/yoast.com\/wordpress\/plugins\/seo\/ -->\n<title>Canneto, un luogo di fede tra monti e oltre i monti nella Valle di Comino<\/title>\n<meta name=\"description\" content=\"Scopri il Santuario della Madonna di Canneto a Settefrati, un luogo di fede immerso nella natura del Parco Nazionale d&#039;Abruzzo Lazio e Molise. Esplora la leggenda, i festeggiamenti solenni e la devozione ancora viva tra gli emigrati oltreoceano.\" \/>\n<meta name=\"robots\" content=\"index, follow, max-snippet:-1, max-image-preview:large, max-video-preview:-1\" \/>\n<link rel=\"canonical\" href=\"https:\/\/www.dmociociariavalledicomino.it\/en\/canneto-un-luogo-di-fede-tra-monti-e-oltre-i-monti-nella-valle-di-comino\/\" \/>\n<meta property=\"og:locale\" content=\"en_GB\" \/>\n<meta property=\"og:type\" content=\"article\" \/>\n<meta property=\"og:title\" content=\"Canneto, un luogo di fede tra monti e oltre i monti nella Valle di Comino\" \/>\n<meta property=\"og:description\" content=\"Scopri il Santuario della Madonna di Canneto a Settefrati, un luogo di fede immerso nella natura del Parco Nazionale d&#039;Abruzzo Lazio e Molise. Esplora la leggenda, i festeggiamenti solenni e la devozione ancora viva tra gli emigrati oltreoceano.\" \/>\n<meta property=\"og:url\" content=\"https:\/\/www.dmociociariavalledicomino.it\/en\/canneto-un-luogo-di-fede-tra-monti-e-oltre-i-monti-nella-valle-di-comino\/\" \/>\n<meta property=\"og:site_name\" content=\"DMO Ciociaria Valle di Comino\" \/>\n<meta property=\"article:published_time\" content=\"2023-07-27T06:30:00+00:00\" \/>\n<meta property=\"article:modified_time\" content=\"2023-10-04T10:44:50+00:00\" \/>\n<meta property=\"og:image\" content=\"https:\/\/www.dmociociariavalledicomino.it\/wp-content\/uploads\/2023\/07\/copertina-1.jpg\" \/>\n\t<meta property=\"og:image:width\" content=\"800\" \/>\n\t<meta property=\"og:image:height\" content=\"600\" \/>\n\t<meta property=\"og:image:type\" content=\"image\/jpeg\" \/>\n<meta name=\"author\" content=\"admin\" \/>\n<meta name=\"twitter:card\" content=\"summary_large_image\" \/>\n<meta name=\"twitter:label1\" content=\"Written by\" \/>\n\t<meta name=\"twitter:data1\" content=\"admin\" \/>\n\t<meta name=\"twitter:label2\" content=\"Estimated reading time\" \/>\n\t<meta name=\"twitter:data2\" content=\"7 minutes\" \/>\n<script type=\"application\/ld+json\" class=\"yoast-schema-graph\">{\"@context\":\"https:\/\/schema.org\",\"@graph\":[{\"@type\":\"Article\",\"@id\":\"https:\/\/www.dmociociariavalledicomino.it\/canneto-un-luogo-di-fede-tra-monti-e-oltre-i-monti-nella-valle-di-comino\/#article\",\"isPartOf\":{\"@id\":\"https:\/\/www.dmociociariavalledicomino.it\/canneto-un-luogo-di-fede-tra-monti-e-oltre-i-monti-nella-valle-di-comino\/\"},\"author\":{\"name\":\"admin\",\"@id\":\"https:\/\/www.dmociociariavalledicomino.it\/#\/schema\/person\/3bf46154fba3deea98d7bd5acb562c6e\"},\"headline\":\"Canneto, un luogo di fede tra monti e oltre i monti nella Valle di Comino\",\"datePublished\":\"2023-07-27T06:30:00+00:00\",\"dateModified\":\"2023-10-04T10:44:50+00:00\",\"mainEntityOfPage\":{\"@id\":\"https:\/\/www.dmociociariavalledicomino.it\/canneto-un-luogo-di-fede-tra-monti-e-oltre-i-monti-nella-valle-di-comino\/\"},\"wordCount\":1273,\"publisher\":{\"@id\":\"https:\/\/www.dmociociariavalledicomino.it\/#organization\"},\"image\":{\"@id\":\"https:\/\/www.dmociociariavalledicomino.it\/canneto-un-luogo-di-fede-tra-monti-e-oltre-i-monti-nella-valle-di-comino\/#primaryimage\"},\"thumbnailUrl\":\"https:\/\/www.dmociociariavalledicomino.it\/wp-content\/uploads\/2023\/07\/copertina-1.jpg\",\"keywords\":[\"Canneto\",\"Canneto Society Canada\",\"emigrati italiani\",\"festeggiamenti religiosi\",\"leggende\",\"Parco Nazionale d\u2019Abruzzo Lazio e Molise\",\"Santuario della Madonna di Canneto\",\"Settefrati\",\"valle di comino\"],\"articleSection\":[\"Blog\",\"Eventi\"],\"inLanguage\":\"en-GB\"},{\"@type\":\"WebPage\",\"@id\":\"https:\/\/www.dmociociariavalledicomino.it\/canneto-un-luogo-di-fede-tra-monti-e-oltre-i-monti-nella-valle-di-comino\/\",\"url\":\"https:\/\/www.dmociociariavalledicomino.it\/canneto-un-luogo-di-fede-tra-monti-e-oltre-i-monti-nella-valle-di-comino\/\",\"name\":\"Canneto, un luogo di fede tra monti e oltre i monti nella Valle di Comino\",\"isPartOf\":{\"@id\":\"https:\/\/www.dmociociariavalledicomino.it\/#website\"},\"primaryImageOfPage\":{\"@id\":\"https:\/\/www.dmociociariavalledicomino.it\/canneto-un-luogo-di-fede-tra-monti-e-oltre-i-monti-nella-valle-di-comino\/#primaryimage\"},\"image\":{\"@id\":\"https:\/\/www.dmociociariavalledicomino.it\/canneto-un-luogo-di-fede-tra-monti-e-oltre-i-monti-nella-valle-di-comino\/#primaryimage\"},\"thumbnailUrl\":\"https:\/\/www.dmociociariavalledicomino.it\/wp-content\/uploads\/2023\/07\/copertina-1.jpg\",\"datePublished\":\"2023-07-27T06:30:00+00:00\",\"dateModified\":\"2023-10-04T10:44:50+00:00\",\"description\":\"Scopri il Santuario della Madonna di Canneto a Settefrati, un luogo di fede immerso nella natura del Parco Nazionale d'Abruzzo Lazio e Molise. Esplora la leggenda, i festeggiamenti solenni e la devozione ancora viva tra gli emigrati oltreoceano.\",\"breadcrumb\":{\"@id\":\"https:\/\/www.dmociociariavalledicomino.it\/canneto-un-luogo-di-fede-tra-monti-e-oltre-i-monti-nella-valle-di-comino\/#breadcrumb\"},\"inLanguage\":\"en-GB\",\"potentialAction\":[{\"@type\":\"ReadAction\",\"target\":[\"https:\/\/www.dmociociariavalledicomino.it\/canneto-un-luogo-di-fede-tra-monti-e-oltre-i-monti-nella-valle-di-comino\/\"]}]},{\"@type\":\"ImageObject\",\"inLanguage\":\"en-GB\",\"@id\":\"https:\/\/www.dmociociariavalledicomino.it\/canneto-un-luogo-di-fede-tra-monti-e-oltre-i-monti-nella-valle-di-comino\/#primaryimage\",\"url\":\"https:\/\/www.dmociociariavalledicomino.it\/wp-content\/uploads\/2023\/07\/copertina-1.jpg\",\"contentUrl\":\"https:\/\/www.dmociociariavalledicomino.it\/wp-content\/uploads\/2023\/07\/copertina-1.jpg\",\"width\":800,\"height\":600,\"caption\":\"La Basilica Pontificia Minore di Canneto - [Credit: Santuario Madonna di Canneto]\"},{\"@type\":\"BreadcrumbList\",\"@id\":\"https:\/\/www.dmociociariavalledicomino.it\/canneto-un-luogo-di-fede-tra-monti-e-oltre-i-monti-nella-valle-di-comino\/#breadcrumb\",\"itemListElement\":[{\"@type\":\"ListItem\",\"position\":1,\"name\":\"Home\",\"item\":\"https:\/\/www.dmociociariavalledicomino.it\/\"},{\"@type\":\"ListItem\",\"position\":2,\"name\":\"Canneto, un luogo di fede tra monti e oltre i monti nella Valle di Comino\"}]},{\"@type\":\"WebSite\",\"@id\":\"https:\/\/www.dmociociariavalledicomino.it\/#website\",\"url\":\"https:\/\/www.dmociociariavalledicomino.it\/\",\"name\":\"DMO Ciociaria Valle di Comino\",\"description\":\"La destinazione che non c'era\",\"publisher\":{\"@id\":\"https:\/\/www.dmociociariavalledicomino.it\/#organization\"},\"potentialAction\":[{\"@type\":\"SearchAction\",\"target\":{\"@type\":\"EntryPoint\",\"urlTemplate\":\"https:\/\/www.dmociociariavalledicomino.it\/?s={search_term_string}\"},\"query-input\":{\"@type\":\"PropertyValueSpecification\",\"valueRequired\":true,\"valueName\":\"search_term_string\"}}],\"inLanguage\":\"en-GB\"},{\"@type\":\"Organization\",\"@id\":\"https:\/\/www.dmociociariavalledicomino.it\/#organization\",\"name\":\"DMO Ciociaria Valle di Comino\",\"url\":\"https:\/\/www.dmociociariavalledicomino.it\/\",\"logo\":{\"@type\":\"ImageObject\",\"inLanguage\":\"en-GB\",\"@id\":\"https:\/\/www.dmociociariavalledicomino.it\/#\/schema\/logo\/image\/\",\"url\":\"https:\/\/www.dmociociariavalledicomino.it\/wp-content\/uploads\/2022\/03\/logo-1x-1.png\",\"contentUrl\":\"https:\/\/www.dmociociariavalledicomino.it\/wp-content\/uploads\/2022\/03\/logo-1x-1.png\",\"width\":435,\"height\":100,\"caption\":\"DMO Ciociaria Valle di Comino\"},\"image\":{\"@id\":\"https:\/\/www.dmociociariavalledicomino.it\/#\/schema\/logo\/image\/\"}},{\"@type\":\"Person\",\"@id\":\"https:\/\/www.dmociociariavalledicomino.it\/#\/schema\/person\/3bf46154fba3deea98d7bd5acb562c6e\",\"name\":\"admin\",\"image\":{\"@type\":\"ImageObject\",\"inLanguage\":\"en-GB\",\"@id\":\"https:\/\/www.dmociociariavalledicomino.it\/#\/schema\/person\/image\/\",\"url\":\"https:\/\/secure.gravatar.com\/avatar\/1fbb3f445cf77d4b14505985324155bdee1cc76aba31ffb5d872bb89773bcb48?s=96&d=mm&r=g\",\"contentUrl\":\"https:\/\/secure.gravatar.com\/avatar\/1fbb3f445cf77d4b14505985324155bdee1cc76aba31ffb5d872bb89773bcb48?s=96&d=mm&r=g\",\"caption\":\"admin\"},\"url\":\"https:\/\/www.dmociociariavalledicomino.it\/en\/author\/admin\/\"}]}<\/script>\n<!-- \/ Yoast SEO plugin. -->","yoast_head_json":{"title":"Canneto, un luogo di fede tra monti e oltre i monti nella Valle di Comino","description":"Scopri il Santuario della Madonna di Canneto a Settefrati, un luogo di fede immerso nella natura del Parco Nazionale d'Abruzzo Lazio e Molise. Esplora la leggenda, i festeggiamenti solenni e la devozione ancora viva tra gli emigrati oltreoceano.","robots":{"index":"index","follow":"follow","max-snippet":"max-snippet:-1","max-image-preview":"max-image-preview:large","max-video-preview":"max-video-preview:-1"},"canonical":"https:\/\/www.dmociociariavalledicomino.it\/en\/canneto-un-luogo-di-fede-tra-monti-e-oltre-i-monti-nella-valle-di-comino\/","og_locale":"en_GB","og_type":"article","og_title":"Canneto, un luogo di fede tra monti e oltre i monti nella Valle di Comino","og_description":"Scopri il Santuario della Madonna di Canneto a Settefrati, un luogo di fede immerso nella natura del Parco Nazionale d'Abruzzo Lazio e Molise. Esplora la leggenda, i festeggiamenti solenni e la devozione ancora viva tra gli emigrati oltreoceano.","og_url":"https:\/\/www.dmociociariavalledicomino.it\/en\/canneto-un-luogo-di-fede-tra-monti-e-oltre-i-monti-nella-valle-di-comino\/","og_site_name":"DMO Ciociaria Valle di Comino","article_published_time":"2023-07-27T06:30:00+00:00","article_modified_time":"2023-10-04T10:44:50+00:00","og_image":[{"width":800,"height":600,"url":"https:\/\/www.dmociociariavalledicomino.it\/wp-content\/uploads\/2023\/07\/copertina-1.jpg","type":"image\/jpeg"}],"author":"admin","twitter_card":"summary_large_image","twitter_misc":{"Written by":"admin","Estimated reading time":"7 minutes"},"schema":{"@context":"https:\/\/schema.org","@graph":[{"@type":"Article","@id":"https:\/\/www.dmociociariavalledicomino.it\/canneto-un-luogo-di-fede-tra-monti-e-oltre-i-monti-nella-valle-di-comino\/#article","isPartOf":{"@id":"https:\/\/www.dmociociariavalledicomino.it\/canneto-un-luogo-di-fede-tra-monti-e-oltre-i-monti-nella-valle-di-comino\/"},"author":{"name":"admin","@id":"https:\/\/www.dmociociariavalledicomino.it\/#\/schema\/person\/3bf46154fba3deea98d7bd5acb562c6e"},"headline":"Canneto, un luogo di fede tra monti e oltre i monti nella Valle di Comino","datePublished":"2023-07-27T06:30:00+00:00","dateModified":"2023-10-04T10:44:50+00:00","mainEntityOfPage":{"@id":"https:\/\/www.dmociociariavalledicomino.it\/canneto-un-luogo-di-fede-tra-monti-e-oltre-i-monti-nella-valle-di-comino\/"},"wordCount":1273,"publisher":{"@id":"https:\/\/www.dmociociariavalledicomino.it\/#organization"},"image":{"@id":"https:\/\/www.dmociociariavalledicomino.it\/canneto-un-luogo-di-fede-tra-monti-e-oltre-i-monti-nella-valle-di-comino\/#primaryimage"},"thumbnailUrl":"https:\/\/www.dmociociariavalledicomino.it\/wp-content\/uploads\/2023\/07\/copertina-1.jpg","keywords":["Canneto","Canneto Society Canada","emigrati italiani","festeggiamenti religiosi","leggende","Parco Nazionale d\u2019Abruzzo Lazio e Molise","Santuario della Madonna di Canneto","Settefrati","valle di comino"],"articleSection":["Blog","Eventi"],"inLanguage":"en-GB"},{"@type":"WebPage","@id":"https:\/\/www.dmociociariavalledicomino.it\/canneto-un-luogo-di-fede-tra-monti-e-oltre-i-monti-nella-valle-di-comino\/","url":"https:\/\/www.dmociociariavalledicomino.it\/canneto-un-luogo-di-fede-tra-monti-e-oltre-i-monti-nella-valle-di-comino\/","name":"Canneto, un luogo di fede tra monti e oltre i monti nella Valle di Comino","isPartOf":{"@id":"https:\/\/www.dmociociariavalledicomino.it\/#website"},"primaryImageOfPage":{"@id":"https:\/\/www.dmociociariavalledicomino.it\/canneto-un-luogo-di-fede-tra-monti-e-oltre-i-monti-nella-valle-di-comino\/#primaryimage"},"image":{"@id":"https:\/\/www.dmociociariavalledicomino.it\/canneto-un-luogo-di-fede-tra-monti-e-oltre-i-monti-nella-valle-di-comino\/#primaryimage"},"thumbnailUrl":"https:\/\/www.dmociociariavalledicomino.it\/wp-content\/uploads\/2023\/07\/copertina-1.jpg","datePublished":"2023-07-27T06:30:00+00:00","dateModified":"2023-10-04T10:44:50+00:00","description":"Scopri il Santuario della Madonna di Canneto a Settefrati, un luogo di fede immerso nella natura del Parco Nazionale d'Abruzzo Lazio e Molise. Esplora la leggenda, i festeggiamenti solenni e la devozione ancora viva tra gli emigrati oltreoceano.","breadcrumb":{"@id":"https:\/\/www.dmociociariavalledicomino.it\/canneto-un-luogo-di-fede-tra-monti-e-oltre-i-monti-nella-valle-di-comino\/#breadcrumb"},"inLanguage":"en-GB","potentialAction":[{"@type":"ReadAction","target":["https:\/\/www.dmociociariavalledicomino.it\/canneto-un-luogo-di-fede-tra-monti-e-oltre-i-monti-nella-valle-di-comino\/"]}]},{"@type":"ImageObject","inLanguage":"en-GB","@id":"https:\/\/www.dmociociariavalledicomino.it\/canneto-un-luogo-di-fede-tra-monti-e-oltre-i-monti-nella-valle-di-comino\/#primaryimage","url":"https:\/\/www.dmociociariavalledicomino.it\/wp-content\/uploads\/2023\/07\/copertina-1.jpg","contentUrl":"https:\/\/www.dmociociariavalledicomino.it\/wp-content\/uploads\/2023\/07\/copertina-1.jpg","width":800,"height":600,"caption":"La Basilica Pontificia Minore di Canneto - [Credit: Santuario Madonna di Canneto]"},{"@type":"BreadcrumbList","@id":"https:\/\/www.dmociociariavalledicomino.it\/canneto-un-luogo-di-fede-tra-monti-e-oltre-i-monti-nella-valle-di-comino\/#breadcrumb","itemListElement":[{"@type":"ListItem","position":1,"name":"Home","item":"https:\/\/www.dmociociariavalledicomino.it\/"},{"@type":"ListItem","position":2,"name":"Canneto, un luogo di fede tra monti e oltre i monti nella Valle di Comino"}]},{"@type":"WebSite","@id":"https:\/\/www.dmociociariavalledicomino.it\/#website","url":"https:\/\/www.dmociociariavalledicomino.it\/","name":"DMO Ciociaria Valle di Comino","description":"La destinazione che non c'era","publisher":{"@id":"https:\/\/www.dmociociariavalledicomino.it\/#organization"},"potentialAction":[{"@type":"SearchAction","target":{"@type":"EntryPoint","urlTemplate":"https:\/\/www.dmociociariavalledicomino.it\/?s={search_term_string}"},"query-input":{"@type":"PropertyValueSpecification","valueRequired":true,"valueName":"search_term_string"}}],"inLanguage":"en-GB"},{"@type":"Organization","@id":"https:\/\/www.dmociociariavalledicomino.it\/#organization","name":"DMO Ciociaria Valle di Comino","url":"https:\/\/www.dmociociariavalledicomino.it\/","logo":{"@type":"ImageObject","inLanguage":"en-GB","@id":"https:\/\/www.dmociociariavalledicomino.it\/#\/schema\/logo\/image\/","url":"https:\/\/www.dmociociariavalledicomino.it\/wp-content\/uploads\/2022\/03\/logo-1x-1.png","contentUrl":"https:\/\/www.dmociociariavalledicomino.it\/wp-content\/uploads\/2022\/03\/logo-1x-1.png","width":435,"height":100,"caption":"DMO Ciociaria Valle di Comino"},"image":{"@id":"https:\/\/www.dmociociariavalledicomino.it\/#\/schema\/logo\/image\/"}},{"@type":"Person","@id":"https:\/\/www.dmociociariavalledicomino.it\/#\/schema\/person\/3bf46154fba3deea98d7bd5acb562c6e","name":"admin","image":{"@type":"ImageObject","inLanguage":"en-GB","@id":"https:\/\/www.dmociociariavalledicomino.it\/#\/schema\/person\/image\/","url":"https:\/\/secure.gravatar.com\/avatar\/1fbb3f445cf77d4b14505985324155bdee1cc76aba31ffb5d872bb89773bcb48?s=96&d=mm&r=g","contentUrl":"https:\/\/secure.gravatar.com\/avatar\/1fbb3f445cf77d4b14505985324155bdee1cc76aba31ffb5d872bb89773bcb48?s=96&d=mm&r=g","caption":"admin"},"url":"https:\/\/www.dmociociariavalledicomino.it\/en\/author\/admin\/"}]}},"_links":{"self":[{"href":"https:\/\/www.dmociociariavalledicomino.it\/en\/wp-json\/wp\/v2\/posts\/11233","targetHints":{"allow":["GET"]}}],"collection":[{"href":"https:\/\/www.dmociociariavalledicomino.it\/en\/wp-json\/wp\/v2\/posts"}],"about":[{"href":"https:\/\/www.dmociociariavalledicomino.it\/en\/wp-json\/wp\/v2\/types\/post"}],"author":[{"embeddable":true,"href":"https:\/\/www.dmociociariavalledicomino.it\/en\/wp-json\/wp\/v2\/users\/1"}],"replies":[{"embeddable":true,"href":"https:\/\/www.dmociociariavalledicomino.it\/en\/wp-json\/wp\/v2\/comments?post=11233"}],"version-history":[{"count":38,"href":"https:\/\/www.dmociociariavalledicomino.it\/en\/wp-json\/wp\/v2\/posts\/11233\/revisions"}],"predecessor-version":[{"id":11280,"href":"https:\/\/www.dmociociariavalledicomino.it\/en\/wp-json\/wp\/v2\/posts\/11233\/revisions\/11280"}],"wp:featuredmedia":[{"embeddable":true,"href":"https:\/\/www.dmociociariavalledicomino.it\/en\/wp-json\/wp\/v2\/media\/11247"}],"wp:attachment":[{"href":"https:\/\/www.dmociociariavalledicomino.it\/en\/wp-json\/wp\/v2\/media?parent=11233"}],"wp:term":[{"taxonomy":"category","embeddable":true,"href":"https:\/\/www.dmociociariavalledicomino.it\/en\/wp-json\/wp\/v2\/categories?post=11233"},{"taxonomy":"post_tag","embeddable":true,"href":"https:\/\/www.dmociociariavalledicomino.it\/en\/wp-json\/wp\/v2\/tags?post=11233"}],"curies":[{"name":"wp","href":"https:\/\/api.w.org\/{rel}","templated":true}]}}