{"id":10404,"date":"2023-05-30T08:30:00","date_gmt":"2023-05-30T06:30:00","guid":{"rendered":"https:\/\/www.dmociociariavalledicomino.it\/?p=10404"},"modified":"2023-10-04T12:43:25","modified_gmt":"2023-10-04T10:43:25","slug":"meta-una-volta-per-sempre-intervista-ad-adamo-d-agostino","status":"publish","type":"post","link":"https:\/\/www.dmociociariavalledicomino.it\/en\/meta-una-volta-per-sempre-intervista-ad-adamo-d-agostino\/","title":{"rendered":"\u201cMeta. Una volta. Per Sempre\u201d &#8211; Intervista ad Adamo D\u2019Agostino"},"content":{"rendered":"<div data-elementor-type=\"wp-post\" data-elementor-id=\"10404\" class=\"elementor elementor-10404\" data-elementor-post-type=\"post\">\n\t\t\t\t\t\t<section class=\"elementor-section elementor-top-section elementor-element elementor-element-6197ef4 elementor-section-stretched elementor-hidden-mobile elementor-section-boxed elementor-section-height-default elementor-section-height-default\" data-id=\"6197ef4\" data-element_type=\"section\" data-settings=\"{&quot;stretch_section&quot;:&quot;section-stretched&quot;}\">\n\t\t\t\t\t\t<div class=\"elementor-container elementor-column-gap-extended\">\n\t\t\t\t\t<div class=\"elementor-column elementor-col-100 elementor-top-column elementor-element elementor-element-ec9577d sc_layouts_column_icons_position_left\" data-id=\"ec9577d\" data-element_type=\"column\">\n\t\t\t<div class=\"elementor-widget-wrap elementor-element-populated\">\n\t\t\t\t\t\t<div class=\"elementor-element elementor-element-0511354 elementor-widget elementor-widget-spacer\" data-id=\"0511354\" data-element_type=\"widget\" data-widget_type=\"spacer.default\">\n\t\t\t\t<div class=\"elementor-widget-container\">\n\t\t\t\t\t\t\t<div class=\"elementor-spacer\">\n\t\t\t<div class=\"elementor-spacer-inner\"><\/div>\n\t\t<\/div>\n\t\t\t\t\t\t<\/div>\n\t\t\t\t<\/div>\n\t\t\t\t<div class=\"elementor-element elementor-element-437b099 elementor-widget elementor-widget-heading\" data-id=\"437b099\" data-element_type=\"widget\" data-widget_type=\"heading.default\">\n\t\t\t\t<div class=\"elementor-widget-container\">\n\t\t\t\t\t<h1 class=\"elementor-heading-title elementor-size-default\">\u201cMeta. Una volta. Per Sempre\u201d - Intervista ad Adamo D\u2019Agostino<\/h1>\t\t\t\t<\/div>\n\t\t\t\t<\/div>\n\t\t\t\t<div class=\"elementor-element elementor-element-14dc43d elementor-widget-divider--view-line elementor-widget elementor-widget-divider\" data-id=\"14dc43d\" data-element_type=\"widget\" data-widget_type=\"divider.default\">\n\t\t\t\t<div class=\"elementor-widget-container\">\n\t\t\t\t\t\t\t<div class=\"elementor-divider\">\n\t\t\t<span class=\"elementor-divider-separator\">\n\t\t\t\t\t\t<\/span>\n\t\t<\/div>\n\t\t\t\t\t\t<\/div>\n\t\t\t\t<\/div>\n\t\t\t\t<div class=\"elementor-element elementor-element-a538b6b elementor-widget elementor-widget-heading\" data-id=\"a538b6b\" data-element_type=\"widget\" data-widget_type=\"heading.default\">\n\t\t\t\t<div class=\"elementor-widget-container\">\n\t\t\t\t\t<h2 class=\"elementor-heading-title elementor-size-default\">Intervista al poliedrico Adamo D\u2019Agostino, autore del corto dedicato alla Valle di Comino\n<\/h2>\t\t\t\t<\/div>\n\t\t\t\t<\/div>\n\t\t\t\t<div class=\"elementor-element elementor-element-4b69a85 elementor-widget elementor-widget-spacer\" data-id=\"4b69a85\" data-element_type=\"widget\" data-widget_type=\"spacer.default\">\n\t\t\t\t<div class=\"elementor-widget-container\">\n\t\t\t\t\t\t\t<div class=\"elementor-spacer\">\n\t\t\t<div class=\"elementor-spacer-inner\"><\/div>\n\t\t<\/div>\n\t\t\t\t\t\t<\/div>\n\t\t\t\t<\/div>\n\t\t\t\t\t<\/div>\n\t\t<\/div>\n\t\t\t\t\t<\/div>\n\t\t<\/section>\n\t\t\t\t<section class=\"elementor-section elementor-top-section elementor-element elementor-element-24aeac4 elementor-section-stretched elementor-hidden-desktop elementor-hidden-tablet elementor-section-boxed elementor-section-height-default elementor-section-height-default\" data-id=\"24aeac4\" data-element_type=\"section\" data-settings=\"{&quot;stretch_section&quot;:&quot;section-stretched&quot;}\">\n\t\t\t\t\t\t<div class=\"elementor-container elementor-column-gap-extended\">\n\t\t\t\t\t<div class=\"elementor-column elementor-col-100 elementor-top-column elementor-element elementor-element-596efe7 sc_layouts_column_icons_position_left\" data-id=\"596efe7\" data-element_type=\"column\">\n\t\t\t<div class=\"elementor-widget-wrap elementor-element-populated\">\n\t\t\t\t\t\t<div class=\"elementor-element elementor-element-c6108b7 elementor-widget elementor-widget-spacer\" data-id=\"c6108b7\" data-element_type=\"widget\" data-widget_type=\"spacer.default\">\n\t\t\t\t<div class=\"elementor-widget-container\">\n\t\t\t\t\t\t\t<div class=\"elementor-spacer\">\n\t\t\t<div class=\"elementor-spacer-inner\"><\/div>\n\t\t<\/div>\n\t\t\t\t\t\t<\/div>\n\t\t\t\t<\/div>\n\t\t\t\t<div class=\"elementor-element elementor-element-11cfef1 elementor-widget elementor-widget-heading\" data-id=\"11cfef1\" data-element_type=\"widget\" data-widget_type=\"heading.default\">\n\t\t\t\t<div class=\"elementor-widget-container\">\n\t\t\t\t\t<h1 class=\"elementor-heading-title elementor-size-default\">\u201cMeta. Una volta. Per Sempre\u201d - Intervista ad Adamo D\u2019Agostino<\/h1>\t\t\t\t<\/div>\n\t\t\t\t<\/div>\n\t\t\t\t<div class=\"elementor-element elementor-element-d305600 elementor-widget-divider--view-line elementor-widget elementor-widget-divider\" data-id=\"d305600\" data-element_type=\"widget\" data-widget_type=\"divider.default\">\n\t\t\t\t<div class=\"elementor-widget-container\">\n\t\t\t\t\t\t\t<div class=\"elementor-divider\">\n\t\t\t<span class=\"elementor-divider-separator\">\n\t\t\t\t\t\t<\/span>\n\t\t<\/div>\n\t\t\t\t\t\t<\/div>\n\t\t\t\t<\/div>\n\t\t\t\t<div class=\"elementor-element elementor-element-04e1b02 elementor-widget elementor-widget-heading\" data-id=\"04e1b02\" data-element_type=\"widget\" data-widget_type=\"heading.default\">\n\t\t\t\t<div class=\"elementor-widget-container\">\n\t\t\t\t\t<h2 class=\"elementor-heading-title elementor-size-default\">Intervista al poliedrico Adamo D\u2019Agostino, autore del corto dedicato alla Valle di Comino\n<\/h2>\t\t\t\t<\/div>\n\t\t\t\t<\/div>\n\t\t\t\t<div class=\"elementor-element elementor-element-40d7a90 elementor-widget elementor-widget-spacer\" data-id=\"40d7a90\" data-element_type=\"widget\" data-widget_type=\"spacer.default\">\n\t\t\t\t<div class=\"elementor-widget-container\">\n\t\t\t\t\t\t\t<div class=\"elementor-spacer\">\n\t\t\t<div class=\"elementor-spacer-inner\"><\/div>\n\t\t<\/div>\n\t\t\t\t\t\t<\/div>\n\t\t\t\t<\/div>\n\t\t\t\t\t<\/div>\n\t\t<\/div>\n\t\t\t\t\t<\/div>\n\t\t<\/section>\n\t\t\t\t<section class=\"elementor-section elementor-top-section elementor-element elementor-element-f1ad111 elementor-section-stretched elementor-hidden-tablet elementor-section-boxed elementor-section-height-default elementor-section-height-default\" data-id=\"f1ad111\" data-element_type=\"section\" data-settings=\"{&quot;stretch_section&quot;:&quot;section-stretched&quot;}\">\n\t\t\t\t\t\t<div class=\"elementor-container elementor-column-gap-extended\">\n\t\t\t\t\t<div class=\"elementor-column elementor-col-100 elementor-top-column elementor-element elementor-element-ce6e959 sc_layouts_column_icons_position_left\" data-id=\"ce6e959\" data-element_type=\"column\">\n\t\t\t<div class=\"elementor-widget-wrap elementor-element-populated\">\n\t\t\t\t\t\t<div class=\"elementor-element elementor-element-98fdd2c elementor-widget elementor-widget-text-editor\" data-id=\"98fdd2c\" data-element_type=\"widget\" data-widget_type=\"text-editor.default\">\n\t\t\t\t<div class=\"elementor-widget-container\">\n\t\t\t\t\t\t\t\t\t<p><span style=\"font-weight: 400;\">Adamo \u00e8 l\u2019artista poliedrico, la penna irrefrenabile che ha firmato <\/span><b><a href=\"https:\/\/www.youtube.com\/watch?v=ulGPtzYdAcI\">\u201cMeta. Una volta. Per sempre\u201d<\/a>, il corto dedicato alla Valle di Comino<\/b><span style=\"font-weight: 400;\"> pubblicato di recente sui canali e sul sito della <\/span><a href=\"https:\/\/www.dmociociariavalledicomino.it\/en\/\" target=\"_blank\" rel=\"noopener\"><strong>DMO Ciociaria-VALLE DI COMINO<\/strong><\/a><span style=\"font-weight: 400;\">.\u00a0<\/span><\/p><p><b>Un progetto ambizioso portato avanti dalla Destination Managament Organization della Valle di Comino, che ha chiesto ad Adamo di prestare il suo talento per raccontare in maniera commovente e delicata la sua stessa terra,<\/b><span style=\"font-weight: 400;\"> come parte della strategia di promozione della destinazione turistica.\u00a0<\/span><\/p><p><span style=\"font-weight: 400;\">Abbiamo quindi intervistato Adamo per svelare il processo creativo che lo ha portato a immaginare questa bellissima storia che sta riscuotendo un notevole successo e che verr\u00e0 presentata anche in diversi festival in giro per il mondo.<\/span><\/p>\t\t\t\t\t\t\t\t<\/div>\n\t\t\t\t<\/div>\n\t\t\t\t\t<\/div>\n\t\t<\/div>\n\t\t\t\t\t<\/div>\n\t\t<\/section>\n\t\t\t\t<section class=\"elementor-section elementor-top-section elementor-element elementor-element-3ba9239 elementor-hidden-mobile elementor-section-boxed elementor-section-height-default elementor-section-height-default\" data-id=\"3ba9239\" data-element_type=\"section\">\n\t\t\t\t\t\t<div class=\"elementor-container elementor-column-gap-extended\">\n\t\t\t\t\t<div class=\"elementor-column elementor-col-100 elementor-top-column elementor-element elementor-element-1993dce sc_layouts_column_icons_position_left\" data-id=\"1993dce\" data-element_type=\"column\">\n\t\t\t<div class=\"elementor-widget-wrap elementor-element-populated\">\n\t\t\t\t\t\t<div class=\"elementor-element elementor-element-b7f19f2 elementor-widget elementor-widget-spacer\" data-id=\"b7f19f2\" data-element_type=\"widget\" data-widget_type=\"spacer.default\">\n\t\t\t\t<div class=\"elementor-widget-container\">\n\t\t\t\t\t\t\t<div class=\"elementor-spacer\">\n\t\t\t<div class=\"elementor-spacer-inner\"><\/div>\n\t\t<\/div>\n\t\t\t\t\t\t<\/div>\n\t\t\t\t<\/div>\n\t\t\t\t\t<\/div>\n\t\t<\/div>\n\t\t\t\t\t<\/div>\n\t\t<\/section>\n\t\t\t\t<section class=\"elementor-section elementor-top-section elementor-element elementor-element-3ae24e1 elementor-section-stretched elementor-hidden-tablet elementor-section-boxed elementor-section-height-default elementor-section-height-default\" data-id=\"3ae24e1\" data-element_type=\"section\" data-settings=\"{&quot;stretch_section&quot;:&quot;section-stretched&quot;}\">\n\t\t\t\t\t\t<div class=\"elementor-container elementor-column-gap-extended\">\n\t\t\t\t\t<div class=\"elementor-column elementor-col-33 elementor-top-column elementor-element elementor-element-36516e2 sc_layouts_column_icons_position_left\" data-id=\"36516e2\" data-element_type=\"column\">\n\t\t\t<div class=\"elementor-widget-wrap elementor-element-populated\">\n\t\t\t\t\t\t<div class=\"elementor-element elementor-element-f0fac22 elementor-widget elementor-widget-spacer\" data-id=\"f0fac22\" data-element_type=\"widget\" data-widget_type=\"spacer.default\">\n\t\t\t\t<div class=\"elementor-widget-container\">\n\t\t\t\t\t\t\t<div class=\"elementor-spacer\">\n\t\t\t<div class=\"elementor-spacer-inner\"><\/div>\n\t\t<\/div>\n\t\t\t\t\t\t<\/div>\n\t\t\t\t<\/div>\n\t\t\t\t<div class=\"elementor-element elementor-element-05ba02a elementor-widget elementor-widget-text-editor\" data-id=\"05ba02a\" data-element_type=\"widget\" data-widget_type=\"text-editor.default\">\n\t\t\t\t<div class=\"elementor-widget-container\">\n\t\t\t\t\t\t\t\t\t<p><span style=\"font-weight: 400;\">Nasce a Toronto (Canada) nel 1973. Dopo aver frequentato la prestigiosa Accademia Disney di Milano, <\/span><b>entra a far parte dello staff creativo della Walt Disney Company, dove tuttora collabora<\/b><span style=\"font-weight: 400;\"> con la redazione del magazine Topolino e la sezione Disney Giunti editore. <\/span><\/p><p><span style=\"font-weight: 400;\">Parallelamente lavora nel settore pubblicitario, alternando il ruolo di <\/span><b>copywriter <\/b><span style=\"font-weight: 400;\">e di <\/span><b>art director<\/b><span style=\"font-weight: 400;\">, prima di coprire incarichi di <\/span><b>direttore creativo per diverse aziende<\/b><span style=\"font-weight: 400;\"> tra le quali spiccano i nomi di Ikea, Kellogg\u2019s e Coca-Cola Company.\u00a0 <\/span><\/p><p><span style=\"font-weight: 400;\">Per il settore editoriale, oltre alla pubblicazione di romanzi e graphic novel, collabora come editor, art director e <\/span><b>illustratore<\/b><span style=\"font-weight: 400;\">, in particolare per il settore ragazzi e young adult. <\/span><\/p><p><span style=\"font-weight: 400;\">Dal 2010 lavora nel settore cinematografico, inizialmente in ruoli tecnici e organizzativi, per poi passare alla vera e propria fase produttiva di film, serie e documentari.<\/span><\/p><p><b>Nel 2017 firma la sceneggiatura di <\/b><b><i>Quando sar\u00f2 bambin<\/i><\/b><i><b>o<\/b><\/i><span style=\"font-weight: 400;\">, film esordio per il cinema, poi distribuito da Amazon Prime Video.\u00a0<\/span><\/p><p><span style=\"font-size: 20px; font-weight: 400;\">\u00c8 docente di Comunicazione Visiva e Scrittura Creativa presso l\u2019Accademia delle Belle Arti di Foggia e la Scuola internazionale di Comics di Napoli.\u00a0<\/span><\/p><p><span style=\"font-size: 20px; font-weight: 400;\">Alterna lezioni e workshop sulla scrittura creativa in convegni e Universit\u00e0.\u00a0<\/span><span style=\"font-size: 20px; font-weight: 400;\">Ha ricoperto per alcuni anni il ruolo di direttore dell\u2019Istituto DNA e della Vigamus Academy per il settore videogame.<\/span><\/p>\t\t\t\t\t\t\t\t<\/div>\n\t\t\t\t<\/div>\n\t\t\t\t\t<\/div>\n\t\t<\/div>\n\t\t\t\t<div class=\"elementor-column elementor-col-33 elementor-top-column elementor-element elementor-element-d5acb75 sc_layouts_column_icons_position_left\" data-id=\"d5acb75\" data-element_type=\"column\">\n\t\t\t<div class=\"elementor-widget-wrap\">\n\t\t\t\t\t\t\t<\/div>\n\t\t<\/div>\n\t\t\t\t<div class=\"elementor-column elementor-col-33 elementor-top-column elementor-element elementor-element-957e4bc sc_layouts_column_icons_position_left\" data-id=\"957e4bc\" data-element_type=\"column\">\n\t\t\t<div class=\"elementor-widget-wrap elementor-element-populated\">\n\t\t\t\t\t\t<div class=\"elementor-element elementor-element-6bd7bbf elementor-widget elementor-widget-spacer\" data-id=\"6bd7bbf\" data-element_type=\"widget\" data-widget_type=\"spacer.default\">\n\t\t\t\t<div class=\"elementor-widget-container\">\n\t\t\t\t\t\t\t<div class=\"elementor-spacer\">\n\t\t\t<div class=\"elementor-spacer-inner\"><\/div>\n\t\t<\/div>\n\t\t\t\t\t\t<\/div>\n\t\t\t\t<\/div>\n\t\t\t\t<div class=\"elementor-element elementor-element-85cf200 elementor-widget elementor-widget-image\" data-id=\"85cf200\" data-element_type=\"widget\" data-widget_type=\"image.default\">\n\t\t\t\t<div class=\"elementor-widget-container\">\n\t\t\t\t\t\t\t\t\t\t\t\t\t\t\t<img fetchpriority=\"high\" decoding=\"async\" width=\"750\" height=\"680\" src=\"https:\/\/www.dmociociariavalledicomino.it\/wp-content\/uploads\/2023\/05\/Adamo_d_agostino_2.png\" class=\"attachment-large size-large wp-image-10418\" alt=\"Adamo_d_agostino_2\" srcset=\"https:\/\/www.dmociociariavalledicomino.it\/wp-content\/uploads\/2023\/05\/Adamo_d_agostino_2.png 750w, https:\/\/www.dmociociariavalledicomino.it\/wp-content\/uploads\/2023\/05\/Adamo_d_agostino_2-300x272.png 300w, https:\/\/www.dmociociariavalledicomino.it\/wp-content\/uploads\/2023\/05\/Adamo_d_agostino_2-13x12.png 13w, https:\/\/www.dmociociariavalledicomino.it\/wp-content\/uploads\/2023\/05\/Adamo_d_agostino_2-370x335.png 370w, https:\/\/www.dmociociariavalledicomino.it\/wp-content\/uploads\/2023\/05\/Adamo_d_agostino_2-390x354.png 390w, https:\/\/www.dmociociariavalledicomino.it\/wp-content\/uploads\/2023\/05\/Adamo_d_agostino_2-600x544.png 600w\" sizes=\"(max-width: 750px) 100vw, 750px\" \/>\t\t\t\t\t\t\t\t\t\t\t\t\t\t\t<\/div>\n\t\t\t\t<\/div>\n\t\t\t\t<div class=\"elementor-element elementor-element-c578435 elementor-widget elementor-widget-spacer\" data-id=\"c578435\" data-element_type=\"widget\" data-widget_type=\"spacer.default\">\n\t\t\t\t<div class=\"elementor-widget-container\">\n\t\t\t\t\t\t\t<div class=\"elementor-spacer\">\n\t\t\t<div class=\"elementor-spacer-inner\"><\/div>\n\t\t<\/div>\n\t\t\t\t\t\t<\/div>\n\t\t\t\t<\/div>\n\t\t\t\t<div class=\"elementor-element elementor-element-f8db7e6 elementor-align-center elementor-widget elementor-widget-button\" data-id=\"f8db7e6\" data-element_type=\"widget\" data-widget_type=\"button.default\">\n\t\t\t\t<div class=\"elementor-widget-container\">\n\t\t\t\t\t\t\t\t\t<div class=\"elementor-button-wrapper\">\n\t\t\t\t\t<a class=\"elementor-button elementor-size-md\" role=\"button\">\n\t\t\t\t\t\t<span class=\"elementor-button-content-wrapper\">\n\t\t\t\t\t\t\t\t\t<span class=\"elementor-button-text\">ADAMO D'AGOSTINO<\/span>\n\t\t\t\t\t<\/span>\n\t\t\t\t\t<\/a>\n\t\t\t\t<\/div>\n\t\t\t\t\t\t\t\t<\/div>\n\t\t\t\t<\/div>\n\t\t\t\t<div class=\"elementor-element elementor-element-64b70ff elementor-widget elementor-widget-spacer\" data-id=\"64b70ff\" data-element_type=\"widget\" data-widget_type=\"spacer.default\">\n\t\t\t\t<div class=\"elementor-widget-container\">\n\t\t\t\t\t\t\t<div class=\"elementor-spacer\">\n\t\t\t<div class=\"elementor-spacer-inner\"><\/div>\n\t\t<\/div>\n\t\t\t\t\t\t<\/div>\n\t\t\t\t<\/div>\n\t\t\t\t\t<\/div>\n\t\t<\/div>\n\t\t\t\t\t<\/div>\n\t\t<\/section>\n\t\t\t\t<section class=\"elementor-section elementor-top-section elementor-element elementor-element-28f1714 elementor-section-stretched elementor-hidden-desktop elementor-hidden-mobile elementor-section-boxed elementor-section-height-default elementor-section-height-default\" data-id=\"28f1714\" data-element_type=\"section\" data-settings=\"{&quot;stretch_section&quot;:&quot;section-stretched&quot;}\">\n\t\t\t\t\t\t<div class=\"elementor-container elementor-column-gap-extended\">\n\t\t\t\t\t<div class=\"elementor-column elementor-col-100 elementor-top-column elementor-element elementor-element-5814ad9 sc_layouts_column_icons_position_left\" data-id=\"5814ad9\" data-element_type=\"column\">\n\t\t\t<div class=\"elementor-widget-wrap elementor-element-populated\">\n\t\t\t\t\t\t<div class=\"elementor-element elementor-element-db17075 elementor-widget elementor-widget-spacer\" data-id=\"db17075\" data-element_type=\"widget\" data-widget_type=\"spacer.default\">\n\t\t\t\t<div class=\"elementor-widget-container\">\n\t\t\t\t\t\t\t<div class=\"elementor-spacer\">\n\t\t\t<div class=\"elementor-spacer-inner\"><\/div>\n\t\t<\/div>\n\t\t\t\t\t\t<\/div>\n\t\t\t\t<\/div>\n\t\t\t\t<div class=\"elementor-element elementor-element-eb1a74d elementor-widget elementor-widget-text-editor\" data-id=\"eb1a74d\" data-element_type=\"widget\" data-widget_type=\"text-editor.default\">\n\t\t\t\t<div class=\"elementor-widget-container\">\n\t\t\t\t\t\t\t\t\t<p><span style=\"font-weight: 400;\">Nasce a Toronto (Canada) nel 1973. Dopo aver frequentato la prestigiosa Accademia Disney di Milano, <\/span><b>entra a far parte dello staff creativo della Walt Disney Company, dove tuttora collabora<\/b><span style=\"font-weight: 400;\"> con la redazione del magazine Topolino e la sezione Disney Giunti editore. <\/span><\/p><p><span style=\"font-weight: 400;\">Parallelamente lavora nel settore pubblicitario, alternando il ruolo di <\/span><b>copywriter <\/b><span style=\"font-weight: 400;\">e di <\/span><b>art director<\/b><span style=\"font-weight: 400;\">, prima di coprire incarichi di <\/span><b>direttore creativo per diverse aziende<\/b><span style=\"font-weight: 400;\"> tra le quali spiccano i nomi di Ikea, Kellogg\u2019s e Coca-Cola Company.\u00a0 <\/span><\/p><p><span style=\"font-weight: 400;\">Per il settore editoriale, oltre alla pubblicazione di romanzi e graphic novel, collabora come editor, art director e <\/span><b>illustratore<\/b><span style=\"font-weight: 400;\">, in particolare per il settore ragazzi e young adult. <\/span><\/p><p><span style=\"font-weight: 400;\">Dal 2010 lavora nel settore cinematografico, inizialmente in ruoli tecnici e organizzativi, per poi passare alla vera e propria fase produttiva di film, serie e documentari.<\/span><\/p><p><b>Nel 2017 firma la sceneggiatura di <\/b><b><i>Quando sar\u00f2 bambin<\/i><\/b><i><b>o<\/b><\/i><span style=\"font-weight: 400;\">, film esordio per il cinema, poi distribuito da Amazon Prime Video.\u00a0<\/span><\/p><p><span style=\"font-size: 20px; font-weight: 400;\">\u00c8 docente di Comunicazione Visiva e Scrittura Creativa presso l\u2019Accademia delle Belle Arti di Foggia e la Scuola internazionale di Comics di Napoli.\u00a0<\/span><\/p><p><span style=\"font-size: 20px; font-weight: 400;\">Alterna lezioni e workshop sulla scrittura creativa in convegni e Universit\u00e0.\u00a0<\/span><span style=\"font-size: 20px; font-weight: 400;\">Ha ricoperto per alcuni anni il ruolo di direttore dell\u2019Istituto DNA e della Vigamus Academy per il settore videogame.<\/span><\/p>\t\t\t\t\t\t\t\t<\/div>\n\t\t\t\t<\/div>\n\t\t\t\t<div class=\"elementor-element elementor-element-31e6f22 elementor-widget elementor-widget-spacer\" data-id=\"31e6f22\" data-element_type=\"widget\" data-widget_type=\"spacer.default\">\n\t\t\t\t<div class=\"elementor-widget-container\">\n\t\t\t\t\t\t\t<div class=\"elementor-spacer\">\n\t\t\t<div class=\"elementor-spacer-inner\"><\/div>\n\t\t<\/div>\n\t\t\t\t\t\t<\/div>\n\t\t\t\t<\/div>\n\t\t\t\t<div class=\"elementor-element elementor-element-439a354 elementor-widget elementor-widget-image\" data-id=\"439a354\" data-element_type=\"widget\" data-widget_type=\"image.default\">\n\t\t\t\t<div class=\"elementor-widget-container\">\n\t\t\t\t\t\t\t\t\t\t\t\t\t\t\t<img fetchpriority=\"high\" decoding=\"async\" width=\"750\" height=\"680\" src=\"https:\/\/www.dmociociariavalledicomino.it\/wp-content\/uploads\/2023\/05\/Adamo_d_agostino_2.png\" class=\"attachment-large size-large wp-image-10418\" alt=\"Adamo_d_agostino_2\" srcset=\"https:\/\/www.dmociociariavalledicomino.it\/wp-content\/uploads\/2023\/05\/Adamo_d_agostino_2.png 750w, https:\/\/www.dmociociariavalledicomino.it\/wp-content\/uploads\/2023\/05\/Adamo_d_agostino_2-300x272.png 300w, https:\/\/www.dmociociariavalledicomino.it\/wp-content\/uploads\/2023\/05\/Adamo_d_agostino_2-13x12.png 13w, https:\/\/www.dmociociariavalledicomino.it\/wp-content\/uploads\/2023\/05\/Adamo_d_agostino_2-370x335.png 370w, https:\/\/www.dmociociariavalledicomino.it\/wp-content\/uploads\/2023\/05\/Adamo_d_agostino_2-390x354.png 390w, https:\/\/www.dmociociariavalledicomino.it\/wp-content\/uploads\/2023\/05\/Adamo_d_agostino_2-600x544.png 600w\" sizes=\"(max-width: 750px) 100vw, 750px\" \/>\t\t\t\t\t\t\t\t\t\t\t\t\t\t\t<\/div>\n\t\t\t\t<\/div>\n\t\t\t\t<div class=\"elementor-element elementor-element-751071e elementor-widget elementor-widget-spacer\" data-id=\"751071e\" data-element_type=\"widget\" data-widget_type=\"spacer.default\">\n\t\t\t\t<div class=\"elementor-widget-container\">\n\t\t\t\t\t\t\t<div class=\"elementor-spacer\">\n\t\t\t<div class=\"elementor-spacer-inner\"><\/div>\n\t\t<\/div>\n\t\t\t\t\t\t<\/div>\n\t\t\t\t<\/div>\n\t\t\t\t<div class=\"elementor-element elementor-element-206695d elementor-align-center elementor-widget elementor-widget-button\" data-id=\"206695d\" data-element_type=\"widget\" data-widget_type=\"button.default\">\n\t\t\t\t<div class=\"elementor-widget-container\">\n\t\t\t\t\t\t\t\t\t<div class=\"elementor-button-wrapper\">\n\t\t\t\t\t<a class=\"elementor-button elementor-size-md\" role=\"button\">\n\t\t\t\t\t\t<span class=\"elementor-button-content-wrapper\">\n\t\t\t\t\t\t\t\t\t<span class=\"elementor-button-text\">ADAMO D'AGOSTINO<\/span>\n\t\t\t\t\t<\/span>\n\t\t\t\t\t<\/a>\n\t\t\t\t<\/div>\n\t\t\t\t\t\t\t\t<\/div>\n\t\t\t\t<\/div>\n\t\t\t\t<div class=\"elementor-element elementor-element-4682396 elementor-widget elementor-widget-spacer\" data-id=\"4682396\" data-element_type=\"widget\" data-widget_type=\"spacer.default\">\n\t\t\t\t<div class=\"elementor-widget-container\">\n\t\t\t\t\t\t\t<div class=\"elementor-spacer\">\n\t\t\t<div class=\"elementor-spacer-inner\"><\/div>\n\t\t<\/div>\n\t\t\t\t\t\t<\/div>\n\t\t\t\t<\/div>\n\t\t\t\t\t<\/div>\n\t\t<\/div>\n\t\t\t\t\t<\/div>\n\t\t<\/section>\n\t\t\t\t<section class=\"elementor-section elementor-top-section elementor-element elementor-element-f5f55eb elementor-section-boxed elementor-section-height-default elementor-section-height-default\" data-id=\"f5f55eb\" data-element_type=\"section\">\n\t\t\t\t\t\t<div class=\"elementor-container elementor-column-gap-extended\">\n\t\t\t\t\t<div class=\"elementor-column elementor-col-100 elementor-top-column elementor-element elementor-element-042c65e sc_layouts_column_icons_position_left\" data-id=\"042c65e\" data-element_type=\"column\">\n\t\t\t<div class=\"elementor-widget-wrap elementor-element-populated\">\n\t\t\t\t\t\t<div class=\"elementor-element elementor-element-daef35a elementor-widget elementor-widget-spacer\" data-id=\"daef35a\" data-element_type=\"widget\" data-widget_type=\"spacer.default\">\n\t\t\t\t<div class=\"elementor-widget-container\">\n\t\t\t\t\t\t\t<div class=\"elementor-spacer\">\n\t\t\t<div class=\"elementor-spacer-inner\"><\/div>\n\t\t<\/div>\n\t\t\t\t\t\t<\/div>\n\t\t\t\t<\/div>\n\t\t\t\t\t<\/div>\n\t\t<\/div>\n\t\t\t\t\t<\/div>\n\t\t<\/section>\n\t\t\t\t<section class=\"elementor-section elementor-top-section elementor-element elementor-element-e9c5ed2 elementor-section-stretched elementor-section-boxed elementor-section-height-default elementor-section-height-default\" data-id=\"e9c5ed2\" data-element_type=\"section\" data-settings=\"{&quot;stretch_section&quot;:&quot;section-stretched&quot;}\">\n\t\t\t\t\t\t<div class=\"elementor-container elementor-column-gap-extended\">\n\t\t\t\t\t<div class=\"elementor-column elementor-col-16 elementor-top-column elementor-element elementor-element-d2007f2 sc_layouts_column_icons_position_left\" data-id=\"d2007f2\" data-element_type=\"column\">\n\t\t\t<div class=\"elementor-widget-wrap elementor-element-populated\">\n\t\t\t\t\t\t<div class=\"elementor-element elementor-element-b4a4905 elementor-widget elementor-widget-spacer\" data-id=\"b4a4905\" data-element_type=\"widget\" data-widget_type=\"spacer.default\">\n\t\t\t\t<div class=\"elementor-widget-container\">\n\t\t\t\t\t\t\t<div class=\"elementor-spacer\">\n\t\t\t<div class=\"elementor-spacer-inner\"><\/div>\n\t\t<\/div>\n\t\t\t\t\t\t<\/div>\n\t\t\t\t<\/div>\n\t\t\t\t\t<\/div>\n\t\t<\/div>\n\t\t\t\t<div class=\"elementor-column elementor-col-66 elementor-top-column elementor-element elementor-element-9e1fc2d sc_layouts_column_icons_position_left\" data-id=\"9e1fc2d\" data-element_type=\"column\" data-settings=\"{&quot;background_background&quot;:&quot;classic&quot;}\">\n\t\t\t<div class=\"elementor-widget-wrap elementor-element-populated\">\n\t\t\t\t\t\t<div class=\"elementor-element elementor-element-f46317c elementor-widget elementor-widget-spacer\" data-id=\"f46317c\" data-element_type=\"widget\" data-widget_type=\"spacer.default\">\n\t\t\t\t<div class=\"elementor-widget-container\">\n\t\t\t\t\t\t\t<div class=\"elementor-spacer\">\n\t\t\t<div class=\"elementor-spacer-inner\"><\/div>\n\t\t<\/div>\n\t\t\t\t\t\t<\/div>\n\t\t\t\t<\/div>\n\t\t\t\t<div class=\"elementor-element elementor-element-cf0778b elementor-position-left elementor-view-default elementor-mobile-position-top elementor-vertical-align-top elementor-widget elementor-widget-icon-box\" data-id=\"cf0778b\" data-element_type=\"widget\" data-widget_type=\"icon-box.default\">\n\t\t\t\t<div class=\"elementor-widget-container\">\n\t\t\t\t\t\t\t<div class=\"elementor-icon-box-wrapper\">\n\n\t\t\t\t\t\t<div class=\"elementor-icon-box-icon\">\n\t\t\t\t<span  class=\"elementor-icon\">\n\t\t\t\t<i aria-hidden=\"true\" class=\"fas fa-quote-left\"><\/i>\t\t\t\t<\/span>\n\t\t\t<\/div>\n\t\t\t\n\t\t\t\t\t\t<div class=\"elementor-icon-box-content\">\n\n\t\t\t\t\t\t\t\t\t<h5 class=\"elementor-icon-box-title\">\n\t\t\t\t\t\t<span  >\n\t\t\t\t\t\t\tAdamo, cosa hai pensato quando la DMO Ciociaria-VALLE DI COMINO ti ha chiesto di ideare un corto che raccontasse il territorio della Valle di Comino, la tua terra? \t\t\t\t\t\t<\/span>\n\t\t\t\t\t<\/h5>\n\t\t\t\t\n\t\t\t\t\t\t\t\t\t<p class=\"elementor-icon-box-description\">\n\t\t\t\t\t\tInnanzitutto, devo dire che la passione del Destination Manager della DMO, Federico Campoli, \u00e8 molto coinvolgente, per\u00f2 anche il momento \u00e8 stato propizio. Ero tornato al paesello (Villa Latina, N.d.A) per il fine settimana e stavo passeggiando nel boschetto dietro casa, quando mi contatta la prima volta. \u00c8 il primo dei tanti scambi tra messaggi e chiamate.\nDevo confessare che inizialmente ero un po\u2019 riluttante, perch\u00e9 <b>mi sono chiesto se fossi veramente in grado di raccontare la mia valle. C\u2019erano in ballo molte emozioni e troppe paure di sbagliare. Poi, come faccio sempre, ho ascoltato le emozioni... le paure le avrei affrontate poi.<\/b>\t\t\t\t\t<\/p>\n\t\t\t\t\n\t\t\t<\/div>\n\t\t\t\n\t\t<\/div>\n\t\t\t\t\t\t<\/div>\n\t\t\t\t<\/div>\n\t\t\t\t<div class=\"elementor-element elementor-element-f72f8da elementor-widget elementor-widget-spacer\" data-id=\"f72f8da\" data-element_type=\"widget\" data-widget_type=\"spacer.default\">\n\t\t\t\t<div class=\"elementor-widget-container\">\n\t\t\t\t\t\t\t<div class=\"elementor-spacer\">\n\t\t\t<div class=\"elementor-spacer-inner\"><\/div>\n\t\t<\/div>\n\t\t\t\t\t\t<\/div>\n\t\t\t\t<\/div>\n\t\t\t\t\t<\/div>\n\t\t<\/div>\n\t\t\t\t<div class=\"elementor-column elementor-col-16 elementor-top-column elementor-element elementor-element-ecd7903 sc_layouts_column_icons_position_left\" data-id=\"ecd7903\" data-element_type=\"column\">\n\t\t\t<div class=\"elementor-widget-wrap\">\n\t\t\t\t\t\t\t<\/div>\n\t\t<\/div>\n\t\t\t\t\t<\/div>\n\t\t<\/section>\n\t\t\t\t<section class=\"elementor-section elementor-top-section elementor-element elementor-element-a70ba77 elementor-section-stretched elementor-hidden-tablet elementor-section-boxed elementor-section-height-default elementor-section-height-default\" data-id=\"a70ba77\" data-element_type=\"section\" data-settings=\"{&quot;stretch_section&quot;:&quot;section-stretched&quot;}\">\n\t\t\t\t\t\t<div class=\"elementor-container elementor-column-gap-extended\">\n\t\t\t\t\t<div class=\"elementor-column elementor-col-100 elementor-top-column elementor-element elementor-element-36d7a92 sc_layouts_column_icons_position_left\" data-id=\"36d7a92\" data-element_type=\"column\">\n\t\t\t<div class=\"elementor-widget-wrap elementor-element-populated\">\n\t\t\t\t\t\t<div class=\"elementor-element elementor-element-2d854a5 elementor-widget elementor-widget-spacer\" data-id=\"2d854a5\" data-element_type=\"widget\" data-widget_type=\"spacer.default\">\n\t\t\t\t<div class=\"elementor-widget-container\">\n\t\t\t\t\t\t\t<div class=\"elementor-spacer\">\n\t\t\t<div class=\"elementor-spacer-inner\"><\/div>\n\t\t<\/div>\n\t\t\t\t\t\t<\/div>\n\t\t\t\t<\/div>\n\t\t\t\t\t<\/div>\n\t\t<\/div>\n\t\t\t\t\t<\/div>\n\t\t<\/section>\n\t\t\t\t<section class=\"elementor-section elementor-top-section elementor-element elementor-element-51c8c6d elementor-section-stretched elementor-section-boxed elementor-section-height-default elementor-section-height-default\" data-id=\"51c8c6d\" data-element_type=\"section\" data-settings=\"{&quot;stretch_section&quot;:&quot;section-stretched&quot;}\">\n\t\t\t\t\t\t<div class=\"elementor-container elementor-column-gap-extended\">\n\t\t\t\t\t<div class=\"elementor-column elementor-col-16 elementor-top-column elementor-element elementor-element-76e3c03 sc_layouts_column_icons_position_left\" data-id=\"76e3c03\" data-element_type=\"column\">\n\t\t\t<div class=\"elementor-widget-wrap\">\n\t\t\t\t\t\t\t<\/div>\n\t\t<\/div>\n\t\t\t\t<div class=\"elementor-column elementor-col-66 elementor-top-column elementor-element elementor-element-c9263fb sc_layouts_column_icons_position_left\" data-id=\"c9263fb\" data-element_type=\"column\" data-settings=\"{&quot;background_background&quot;:&quot;classic&quot;}\">\n\t\t\t<div class=\"elementor-widget-wrap elementor-element-populated\">\n\t\t\t\t\t\t<div class=\"elementor-element elementor-element-deb2631 elementor-widget elementor-widget-spacer\" data-id=\"deb2631\" data-element_type=\"widget\" data-widget_type=\"spacer.default\">\n\t\t\t\t<div class=\"elementor-widget-container\">\n\t\t\t\t\t\t\t<div class=\"elementor-spacer\">\n\t\t\t<div class=\"elementor-spacer-inner\"><\/div>\n\t\t<\/div>\n\t\t\t\t\t\t<\/div>\n\t\t\t\t<\/div>\n\t\t\t\t<div class=\"elementor-element elementor-element-89110c4 elementor-position-left elementor-view-default elementor-mobile-position-top elementor-vertical-align-top elementor-widget elementor-widget-icon-box\" data-id=\"89110c4\" data-element_type=\"widget\" data-widget_type=\"icon-box.default\">\n\t\t\t\t<div class=\"elementor-widget-container\">\n\t\t\t\t\t\t\t<div class=\"elementor-icon-box-wrapper\">\n\n\t\t\t\t\t\t<div class=\"elementor-icon-box-icon\">\n\t\t\t\t<span  class=\"elementor-icon\">\n\t\t\t\t<i aria-hidden=\"true\" class=\"fas fa-quote-left\"><\/i>\t\t\t\t<\/span>\n\t\t\t<\/div>\n\t\t\t\n\t\t\t\t\t\t<div class=\"elementor-icon-box-content\">\n\n\t\t\t\t\t\t\t\t\t<h5 class=\"elementor-icon-box-title\">\n\t\t\t\t\t\t<span  >\n\t\t\t\t\t\t\tCom'\u00e8 nata l'idea di \"Meta\"? \t\t\t\t\t\t<\/span>\n\t\t\t\t\t<\/h5>\n\t\t\t\t\n\t\t\t\t\t\t\t\t\t<p class=\"elementor-icon-box-description\">\n\t\t\t\t\t\tUna buona storia non arriva mai al primo colpo. Ho passato settimane a cercare un\u2019idea, un punto di inizio per la mia storia e alla fine ho trovato un punto di arrivo. \n<b>Per molti escursionisti che visitano la nostra valle, il nostro monte \u00e8 una bella sfida. Un percorso da affrontare, una \u201cMeta\u201d da raggiungere, anche pi\u00f9 volte. Era tutto l\u00ec. <\/b>\nPoi, ho trovato anche il miglior modo di raccontarla, attraverso i disegni e le animazioni di Federica Massini.\n\t\t\t\t\t<\/p>\n\t\t\t\t\n\t\t\t<\/div>\n\t\t\t\n\t\t<\/div>\n\t\t\t\t\t\t<\/div>\n\t\t\t\t<\/div>\n\t\t\t\t<div class=\"elementor-element elementor-element-9ac8ec6 elementor-widget elementor-widget-spacer\" data-id=\"9ac8ec6\" data-element_type=\"widget\" data-widget_type=\"spacer.default\">\n\t\t\t\t<div class=\"elementor-widget-container\">\n\t\t\t\t\t\t\t<div class=\"elementor-spacer\">\n\t\t\t<div class=\"elementor-spacer-inner\"><\/div>\n\t\t<\/div>\n\t\t\t\t\t\t<\/div>\n\t\t\t\t<\/div>\n\t\t\t\t\t<\/div>\n\t\t<\/div>\n\t\t\t\t<div class=\"elementor-column elementor-col-16 elementor-top-column elementor-element elementor-element-6b5bbf7 sc_layouts_column_icons_position_left\" data-id=\"6b5bbf7\" data-element_type=\"column\">\n\t\t\t<div class=\"elementor-widget-wrap\">\n\t\t\t\t\t\t\t<\/div>\n\t\t<\/div>\n\t\t\t\t\t<\/div>\n\t\t<\/section>\n\t\t\t\t<section class=\"elementor-section elementor-top-section elementor-element elementor-element-d41687c elementor-hidden-tablet elementor-section-boxed elementor-section-height-default elementor-section-height-default\" data-id=\"d41687c\" data-element_type=\"section\">\n\t\t\t\t\t\t<div class=\"elementor-container elementor-column-gap-extended\">\n\t\t\t\t\t<div class=\"elementor-column elementor-col-100 elementor-top-column elementor-element elementor-element-003b787 sc_layouts_column_icons_position_left\" data-id=\"003b787\" data-element_type=\"column\">\n\t\t\t<div class=\"elementor-widget-wrap elementor-element-populated\">\n\t\t\t\t\t\t<div class=\"elementor-element elementor-element-0018a10 elementor-widget elementor-widget-spacer\" data-id=\"0018a10\" data-element_type=\"widget\" data-widget_type=\"spacer.default\">\n\t\t\t\t<div class=\"elementor-widget-container\">\n\t\t\t\t\t\t\t<div class=\"elementor-spacer\">\n\t\t\t<div class=\"elementor-spacer-inner\"><\/div>\n\t\t<\/div>\n\t\t\t\t\t\t<\/div>\n\t\t\t\t<\/div>\n\t\t\t\t\t<\/div>\n\t\t<\/div>\n\t\t\t\t\t<\/div>\n\t\t<\/section>\n\t\t\t\t<section class=\"elementor-section elementor-top-section elementor-element elementor-element-1345587 elementor-section-stretched elementor-section-boxed elementor-section-height-default elementor-section-height-default\" data-id=\"1345587\" data-element_type=\"section\" data-settings=\"{&quot;stretch_section&quot;:&quot;section-stretched&quot;}\">\n\t\t\t\t\t\t<div class=\"elementor-container elementor-column-gap-extended\">\n\t\t\t\t\t<div class=\"elementor-column elementor-col-16 elementor-top-column elementor-element elementor-element-28d1f5c sc_layouts_column_icons_position_left\" data-id=\"28d1f5c\" data-element_type=\"column\">\n\t\t\t<div class=\"elementor-widget-wrap\">\n\t\t\t\t\t\t\t<\/div>\n\t\t<\/div>\n\t\t\t\t<div class=\"elementor-column elementor-col-66 elementor-top-column elementor-element elementor-element-9ac8f93 sc_layouts_column_icons_position_left\" data-id=\"9ac8f93\" data-element_type=\"column\" data-settings=\"{&quot;background_background&quot;:&quot;classic&quot;}\">\n\t\t\t<div class=\"elementor-widget-wrap elementor-element-populated\">\n\t\t\t\t\t\t<div class=\"elementor-element elementor-element-aba2e4f elementor-widget elementor-widget-spacer\" data-id=\"aba2e4f\" data-element_type=\"widget\" data-widget_type=\"spacer.default\">\n\t\t\t\t<div class=\"elementor-widget-container\">\n\t\t\t\t\t\t\t<div class=\"elementor-spacer\">\n\t\t\t<div class=\"elementor-spacer-inner\"><\/div>\n\t\t<\/div>\n\t\t\t\t\t\t<\/div>\n\t\t\t\t<\/div>\n\t\t\t\t<div class=\"elementor-element elementor-element-9a19745 elementor-position-left elementor-view-default elementor-mobile-position-top elementor-vertical-align-top elementor-widget elementor-widget-icon-box\" data-id=\"9a19745\" data-element_type=\"widget\" data-widget_type=\"icon-box.default\">\n\t\t\t\t<div class=\"elementor-widget-container\">\n\t\t\t\t\t\t\t<div class=\"elementor-icon-box-wrapper\">\n\n\t\t\t\t\t\t<div class=\"elementor-icon-box-icon\">\n\t\t\t\t<span  class=\"elementor-icon\">\n\t\t\t\t<i aria-hidden=\"true\" class=\"fas fa-quote-left\"><\/i>\t\t\t\t<\/span>\n\t\t\t<\/div>\n\t\t\t\n\t\t\t\t\t\t<div class=\"elementor-icon-box-content\">\n\n\t\t\t\t\t\t\t\t\t<h5 class=\"elementor-icon-box-title\">\n\t\t\t\t\t\t<span  >\n\t\t\t\t\t\t\tIn pochi minuti hai raccontato una storia di crescita a cui fanno da sfondo le bellezze naturali, storiche e artistiche del territorio. Come sono collegate le due cose? \t\t\t\t\t\t<\/span>\n\t\t\t\t\t<\/h5>\n\t\t\t\t\n\t\t\t\t\t\t\t\t\t<p class=\"elementor-icon-box-description\">\n\t\t\t\t\t\tQuando si racconta una storia, non dobbiamo dimenticarci il dove tutto succede. L\u2019attenzione cade, principalmente, sui protagonisti e siamo curiosi di sapere cosa succeder\u00e0 e il tutto si svolge da qualche parte, ma non sempre il \u201cluogo\u201d \u00e8 cos\u00ec importante nella storia. \nIn questo caso per\u00f2,<b> la Valle di Comino non \u00e8 solo un posto dove succedono cose, solo una cornice. Qui \u00e8 anche protagonista. <\/b>\nLa storia si evolve, cresce in un luogo che li rappresenta e si identifica con i protagonisti. <b>Una valle accogliente e amorevole, maestra e amica, ma anche difficile e faticosa. Un posto reale, da vedere e da provare.   <\/b> \t\t\t\t\t<\/p>\n\t\t\t\t\n\t\t\t<\/div>\n\t\t\t\n\t\t<\/div>\n\t\t\t\t\t\t<\/div>\n\t\t\t\t<\/div>\n\t\t\t\t<div class=\"elementor-element elementor-element-c7824f1 elementor-widget elementor-widget-spacer\" data-id=\"c7824f1\" data-element_type=\"widget\" data-widget_type=\"spacer.default\">\n\t\t\t\t<div class=\"elementor-widget-container\">\n\t\t\t\t\t\t\t<div class=\"elementor-spacer\">\n\t\t\t<div class=\"elementor-spacer-inner\"><\/div>\n\t\t<\/div>\n\t\t\t\t\t\t<\/div>\n\t\t\t\t<\/div>\n\t\t\t\t\t<\/div>\n\t\t<\/div>\n\t\t\t\t<div class=\"elementor-column elementor-col-16 elementor-top-column elementor-element elementor-element-f3ef167 sc_layouts_column_icons_position_left\" data-id=\"f3ef167\" data-element_type=\"column\">\n\t\t\t<div class=\"elementor-widget-wrap\">\n\t\t\t\t\t\t\t<\/div>\n\t\t<\/div>\n\t\t\t\t\t<\/div>\n\t\t<\/section>\n\t\t\t\t<section class=\"elementor-section elementor-top-section elementor-element elementor-element-b80d8fa elementor-section-stretched elementor-hidden-tablet elementor-section-boxed elementor-section-height-default elementor-section-height-default\" data-id=\"b80d8fa\" data-element_type=\"section\" data-settings=\"{&quot;stretch_section&quot;:&quot;section-stretched&quot;}\">\n\t\t\t\t\t\t<div class=\"elementor-container elementor-column-gap-extended\">\n\t\t\t\t\t<div class=\"elementor-column elementor-col-100 elementor-top-column elementor-element elementor-element-09da5fe sc_layouts_column_icons_position_left\" data-id=\"09da5fe\" data-element_type=\"column\">\n\t\t\t<div class=\"elementor-widget-wrap elementor-element-populated\">\n\t\t\t\t\t\t<div class=\"elementor-element elementor-element-25e5516 elementor-widget elementor-widget-spacer\" data-id=\"25e5516\" data-element_type=\"widget\" data-widget_type=\"spacer.default\">\n\t\t\t\t<div class=\"elementor-widget-container\">\n\t\t\t\t\t\t\t<div class=\"elementor-spacer\">\n\t\t\t<div class=\"elementor-spacer-inner\"><\/div>\n\t\t<\/div>\n\t\t\t\t\t\t<\/div>\n\t\t\t\t<\/div>\n\t\t\t\t\t<\/div>\n\t\t<\/div>\n\t\t\t\t\t<\/div>\n\t\t<\/section>\n\t\t\t\t<section class=\"elementor-section elementor-top-section elementor-element elementor-element-5054901 elementor-section-stretched elementor-section-boxed elementor-section-height-default elementor-section-height-default\" data-id=\"5054901\" data-element_type=\"section\" data-settings=\"{&quot;stretch_section&quot;:&quot;section-stretched&quot;}\">\n\t\t\t\t\t\t<div class=\"elementor-container elementor-column-gap-extended\">\n\t\t\t\t\t<div class=\"elementor-column elementor-col-16 elementor-top-column elementor-element elementor-element-1010d27 sc_layouts_column_icons_position_left\" data-id=\"1010d27\" data-element_type=\"column\">\n\t\t\t<div class=\"elementor-widget-wrap\">\n\t\t\t\t\t\t\t<\/div>\n\t\t<\/div>\n\t\t\t\t<div class=\"elementor-column elementor-col-66 elementor-top-column elementor-element elementor-element-2e22eea sc_layouts_column_icons_position_left\" data-id=\"2e22eea\" data-element_type=\"column\" data-settings=\"{&quot;background_background&quot;:&quot;classic&quot;}\">\n\t\t\t<div class=\"elementor-widget-wrap elementor-element-populated\">\n\t\t\t\t\t\t<div class=\"elementor-element elementor-element-c00e30a elementor-widget elementor-widget-spacer\" data-id=\"c00e30a\" data-element_type=\"widget\" data-widget_type=\"spacer.default\">\n\t\t\t\t<div class=\"elementor-widget-container\">\n\t\t\t\t\t\t\t<div class=\"elementor-spacer\">\n\t\t\t<div class=\"elementor-spacer-inner\"><\/div>\n\t\t<\/div>\n\t\t\t\t\t\t<\/div>\n\t\t\t\t<\/div>\n\t\t\t\t<div class=\"elementor-element elementor-element-4844998 elementor-position-left elementor-view-default elementor-mobile-position-top elementor-vertical-align-top elementor-widget elementor-widget-icon-box\" data-id=\"4844998\" data-element_type=\"widget\" data-widget_type=\"icon-box.default\">\n\t\t\t\t<div class=\"elementor-widget-container\">\n\t\t\t\t\t\t\t<div class=\"elementor-icon-box-wrapper\">\n\n\t\t\t\t\t\t<div class=\"elementor-icon-box-icon\">\n\t\t\t\t<span  class=\"elementor-icon\">\n\t\t\t\t<i aria-hidden=\"true\" class=\"fas fa-quote-left\"><\/i>\t\t\t\t<\/span>\n\t\t\t<\/div>\n\t\t\t\n\t\t\t\t\t\t<div class=\"elementor-icon-box-content\">\n\n\t\t\t\t\t\t\t\t\t<h5 class=\"elementor-icon-box-title\">\n\t\t\t\t\t\t<span  >\n\t\t\t\t\t\t\tLe arti possono svolgere un ruolo importante nella comunicazione di una destinazione, valorizzando ci\u00f2 che \u00e8 gi\u00e0 presente e aiutando a costruire un nuovo tipo di narrazione e anche di fruizione. Come pensi che raccontare l'unicit\u00e0 della Valle di Comino e della Ciociaria possa aiutare uno sviluppo turistico sostenibile del territorio?\t\t\t\t\t\t<\/span>\n\t\t\t\t\t<\/h5>\n\t\t\t\t\n\t\t\t\t\t\t\t\t\t<p class=\"elementor-icon-box-description\">\n\t\t\t\t\t\tDietro un palazzo ducale, un monumento o un semplice piatto tradizionale, si nasconde una storia. La sua narrazione \u00e8 fondamentale per valorizzarlo. La sua storia lo ha portato a essere quel che \u00e8.  \nPoi, <b>raccontare \u00e8 da sempre un momento di aggregazione e spesso di stimolo a scoprirne di pi\u00f9. Non solo come richiamo a visitare la nostra bellissima Valle, ma anche per chi ci vive. Ci rende pi\u00f9 uniti e quindi pi\u00f9 forti.  \nIl mio invito \u00e8 quello di cercare e ascoltare i racconti dei nostri nonni, non dimenticarle e farle nostre. E poi trovare il coraggio di crearne di nuove.<\/b>\nCos\u00ec saremo pronti a raccontarle, a chi vorr\u00e0 venire a sentirle.\t\t\t\t\t<\/p>\n\t\t\t\t\n\t\t\t<\/div>\n\t\t\t\n\t\t<\/div>\n\t\t\t\t\t\t<\/div>\n\t\t\t\t<\/div>\n\t\t\t\t<div class=\"elementor-element elementor-element-a079d20 elementor-widget elementor-widget-spacer\" data-id=\"a079d20\" data-element_type=\"widget\" data-widget_type=\"spacer.default\">\n\t\t\t\t<div class=\"elementor-widget-container\">\n\t\t\t\t\t\t\t<div class=\"elementor-spacer\">\n\t\t\t<div class=\"elementor-spacer-inner\"><\/div>\n\t\t<\/div>\n\t\t\t\t\t\t<\/div>\n\t\t\t\t<\/div>\n\t\t\t\t\t<\/div>\n\t\t<\/div>\n\t\t\t\t<div class=\"elementor-column elementor-col-16 elementor-top-column elementor-element elementor-element-b25b7db sc_layouts_column_icons_position_left\" data-id=\"b25b7db\" data-element_type=\"column\">\n\t\t\t<div class=\"elementor-widget-wrap\">\n\t\t\t\t\t\t\t<\/div>\n\t\t<\/div>\n\t\t\t\t\t<\/div>\n\t\t<\/section>\n\t\t\t\t<section class=\"elementor-section elementor-top-section elementor-element elementor-element-b5e5307 elementor-section-stretched elementor-hidden-mobile elementor-section-boxed elementor-section-height-default elementor-section-height-default\" data-id=\"b5e5307\" data-element_type=\"section\" data-settings=\"{&quot;stretch_section&quot;:&quot;section-stretched&quot;}\">\n\t\t\t\t\t\t<div class=\"elementor-container elementor-column-gap-extended\">\n\t\t\t\t\t<div class=\"elementor-column elementor-col-100 elementor-top-column elementor-element elementor-element-403e2ff sc_layouts_column_icons_position_left\" data-id=\"403e2ff\" data-element_type=\"column\">\n\t\t\t<div class=\"elementor-widget-wrap elementor-element-populated\">\n\t\t\t\t\t\t<div class=\"elementor-element elementor-element-96b61ac elementor-widget elementor-widget-spacer\" data-id=\"96b61ac\" data-element_type=\"widget\" data-widget_type=\"spacer.default\">\n\t\t\t\t<div class=\"elementor-widget-container\">\n\t\t\t\t\t\t\t<div class=\"elementor-spacer\">\n\t\t\t<div class=\"elementor-spacer-inner\"><\/div>\n\t\t<\/div>\n\t\t\t\t\t\t<\/div>\n\t\t\t\t<\/div>\n\t\t\t\t<div class=\"elementor-element elementor-element-7830b55 elementor-widget elementor-widget-heading\" data-id=\"7830b55\" data-element_type=\"widget\" data-widget_type=\"heading.default\">\n\t\t\t\t<div class=\"elementor-widget-container\">\n\t\t\t\t\t<h1 class=\"elementor-heading-title elementor-size-default\">FOTO<\/h1>\t\t\t\t<\/div>\n\t\t\t\t<\/div>\n\t\t\t\t<div class=\"elementor-element elementor-element-58c4ab6 elementor-widget-divider--view-line elementor-widget elementor-widget-divider\" data-id=\"58c4ab6\" data-element_type=\"widget\" data-widget_type=\"divider.default\">\n\t\t\t\t<div class=\"elementor-widget-container\">\n\t\t\t\t\t\t\t<div class=\"elementor-divider\">\n\t\t\t<span class=\"elementor-divider-separator\">\n\t\t\t\t\t\t<\/span>\n\t\t<\/div>\n\t\t\t\t\t\t<\/div>\n\t\t\t\t<\/div>\n\t\t\t\t<div class=\"elementor-element elementor-element-55f454e elementor-widget elementor-widget-spacer\" data-id=\"55f454e\" data-element_type=\"widget\" data-widget_type=\"spacer.default\">\n\t\t\t\t<div class=\"elementor-widget-container\">\n\t\t\t\t\t\t\t<div class=\"elementor-spacer\">\n\t\t\t<div class=\"elementor-spacer-inner\"><\/div>\n\t\t<\/div>\n\t\t\t\t\t\t<\/div>\n\t\t\t\t<\/div>\n\t\t\t\t\t<\/div>\n\t\t<\/div>\n\t\t\t\t\t<\/div>\n\t\t<\/section>\n\t\t\t\t<section class=\"elementor-section elementor-top-section elementor-element elementor-element-1a17285 elementor-section-stretched elementor-hidden-desktop elementor-hidden-tablet elementor-section-boxed elementor-section-height-default elementor-section-height-default\" data-id=\"1a17285\" data-element_type=\"section\" data-settings=\"{&quot;stretch_section&quot;:&quot;section-stretched&quot;}\">\n\t\t\t\t\t\t<div class=\"elementor-container elementor-column-gap-extended\">\n\t\t\t\t\t<div class=\"elementor-column elementor-col-100 elementor-top-column elementor-element elementor-element-0eec382 sc_layouts_column_icons_position_left\" data-id=\"0eec382\" data-element_type=\"column\">\n\t\t\t<div class=\"elementor-widget-wrap elementor-element-populated\">\n\t\t\t\t\t\t<div class=\"elementor-element elementor-element-35e41a4 elementor-widget elementor-widget-spacer\" data-id=\"35e41a4\" data-element_type=\"widget\" data-widget_type=\"spacer.default\">\n\t\t\t\t<div class=\"elementor-widget-container\">\n\t\t\t\t\t\t\t<div class=\"elementor-spacer\">\n\t\t\t<div class=\"elementor-spacer-inner\"><\/div>\n\t\t<\/div>\n\t\t\t\t\t\t<\/div>\n\t\t\t\t<\/div>\n\t\t\t\t<div class=\"elementor-element elementor-element-bf048b0 elementor-widget elementor-widget-heading\" data-id=\"bf048b0\" data-element_type=\"widget\" data-widget_type=\"heading.default\">\n\t\t\t\t<div class=\"elementor-widget-container\">\n\t\t\t\t\t<h1 class=\"elementor-heading-title elementor-size-default\">FOTO<\/h1>\t\t\t\t<\/div>\n\t\t\t\t<\/div>\n\t\t\t\t<div class=\"elementor-element elementor-element-d5eeb4b elementor-widget-divider--view-line elementor-widget elementor-widget-divider\" data-id=\"d5eeb4b\" data-element_type=\"widget\" data-widget_type=\"divider.default\">\n\t\t\t\t<div class=\"elementor-widget-container\">\n\t\t\t\t\t\t\t<div class=\"elementor-divider\">\n\t\t\t<span class=\"elementor-divider-separator\">\n\t\t\t\t\t\t<\/span>\n\t\t<\/div>\n\t\t\t\t\t\t<\/div>\n\t\t\t\t<\/div>\n\t\t\t\t<div class=\"elementor-element elementor-element-b48bf5b elementor-widget elementor-widget-spacer\" data-id=\"b48bf5b\" data-element_type=\"widget\" data-widget_type=\"spacer.default\">\n\t\t\t\t<div class=\"elementor-widget-container\">\n\t\t\t\t\t\t\t<div class=\"elementor-spacer\">\n\t\t\t<div class=\"elementor-spacer-inner\"><\/div>\n\t\t<\/div>\n\t\t\t\t\t\t<\/div>\n\t\t\t\t<\/div>\n\t\t\t\t\t<\/div>\n\t\t<\/div>\n\t\t\t\t\t<\/div>\n\t\t<\/section>\n\t\t\t\t<section class=\"elementor-section elementor-top-section elementor-element elementor-element-363124a elementor-section-stretched elementor-section-boxed elementor-section-height-default elementor-section-height-default\" data-id=\"363124a\" data-element_type=\"section\" data-settings=\"{&quot;stretch_section&quot;:&quot;section-stretched&quot;}\">\n\t\t\t\t\t\t<div class=\"elementor-container elementor-column-gap-extended\">\n\t\t\t\t\t<div class=\"elementor-column elementor-col-100 elementor-top-column elementor-element elementor-element-1fe89e8 sc_layouts_column_icons_position_left\" data-id=\"1fe89e8\" data-element_type=\"column\">\n\t\t\t<div class=\"elementor-widget-wrap elementor-element-populated\">\n\t\t\t\t\t\t<div class=\"elementor-element elementor-element-b0ed8ad elementor-arrows-position-outside elementor-pagination-position-outside elementor-widget elementor-widget-image-carousel\" data-id=\"b0ed8ad\" data-element_type=\"widget\" data-settings=\"{&quot;slides_to_show&quot;:&quot;2&quot;,&quot;slides_to_scroll&quot;:&quot;2&quot;,&quot;image_spacing_custom&quot;:{&quot;unit&quot;:&quot;px&quot;,&quot;size&quot;:25,&quot;sizes&quot;:[]},&quot;navigation&quot;:&quot;both&quot;,&quot;autoplay&quot;:&quot;yes&quot;,&quot;pause_on_hover&quot;:&quot;yes&quot;,&quot;pause_on_interaction&quot;:&quot;yes&quot;,&quot;autoplay_speed&quot;:5000,&quot;infinite&quot;:&quot;yes&quot;,&quot;speed&quot;:500,&quot;image_spacing_custom_tablet&quot;:{&quot;unit&quot;:&quot;px&quot;,&quot;size&quot;:&quot;&quot;,&quot;sizes&quot;:[]},&quot;image_spacing_custom_mobile&quot;:{&quot;unit&quot;:&quot;px&quot;,&quot;size&quot;:&quot;&quot;,&quot;sizes&quot;:[]}}\" data-widget_type=\"image-carousel.default\">\n\t\t\t\t<div class=\"elementor-widget-container\">\n\t\t\t\t\t\t\t<div class=\"elementor-image-carousel-wrapper swiper\" role=\"region\" aria-roledescription=\"carousel\" aria-label=\"Image Carousel\" dir=\"ltr\">\n\t\t\t<div class=\"elementor-image-carousel swiper-wrapper\" aria-live=\"off\">\n\t\t\t\t\t\t\t\t<div class=\"swiper-slide\" role=\"group\" aria-roledescription=\"slide\" aria-label=\"1 of 15\"><figure class=\"swiper-slide-inner\"><img decoding=\"async\" class=\"swiper-slide-image\" src=\"https:\/\/www.dmociociariavalledicomino.it\/wp-content\/uploads\/2023\/05\/META.-Una-volta-e-per-sempre-0-46-screenshot-1024x576.png\" alt=\"META. Una volta e per sempre 0-46 screenshot\" \/><\/figure><\/div><div class=\"swiper-slide\" role=\"group\" aria-roledescription=\"slide\" aria-label=\"2 of 15\"><figure class=\"swiper-slide-inner\"><img decoding=\"async\" class=\"swiper-slide-image\" src=\"https:\/\/www.dmociociariavalledicomino.it\/wp-content\/uploads\/2023\/05\/META.-Una-volta-e-per-sempre-0-53-screenshot-1024x576.png\" alt=\"META. Una volta e per sempre 0-53 screenshot\" \/><\/figure><\/div><div class=\"swiper-slide\" role=\"group\" aria-roledescription=\"slide\" aria-label=\"3 of 15\"><figure class=\"swiper-slide-inner\"><img decoding=\"async\" class=\"swiper-slide-image\" src=\"https:\/\/www.dmociociariavalledicomino.it\/wp-content\/uploads\/2023\/05\/META.-Una-volta-e-per-sempre-1-5-screenshot-1024x576.png\" alt=\"META. Una volta e per sempre 1-5 screenshot\" \/><\/figure><\/div><div class=\"swiper-slide\" role=\"group\" aria-roledescription=\"slide\" aria-label=\"4 of 15\"><figure class=\"swiper-slide-inner\"><img decoding=\"async\" class=\"swiper-slide-image\" src=\"https:\/\/www.dmociociariavalledicomino.it\/wp-content\/uploads\/2023\/05\/META.-Una-volta-e-per-sempre-1-16-screenshot-1024x576.png\" alt=\"META. Una volta e per sempre 1-16 screenshot\" \/><\/figure><\/div><div class=\"swiper-slide\" role=\"group\" aria-roledescription=\"slide\" aria-label=\"5 of 15\"><figure class=\"swiper-slide-inner\"><img decoding=\"async\" class=\"swiper-slide-image\" src=\"https:\/\/www.dmociociariavalledicomino.it\/wp-content\/uploads\/2023\/05\/META.-Una-volta-e-per-sempre-1-23-screenshot-1024x576.png\" alt=\"META. Una volta e per sempre 1-23 screenshot\" \/><\/figure><\/div><div class=\"swiper-slide\" role=\"group\" aria-roledescription=\"slide\" aria-label=\"6 of 15\"><figure class=\"swiper-slide-inner\"><img decoding=\"async\" class=\"swiper-slide-image\" src=\"https:\/\/www.dmociociariavalledicomino.it\/wp-content\/uploads\/2023\/05\/META.-Una-volta-e-per-sempre-1-29-screenshot-1024x576.png\" alt=\"META. Una volta e per sempre 1-29 screenshot\" \/><\/figure><\/div><div class=\"swiper-slide\" role=\"group\" aria-roledescription=\"slide\" aria-label=\"7 of 15\"><figure class=\"swiper-slide-inner\"><img decoding=\"async\" class=\"swiper-slide-image\" src=\"https:\/\/www.dmociociariavalledicomino.it\/wp-content\/uploads\/2023\/05\/META.-Una-volta-e-per-sempre-2-4-screenshot-1024x576.png\" alt=\"META. Una volta e per sempre 2-4 screenshot\" \/><\/figure><\/div><div class=\"swiper-slide\" role=\"group\" aria-roledescription=\"slide\" aria-label=\"8 of 15\"><figure class=\"swiper-slide-inner\"><img decoding=\"async\" class=\"swiper-slide-image\" src=\"https:\/\/www.dmociociariavalledicomino.it\/wp-content\/uploads\/2023\/05\/META.-Una-volta-e-per-sempre-2-30-screenshot-1024x576.png\" alt=\"META. Una volta e per sempre 2-30 screenshot\" \/><\/figure><\/div><div class=\"swiper-slide\" role=\"group\" aria-roledescription=\"slide\" aria-label=\"9 of 15\"><figure class=\"swiper-slide-inner\"><img decoding=\"async\" class=\"swiper-slide-image\" src=\"https:\/\/www.dmociociariavalledicomino.it\/wp-content\/uploads\/2023\/05\/META.-Una-volta-e-per-sempre-2-38-screenshot-1024x576.png\" alt=\"META. Una volta e per sempre 2-38 screenshot\" \/><\/figure><\/div><div class=\"swiper-slide\" role=\"group\" aria-roledescription=\"slide\" aria-label=\"10 of 15\"><figure class=\"swiper-slide-inner\"><img decoding=\"async\" class=\"swiper-slide-image\" src=\"https:\/\/www.dmociociariavalledicomino.it\/wp-content\/uploads\/2023\/05\/META.-Una-volta-e-per-sempre-2-51-screenshot-1024x576.png\" alt=\"META. Una volta e per sempre 2-51 screenshot\" \/><\/figure><\/div><div class=\"swiper-slide\" role=\"group\" aria-roledescription=\"slide\" aria-label=\"11 of 15\"><figure class=\"swiper-slide-inner\"><img decoding=\"async\" class=\"swiper-slide-image\" src=\"https:\/\/www.dmociociariavalledicomino.it\/wp-content\/uploads\/2023\/05\/META.-Una-volta-e-per-sempre-3-12-screenshot-1024x576.png\" alt=\"META. Una volta e per sempre 3-12 screenshot\" \/><\/figure><\/div><div class=\"swiper-slide\" role=\"group\" aria-roledescription=\"slide\" aria-label=\"12 of 15\"><figure class=\"swiper-slide-inner\"><img decoding=\"async\" class=\"swiper-slide-image\" src=\"https:\/\/www.dmociociariavalledicomino.it\/wp-content\/uploads\/2023\/05\/META.-Una-volta-e-per-sempre-3-53-screenshot-1024x576.png\" alt=\"META. Una volta e per sempre 3-53 screenshot\" \/><\/figure><\/div><div class=\"swiper-slide\" role=\"group\" aria-roledescription=\"slide\" aria-label=\"13 of 15\"><figure class=\"swiper-slide-inner\"><img decoding=\"async\" class=\"swiper-slide-image\" src=\"https:\/\/www.dmociociariavalledicomino.it\/wp-content\/uploads\/2023\/05\/META.-Una-volta-e-per-sempre-4-14-screenshot-1024x576.png\" alt=\"META. Una volta e per sempre 4-14 screenshot\" \/><\/figure><\/div><div class=\"swiper-slide\" role=\"group\" aria-roledescription=\"slide\" aria-label=\"14 of 15\"><figure class=\"swiper-slide-inner\"><img decoding=\"async\" class=\"swiper-slide-image\" src=\"https:\/\/www.dmociociariavalledicomino.it\/wp-content\/uploads\/2023\/05\/META.-Una-volta-e-per-sempre-4-27-screenshot-1024x576.png\" alt=\"META. Una volta e per sempre 4-27 screenshot\" \/><\/figure><\/div><div class=\"swiper-slide\" role=\"group\" aria-roledescription=\"slide\" aria-label=\"15 of 15\"><figure class=\"swiper-slide-inner\"><img decoding=\"async\" class=\"swiper-slide-image\" src=\"https:\/\/www.dmociociariavalledicomino.it\/wp-content\/uploads\/2023\/05\/META.-Una-volta-e-per-sempre-4-34-screenshot-1-1024x576.png\" alt=\"META. Una volta e per sempre 4-34 screenshot (1)\" \/><\/figure><\/div>\t\t\t<\/div>\n\t\t\t\t\t\t\t\t\t\t\t\t<div class=\"elementor-swiper-button elementor-swiper-button-prev\" role=\"button\" tabindex=\"0\">\n\t\t\t\t\t\t<i aria-hidden=\"true\" class=\"eicon-chevron-left\"><\/i>\t\t\t\t\t<\/div>\n\t\t\t\t\t<div class=\"elementor-swiper-button elementor-swiper-button-next\" role=\"button\" tabindex=\"0\">\n\t\t\t\t\t\t<i aria-hidden=\"true\" class=\"eicon-chevron-right\"><\/i>\t\t\t\t\t<\/div>\n\t\t\t\t\n\t\t\t\t\t\t\t\t\t<div class=\"swiper-pagination\"><\/div>\n\t\t\t\t\t\t\t\t\t<\/div>\n\t\t\t\t\t\t<\/div>\n\t\t\t\t<\/div>\n\t\t\t\t<div class=\"elementor-element elementor-element-76f3350 elementor-align-center elementor-widget elementor-widget-button\" data-id=\"76f3350\" data-element_type=\"widget\" data-widget_type=\"button.default\">\n\t\t\t\t<div class=\"elementor-widget-container\">\n\t\t\t\t\t\t\t\t\t<div class=\"elementor-button-wrapper\">\n\t\t\t\t\t<a class=\"elementor-button elementor-button-link elementor-size-md\" href=\"https:\/\/www.youtube.com\/watch?v=ulGPtzYdAcI\">\n\t\t\t\t\t\t<span class=\"elementor-button-content-wrapper\">\n\t\t\t\t\t\t\t\t\t<span class=\"elementor-button-text\">\u00a9 CREDIT META. UNA VOLTA E PER SEMPRE.<\/span>\n\t\t\t\t\t<\/span>\n\t\t\t\t\t<\/a>\n\t\t\t\t<\/div>\n\t\t\t\t\t\t\t\t<\/div>\n\t\t\t\t<\/div>\n\t\t\t\t<div class=\"elementor-element elementor-element-1cac2ef elementor-widget elementor-widget-spacer\" data-id=\"1cac2ef\" data-element_type=\"widget\" data-widget_type=\"spacer.default\">\n\t\t\t\t<div class=\"elementor-widget-container\">\n\t\t\t\t\t\t\t<div class=\"elementor-spacer\">\n\t\t\t<div class=\"elementor-spacer-inner\"><\/div>\n\t\t<\/div>\n\t\t\t\t\t\t<\/div>\n\t\t\t\t<\/div>\n\t\t\t\t\t<\/div>\n\t\t<\/div>\n\t\t\t\t\t<\/div>\n\t\t<\/section>\n\t\t\t\t<\/div>","protected":false},"excerpt":{"rendered":"<p>\u201cMeta. Una volta. Per Sempre\u201d &#8211; Intervista ad Adamo D\u2019Agostino Intervista al poliedrico Adamo D\u2019Agostino, autore del corto dedicato alla Valle di Comino \u201cMeta. Una volta. Per Sempre\u201d &#8211; Intervista ad Adamo D\u2019Agostino Intervista al poliedrico Adamo D\u2019Agostino, autore del corto dedicato alla Valle di Comino Adamo \u00e8 l\u2019artista poliedrico, la penna irrefrenabile che ha firmato \u201cMeta. Una volta. Per&hellip;<\/p>","protected":false},"author":1,"featured_media":10431,"comment_status":"closed","ping_status":"closed","sticky":false,"template":"","format":"standard","meta":{"footnotes":""},"categories":[75],"tags":[224,227,223,199,225,226,228,229,73,76],"class_list":["post-10404","post","type-post","status-publish","format-standard","has-post-thumbnail","hentry","category-blog","tag-adamo-dagostino","tag-comunicazione","tag-corto-animato","tag-destinazione-turistica","tag-docente","tag-illustratore","tag-meta","tag-monte-meta","tag-turismo","tag-valle-di-comino"],"acf":[],"yoast_head":"<!-- This site is optimized with the Yoast SEO plugin v24.6 - https:\/\/yoast.com\/wordpress\/plugins\/seo\/ -->\n<title>\u201cMeta. Una volta. Per Sempre\u201d - Intervista ad Adamo D\u2019Agostino<\/title>\n<meta name=\"description\" content=\"\u201cMeta. Una volta. Per Sempre\u201d: Intervista al poliedrico Adamo D\u2019Agostino, autore del corto dedicato alla Valle di Comino.\" \/>\n<meta name=\"robots\" content=\"index, follow, max-snippet:-1, max-image-preview:large, max-video-preview:-1\" \/>\n<link rel=\"canonical\" href=\"https:\/\/www.dmociociariavalledicomino.it\/en\/meta-una-volta-per-sempre-intervista-ad-adamo-d-agostino\/\" \/>\n<meta property=\"og:locale\" content=\"en_GB\" \/>\n<meta property=\"og:type\" content=\"article\" \/>\n<meta property=\"og:title\" content=\"\u201cMeta. Una volta. Per Sempre\u201d - Intervista ad Adamo D\u2019Agostino\" \/>\n<meta property=\"og:description\" content=\"\u201cMeta. Una volta. Per Sempre\u201d: Intervista al poliedrico Adamo D\u2019Agostino, autore del corto dedicato alla Valle di Comino.\" \/>\n<meta property=\"og:url\" content=\"https:\/\/www.dmociociariavalledicomino.it\/en\/meta-una-volta-per-sempre-intervista-ad-adamo-d-agostino\/\" \/>\n<meta property=\"og:site_name\" content=\"DMO Ciociaria Valle di Comino\" \/>\n<meta property=\"article:published_time\" content=\"2023-05-30T06:30:00+00:00\" \/>\n<meta property=\"article:modified_time\" content=\"2023-10-04T10:43:25+00:00\" \/>\n<meta property=\"og:image\" content=\"https:\/\/www.dmociociariavalledicomino.it\/wp-content\/uploads\/2023\/05\/copertina-1.jpg\" \/>\n\t<meta property=\"og:image:width\" content=\"800\" \/>\n\t<meta property=\"og:image:height\" content=\"600\" \/>\n\t<meta property=\"og:image:type\" content=\"image\/jpeg\" \/>\n<meta name=\"author\" content=\"admin\" \/>\n<meta name=\"twitter:card\" content=\"summary_large_image\" \/>\n<meta name=\"twitter:label1\" content=\"Written by\" \/>\n\t<meta name=\"twitter:data1\" content=\"admin\" \/>\n\t<meta name=\"twitter:label2\" content=\"Estimated reading time\" \/>\n\t<meta name=\"twitter:data2\" content=\"10 minutes\" \/>\n<script type=\"application\/ld+json\" class=\"yoast-schema-graph\">{\"@context\":\"https:\/\/schema.org\",\"@graph\":[{\"@type\":\"Article\",\"@id\":\"https:\/\/www.dmociociariavalledicomino.it\/meta-una-volta-per-sempre-intervista-ad-adamo-d-agostino\/#article\",\"isPartOf\":{\"@id\":\"https:\/\/www.dmociociariavalledicomino.it\/meta-una-volta-per-sempre-intervista-ad-adamo-d-agostino\/\"},\"author\":{\"name\":\"admin\",\"@id\":\"https:\/\/www.dmociociariavalledicomino.it\/#\/schema\/person\/3bf46154fba3deea98d7bd5acb562c6e\"},\"headline\":\"\u201cMeta. Una volta. Per Sempre\u201d &#8211; Intervista ad Adamo D\u2019Agostino\",\"datePublished\":\"2023-05-30T06:30:00+00:00\",\"dateModified\":\"2023-10-04T10:43:25+00:00\",\"mainEntityOfPage\":{\"@id\":\"https:\/\/www.dmociociariavalledicomino.it\/meta-una-volta-per-sempre-intervista-ad-adamo-d-agostino\/\"},\"wordCount\":1118,\"publisher\":{\"@id\":\"https:\/\/www.dmociociariavalledicomino.it\/#organization\"},\"image\":{\"@id\":\"https:\/\/www.dmociociariavalledicomino.it\/meta-una-volta-per-sempre-intervista-ad-adamo-d-agostino\/#primaryimage\"},\"thumbnailUrl\":\"https:\/\/www.dmociociariavalledicomino.it\/wp-content\/uploads\/2023\/05\/copertina-1.jpg\",\"keywords\":[\"Adamo D\u2019Agostino\",\"comunicazione\",\"corto animato\",\"destinazione turistica\",\"docente\",\"illustratore\",\"Meta\",\"Monte Meta\",\"turismo\",\"valle di comino\"],\"articleSection\":[\"Blog\"],\"inLanguage\":\"en-GB\"},{\"@type\":\"WebPage\",\"@id\":\"https:\/\/www.dmociociariavalledicomino.it\/meta-una-volta-per-sempre-intervista-ad-adamo-d-agostino\/\",\"url\":\"https:\/\/www.dmociociariavalledicomino.it\/meta-una-volta-per-sempre-intervista-ad-adamo-d-agostino\/\",\"name\":\"\u201cMeta. Una volta. Per Sempre\u201d - Intervista ad Adamo D\u2019Agostino\",\"isPartOf\":{\"@id\":\"https:\/\/www.dmociociariavalledicomino.it\/#website\"},\"primaryImageOfPage\":{\"@id\":\"https:\/\/www.dmociociariavalledicomino.it\/meta-una-volta-per-sempre-intervista-ad-adamo-d-agostino\/#primaryimage\"},\"image\":{\"@id\":\"https:\/\/www.dmociociariavalledicomino.it\/meta-una-volta-per-sempre-intervista-ad-adamo-d-agostino\/#primaryimage\"},\"thumbnailUrl\":\"https:\/\/www.dmociociariavalledicomino.it\/wp-content\/uploads\/2023\/05\/copertina-1.jpg\",\"datePublished\":\"2023-05-30T06:30:00+00:00\",\"dateModified\":\"2023-10-04T10:43:25+00:00\",\"description\":\"\u201cMeta. Una volta. Per Sempre\u201d: Intervista al poliedrico Adamo D\u2019Agostino, autore del corto dedicato alla Valle di Comino.\",\"breadcrumb\":{\"@id\":\"https:\/\/www.dmociociariavalledicomino.it\/meta-una-volta-per-sempre-intervista-ad-adamo-d-agostino\/#breadcrumb\"},\"inLanguage\":\"en-GB\",\"potentialAction\":[{\"@type\":\"ReadAction\",\"target\":[\"https:\/\/www.dmociociariavalledicomino.it\/meta-una-volta-per-sempre-intervista-ad-adamo-d-agostino\/\"]}]},{\"@type\":\"ImageObject\",\"inLanguage\":\"en-GB\",\"@id\":\"https:\/\/www.dmociociariavalledicomino.it\/meta-una-volta-per-sempre-intervista-ad-adamo-d-agostino\/#primaryimage\",\"url\":\"https:\/\/www.dmociociariavalledicomino.it\/wp-content\/uploads\/2023\/05\/copertina-1.jpg\",\"contentUrl\":\"https:\/\/www.dmociociariavalledicomino.it\/wp-content\/uploads\/2023\/05\/copertina-1.jpg\",\"width\":800,\"height\":600},{\"@type\":\"BreadcrumbList\",\"@id\":\"https:\/\/www.dmociociariavalledicomino.it\/meta-una-volta-per-sempre-intervista-ad-adamo-d-agostino\/#breadcrumb\",\"itemListElement\":[{\"@type\":\"ListItem\",\"position\":1,\"name\":\"Home\",\"item\":\"https:\/\/www.dmociociariavalledicomino.it\/\"},{\"@type\":\"ListItem\",\"position\":2,\"name\":\"\u201cMeta. Una volta. Per Sempre\u201d &#8211; Intervista ad Adamo D\u2019Agostino\"}]},{\"@type\":\"WebSite\",\"@id\":\"https:\/\/www.dmociociariavalledicomino.it\/#website\",\"url\":\"https:\/\/www.dmociociariavalledicomino.it\/\",\"name\":\"DMO Ciociaria Valle di Comino\",\"description\":\"La destinazione che non c'era\",\"publisher\":{\"@id\":\"https:\/\/www.dmociociariavalledicomino.it\/#organization\"},\"potentialAction\":[{\"@type\":\"SearchAction\",\"target\":{\"@type\":\"EntryPoint\",\"urlTemplate\":\"https:\/\/www.dmociociariavalledicomino.it\/?s={search_term_string}\"},\"query-input\":{\"@type\":\"PropertyValueSpecification\",\"valueRequired\":true,\"valueName\":\"search_term_string\"}}],\"inLanguage\":\"en-GB\"},{\"@type\":\"Organization\",\"@id\":\"https:\/\/www.dmociociariavalledicomino.it\/#organization\",\"name\":\"DMO Ciociaria Valle di Comino\",\"url\":\"https:\/\/www.dmociociariavalledicomino.it\/\",\"logo\":{\"@type\":\"ImageObject\",\"inLanguage\":\"en-GB\",\"@id\":\"https:\/\/www.dmociociariavalledicomino.it\/#\/schema\/logo\/image\/\",\"url\":\"https:\/\/www.dmociociariavalledicomino.it\/wp-content\/uploads\/2022\/03\/logo-1x-1.png\",\"contentUrl\":\"https:\/\/www.dmociociariavalledicomino.it\/wp-content\/uploads\/2022\/03\/logo-1x-1.png\",\"width\":435,\"height\":100,\"caption\":\"DMO Ciociaria Valle di Comino\"},\"image\":{\"@id\":\"https:\/\/www.dmociociariavalledicomino.it\/#\/schema\/logo\/image\/\"}},{\"@type\":\"Person\",\"@id\":\"https:\/\/www.dmociociariavalledicomino.it\/#\/schema\/person\/3bf46154fba3deea98d7bd5acb562c6e\",\"name\":\"admin\",\"image\":{\"@type\":\"ImageObject\",\"inLanguage\":\"en-GB\",\"@id\":\"https:\/\/www.dmociociariavalledicomino.it\/#\/schema\/person\/image\/\",\"url\":\"https:\/\/secure.gravatar.com\/avatar\/1fbb3f445cf77d4b14505985324155bdee1cc76aba31ffb5d872bb89773bcb48?s=96&d=mm&r=g\",\"contentUrl\":\"https:\/\/secure.gravatar.com\/avatar\/1fbb3f445cf77d4b14505985324155bdee1cc76aba31ffb5d872bb89773bcb48?s=96&d=mm&r=g\",\"caption\":\"admin\"},\"url\":\"https:\/\/www.dmociociariavalledicomino.it\/en\/author\/admin\/\"}]}<\/script>\n<!-- \/ Yoast SEO plugin. -->","yoast_head_json":{"title":"\u201cMeta. Una volta. Per Sempre\u201d - Intervista ad Adamo D\u2019Agostino","description":"\u201cMeta. Una volta. Per Sempre\u201d: Intervista al poliedrico Adamo D\u2019Agostino, autore del corto dedicato alla Valle di Comino.","robots":{"index":"index","follow":"follow","max-snippet":"max-snippet:-1","max-image-preview":"max-image-preview:large","max-video-preview":"max-video-preview:-1"},"canonical":"https:\/\/www.dmociociariavalledicomino.it\/en\/meta-una-volta-per-sempre-intervista-ad-adamo-d-agostino\/","og_locale":"en_GB","og_type":"article","og_title":"\u201cMeta. Una volta. Per Sempre\u201d - Intervista ad Adamo D\u2019Agostino","og_description":"\u201cMeta. Una volta. Per Sempre\u201d: Intervista al poliedrico Adamo D\u2019Agostino, autore del corto dedicato alla Valle di Comino.","og_url":"https:\/\/www.dmociociariavalledicomino.it\/en\/meta-una-volta-per-sempre-intervista-ad-adamo-d-agostino\/","og_site_name":"DMO Ciociaria Valle di Comino","article_published_time":"2023-05-30T06:30:00+00:00","article_modified_time":"2023-10-04T10:43:25+00:00","og_image":[{"width":800,"height":600,"url":"https:\/\/www.dmociociariavalledicomino.it\/wp-content\/uploads\/2023\/05\/copertina-1.jpg","type":"image\/jpeg"}],"author":"admin","twitter_card":"summary_large_image","twitter_misc":{"Written by":"admin","Estimated reading time":"10 minutes"},"schema":{"@context":"https:\/\/schema.org","@graph":[{"@type":"Article","@id":"https:\/\/www.dmociociariavalledicomino.it\/meta-una-volta-per-sempre-intervista-ad-adamo-d-agostino\/#article","isPartOf":{"@id":"https:\/\/www.dmociociariavalledicomino.it\/meta-una-volta-per-sempre-intervista-ad-adamo-d-agostino\/"},"author":{"name":"admin","@id":"https:\/\/www.dmociociariavalledicomino.it\/#\/schema\/person\/3bf46154fba3deea98d7bd5acb562c6e"},"headline":"\u201cMeta. Una volta. Per Sempre\u201d &#8211; Intervista ad Adamo D\u2019Agostino","datePublished":"2023-05-30T06:30:00+00:00","dateModified":"2023-10-04T10:43:25+00:00","mainEntityOfPage":{"@id":"https:\/\/www.dmociociariavalledicomino.it\/meta-una-volta-per-sempre-intervista-ad-adamo-d-agostino\/"},"wordCount":1118,"publisher":{"@id":"https:\/\/www.dmociociariavalledicomino.it\/#organization"},"image":{"@id":"https:\/\/www.dmociociariavalledicomino.it\/meta-una-volta-per-sempre-intervista-ad-adamo-d-agostino\/#primaryimage"},"thumbnailUrl":"https:\/\/www.dmociociariavalledicomino.it\/wp-content\/uploads\/2023\/05\/copertina-1.jpg","keywords":["Adamo D\u2019Agostino","comunicazione","corto animato","destinazione turistica","docente","illustratore","Meta","Monte Meta","turismo","valle di comino"],"articleSection":["Blog"],"inLanguage":"en-GB"},{"@type":"WebPage","@id":"https:\/\/www.dmociociariavalledicomino.it\/meta-una-volta-per-sempre-intervista-ad-adamo-d-agostino\/","url":"https:\/\/www.dmociociariavalledicomino.it\/meta-una-volta-per-sempre-intervista-ad-adamo-d-agostino\/","name":"\u201cMeta. Una volta. Per Sempre\u201d - Intervista ad Adamo D\u2019Agostino","isPartOf":{"@id":"https:\/\/www.dmociociariavalledicomino.it\/#website"},"primaryImageOfPage":{"@id":"https:\/\/www.dmociociariavalledicomino.it\/meta-una-volta-per-sempre-intervista-ad-adamo-d-agostino\/#primaryimage"},"image":{"@id":"https:\/\/www.dmociociariavalledicomino.it\/meta-una-volta-per-sempre-intervista-ad-adamo-d-agostino\/#primaryimage"},"thumbnailUrl":"https:\/\/www.dmociociariavalledicomino.it\/wp-content\/uploads\/2023\/05\/copertina-1.jpg","datePublished":"2023-05-30T06:30:00+00:00","dateModified":"2023-10-04T10:43:25+00:00","description":"\u201cMeta. Una volta. Per Sempre\u201d: Intervista al poliedrico Adamo D\u2019Agostino, autore del corto dedicato alla Valle di Comino.","breadcrumb":{"@id":"https:\/\/www.dmociociariavalledicomino.it\/meta-una-volta-per-sempre-intervista-ad-adamo-d-agostino\/#breadcrumb"},"inLanguage":"en-GB","potentialAction":[{"@type":"ReadAction","target":["https:\/\/www.dmociociariavalledicomino.it\/meta-una-volta-per-sempre-intervista-ad-adamo-d-agostino\/"]}]},{"@type":"ImageObject","inLanguage":"en-GB","@id":"https:\/\/www.dmociociariavalledicomino.it\/meta-una-volta-per-sempre-intervista-ad-adamo-d-agostino\/#primaryimage","url":"https:\/\/www.dmociociariavalledicomino.it\/wp-content\/uploads\/2023\/05\/copertina-1.jpg","contentUrl":"https:\/\/www.dmociociariavalledicomino.it\/wp-content\/uploads\/2023\/05\/copertina-1.jpg","width":800,"height":600},{"@type":"BreadcrumbList","@id":"https:\/\/www.dmociociariavalledicomino.it\/meta-una-volta-per-sempre-intervista-ad-adamo-d-agostino\/#breadcrumb","itemListElement":[{"@type":"ListItem","position":1,"name":"Home","item":"https:\/\/www.dmociociariavalledicomino.it\/"},{"@type":"ListItem","position":2,"name":"\u201cMeta. Una volta. Per Sempre\u201d &#8211; Intervista ad Adamo D\u2019Agostino"}]},{"@type":"WebSite","@id":"https:\/\/www.dmociociariavalledicomino.it\/#website","url":"https:\/\/www.dmociociariavalledicomino.it\/","name":"DMO Ciociaria Valle di Comino","description":"La destinazione che non c'era","publisher":{"@id":"https:\/\/www.dmociociariavalledicomino.it\/#organization"},"potentialAction":[{"@type":"SearchAction","target":{"@type":"EntryPoint","urlTemplate":"https:\/\/www.dmociociariavalledicomino.it\/?s={search_term_string}"},"query-input":{"@type":"PropertyValueSpecification","valueRequired":true,"valueName":"search_term_string"}}],"inLanguage":"en-GB"},{"@type":"Organization","@id":"https:\/\/www.dmociociariavalledicomino.it\/#organization","name":"DMO Ciociaria Valle di Comino","url":"https:\/\/www.dmociociariavalledicomino.it\/","logo":{"@type":"ImageObject","inLanguage":"en-GB","@id":"https:\/\/www.dmociociariavalledicomino.it\/#\/schema\/logo\/image\/","url":"https:\/\/www.dmociociariavalledicomino.it\/wp-content\/uploads\/2022\/03\/logo-1x-1.png","contentUrl":"https:\/\/www.dmociociariavalledicomino.it\/wp-content\/uploads\/2022\/03\/logo-1x-1.png","width":435,"height":100,"caption":"DMO Ciociaria Valle di Comino"},"image":{"@id":"https:\/\/www.dmociociariavalledicomino.it\/#\/schema\/logo\/image\/"}},{"@type":"Person","@id":"https:\/\/www.dmociociariavalledicomino.it\/#\/schema\/person\/3bf46154fba3deea98d7bd5acb562c6e","name":"admin","image":{"@type":"ImageObject","inLanguage":"en-GB","@id":"https:\/\/www.dmociociariavalledicomino.it\/#\/schema\/person\/image\/","url":"https:\/\/secure.gravatar.com\/avatar\/1fbb3f445cf77d4b14505985324155bdee1cc76aba31ffb5d872bb89773bcb48?s=96&d=mm&r=g","contentUrl":"https:\/\/secure.gravatar.com\/avatar\/1fbb3f445cf77d4b14505985324155bdee1cc76aba31ffb5d872bb89773bcb48?s=96&d=mm&r=g","caption":"admin"},"url":"https:\/\/www.dmociociariavalledicomino.it\/en\/author\/admin\/"}]}},"_links":{"self":[{"href":"https:\/\/www.dmociociariavalledicomino.it\/en\/wp-json\/wp\/v2\/posts\/10404","targetHints":{"allow":["GET"]}}],"collection":[{"href":"https:\/\/www.dmociociariavalledicomino.it\/en\/wp-json\/wp\/v2\/posts"}],"about":[{"href":"https:\/\/www.dmociociariavalledicomino.it\/en\/wp-json\/wp\/v2\/types\/post"}],"author":[{"embeddable":true,"href":"https:\/\/www.dmociociariavalledicomino.it\/en\/wp-json\/wp\/v2\/users\/1"}],"replies":[{"embeddable":true,"href":"https:\/\/www.dmociociariavalledicomino.it\/en\/wp-json\/wp\/v2\/comments?post=10404"}],"version-history":[{"count":56,"href":"https:\/\/www.dmociociariavalledicomino.it\/en\/wp-json\/wp\/v2\/posts\/10404\/revisions"}],"predecessor-version":[{"id":10477,"href":"https:\/\/www.dmociociariavalledicomino.it\/en\/wp-json\/wp\/v2\/posts\/10404\/revisions\/10477"}],"wp:featuredmedia":[{"embeddable":true,"href":"https:\/\/www.dmociociariavalledicomino.it\/en\/wp-json\/wp\/v2\/media\/10431"}],"wp:attachment":[{"href":"https:\/\/www.dmociociariavalledicomino.it\/en\/wp-json\/wp\/v2\/media?parent=10404"}],"wp:term":[{"taxonomy":"category","embeddable":true,"href":"https:\/\/www.dmociociariavalledicomino.it\/en\/wp-json\/wp\/v2\/categories?post=10404"},{"taxonomy":"post_tag","embeddable":true,"href":"https:\/\/www.dmociociariavalledicomino.it\/en\/wp-json\/wp\/v2\/tags?post=10404"}],"curies":[{"name":"wp","href":"https:\/\/api.w.org\/{rel}","templated":true}]}}